{"id":26243,"date":"2016-06-09T03:07:00","date_gmt":"2016-06-09T03:07:00","guid":{"rendered":"http:\/\/blogdoere.com.br\/?p=26243"},"modified":"2016-06-09T03:07:00","modified_gmt":"2016-06-09T03:07:00","slug":"itajuipe-feirantes-comemoram-entrega-de-barracas-pela-prefeitura-em-parceria-com-o-governo-da-bahia","status":"publish","type":"post","link":"https:\/\/blogdoere.com.br\/?p=26243","title":{"rendered":"ITAJU\u00cdPE: FEIRANTES COMEMORAM ENTREGA DE BARRACAS PELA PREFEITURA EM PARCERIA COM O GOVERNO DA BAHIA."},"content":{"rendered":"<div style=\"text-align: center;\"><img decoding=\"async\" src=\"https:\/\/3.bp.blogspot.com\/-2kdOd2T1wcM\/V1jVsL_7x8I\/AAAAAAAAD8A\/M-PuPK2toe4SYfIm4Dky2FTTuhLdgylrwCLcB\/s320\/DSC_0843.JPG\" \/><\/div>\n<div style=\"text-align: justify;\"><span style=\"font-family: &quot;arial&quot; , &quot;sans-serif&quot;; font-size: 12.0pt; line-height: 115%;\">O vice-prefeito Ant\u00f4nio Jorge Rodrigues Neto (PSB) entregou nesta quarta-feira (08) em solenidade 80 barracas para os feirantes do Centro Municipal de Abastecimento. <o:p><\/o:p><\/span><\/div>\n<div style=\"text-align: justify;\"><span style=\"font-family: &quot;arial&quot; , &quot;sans-serif&quot;; font-size: 12.0pt; line-height: 115%;\">Na ocasi\u00e3o, Jorj\u00e3o realizou a entrega na feira do munic\u00edpio atrav\u00e9s de parceria com o governo do estado da Bahia.&nbsp; \u201cNossa vontade seria fazer a reforma deste espa\u00e7o, mas, infelizmente o projeto de reforma que se encontra no governo do estado n\u00e3o foi poss\u00edvel a realiza\u00e7\u00e3o para este ano, devida a sinaliza\u00e7\u00e3o de falta de recursos financeiros pelo governo\u201d. \u2013 Pontuou Jorj\u00e3o, referindo ao per\u00edodo que as barracas que estiveram&nbsp; guardadas no deposito municipal. Segundo o agricultor familiar Jer\u00f4nimo Pereira dos Santos (72), um dos contemplados &#8211; as barracas chegaram na hora certa. \u201cEu vendia meus produtos no ch\u00e3o, agora tenho um espa\u00e7o decente, antes tarde que nunca\u201d \u2013 Comemorou.<o:p><\/o:p><\/span><\/div>\n<div style=\"text-align: justify;\"><span style=\"font-family: &quot;arial&quot; , &quot;sans-serif&quot;; font-size: 12.0pt; line-height: 115%;\">De acordo com Coordenador Executivo do munic\u00edpio, Erenilson Santos da Silva respons\u00e1vel pela distribui\u00e7\u00e3o das barracas &#8211; as mesmas ser\u00e3o utilizadas pelos feirantes atrav\u00e9s de Termo de Cess\u00e3o de Uso, ou seja, devem ser devolvidas \u00e0 Prefeitura de Itajuipe, caso algum feirante desista da atividade, por\u00e9m n\u00e3o acredita em desist\u00eancia devido \u00e0 disposi\u00e7\u00e3o dos feirantes. <o:p><\/o:p><\/span><\/div>\n<p><\/p>\n<div style=\"text-align: justify;\"><span style=\"font-family: &quot;arial&quot; , &quot;sans-serif&quot;; font-size: 12.0pt; line-height: 115%;\">O evento tamb\u00e9m contou com a presen\u00e7a do Chefe Regional da CAR (Companhia de Desenvolvimento e A\u00e7\u00e3o Regional), Abiel Silva Santos que destacou em sua fala a import\u00e2ncia do fortalecimento da agricultura familiar.&nbsp; Secret\u00e1rio Municipal de Agricultura, Marcos Paulo; Administrador do Centro de Abastecimento Sergio Ricardo Freitas; Secret\u00e1rio de Administra\u00e7\u00e3o, Marcos Luedy; Planejamento, Luciano Marques; Procuradora Jur\u00eddica, Clara Adry; Diretor de Desenvolvimento Econ\u00f4mico, Fausto Barreto,&nbsp; Vereador Gean de Vasconcelos e a assessora de Gabinete Mirian Gonzaga tamb\u00e9m prestigiaram o ato de entrega dos equipamentos.<o:p><\/o:p><\/span><\/div>\n<div style=\"text-align: justify;\"><span style=\"font-family: &quot;arial&quot; , &quot;sans-serif&quot;; font-size: 12.0pt; line-height: 115%;\">Por: Er\u00ea<\/span><\/div>\n","protected":false},"excerpt":{"rendered":"<p>O vice-prefeito Ant\u00f4nio Jorge Rodrigues Neto (PSB) entregou nesta quarta-feira (08) em solenidade 80 barracas para os feirantes do Centro Municipal de Abastecimento. Na ocasi\u00e3o, Jorj\u00e3o realizou a entrega na&#8230;<\/p>\n","protected":false},"author":2,"featured_media":0,"comment_status":"open","ping_status":"open","sticky":false,"template":"","format":"standard","meta":{"_editorskit_title_hidden":false,"_editorskit_reading_time":0,"_editorskit_is_block_options_detached":false,"_editorskit_block_options_position":"{}","om_disable_all_campaigns":false,"_mi_skip_tracking":false,"_kad_post_transparent":"","_kad_post_title":"","_kad_post_layout":"","_kad_post_sidebar_id":"","_kad_post_content_style":"","_kad_post_vertical_padding":"","_kad_post_feature":"","_kad_post_feature_position":"","_kad_post_header":false,"_kad_post_footer":false,"footnotes":""},"categories":[1],"tags":[],"class_list":["post-26243","post","type-post","status-publish","format-standard","hentry","category-destaques"],"yoast_head":"<!-- This site is optimized with the Yoast SEO plugin v20.5 - https:\/\/yoast.com\/wordpress\/plugins\/seo\/ -->\n<title>ITAJU\u00cdPE: FEIRANTES COMEMORAM ENTREGA DE BARRACAS PELA PREFEITURA EM PARCERIA COM O GOVERNO DA BAHIA. - blog do er\u00ea<\/title>\n<meta name=\"robots\" content=\"index, follow, max-snippet:-1, max-image-preview:large, max-video-preview:-1\" \/>\n<link rel=\"canonical\" href=\"https:\/\/blogdoere.com.br\/?p=26243\" \/>\n<meta property=\"og:locale\" content=\"pt_PT\" \/>\n<meta property=\"og:type\" content=\"article\" \/>\n<meta property=\"og:title\" content=\"ITAJU\u00cdPE: FEIRANTES COMEMORAM ENTREGA DE BARRACAS PELA PREFEITURA EM PARCERIA COM O GOVERNO DA BAHIA. - blog do er\u00ea\" \/>\n<meta property=\"og:description\" content=\"O vice-prefeito Ant\u00f4nio Jorge Rodrigues Neto (PSB) entregou nesta quarta-feira (08) em solenidade 80 barracas para os feirantes do Centro Municipal de Abastecimento. Na ocasi\u00e3o, Jorj\u00e3o realizou a entrega na...\" \/>\n<meta property=\"og:url\" content=\"https:\/\/blogdoere.com.br\/?p=26243\" \/>\n<meta property=\"og:site_name\" content=\"blog do er\u00ea\" \/>\n<meta property=\"article:published_time\" content=\"2016-06-09T03:07:00+00:00\" \/>\n<meta property=\"og:image\" content=\"https:\/\/3.bp.blogspot.com\/-2kdOd2T1wcM\/V1jVsL_7x8I\/AAAAAAAAD8A\/M-PuPK2toe4SYfIm4Dky2FTTuhLdgylrwCLcB\/s320\/DSC_0843.JPG\" \/>\n<meta name=\"author\" content=\"Ere\" \/>\n<meta name=\"twitter:card\" content=\"summary_large_image\" \/>\n<meta name=\"twitter:label1\" content=\"Escrito por\" \/>\n\t<meta name=\"twitter:data1\" content=\"Ere\" \/>\n\t<meta name=\"twitter:label2\" content=\"Tempo estimado de leitura\" \/>\n\t<meta name=\"twitter:data2\" content=\"2 minutos\" \/>\n<script type=\"application\/ld+json\" class=\"yoast-schema-graph\">{\"@context\":\"https:\/\/schema.org\",\"@graph\":[{\"@type\":\"Article\",\"@id\":\"https:\/\/blogdoere.com.br\/?p=26243#article\",\"isPartOf\":{\"@id\":\"https:\/\/blogdoere.com.br\/?p=26243\"},\"author\":{\"name\":\"Ere\",\"@id\":\"https:\/\/blogdoere.com.br\/#\/schema\/person\/4b56ed2336cb28ae3415ce8ffe56742e\"},\"headline\":\"ITAJU\u00cdPE: FEIRANTES COMEMORAM ENTREGA DE BARRACAS PELA PREFEITURA EM PARCERIA COM O GOVERNO DA BAHIA.\",\"datePublished\":\"2016-06-09T03:07:00+00:00\",\"dateModified\":\"2016-06-09T03:07:00+00:00\",\"mainEntityOfPage\":{\"@id\":\"https:\/\/blogdoere.com.br\/?p=26243\"},\"wordCount\":322,\"commentCount\":0,\"publisher\":{\"@id\":\"https:\/\/blogdoere.com.br\/#organization\"},\"articleSection\":[\"Destaques\"],\"inLanguage\":\"pt-PT\",\"potentialAction\":[{\"@type\":\"CommentAction\",\"name\":\"Comment\",\"target\":[\"https:\/\/blogdoere.com.br\/?p=26243#respond\"]}]},{\"@type\":\"WebPage\",\"@id\":\"https:\/\/blogdoere.com.br\/?p=26243\",\"url\":\"https:\/\/blogdoere.com.br\/?p=26243\",\"name\":\"ITAJU\u00cdPE: FEIRANTES COMEMORAM ENTREGA DE BARRACAS PELA PREFEITURA EM PARCERIA COM O GOVERNO DA BAHIA. - blog do er\u00ea\",\"isPartOf\":{\"@id\":\"https:\/\/blogdoere.com.br\/#website\"},\"datePublished\":\"2016-06-09T03:07:00+00:00\",\"dateModified\":\"2016-06-09T03:07:00+00:00\",\"breadcrumb\":{\"@id\":\"https:\/\/blogdoere.com.br\/?p=26243#breadcrumb\"},\"inLanguage\":\"pt-PT\",\"potentialAction\":[{\"@type\":\"ReadAction\",\"target\":[\"https:\/\/blogdoere.com.br\/?p=26243\"]}]},{\"@type\":\"BreadcrumbList\",\"@id\":\"https:\/\/blogdoere.com.br\/?p=26243#breadcrumb\",\"itemListElement\":[{\"@type\":\"ListItem\",\"position\":1,\"name\":\"In\u00edcio\",\"item\":\"https:\/\/blogdoere.com.br\/\"},{\"@type\":\"ListItem\",\"position\":2,\"name\":\"ITAJU\u00cdPE: FEIRANTES COMEMORAM ENTREGA DE BARRACAS PELA PREFEITURA EM PARCERIA COM O GOVERNO DA BAHIA.\"}]},{\"@type\":\"WebSite\",\"@id\":\"https:\/\/blogdoere.com.br\/#website\",\"url\":\"https:\/\/blogdoere.com.br\/\",\"name\":\"blog do er\u00ea\",\"description\":\"\",\"publisher\":{\"@id\":\"https:\/\/blogdoere.com.br\/#organization\"},\"potentialAction\":[{\"@type\":\"SearchAction\",\"target\":{\"@type\":\"EntryPoint\",\"urlTemplate\":\"https:\/\/blogdoere.com.br\/?s={search_term_string}\"},\"query-input\":\"required name=search_term_string\"}],\"inLanguage\":\"pt-PT\"},{\"@type\":\"Organization\",\"@id\":\"https:\/\/blogdoere.com.br\/#organization\",\"name\":\"Blog do Er\u00ea\",\"url\":\"https:\/\/blogdoere.com.br\/\",\"logo\":{\"@type\":\"ImageObject\",\"inLanguage\":\"pt-PT\",\"@id\":\"https:\/\/blogdoere.com.br\/#\/schema\/logo\/image\/\",\"url\":\"https:\/\/blogdoere.com.br\/wp-content\/uploads\/2021\/11\/Logo-Ere-1.png\",\"contentUrl\":\"https:\/\/blogdoere.com.br\/wp-content\/uploads\/2021\/11\/Logo-Ere-1.png\",\"width\":1261,\"height\":1330,\"caption\":\"Blog do Er\u00ea\"},\"image\":{\"@id\":\"https:\/\/blogdoere.com.br\/#\/schema\/logo\/image\/\"}},{\"@type\":\"Person\",\"@id\":\"https:\/\/blogdoere.com.br\/#\/schema\/person\/4b56ed2336cb28ae3415ce8ffe56742e\",\"name\":\"Ere\",\"image\":{\"@type\":\"ImageObject\",\"inLanguage\":\"pt-PT\",\"@id\":\"https:\/\/blogdoere.com.br\/#\/schema\/person\/image\/\",\"url\":\"https:\/\/secure.gravatar.com\/avatar\/?s=96&d=mm&r=g\",\"contentUrl\":\"https:\/\/secure.gravatar.com\/avatar\/?s=96&d=mm&r=g\",\"caption\":\"Ere\"}}]}<\/script>\n<!-- \/ Yoast SEO plugin. -->","yoast_head_json":{"title":"ITAJU\u00cdPE: FEIRANTES COMEMORAM ENTREGA DE BARRACAS PELA PREFEITURA EM PARCERIA COM O GOVERNO DA BAHIA. - blog do er\u00ea","robots":{"index":"index","follow":"follow","max-snippet":"max-snippet:-1","max-image-preview":"max-image-preview:large","max-video-preview":"max-video-preview:-1"},"canonical":"https:\/\/blogdoere.com.br\/?p=26243","og_locale":"pt_PT","og_type":"article","og_title":"ITAJU\u00cdPE: FEIRANTES COMEMORAM ENTREGA DE BARRACAS PELA PREFEITURA EM PARCERIA COM O GOVERNO DA BAHIA. - blog do er\u00ea","og_description":"O vice-prefeito Ant\u00f4nio Jorge Rodrigues Neto (PSB) entregou nesta quarta-feira (08) em solenidade 80 barracas para os feirantes do Centro Municipal de Abastecimento. Na ocasi\u00e3o, Jorj\u00e3o realizou a entrega na...","og_url":"https:\/\/blogdoere.com.br\/?p=26243","og_site_name":"blog do er\u00ea","article_published_time":"2016-06-09T03:07:00+00:00","og_image":[{"url":"https:\/\/3.bp.blogspot.com\/-2kdOd2T1wcM\/V1jVsL_7x8I\/AAAAAAAAD8A\/M-PuPK2toe4SYfIm4Dky2FTTuhLdgylrwCLcB\/s320\/DSC_0843.JPG"}],"author":"Ere","twitter_card":"summary_large_image","twitter_misc":{"Escrito por":"Ere","Tempo estimado de leitura":"2 minutos"},"schema":{"@context":"https:\/\/schema.org","@graph":[{"@type":"Article","@id":"https:\/\/blogdoere.com.br\/?p=26243#article","isPartOf":{"@id":"https:\/\/blogdoere.com.br\/?p=26243"},"author":{"name":"Ere","@id":"https:\/\/blogdoere.com.br\/#\/schema\/person\/4b56ed2336cb28ae3415ce8ffe56742e"},"headline":"ITAJU\u00cdPE: FEIRANTES COMEMORAM ENTREGA DE BARRACAS PELA PREFEITURA EM PARCERIA COM O GOVERNO DA BAHIA.","datePublished":"2016-06-09T03:07:00+00:00","dateModified":"2016-06-09T03:07:00+00:00","mainEntityOfPage":{"@id":"https:\/\/blogdoere.com.br\/?p=26243"},"wordCount":322,"commentCount":0,"publisher":{"@id":"https:\/\/blogdoere.com.br\/#organization"},"articleSection":["Destaques"],"inLanguage":"pt-PT","potentialAction":[{"@type":"CommentAction","name":"Comment","target":["https:\/\/blogdoere.com.br\/?p=26243#respond"]}]},{"@type":"WebPage","@id":"https:\/\/blogdoere.com.br\/?p=26243","url":"https:\/\/blogdoere.com.br\/?p=26243","name":"ITAJU\u00cdPE: FEIRANTES COMEMORAM ENTREGA DE BARRACAS PELA PREFEITURA EM PARCERIA COM O GOVERNO DA BAHIA. - blog do er\u00ea","isPartOf":{"@id":"https:\/\/blogdoere.com.br\/#website"},"datePublished":"2016-06-09T03:07:00+00:00","dateModified":"2016-06-09T03:07:00+00:00","breadcrumb":{"@id":"https:\/\/blogdoere.com.br\/?p=26243#breadcrumb"},"inLanguage":"pt-PT","potentialAction":[{"@type":"ReadAction","target":["https:\/\/blogdoere.com.br\/?p=26243"]}]},{"@type":"BreadcrumbList","@id":"https:\/\/blogdoere.com.br\/?p=26243#breadcrumb","itemListElement":[{"@type":"ListItem","position":1,"name":"In\u00edcio","item":"https:\/\/blogdoere.com.br\/"},{"@type":"ListItem","position":2,"name":"ITAJU\u00cdPE: FEIRANTES COMEMORAM ENTREGA DE BARRACAS PELA PREFEITURA EM PARCERIA COM O GOVERNO DA BAHIA."}]},{"@type":"WebSite","@id":"https:\/\/blogdoere.com.br\/#website","url":"https:\/\/blogdoere.com.br\/","name":"blog do er\u00ea","description":"","publisher":{"@id":"https:\/\/blogdoere.com.br\/#organization"},"potentialAction":[{"@type":"SearchAction","target":{"@type":"EntryPoint","urlTemplate":"https:\/\/blogdoere.com.br\/?s={search_term_string}"},"query-input":"required name=search_term_string"}],"inLanguage":"pt-PT"},{"@type":"Organization","@id":"https:\/\/blogdoere.com.br\/#organization","name":"Blog do Er\u00ea","url":"https:\/\/blogdoere.com.br\/","logo":{"@type":"ImageObject","inLanguage":"pt-PT","@id":"https:\/\/blogdoere.com.br\/#\/schema\/logo\/image\/","url":"https:\/\/blogdoere.com.br\/wp-content\/uploads\/2021\/11\/Logo-Ere-1.png","contentUrl":"https:\/\/blogdoere.com.br\/wp-content\/uploads\/2021\/11\/Logo-Ere-1.png","width":1261,"height":1330,"caption":"Blog do Er\u00ea"},"image":{"@id":"https:\/\/blogdoere.com.br\/#\/schema\/logo\/image\/"}},{"@type":"Person","@id":"https:\/\/blogdoere.com.br\/#\/schema\/person\/4b56ed2336cb28ae3415ce8ffe56742e","name":"Ere","image":{"@type":"ImageObject","inLanguage":"pt-PT","@id":"https:\/\/blogdoere.com.br\/#\/schema\/person\/image\/","url":"https:\/\/secure.gravatar.com\/avatar\/?s=96&d=mm&r=g","contentUrl":"https:\/\/secure.gravatar.com\/avatar\/?s=96&d=mm&r=g","caption":"Ere"}}]}},"featured_image_urls":{"full":"","thumbnail":"","medium":"","medium_large":"","large":"","1536x1536":"","2048x2048":""},"author_info":{"display_name":"Ere","author_link":"https:\/\/blogdoere.com.br\/?author=2"},"category_info":"<a href=\"https:\/\/blogdoere.com.br\/?cat=1\" rel=\"category\">Destaques<\/a>","tag_info":"Destaques","comment_count":"0","_links":{"self":[{"href":"https:\/\/blogdoere.com.br\/index.php?rest_route=\/wp\/v2\/posts\/26243","targetHints":{"allow":["GET"]}}],"collection":[{"href":"https:\/\/blogdoere.com.br\/index.php?rest_route=\/wp\/v2\/posts"}],"about":[{"href":"https:\/\/blogdoere.com.br\/index.php?rest_route=\/wp\/v2\/types\/post"}],"author":[{"embeddable":true,"href":"https:\/\/blogdoere.com.br\/index.php?rest_route=\/wp\/v2\/users\/2"}],"replies":[{"embeddable":true,"href":"https:\/\/blogdoere.com.br\/index.php?rest_route=%2Fwp%2Fv2%2Fcomments&post=26243"}],"version-history":[{"count":0,"href":"https:\/\/blogdoere.com.br\/index.php?rest_route=\/wp\/v2\/posts\/26243\/revisions"}],"wp:attachment":[{"href":"https:\/\/blogdoere.com.br\/index.php?rest_route=%2Fwp%2Fv2%2Fmedia&parent=26243"}],"wp:term":[{"taxonomy":"category","embeddable":true,"href":"https:\/\/blogdoere.com.br\/index.php?rest_route=%2Fwp%2Fv2%2Fcategories&post=26243"},{"taxonomy":"post_tag","embeddable":true,"href":"https:\/\/blogdoere.com.br\/index.php?rest_route=%2Fwp%2Fv2%2Ftags&post=26243"}],"curies":[{"name":"wp","href":"https:\/\/api.w.org\/{rel}","templated":true}]}}