{"id":26244,"date":"2016-05-22T13:51:00","date_gmt":"2016-05-22T13:51:00","guid":{"rendered":"http:\/\/blogdoere.com.br\/?p=26244"},"modified":"2016-05-22T13:51:00","modified_gmt":"2016-05-22T13:51:00","slug":"itajuipe-vice-prefeito-jorjao-participa-de-exposicao-meeiros-do-cacau-em-recife","status":"publish","type":"post","link":"https:\/\/blogdoere.com.br\/?p=26244","title":{"rendered":"ITAJU\u00cdPE: VICE-PREFEITO JORJ\u00c3O PARTICIPA DE EXPOSI\u00c7\u00c3O MEEIROS DO CACAU EM RECIFE."},"content":{"rendered":"<div style=\"clear: both; text-align: center;\"><\/div>\n<div style=\"clear: both; text-align: center;\"><\/div>\n<div style=\"margin-left: 1em; margin-right: 1em;\"><img decoding=\"async\" height=\"400\" src=\"https:\/\/scontent-gru2-1.xx.fbcdn.net\/v\/t34.0-12\/13278061_176564622744335_939307758_n.jpg?oh=89dde95af624eaf77af48d54ca1e4fd9&amp;oe=5743F495\" width=\"338\" \/><\/div>\n<p><\/p>\n<div style=\"margin-left: 1em; margin-right: 1em;\"><\/div>\n<div style=\"margin-left: 1em; margin-right: 1em;\"><\/div>\n<div style=\"margin-left: 1em; margin-right: 1em;\"><\/div>\n<div style=\"text-align: justify;\"><span style=\"font-family: &quot;arial&quot; , &quot;sans-serif&quot;; font-size: large; line-height: 115%;\">O vice-prefeito Ant\u00f4nio Jorge Rodrigues Neto (PSB) que est\u00e1 representando em Recife, capital pernambucana, a prefeita Gilka Badar\u00f3 (PSB), participou neste s\u00e1bado (21\/05) de uma exposi\u00e7\u00e3o no Museu do Homem do Nordeste. Na ocasi\u00e3o, foi lan\u00e7ado o livro Os Meeiros do Cacau do Sul da Bahia &#8211; trabalho, corpo e documenta\u00e7\u00e3o de autoria do fot\u00f3grafo e antrop\u00f3logo Emiliano Dantas. A exposi\u00e7\u00e3o que leva o nome &#8216;Meeiros do Cacau&#8217; que segue at\u00e9 o final do m\u00eas julho \u00e9 parte do programa de exposi\u00e7\u00f5es tempor\u00e1rias do Museu do Homem do Nordeste, que busca difundir conhecimentos sobre a diversidade cultural da regi\u00e3o e dar visibilidade a m\u00faltiplos sujeitos fazedores de mem\u00f3rias. Na oportunidade, o vice-prefeito Jorj\u00e3o frisou a necessidade de ampliar apoio a cultura, principalmente pelo desmonte do sistema cultural, patrocinado pelo novo governo que se instalou no pa\u00eds. Jorj\u00e3o que deve permanecer em Recife por alguns dias, embora esteja representando a chefe do poder Executivo Gilka Badar\u00f3, declinou receber di\u00e1rias &#8211; todas as despesas est\u00e3o sendo pagas com recursos pr\u00f3prios.<o:p><\/o:p><\/span><\/div>\n<div style=\"text-align: start;\"><span style=\"font-family: &quot;arial&quot; , sans-serif; font-size: large; line-height: 18.4px; text-align: justify;\"><\/span><\/div>\n<p><span style=\"font-size: large;\"><br \/><\/span><\/p>\n<div style=\"text-align: justify;\"><span style=\"font-family: &quot;arial&quot; , &quot;sans-serif&quot;; font-size: large; line-height: 115%;\">Por: Er\u00ea <o:p><\/o:p><\/span><\/div>\n<div style=\"margin-left: 1em; margin-right: 1em; text-align: justify;\"><\/div>\n<div style=\"text-align: justify;\"><span style=\"font-family: &quot;arial&quot; , &quot;sans-serif&quot;; line-height: 115%;\"><span style=\"font-size: large;\">DRT\/BA 6315<\/span><span style=\"font-size: 12pt;\"><o:p><\/o:p><\/span><\/span><\/div>\n","protected":false},"excerpt":{"rendered":"<p>O vice-prefeito Ant\u00f4nio Jorge Rodrigues Neto (PSB) que est\u00e1 representando em Recife, capital pernambucana, a prefeita Gilka Badar\u00f3 (PSB), participou neste s\u00e1bado (21\/05) de uma exposi\u00e7\u00e3o no Museu do Homem&#8230;<\/p>\n","protected":false},"author":2,"featured_media":0,"comment_status":"open","ping_status":"open","sticky":false,"template":"","format":"standard","meta":{"_editorskit_title_hidden":false,"_editorskit_reading_time":0,"_editorskit_is_block_options_detached":false,"_editorskit_block_options_position":"{}","om_disable_all_campaigns":false,"_mi_skip_tracking":false,"_kad_post_transparent":"","_kad_post_title":"","_kad_post_layout":"","_kad_post_sidebar_id":"","_kad_post_content_style":"","_kad_post_vertical_padding":"","_kad_post_feature":"","_kad_post_feature_position":"","_kad_post_header":false,"_kad_post_footer":false,"footnotes":""},"categories":[1],"tags":[],"class_list":["post-26244","post","type-post","status-publish","format-standard","hentry","category-destaques"],"yoast_head":"<!-- This site is optimized with the Yoast SEO plugin v20.5 - https:\/\/yoast.com\/wordpress\/plugins\/seo\/ -->\n<title>ITAJU\u00cdPE: VICE-PREFEITO JORJ\u00c3O PARTICIPA DE EXPOSI\u00c7\u00c3O MEEIROS DO CACAU EM RECIFE. - blog do er\u00ea<\/title>\n<meta name=\"robots\" content=\"index, follow, max-snippet:-1, max-image-preview:large, max-video-preview:-1\" \/>\n<link rel=\"canonical\" href=\"https:\/\/blogdoere.com.br\/?p=26244\" \/>\n<meta property=\"og:locale\" content=\"pt_PT\" \/>\n<meta property=\"og:type\" content=\"article\" \/>\n<meta property=\"og:title\" content=\"ITAJU\u00cdPE: VICE-PREFEITO JORJ\u00c3O PARTICIPA DE EXPOSI\u00c7\u00c3O MEEIROS DO CACAU EM RECIFE. - blog do er\u00ea\" \/>\n<meta property=\"og:description\" content=\"O vice-prefeito Ant\u00f4nio Jorge Rodrigues Neto (PSB) que est\u00e1 representando em Recife, capital pernambucana, a prefeita Gilka Badar\u00f3 (PSB), participou neste s\u00e1bado (21\/05) de uma exposi\u00e7\u00e3o no Museu do Homem...\" \/>\n<meta property=\"og:url\" content=\"https:\/\/blogdoere.com.br\/?p=26244\" \/>\n<meta property=\"og:site_name\" content=\"blog do er\u00ea\" \/>\n<meta property=\"article:published_time\" content=\"2016-05-22T13:51:00+00:00\" \/>\n<meta property=\"og:image\" content=\"https:\/\/scontent-gru2-1.xx.fbcdn.net\/v\/t34.0-12\/13278061_176564622744335_939307758_n.jpg?oh=89dde95af624eaf77af48d54ca1e4fd9&amp;oe=5743F495\" \/>\n<meta name=\"author\" content=\"Ere\" \/>\n<meta name=\"twitter:card\" content=\"summary_large_image\" \/>\n<meta name=\"twitter:label1\" content=\"Escrito por\" \/>\n\t<meta name=\"twitter:data1\" content=\"Ere\" \/>\n\t<meta name=\"twitter:label2\" content=\"Tempo estimado de leitura\" \/>\n\t<meta name=\"twitter:data2\" content=\"1 minuto\" \/>\n<script type=\"application\/ld+json\" class=\"yoast-schema-graph\">{\"@context\":\"https:\/\/schema.org\",\"@graph\":[{\"@type\":\"Article\",\"@id\":\"https:\/\/blogdoere.com.br\/?p=26244#article\",\"isPartOf\":{\"@id\":\"https:\/\/blogdoere.com.br\/?p=26244\"},\"author\":{\"name\":\"Ere\",\"@id\":\"https:\/\/blogdoere.com.br\/#\/schema\/person\/4b56ed2336cb28ae3415ce8ffe56742e\"},\"headline\":\"ITAJU\u00cdPE: VICE-PREFEITO JORJ\u00c3O PARTICIPA DE EXPOSI\u00c7\u00c3O MEEIROS DO CACAU EM RECIFE.\",\"datePublished\":\"2016-05-22T13:51:00+00:00\",\"dateModified\":\"2016-05-22T13:51:00+00:00\",\"mainEntityOfPage\":{\"@id\":\"https:\/\/blogdoere.com.br\/?p=26244\"},\"wordCount\":205,\"commentCount\":0,\"publisher\":{\"@id\":\"https:\/\/blogdoere.com.br\/#organization\"},\"articleSection\":[\"Destaques\"],\"inLanguage\":\"pt-PT\",\"potentialAction\":[{\"@type\":\"CommentAction\",\"name\":\"Comment\",\"target\":[\"https:\/\/blogdoere.com.br\/?p=26244#respond\"]}]},{\"@type\":\"WebPage\",\"@id\":\"https:\/\/blogdoere.com.br\/?p=26244\",\"url\":\"https:\/\/blogdoere.com.br\/?p=26244\",\"name\":\"ITAJU\u00cdPE: VICE-PREFEITO JORJ\u00c3O PARTICIPA DE EXPOSI\u00c7\u00c3O MEEIROS DO CACAU EM RECIFE. - blog do er\u00ea\",\"isPartOf\":{\"@id\":\"https:\/\/blogdoere.com.br\/#website\"},\"datePublished\":\"2016-05-22T13:51:00+00:00\",\"dateModified\":\"2016-05-22T13:51:00+00:00\",\"breadcrumb\":{\"@id\":\"https:\/\/blogdoere.com.br\/?p=26244#breadcrumb\"},\"inLanguage\":\"pt-PT\",\"potentialAction\":[{\"@type\":\"ReadAction\",\"target\":[\"https:\/\/blogdoere.com.br\/?p=26244\"]}]},{\"@type\":\"BreadcrumbList\",\"@id\":\"https:\/\/blogdoere.com.br\/?p=26244#breadcrumb\",\"itemListElement\":[{\"@type\":\"ListItem\",\"position\":1,\"name\":\"In\u00edcio\",\"item\":\"https:\/\/blogdoere.com.br\/\"},{\"@type\":\"ListItem\",\"position\":2,\"name\":\"ITAJU\u00cdPE: VICE-PREFEITO JORJ\u00c3O PARTICIPA DE EXPOSI\u00c7\u00c3O MEEIROS DO CACAU EM RECIFE.\"}]},{\"@type\":\"WebSite\",\"@id\":\"https:\/\/blogdoere.com.br\/#website\",\"url\":\"https:\/\/blogdoere.com.br\/\",\"name\":\"blog do er\u00ea\",\"description\":\"\",\"publisher\":{\"@id\":\"https:\/\/blogdoere.com.br\/#organization\"},\"potentialAction\":[{\"@type\":\"SearchAction\",\"target\":{\"@type\":\"EntryPoint\",\"urlTemplate\":\"https:\/\/blogdoere.com.br\/?s={search_term_string}\"},\"query-input\":\"required name=search_term_string\"}],\"inLanguage\":\"pt-PT\"},{\"@type\":\"Organization\",\"@id\":\"https:\/\/blogdoere.com.br\/#organization\",\"name\":\"Blog do Er\u00ea\",\"url\":\"https:\/\/blogdoere.com.br\/\",\"logo\":{\"@type\":\"ImageObject\",\"inLanguage\":\"pt-PT\",\"@id\":\"https:\/\/blogdoere.com.br\/#\/schema\/logo\/image\/\",\"url\":\"https:\/\/blogdoere.com.br\/wp-content\/uploads\/2021\/11\/Logo-Ere-1.png\",\"contentUrl\":\"https:\/\/blogdoere.com.br\/wp-content\/uploads\/2021\/11\/Logo-Ere-1.png\",\"width\":1261,\"height\":1330,\"caption\":\"Blog do Er\u00ea\"},\"image\":{\"@id\":\"https:\/\/blogdoere.com.br\/#\/schema\/logo\/image\/\"}},{\"@type\":\"Person\",\"@id\":\"https:\/\/blogdoere.com.br\/#\/schema\/person\/4b56ed2336cb28ae3415ce8ffe56742e\",\"name\":\"Ere\",\"image\":{\"@type\":\"ImageObject\",\"inLanguage\":\"pt-PT\",\"@id\":\"https:\/\/blogdoere.com.br\/#\/schema\/person\/image\/\",\"url\":\"https:\/\/secure.gravatar.com\/avatar\/?s=96&d=mm&r=g\",\"contentUrl\":\"https:\/\/secure.gravatar.com\/avatar\/?s=96&d=mm&r=g\",\"caption\":\"Ere\"}}]}<\/script>\n<!-- \/ Yoast SEO plugin. -->","yoast_head_json":{"title":"ITAJU\u00cdPE: VICE-PREFEITO JORJ\u00c3O PARTICIPA DE EXPOSI\u00c7\u00c3O MEEIROS DO CACAU EM RECIFE. - blog do er\u00ea","robots":{"index":"index","follow":"follow","max-snippet":"max-snippet:-1","max-image-preview":"max-image-preview:large","max-video-preview":"max-video-preview:-1"},"canonical":"https:\/\/blogdoere.com.br\/?p=26244","og_locale":"pt_PT","og_type":"article","og_title":"ITAJU\u00cdPE: VICE-PREFEITO JORJ\u00c3O PARTICIPA DE EXPOSI\u00c7\u00c3O MEEIROS DO CACAU EM RECIFE. - blog do er\u00ea","og_description":"O vice-prefeito Ant\u00f4nio Jorge Rodrigues Neto (PSB) que est\u00e1 representando em Recife, capital pernambucana, a prefeita Gilka Badar\u00f3 (PSB), participou neste s\u00e1bado (21\/05) de uma exposi\u00e7\u00e3o no Museu do Homem...","og_url":"https:\/\/blogdoere.com.br\/?p=26244","og_site_name":"blog do er\u00ea","article_published_time":"2016-05-22T13:51:00+00:00","og_image":[{"url":"https:\/\/scontent-gru2-1.xx.fbcdn.net\/v\/t34.0-12\/13278061_176564622744335_939307758_n.jpg?oh=89dde95af624eaf77af48d54ca1e4fd9&amp;oe=5743F495"}],"author":"Ere","twitter_card":"summary_large_image","twitter_misc":{"Escrito por":"Ere","Tempo estimado de leitura":"1 minuto"},"schema":{"@context":"https:\/\/schema.org","@graph":[{"@type":"Article","@id":"https:\/\/blogdoere.com.br\/?p=26244#article","isPartOf":{"@id":"https:\/\/blogdoere.com.br\/?p=26244"},"author":{"name":"Ere","@id":"https:\/\/blogdoere.com.br\/#\/schema\/person\/4b56ed2336cb28ae3415ce8ffe56742e"},"headline":"ITAJU\u00cdPE: VICE-PREFEITO JORJ\u00c3O PARTICIPA DE EXPOSI\u00c7\u00c3O MEEIROS DO CACAU EM RECIFE.","datePublished":"2016-05-22T13:51:00+00:00","dateModified":"2016-05-22T13:51:00+00:00","mainEntityOfPage":{"@id":"https:\/\/blogdoere.com.br\/?p=26244"},"wordCount":205,"commentCount":0,"publisher":{"@id":"https:\/\/blogdoere.com.br\/#organization"},"articleSection":["Destaques"],"inLanguage":"pt-PT","potentialAction":[{"@type":"CommentAction","name":"Comment","target":["https:\/\/blogdoere.com.br\/?p=26244#respond"]}]},{"@type":"WebPage","@id":"https:\/\/blogdoere.com.br\/?p=26244","url":"https:\/\/blogdoere.com.br\/?p=26244","name":"ITAJU\u00cdPE: VICE-PREFEITO JORJ\u00c3O PARTICIPA DE EXPOSI\u00c7\u00c3O MEEIROS DO CACAU EM RECIFE. - blog do er\u00ea","isPartOf":{"@id":"https:\/\/blogdoere.com.br\/#website"},"datePublished":"2016-05-22T13:51:00+00:00","dateModified":"2016-05-22T13:51:00+00:00","breadcrumb":{"@id":"https:\/\/blogdoere.com.br\/?p=26244#breadcrumb"},"inLanguage":"pt-PT","potentialAction":[{"@type":"ReadAction","target":["https:\/\/blogdoere.com.br\/?p=26244"]}]},{"@type":"BreadcrumbList","@id":"https:\/\/blogdoere.com.br\/?p=26244#breadcrumb","itemListElement":[{"@type":"ListItem","position":1,"name":"In\u00edcio","item":"https:\/\/blogdoere.com.br\/"},{"@type":"ListItem","position":2,"name":"ITAJU\u00cdPE: VICE-PREFEITO JORJ\u00c3O PARTICIPA DE EXPOSI\u00c7\u00c3O MEEIROS DO CACAU EM RECIFE."}]},{"@type":"WebSite","@id":"https:\/\/blogdoere.com.br\/#website","url":"https:\/\/blogdoere.com.br\/","name":"blog do er\u00ea","description":"","publisher":{"@id":"https:\/\/blogdoere.com.br\/#organization"},"potentialAction":[{"@type":"SearchAction","target":{"@type":"EntryPoint","urlTemplate":"https:\/\/blogdoere.com.br\/?s={search_term_string}"},"query-input":"required name=search_term_string"}],"inLanguage":"pt-PT"},{"@type":"Organization","@id":"https:\/\/blogdoere.com.br\/#organization","name":"Blog do Er\u00ea","url":"https:\/\/blogdoere.com.br\/","logo":{"@type":"ImageObject","inLanguage":"pt-PT","@id":"https:\/\/blogdoere.com.br\/#\/schema\/logo\/image\/","url":"https:\/\/blogdoere.com.br\/wp-content\/uploads\/2021\/11\/Logo-Ere-1.png","contentUrl":"https:\/\/blogdoere.com.br\/wp-content\/uploads\/2021\/11\/Logo-Ere-1.png","width":1261,"height":1330,"caption":"Blog do Er\u00ea"},"image":{"@id":"https:\/\/blogdoere.com.br\/#\/schema\/logo\/image\/"}},{"@type":"Person","@id":"https:\/\/blogdoere.com.br\/#\/schema\/person\/4b56ed2336cb28ae3415ce8ffe56742e","name":"Ere","image":{"@type":"ImageObject","inLanguage":"pt-PT","@id":"https:\/\/blogdoere.com.br\/#\/schema\/person\/image\/","url":"https:\/\/secure.gravatar.com\/avatar\/?s=96&d=mm&r=g","contentUrl":"https:\/\/secure.gravatar.com\/avatar\/?s=96&d=mm&r=g","caption":"Ere"}}]}},"featured_image_urls":{"full":"","thumbnail":"","medium":"","medium_large":"","large":"","1536x1536":"","2048x2048":""},"author_info":{"display_name":"Ere","author_link":"https:\/\/blogdoere.com.br\/?author=2"},"category_info":"<a href=\"https:\/\/blogdoere.com.br\/?cat=1\" rel=\"category\">Destaques<\/a>","tag_info":"Destaques","comment_count":"0","_links":{"self":[{"href":"https:\/\/blogdoere.com.br\/index.php?rest_route=\/wp\/v2\/posts\/26244","targetHints":{"allow":["GET"]}}],"collection":[{"href":"https:\/\/blogdoere.com.br\/index.php?rest_route=\/wp\/v2\/posts"}],"about":[{"href":"https:\/\/blogdoere.com.br\/index.php?rest_route=\/wp\/v2\/types\/post"}],"author":[{"embeddable":true,"href":"https:\/\/blogdoere.com.br\/index.php?rest_route=\/wp\/v2\/users\/2"}],"replies":[{"embeddable":true,"href":"https:\/\/blogdoere.com.br\/index.php?rest_route=%2Fwp%2Fv2%2Fcomments&post=26244"}],"version-history":[{"count":0,"href":"https:\/\/blogdoere.com.br\/index.php?rest_route=\/wp\/v2\/posts\/26244\/revisions"}],"wp:attachment":[{"href":"https:\/\/blogdoere.com.br\/index.php?rest_route=%2Fwp%2Fv2%2Fmedia&parent=26244"}],"wp:term":[{"taxonomy":"category","embeddable":true,"href":"https:\/\/blogdoere.com.br\/index.php?rest_route=%2Fwp%2Fv2%2Fcategories&post=26244"},{"taxonomy":"post_tag","embeddable":true,"href":"https:\/\/blogdoere.com.br\/index.php?rest_route=%2Fwp%2Fv2%2Ftags&post=26244"}],"curies":[{"name":"wp","href":"https:\/\/api.w.org\/{rel}","templated":true}]}}