{"id":26251,"date":"2016-04-03T23:37:00","date_gmt":"2016-04-03T23:37:00","guid":{"rendered":"http:\/\/blogdoere.com.br\/?p=26251"},"modified":"2016-04-03T23:37:00","modified_gmt":"2016-04-03T23:37:00","slug":"itaperui-inaugura-distrito-de-seguranca-no-municipio","status":"publish","type":"post","link":"https:\/\/blogdoere.com.br\/?p=26251","title":{"rendered":"ITAP\u00c9:RUI INAUGURA DISTRITO DE SEGURAN\u00c7A NO MUNIC\u00cdPIO"},"content":{"rendered":"<div style=\"text-align: center;\"><img decoding=\"async\" height=\"216\" src=\"http:\/\/www.politicalivre.com.br\/wp-content\/thumbgen_cache\/f9791a4f0fbc58e99a3b7dc19b4b3067.jpg\" width=\"400\" \/><\/div>\n<div style=\"text-align: center;\"><\/div>\n<div style=\"text-align: center;\"><\/div>\n<div style=\"text-align: justify;\"><span style=\"background-color: #fcfcfc; color: #666666; font-family: Arial, sans-serif; font-size: 14px; line-height: 22.4px; text-align: start;\">O Novo Distrito Integrado de Seguran\u00e7a P\u00fablica (Disep), inaugurado neste s\u00e1bado (2), refor\u00e7a o policiamento e amplia a seguran\u00e7a dos moradores do sul da Bahia. A nova unidade fica no munic\u00edpio de Itap\u00e9, na regi\u00e3o de Itabuna, e une as a\u00e7\u00f5es das pol\u00edcias Civil e Militar em \u00fanica estrutura com delegacia e destacamento da PM. O espa\u00e7o foi entregue pelo governador Rui Costa em evento com a participa\u00e7\u00e3o do secret\u00e1rio estadual da Seguran\u00e7a P\u00fablica, Maur\u00edcio Barbosa, entre outras autoridades. Pouco antes, a popula\u00e7\u00e3o recebeu uma quadra esportiva e um centro de sa\u00fade. Itap\u00e9 foi a 95\u00aa cidade baiana visitada pelo governador Rui Costa em pouco mais de 450 dias \u00e0 frente do Poder Executivo baiano. O Disep vai ser administrado pelo subtenente Carlos Magno e o delegado titular de Homic\u00eddios de Itabuna, Marlus Barbosa Lima, que j\u00e1 responde cumulativamente pela Delegacia Territorial de Itap\u00e9. Para o governador Rui Costa, em tempos economicamente mais dif\u00edceis tem que haver muito esfor\u00e7o do poder p\u00fablico para continuar fazendo investimentos e o estado crescer. No munic\u00edpio, o governador tamb\u00e9m visitou o canteiro de obras da Barragem do Rio Col\u00f4nia, que ao ser conclu\u00edda, vai beneficiar aproximadamente 350 mil moradores da regi\u00e3o. \u201cTemos trabalhado diariamente para, junto com os munic\u00edpios, dar uma vida melhor ao povo baiano. Estamos inaugurando equipamentos modernos como esse. Moderno desde a constru\u00e7\u00e3o e tamb\u00e9m na opera\u00e7\u00e3o. [&#8230;] As pol\u00edcias Civil e Militar dividem o mesmo espa\u00e7o para que haja integra\u00e7\u00e3o maior entre essas for\u00e7as de seguran\u00e7a\u201d, afirmou Rui. Ele ressaltou a inaugura\u00e7\u00e3o de uma quadra poliesportiva na cidade e o Centro de Sa\u00fade Carlos Ferreira Neto, constru\u00eddo com recursos dos governos estadual e federal. \u201cOutras obras j\u00e1 est\u00e3o em andamento e por isso quero parabenizar o munic\u00edpio. \u00c9 preciso compromisso com a educa\u00e7\u00e3o, com a sa\u00fade, com a seguran\u00e7a das pessoas. Trabalhamos noite e dia para garantir uma vida melhor para os moradores\u201d, disse o governador. Na ocasi\u00e3o, ele informou que autorizou a Companhia de Desenvolvimento Urbano do Estado da Bahia (Conder) para executar o cal\u00e7amento da cidade e melhorar o acesso a algumas ruas de Itap\u00e9. Segundo o secret\u00e1rio Maur\u00edcio Barbosa, que agradeceu o apoio da prefeitura do munic\u00edpio e dos gestores, o Disep de Itap\u00e9 \u00e9 a s\u00e9tima unidade inaugurada das 32 previstas para serem instaladas no estado. \u201cEsses homens e mulheres das pol\u00edcias Militar, Civil, do Corpo de Bombeiros e do Departamento de Pol\u00edcia T\u00e9cnica fazem o esfor\u00e7o de dar a vida pela seguran\u00e7a do povo baiano todos os dias, e merecem o nosso apoio e nossos aplausos\u201d. Informa\u00e7\u00f5es do Politica Livre.<\/span><\/div>\n","protected":false},"excerpt":{"rendered":"<p>O Novo Distrito Integrado de Seguran\u00e7a P\u00fablica (Disep), inaugurado neste s\u00e1bado (2), refor\u00e7a o policiamento e amplia a seguran\u00e7a dos moradores do sul da Bahia. A nova unidade fica no&#8230;<\/p>\n","protected":false},"author":2,"featured_media":0,"comment_status":"open","ping_status":"open","sticky":false,"template":"","format":"standard","meta":{"_editorskit_title_hidden":false,"_editorskit_reading_time":0,"_editorskit_is_block_options_detached":false,"_editorskit_block_options_position":"{}","om_disable_all_campaigns":false,"_mi_skip_tracking":false,"_kad_post_transparent":"","_kad_post_title":"","_kad_post_layout":"","_kad_post_sidebar_id":"","_kad_post_content_style":"","_kad_post_vertical_padding":"","_kad_post_feature":"","_kad_post_feature_position":"","_kad_post_header":false,"_kad_post_footer":false,"footnotes":""},"categories":[1],"tags":[],"class_list":["post-26251","post","type-post","status-publish","format-standard","hentry","category-destaques"],"yoast_head":"<!-- This site is optimized with the Yoast SEO plugin v20.5 - https:\/\/yoast.com\/wordpress\/plugins\/seo\/ -->\n<title>ITAP\u00c9:RUI INAUGURA DISTRITO DE SEGURAN\u00c7A NO MUNIC\u00cdPIO - blog do er\u00ea<\/title>\n<meta name=\"robots\" content=\"index, follow, max-snippet:-1, max-image-preview:large, max-video-preview:-1\" \/>\n<link rel=\"canonical\" href=\"https:\/\/blogdoere.com.br\/?p=26251\" \/>\n<meta property=\"og:locale\" content=\"pt_PT\" \/>\n<meta property=\"og:type\" content=\"article\" \/>\n<meta property=\"og:title\" content=\"ITAP\u00c9:RUI INAUGURA DISTRITO DE SEGURAN\u00c7A NO MUNIC\u00cdPIO - blog do er\u00ea\" \/>\n<meta property=\"og:description\" content=\"O Novo Distrito Integrado de Seguran\u00e7a P\u00fablica (Disep), inaugurado neste s\u00e1bado (2), refor\u00e7a o policiamento e amplia a seguran\u00e7a dos moradores do sul da Bahia. A nova unidade fica no...\" \/>\n<meta property=\"og:url\" content=\"https:\/\/blogdoere.com.br\/?p=26251\" \/>\n<meta property=\"og:site_name\" content=\"blog do er\u00ea\" \/>\n<meta property=\"article:published_time\" content=\"2016-04-03T23:37:00+00:00\" \/>\n<meta property=\"og:image\" content=\"http:\/\/www.politicalivre.com.br\/wp-content\/thumbgen_cache\/f9791a4f0fbc58e99a3b7dc19b4b3067.jpg\" \/>\n<meta name=\"author\" content=\"Ere\" \/>\n<meta name=\"twitter:card\" content=\"summary_large_image\" \/>\n<meta name=\"twitter:label1\" content=\"Escrito por\" \/>\n\t<meta name=\"twitter:data1\" content=\"Ere\" \/>\n\t<meta name=\"twitter:label2\" content=\"Tempo estimado de leitura\" \/>\n\t<meta name=\"twitter:data2\" content=\"2 minutos\" \/>\n<script type=\"application\/ld+json\" class=\"yoast-schema-graph\">{\"@context\":\"https:\/\/schema.org\",\"@graph\":[{\"@type\":\"Article\",\"@id\":\"https:\/\/blogdoere.com.br\/?p=26251#article\",\"isPartOf\":{\"@id\":\"https:\/\/blogdoere.com.br\/?p=26251\"},\"author\":{\"name\":\"Ere\",\"@id\":\"https:\/\/blogdoere.com.br\/#\/schema\/person\/4b56ed2336cb28ae3415ce8ffe56742e\"},\"headline\":\"ITAP\u00c9:RUI INAUGURA DISTRITO DE SEGURAN\u00c7A NO MUNIC\u00cdPIO\",\"datePublished\":\"2016-04-03T23:37:00+00:00\",\"dateModified\":\"2016-04-03T23:37:00+00:00\",\"mainEntityOfPage\":{\"@id\":\"https:\/\/blogdoere.com.br\/?p=26251\"},\"wordCount\":481,\"commentCount\":0,\"publisher\":{\"@id\":\"https:\/\/blogdoere.com.br\/#organization\"},\"articleSection\":[\"Destaques\"],\"inLanguage\":\"pt-PT\",\"potentialAction\":[{\"@type\":\"CommentAction\",\"name\":\"Comment\",\"target\":[\"https:\/\/blogdoere.com.br\/?p=26251#respond\"]}]},{\"@type\":\"WebPage\",\"@id\":\"https:\/\/blogdoere.com.br\/?p=26251\",\"url\":\"https:\/\/blogdoere.com.br\/?p=26251\",\"name\":\"ITAP\u00c9:RUI INAUGURA DISTRITO DE SEGURAN\u00c7A NO MUNIC\u00cdPIO - blog do er\u00ea\",\"isPartOf\":{\"@id\":\"https:\/\/blogdoere.com.br\/#website\"},\"datePublished\":\"2016-04-03T23:37:00+00:00\",\"dateModified\":\"2016-04-03T23:37:00+00:00\",\"breadcrumb\":{\"@id\":\"https:\/\/blogdoere.com.br\/?p=26251#breadcrumb\"},\"inLanguage\":\"pt-PT\",\"potentialAction\":[{\"@type\":\"ReadAction\",\"target\":[\"https:\/\/blogdoere.com.br\/?p=26251\"]}]},{\"@type\":\"BreadcrumbList\",\"@id\":\"https:\/\/blogdoere.com.br\/?p=26251#breadcrumb\",\"itemListElement\":[{\"@type\":\"ListItem\",\"position\":1,\"name\":\"In\u00edcio\",\"item\":\"https:\/\/blogdoere.com.br\/\"},{\"@type\":\"ListItem\",\"position\":2,\"name\":\"ITAP\u00c9:RUI INAUGURA DISTRITO DE SEGURAN\u00c7A NO MUNIC\u00cdPIO\"}]},{\"@type\":\"WebSite\",\"@id\":\"https:\/\/blogdoere.com.br\/#website\",\"url\":\"https:\/\/blogdoere.com.br\/\",\"name\":\"blog do er\u00ea\",\"description\":\"\",\"publisher\":{\"@id\":\"https:\/\/blogdoere.com.br\/#organization\"},\"potentialAction\":[{\"@type\":\"SearchAction\",\"target\":{\"@type\":\"EntryPoint\",\"urlTemplate\":\"https:\/\/blogdoere.com.br\/?s={search_term_string}\"},\"query-input\":\"required name=search_term_string\"}],\"inLanguage\":\"pt-PT\"},{\"@type\":\"Organization\",\"@id\":\"https:\/\/blogdoere.com.br\/#organization\",\"name\":\"Blog do Er\u00ea\",\"url\":\"https:\/\/blogdoere.com.br\/\",\"logo\":{\"@type\":\"ImageObject\",\"inLanguage\":\"pt-PT\",\"@id\":\"https:\/\/blogdoere.com.br\/#\/schema\/logo\/image\/\",\"url\":\"https:\/\/blogdoere.com.br\/wp-content\/uploads\/2021\/11\/Logo-Ere-1.png\",\"contentUrl\":\"https:\/\/blogdoere.com.br\/wp-content\/uploads\/2021\/11\/Logo-Ere-1.png\",\"width\":1261,\"height\":1330,\"caption\":\"Blog do Er\u00ea\"},\"image\":{\"@id\":\"https:\/\/blogdoere.com.br\/#\/schema\/logo\/image\/\"}},{\"@type\":\"Person\",\"@id\":\"https:\/\/blogdoere.com.br\/#\/schema\/person\/4b56ed2336cb28ae3415ce8ffe56742e\",\"name\":\"Ere\",\"image\":{\"@type\":\"ImageObject\",\"inLanguage\":\"pt-PT\",\"@id\":\"https:\/\/blogdoere.com.br\/#\/schema\/person\/image\/\",\"url\":\"https:\/\/secure.gravatar.com\/avatar\/?s=96&d=mm&r=g\",\"contentUrl\":\"https:\/\/secure.gravatar.com\/avatar\/?s=96&d=mm&r=g\",\"caption\":\"Ere\"}}]}<\/script>\n<!-- \/ Yoast SEO plugin. -->","yoast_head_json":{"title":"ITAP\u00c9:RUI INAUGURA DISTRITO DE SEGURAN\u00c7A NO MUNIC\u00cdPIO - blog do er\u00ea","robots":{"index":"index","follow":"follow","max-snippet":"max-snippet:-1","max-image-preview":"max-image-preview:large","max-video-preview":"max-video-preview:-1"},"canonical":"https:\/\/blogdoere.com.br\/?p=26251","og_locale":"pt_PT","og_type":"article","og_title":"ITAP\u00c9:RUI INAUGURA DISTRITO DE SEGURAN\u00c7A NO MUNIC\u00cdPIO - blog do er\u00ea","og_description":"O Novo Distrito Integrado de Seguran\u00e7a P\u00fablica (Disep), inaugurado neste s\u00e1bado (2), refor\u00e7a o policiamento e amplia a seguran\u00e7a dos moradores do sul da Bahia. A nova unidade fica no...","og_url":"https:\/\/blogdoere.com.br\/?p=26251","og_site_name":"blog do er\u00ea","article_published_time":"2016-04-03T23:37:00+00:00","og_image":[{"url":"http:\/\/www.politicalivre.com.br\/wp-content\/thumbgen_cache\/f9791a4f0fbc58e99a3b7dc19b4b3067.jpg"}],"author":"Ere","twitter_card":"summary_large_image","twitter_misc":{"Escrito por":"Ere","Tempo estimado de leitura":"2 minutos"},"schema":{"@context":"https:\/\/schema.org","@graph":[{"@type":"Article","@id":"https:\/\/blogdoere.com.br\/?p=26251#article","isPartOf":{"@id":"https:\/\/blogdoere.com.br\/?p=26251"},"author":{"name":"Ere","@id":"https:\/\/blogdoere.com.br\/#\/schema\/person\/4b56ed2336cb28ae3415ce8ffe56742e"},"headline":"ITAP\u00c9:RUI INAUGURA DISTRITO DE SEGURAN\u00c7A NO MUNIC\u00cdPIO","datePublished":"2016-04-03T23:37:00+00:00","dateModified":"2016-04-03T23:37:00+00:00","mainEntityOfPage":{"@id":"https:\/\/blogdoere.com.br\/?p=26251"},"wordCount":481,"commentCount":0,"publisher":{"@id":"https:\/\/blogdoere.com.br\/#organization"},"articleSection":["Destaques"],"inLanguage":"pt-PT","potentialAction":[{"@type":"CommentAction","name":"Comment","target":["https:\/\/blogdoere.com.br\/?p=26251#respond"]}]},{"@type":"WebPage","@id":"https:\/\/blogdoere.com.br\/?p=26251","url":"https:\/\/blogdoere.com.br\/?p=26251","name":"ITAP\u00c9:RUI INAUGURA DISTRITO DE SEGURAN\u00c7A NO MUNIC\u00cdPIO - blog do er\u00ea","isPartOf":{"@id":"https:\/\/blogdoere.com.br\/#website"},"datePublished":"2016-04-03T23:37:00+00:00","dateModified":"2016-04-03T23:37:00+00:00","breadcrumb":{"@id":"https:\/\/blogdoere.com.br\/?p=26251#breadcrumb"},"inLanguage":"pt-PT","potentialAction":[{"@type":"ReadAction","target":["https:\/\/blogdoere.com.br\/?p=26251"]}]},{"@type":"BreadcrumbList","@id":"https:\/\/blogdoere.com.br\/?p=26251#breadcrumb","itemListElement":[{"@type":"ListItem","position":1,"name":"In\u00edcio","item":"https:\/\/blogdoere.com.br\/"},{"@type":"ListItem","position":2,"name":"ITAP\u00c9:RUI INAUGURA DISTRITO DE SEGURAN\u00c7A NO MUNIC\u00cdPIO"}]},{"@type":"WebSite","@id":"https:\/\/blogdoere.com.br\/#website","url":"https:\/\/blogdoere.com.br\/","name":"blog do er\u00ea","description":"","publisher":{"@id":"https:\/\/blogdoere.com.br\/#organization"},"potentialAction":[{"@type":"SearchAction","target":{"@type":"EntryPoint","urlTemplate":"https:\/\/blogdoere.com.br\/?s={search_term_string}"},"query-input":"required name=search_term_string"}],"inLanguage":"pt-PT"},{"@type":"Organization","@id":"https:\/\/blogdoere.com.br\/#organization","name":"Blog do Er\u00ea","url":"https:\/\/blogdoere.com.br\/","logo":{"@type":"ImageObject","inLanguage":"pt-PT","@id":"https:\/\/blogdoere.com.br\/#\/schema\/logo\/image\/","url":"https:\/\/blogdoere.com.br\/wp-content\/uploads\/2021\/11\/Logo-Ere-1.png","contentUrl":"https:\/\/blogdoere.com.br\/wp-content\/uploads\/2021\/11\/Logo-Ere-1.png","width":1261,"height":1330,"caption":"Blog do Er\u00ea"},"image":{"@id":"https:\/\/blogdoere.com.br\/#\/schema\/logo\/image\/"}},{"@type":"Person","@id":"https:\/\/blogdoere.com.br\/#\/schema\/person\/4b56ed2336cb28ae3415ce8ffe56742e","name":"Ere","image":{"@type":"ImageObject","inLanguage":"pt-PT","@id":"https:\/\/blogdoere.com.br\/#\/schema\/person\/image\/","url":"https:\/\/secure.gravatar.com\/avatar\/?s=96&d=mm&r=g","contentUrl":"https:\/\/secure.gravatar.com\/avatar\/?s=96&d=mm&r=g","caption":"Ere"}}]}},"featured_image_urls":{"full":"","thumbnail":"","medium":"","medium_large":"","large":"","1536x1536":"","2048x2048":""},"author_info":{"display_name":"Ere","author_link":"https:\/\/blogdoere.com.br\/?author=2"},"category_info":"<a href=\"https:\/\/blogdoere.com.br\/?cat=1\" rel=\"category\">Destaques<\/a>","tag_info":"Destaques","comment_count":"0","_links":{"self":[{"href":"https:\/\/blogdoere.com.br\/index.php?rest_route=\/wp\/v2\/posts\/26251","targetHints":{"allow":["GET"]}}],"collection":[{"href":"https:\/\/blogdoere.com.br\/index.php?rest_route=\/wp\/v2\/posts"}],"about":[{"href":"https:\/\/blogdoere.com.br\/index.php?rest_route=\/wp\/v2\/types\/post"}],"author":[{"embeddable":true,"href":"https:\/\/blogdoere.com.br\/index.php?rest_route=\/wp\/v2\/users\/2"}],"replies":[{"embeddable":true,"href":"https:\/\/blogdoere.com.br\/index.php?rest_route=%2Fwp%2Fv2%2Fcomments&post=26251"}],"version-history":[{"count":0,"href":"https:\/\/blogdoere.com.br\/index.php?rest_route=\/wp\/v2\/posts\/26251\/revisions"}],"wp:attachment":[{"href":"https:\/\/blogdoere.com.br\/index.php?rest_route=%2Fwp%2Fv2%2Fmedia&parent=26251"}],"wp:term":[{"taxonomy":"category","embeddable":true,"href":"https:\/\/blogdoere.com.br\/index.php?rest_route=%2Fwp%2Fv2%2Fcategories&post=26251"},{"taxonomy":"post_tag","embeddable":true,"href":"https:\/\/blogdoere.com.br\/index.php?rest_route=%2Fwp%2Fv2%2Ftags&post=26251"}],"curies":[{"name":"wp","href":"https:\/\/api.w.org\/{rel}","templated":true}]}}