{"id":26252,"date":"2016-04-03T23:09:00","date_gmt":"2016-04-03T23:09:00","guid":{"rendered":"http:\/\/blogdoere.com.br\/?p=26252"},"modified":"2016-04-03T23:09:00","modified_gmt":"2016-04-03T23:09:00","slug":"itajuipe-jorjao-decreta-luto-pela-morte-do-professor-joao-climaco","status":"publish","type":"post","link":"https:\/\/blogdoere.com.br\/?p=26252","title":{"rendered":"ITAJU\u00cdPE: JORJ\u00c3O DECRETA LUTO PELA MORTE DO PROFESSOR JO\u00c3O CL\u00cdMACO"},"content":{"rendered":"<div style=\"text-align: center;\"><img decoding=\"async\" src=\"http:\/\/bene.blog.br\/images\/joaoclimaco.jpg\" height=\"266\" width=\"400\" \/><\/div>\n<div style=\"text-align: center;\"><\/div>\n<div>\n<div style=\"text-align: justify;\"><span style=\"font-family: &quot;arial&quot; , &quot;sans-serif&quot;; font-size: 12.0pt; line-height: 115%;\">Ao lamentar o falecimento, neste s\u00e1bado, dia 02, do professor Jo\u00e3o Cl\u00edmaco do Vale, o prefeito de Itaju\u00edpe, Ant\u00f4nio Jorge Rodrigues Neto, anunciou a decreta\u00e7\u00e3o de luto oficial de tr\u00eas dias&nbsp; no munic\u00edpio. \u201cFigura marcante em nossa cidade, o mestre Jo\u00e3o Cl\u00edmaco do Vale com seu esp\u00edrito de coopera\u00e7\u00e3o, inspirou a admira\u00e7\u00e3o de tantos que conviveram com ele. Foi um homem que muito fez por esta terra e bem representou o povo itajuipense\u201d, afirmou \u201cJorj\u00e3o\u201d.<o:p><\/o:p><\/span><\/div>\n<div style=\"text-align: justify;\"><\/div>\n<div style=\"text-align: justify;\"><span style=\"font-family: &quot;arial&quot; , &quot;sans-serif&quot;; font-size: 12.0pt; line-height: 115%;\">Ex-vereador de Itaju\u00edpe, ex-secret\u00e1rio do munic\u00edpio, fundador e ex-presidente do Lions Clube local, o professor Jo\u00e3o Cl\u00edmaco do Vale estava hospitalizado e faleceu neste s\u00e1bado, aos 88 anos. Formado em Letras, foi professor e diretor do Centro Educacional Di\u00f3genes Vinhaes, e coordenador estadual de Educa\u00e7\u00e3o. \u00c9 considerado uma figura marcante, que contribuiu para a Educa\u00e7\u00e3o e o desenvolvimento social da cidade.<o:p><\/o:p><\/span><\/div>\n<div style=\"text-align: justify;\"><\/div>\n<div style=\"text-align: justify;\"><span style=\"font-family: &quot;arial&quot; , &quot;sans-serif&quot;; font-size: 12.0pt; line-height: 115%;\">\u201cRecebo com muita tristeza a not\u00edcia do falecimento do amigo Jo\u00e3o Cl\u00edmaco, perdi uma parte de mim. Como t\u00e9cnico da Funda\u00e7\u00e3o SESP, ele implantou o sistema de saneamento b\u00e1sico. Foi secret\u00e1rio de Administra\u00e7\u00e3o, de Desenvolvimento Urbano e de Educa\u00e7\u00e3o. Pai exemplar de vida religiosa ativa na Igreja Matriz do Sagrado Cora\u00e7\u00e3o de Jesus, onde fazia parte do ter\u00e7os dos homens, tinha devo\u00e7\u00e3o por Nossa Senhora. Lamento tamb\u00e9m n\u00e3o poder estar presente para poder abra\u00e7ar a fam\u00edlia e despedir do amigo querido e fiel\u201d, disse a prefeita Gilka Badar\u00f3, que se encontra em Salvador se recuperando de uma cirurgia.<o:p><\/o:p><\/span><\/div>\n<div style=\"text-align: justify;\"><span style=\"font-family: &quot;arial&quot; , &quot;sans-serif&quot;; font-size: 12.0pt; line-height: 115%;\">Nascido em Cora\u00e7\u00e3o de Maria, no centro norte baiano, Jo\u00e3o Cl\u00edmaco chegou a Itaju\u00edpe na d\u00e9cada de 60, na condi\u00e7\u00e3o de mestre obras, para participar da implanta\u00e7\u00e3o do sistema de esgotamento sanit\u00e1rio da cidade. Como muito esfor\u00e7o, ingressou na ent\u00e3o Faculdade de Filosofia de Itabuna, onde se formou em Letras e passou a lecionar portugu\u00eas.<o:p><\/o:p><\/span><\/div>\n<div style=\"text-align: justify;\"><span style=\"font-family: &quot;arial&quot; , &quot;sans-serif&quot;; font-size: 12.0pt; line-height: 115%;\">Teve atua\u00e7\u00e3o politica marcante local, tendo sido suplente de vereador entre os anos de 1983 e 88.<o:p><\/o:p><\/span><\/div>\n<div style=\"text-align: justify;\"><span style=\"font-family: &quot;arial&quot; , &quot;sans-serif&quot;; font-size: 12.0pt; line-height: 115%;\">Jo\u00e3o Cl\u00edmaco era casado com dona Paula Mascarenhas do Vale, com quem teve seis filhos: Fernando, Cl\u00edmaco Filho, Paulo (falecido), N\u00e1dia, Telma e Carlos Marcelo, netos e bisnetos. O corpo dele est\u00e1 sendo velado no Di\u00f3genes Vinhaes. \u00c0s 15 horas acontecer\u00e1 uma missa de corpo presente na Igreja Matriz do Sagrado Cora\u00e7\u00e3o de Jesus. O sepultamento est\u00e1 previsto para as 16 horas, no cemit\u00e9rio de Itaju\u00edpe. Informa\u00e7\u00f5es do blog do Ben\u00e9.<o:p><\/o:p><\/span><\/div>\n<\/div>\n","protected":false},"excerpt":{"rendered":"<p>Ao lamentar o falecimento, neste s\u00e1bado, dia 02, do professor Jo\u00e3o Cl\u00edmaco do Vale, o prefeito de Itaju\u00edpe, Ant\u00f4nio Jorge Rodrigues Neto, anunciou a decreta\u00e7\u00e3o de luto oficial de tr\u00eas&#8230;<\/p>\n","protected":false},"author":2,"featured_media":0,"comment_status":"open","ping_status":"open","sticky":false,"template":"","format":"standard","meta":{"_editorskit_title_hidden":false,"_editorskit_reading_time":0,"_editorskit_is_block_options_detached":false,"_editorskit_block_options_position":"{}","om_disable_all_campaigns":false,"_mi_skip_tracking":false,"_kad_post_transparent":"","_kad_post_title":"","_kad_post_layout":"","_kad_post_sidebar_id":"","_kad_post_content_style":"","_kad_post_vertical_padding":"","_kad_post_feature":"","_kad_post_feature_position":"","_kad_post_header":false,"_kad_post_footer":false,"footnotes":""},"categories":[1],"tags":[],"class_list":["post-26252","post","type-post","status-publish","format-standard","hentry","category-destaques"],"yoast_head":"<!-- This site is optimized with the Yoast SEO plugin v20.5 - https:\/\/yoast.com\/wordpress\/plugins\/seo\/ -->\n<title>ITAJU\u00cdPE: JORJ\u00c3O DECRETA LUTO PELA MORTE DO PROFESSOR JO\u00c3O CL\u00cdMACO - blog do er\u00ea<\/title>\n<meta name=\"robots\" content=\"index, follow, max-snippet:-1, max-image-preview:large, max-video-preview:-1\" \/>\n<link rel=\"canonical\" href=\"https:\/\/blogdoere.com.br\/?p=26252\" \/>\n<meta property=\"og:locale\" content=\"pt_PT\" \/>\n<meta property=\"og:type\" content=\"article\" \/>\n<meta property=\"og:title\" content=\"ITAJU\u00cdPE: JORJ\u00c3O DECRETA LUTO PELA MORTE DO PROFESSOR JO\u00c3O CL\u00cdMACO - blog do er\u00ea\" \/>\n<meta property=\"og:description\" content=\"Ao lamentar o falecimento, neste s\u00e1bado, dia 02, do professor Jo\u00e3o Cl\u00edmaco do Vale, o prefeito de Itaju\u00edpe, Ant\u00f4nio Jorge Rodrigues Neto, anunciou a decreta\u00e7\u00e3o de luto oficial de tr\u00eas...\" \/>\n<meta property=\"og:url\" content=\"https:\/\/blogdoere.com.br\/?p=26252\" \/>\n<meta property=\"og:site_name\" content=\"blog do er\u00ea\" \/>\n<meta property=\"article:published_time\" content=\"2016-04-03T23:09:00+00:00\" \/>\n<meta property=\"og:image\" content=\"http:\/\/bene.blog.br\/images\/joaoclimaco.jpg\" \/>\n<meta name=\"author\" content=\"Ere\" \/>\n<meta name=\"twitter:card\" content=\"summary_large_image\" \/>\n<meta name=\"twitter:label1\" content=\"Escrito por\" \/>\n\t<meta name=\"twitter:data1\" content=\"Ere\" \/>\n\t<meta name=\"twitter:label2\" content=\"Tempo estimado de leitura\" \/>\n\t<meta name=\"twitter:data2\" content=\"2 minutos\" \/>\n<script type=\"application\/ld+json\" class=\"yoast-schema-graph\">{\"@context\":\"https:\/\/schema.org\",\"@graph\":[{\"@type\":\"Article\",\"@id\":\"https:\/\/blogdoere.com.br\/?p=26252#article\",\"isPartOf\":{\"@id\":\"https:\/\/blogdoere.com.br\/?p=26252\"},\"author\":{\"name\":\"Ere\",\"@id\":\"https:\/\/blogdoere.com.br\/#\/schema\/person\/4b56ed2336cb28ae3415ce8ffe56742e\"},\"headline\":\"ITAJU\u00cdPE: JORJ\u00c3O DECRETA LUTO PELA MORTE DO PROFESSOR JO\u00c3O CL\u00cdMACO\",\"datePublished\":\"2016-04-03T23:09:00+00:00\",\"dateModified\":\"2016-04-03T23:09:00+00:00\",\"mainEntityOfPage\":{\"@id\":\"https:\/\/blogdoere.com.br\/?p=26252\"},\"wordCount\":444,\"commentCount\":0,\"publisher\":{\"@id\":\"https:\/\/blogdoere.com.br\/#organization\"},\"articleSection\":[\"Destaques\"],\"inLanguage\":\"pt-PT\",\"potentialAction\":[{\"@type\":\"CommentAction\",\"name\":\"Comment\",\"target\":[\"https:\/\/blogdoere.com.br\/?p=26252#respond\"]}]},{\"@type\":\"WebPage\",\"@id\":\"https:\/\/blogdoere.com.br\/?p=26252\",\"url\":\"https:\/\/blogdoere.com.br\/?p=26252\",\"name\":\"ITAJU\u00cdPE: JORJ\u00c3O DECRETA LUTO PELA MORTE DO PROFESSOR JO\u00c3O CL\u00cdMACO - blog do er\u00ea\",\"isPartOf\":{\"@id\":\"https:\/\/blogdoere.com.br\/#website\"},\"datePublished\":\"2016-04-03T23:09:00+00:00\",\"dateModified\":\"2016-04-03T23:09:00+00:00\",\"breadcrumb\":{\"@id\":\"https:\/\/blogdoere.com.br\/?p=26252#breadcrumb\"},\"inLanguage\":\"pt-PT\",\"potentialAction\":[{\"@type\":\"ReadAction\",\"target\":[\"https:\/\/blogdoere.com.br\/?p=26252\"]}]},{\"@type\":\"BreadcrumbList\",\"@id\":\"https:\/\/blogdoere.com.br\/?p=26252#breadcrumb\",\"itemListElement\":[{\"@type\":\"ListItem\",\"position\":1,\"name\":\"In\u00edcio\",\"item\":\"https:\/\/blogdoere.com.br\/\"},{\"@type\":\"ListItem\",\"position\":2,\"name\":\"ITAJU\u00cdPE: JORJ\u00c3O DECRETA LUTO PELA MORTE DO PROFESSOR JO\u00c3O CL\u00cdMACO\"}]},{\"@type\":\"WebSite\",\"@id\":\"https:\/\/blogdoere.com.br\/#website\",\"url\":\"https:\/\/blogdoere.com.br\/\",\"name\":\"blog do er\u00ea\",\"description\":\"\",\"publisher\":{\"@id\":\"https:\/\/blogdoere.com.br\/#organization\"},\"potentialAction\":[{\"@type\":\"SearchAction\",\"target\":{\"@type\":\"EntryPoint\",\"urlTemplate\":\"https:\/\/blogdoere.com.br\/?s={search_term_string}\"},\"query-input\":\"required name=search_term_string\"}],\"inLanguage\":\"pt-PT\"},{\"@type\":\"Organization\",\"@id\":\"https:\/\/blogdoere.com.br\/#organization\",\"name\":\"Blog do Er\u00ea\",\"url\":\"https:\/\/blogdoere.com.br\/\",\"logo\":{\"@type\":\"ImageObject\",\"inLanguage\":\"pt-PT\",\"@id\":\"https:\/\/blogdoere.com.br\/#\/schema\/logo\/image\/\",\"url\":\"https:\/\/blogdoere.com.br\/wp-content\/uploads\/2021\/11\/Logo-Ere-1.png\",\"contentUrl\":\"https:\/\/blogdoere.com.br\/wp-content\/uploads\/2021\/11\/Logo-Ere-1.png\",\"width\":1261,\"height\":1330,\"caption\":\"Blog do Er\u00ea\"},\"image\":{\"@id\":\"https:\/\/blogdoere.com.br\/#\/schema\/logo\/image\/\"}},{\"@type\":\"Person\",\"@id\":\"https:\/\/blogdoere.com.br\/#\/schema\/person\/4b56ed2336cb28ae3415ce8ffe56742e\",\"name\":\"Ere\",\"image\":{\"@type\":\"ImageObject\",\"inLanguage\":\"pt-PT\",\"@id\":\"https:\/\/blogdoere.com.br\/#\/schema\/person\/image\/\",\"url\":\"https:\/\/secure.gravatar.com\/avatar\/?s=96&d=mm&r=g\",\"contentUrl\":\"https:\/\/secure.gravatar.com\/avatar\/?s=96&d=mm&r=g\",\"caption\":\"Ere\"}}]}<\/script>\n<!-- \/ Yoast SEO plugin. -->","yoast_head_json":{"title":"ITAJU\u00cdPE: JORJ\u00c3O DECRETA LUTO PELA MORTE DO PROFESSOR JO\u00c3O CL\u00cdMACO - blog do er\u00ea","robots":{"index":"index","follow":"follow","max-snippet":"max-snippet:-1","max-image-preview":"max-image-preview:large","max-video-preview":"max-video-preview:-1"},"canonical":"https:\/\/blogdoere.com.br\/?p=26252","og_locale":"pt_PT","og_type":"article","og_title":"ITAJU\u00cdPE: JORJ\u00c3O DECRETA LUTO PELA MORTE DO PROFESSOR JO\u00c3O CL\u00cdMACO - blog do er\u00ea","og_description":"Ao lamentar o falecimento, neste s\u00e1bado, dia 02, do professor Jo\u00e3o Cl\u00edmaco do Vale, o prefeito de Itaju\u00edpe, Ant\u00f4nio Jorge Rodrigues Neto, anunciou a decreta\u00e7\u00e3o de luto oficial de tr\u00eas...","og_url":"https:\/\/blogdoere.com.br\/?p=26252","og_site_name":"blog do er\u00ea","article_published_time":"2016-04-03T23:09:00+00:00","og_image":[{"url":"http:\/\/bene.blog.br\/images\/joaoclimaco.jpg"}],"author":"Ere","twitter_card":"summary_large_image","twitter_misc":{"Escrito por":"Ere","Tempo estimado de leitura":"2 minutos"},"schema":{"@context":"https:\/\/schema.org","@graph":[{"@type":"Article","@id":"https:\/\/blogdoere.com.br\/?p=26252#article","isPartOf":{"@id":"https:\/\/blogdoere.com.br\/?p=26252"},"author":{"name":"Ere","@id":"https:\/\/blogdoere.com.br\/#\/schema\/person\/4b56ed2336cb28ae3415ce8ffe56742e"},"headline":"ITAJU\u00cdPE: JORJ\u00c3O DECRETA LUTO PELA MORTE DO PROFESSOR JO\u00c3O CL\u00cdMACO","datePublished":"2016-04-03T23:09:00+00:00","dateModified":"2016-04-03T23:09:00+00:00","mainEntityOfPage":{"@id":"https:\/\/blogdoere.com.br\/?p=26252"},"wordCount":444,"commentCount":0,"publisher":{"@id":"https:\/\/blogdoere.com.br\/#organization"},"articleSection":["Destaques"],"inLanguage":"pt-PT","potentialAction":[{"@type":"CommentAction","name":"Comment","target":["https:\/\/blogdoere.com.br\/?p=26252#respond"]}]},{"@type":"WebPage","@id":"https:\/\/blogdoere.com.br\/?p=26252","url":"https:\/\/blogdoere.com.br\/?p=26252","name":"ITAJU\u00cdPE: JORJ\u00c3O DECRETA LUTO PELA MORTE DO PROFESSOR JO\u00c3O CL\u00cdMACO - blog do er\u00ea","isPartOf":{"@id":"https:\/\/blogdoere.com.br\/#website"},"datePublished":"2016-04-03T23:09:00+00:00","dateModified":"2016-04-03T23:09:00+00:00","breadcrumb":{"@id":"https:\/\/blogdoere.com.br\/?p=26252#breadcrumb"},"inLanguage":"pt-PT","potentialAction":[{"@type":"ReadAction","target":["https:\/\/blogdoere.com.br\/?p=26252"]}]},{"@type":"BreadcrumbList","@id":"https:\/\/blogdoere.com.br\/?p=26252#breadcrumb","itemListElement":[{"@type":"ListItem","position":1,"name":"In\u00edcio","item":"https:\/\/blogdoere.com.br\/"},{"@type":"ListItem","position":2,"name":"ITAJU\u00cdPE: JORJ\u00c3O DECRETA LUTO PELA MORTE DO PROFESSOR JO\u00c3O CL\u00cdMACO"}]},{"@type":"WebSite","@id":"https:\/\/blogdoere.com.br\/#website","url":"https:\/\/blogdoere.com.br\/","name":"blog do er\u00ea","description":"","publisher":{"@id":"https:\/\/blogdoere.com.br\/#organization"},"potentialAction":[{"@type":"SearchAction","target":{"@type":"EntryPoint","urlTemplate":"https:\/\/blogdoere.com.br\/?s={search_term_string}"},"query-input":"required name=search_term_string"}],"inLanguage":"pt-PT"},{"@type":"Organization","@id":"https:\/\/blogdoere.com.br\/#organization","name":"Blog do Er\u00ea","url":"https:\/\/blogdoere.com.br\/","logo":{"@type":"ImageObject","inLanguage":"pt-PT","@id":"https:\/\/blogdoere.com.br\/#\/schema\/logo\/image\/","url":"https:\/\/blogdoere.com.br\/wp-content\/uploads\/2021\/11\/Logo-Ere-1.png","contentUrl":"https:\/\/blogdoere.com.br\/wp-content\/uploads\/2021\/11\/Logo-Ere-1.png","width":1261,"height":1330,"caption":"Blog do Er\u00ea"},"image":{"@id":"https:\/\/blogdoere.com.br\/#\/schema\/logo\/image\/"}},{"@type":"Person","@id":"https:\/\/blogdoere.com.br\/#\/schema\/person\/4b56ed2336cb28ae3415ce8ffe56742e","name":"Ere","image":{"@type":"ImageObject","inLanguage":"pt-PT","@id":"https:\/\/blogdoere.com.br\/#\/schema\/person\/image\/","url":"https:\/\/secure.gravatar.com\/avatar\/?s=96&d=mm&r=g","contentUrl":"https:\/\/secure.gravatar.com\/avatar\/?s=96&d=mm&r=g","caption":"Ere"}}]}},"featured_image_urls":{"full":"","thumbnail":"","medium":"","medium_large":"","large":"","1536x1536":"","2048x2048":""},"author_info":{"display_name":"Ere","author_link":"https:\/\/blogdoere.com.br\/?author=2"},"category_info":"<a href=\"https:\/\/blogdoere.com.br\/?cat=1\" rel=\"category\">Destaques<\/a>","tag_info":"Destaques","comment_count":"0","_links":{"self":[{"href":"https:\/\/blogdoere.com.br\/index.php?rest_route=\/wp\/v2\/posts\/26252","targetHints":{"allow":["GET"]}}],"collection":[{"href":"https:\/\/blogdoere.com.br\/index.php?rest_route=\/wp\/v2\/posts"}],"about":[{"href":"https:\/\/blogdoere.com.br\/index.php?rest_route=\/wp\/v2\/types\/post"}],"author":[{"embeddable":true,"href":"https:\/\/blogdoere.com.br\/index.php?rest_route=\/wp\/v2\/users\/2"}],"replies":[{"embeddable":true,"href":"https:\/\/blogdoere.com.br\/index.php?rest_route=%2Fwp%2Fv2%2Fcomments&post=26252"}],"version-history":[{"count":0,"href":"https:\/\/blogdoere.com.br\/index.php?rest_route=\/wp\/v2\/posts\/26252\/revisions"}],"wp:attachment":[{"href":"https:\/\/blogdoere.com.br\/index.php?rest_route=%2Fwp%2Fv2%2Fmedia&parent=26252"}],"wp:term":[{"taxonomy":"category","embeddable":true,"href":"https:\/\/blogdoere.com.br\/index.php?rest_route=%2Fwp%2Fv2%2Fcategories&post=26252"},{"taxonomy":"post_tag","embeddable":true,"href":"https:\/\/blogdoere.com.br\/index.php?rest_route=%2Fwp%2Fv2%2Ftags&post=26252"}],"curies":[{"name":"wp","href":"https:\/\/api.w.org\/{rel}","templated":true}]}}