{"id":26265,"date":"2016-01-13T14:47:00","date_gmt":"2016-01-13T14:47:00","guid":{"rendered":"http:\/\/blogdoere.com.br\/?p=26265"},"modified":"2016-01-13T14:47:00","modified_gmt":"2016-01-13T14:47:00","slug":"itajuipe-novos-conselheiros-tutelares-tomam-posse","status":"publish","type":"post","link":"https:\/\/blogdoere.com.br\/?p=26265","title":{"rendered":"ITAJU\u00cdPE: NOVOS CONSELHEIROS TUTELARES TOMAM POSSE"},"content":{"rendered":"<div style=\"text-align: center;\"><img decoding=\"async\" height=\"224\" src=\"https:\/\/fbcdn-sphotos-c-a.akamaihd.net\/hphotos-ak-xfa1\/v\/t1.0-9\/1235253_1111580675520455_473855909288981275_n.jpg?oh=7a80d94d0b702801350994dcac866b64&amp;oe=574505D6&amp;__gda__=1463551878_96966437e7f719a5b9b8122ca673aa9f\" width=\"400\" \/><\/div>\n<div style=\"text-align: center;\"><\/div>\n<div style=\"text-align: center;\"><br style=\"background-color: white; color: #141823; font-family: helvetica, arial, sans-serif; font-size: 14px; line-height: 19.32px; text-align: start;\" \/><\/div>\n<div style=\"text-align: justify;\"><span style=\"font-family: Arial, Helvetica, sans-serif;\"><span style=\"background-color: white; color: #141823; font-family: helvetica, arial, sans-serif; font-size: 14px; line-height: 19.32px; text-align: start;\">Os cinco novos conselheiros tutelares de Itaju\u00edpe, escolhidos a partir das elei\u00e7\u00f5es unificadas ocorridas em outubro de 2015, tomaram posse durante cerim\u00f4nia realizada no PETI-PROJOVEM, nesta segunda-feira (11).<\/span><span style=\"background-color: white; color: #141823; font-family: helvetica, arial, sans-serif; font-size: 14px; line-height: 19.32px; text-align: start;\">&nbsp;<\/span><span style=\"background-color: white; color: #141823; line-height: 19.32px;\">O ato contou com a presen\u00e7a do vice-prefeito Ant\u00f4nio Jorge Rodrigues Neto &#8220;Jorj\u00e3o&#8221;, a Presidente do Conselho Municipal dos Direitos da Crian\u00e7a e do Adolescente (CMDCA), Naciara Rocha; CREAS, C\u00e9lia Pires al\u00e9m da Secre<\/span><span style=\"background-color: white; color: #141823; display: inline; line-height: 19.32px;\">t\u00e1ria de Assist\u00eancia Social, Josabete Neves; Subprocuradora Jur\u00eddica do munic\u00edpio, Dr\u00aa Ana Clara Andrade Adry; Coordenador Executivo, Erenilson Santos da Silva &#8220;Er\u00ea&#8221;; Vereador Leandro Junquilho demais autoridades e representantes da sociedade civil.&nbsp;<\/span><\/span><\/div>\n<p><span style=\"font-family: Arial, Helvetica, sans-serif;\"><br \/><span style=\"background-color: white; color: #141823; font-family: helvetica, arial, sans-serif; font-size: 14px; line-height: 19.32px; text-align: start;\"><\/span><\/span><span style=\"font-family: Arial, Helvetica, sans-serif;\"><span style=\"background-color: white; color: #141823; font-family: helvetica, arial, sans-serif; font-size: 14px; line-height: 19.32px; text-align: start;\"><\/span><span style=\"background-color: white; color: #141823; display: inline; font-family: helvetica, arial, sans-serif; font-size: 14px; line-height: 19.32px; text-align: start;\"><\/span><\/span><\/p>\n<div style=\"text-align: justify;\"><span style=\"background-color: white; color: #141823; display: inline; font-family: helvetica, arial, sans-serif; font-size: 14px; line-height: 19.32px; text-align: start;\"><span style=\"font-family: Arial, Helvetica, sans-serif; line-height: 19.32px;\">O vice-prefeito Jorj\u00e3o deu as boas vindas aos novos conselheiros e destacou a import\u00e2ncia do trabalho junto \u00e0 crian\u00e7as e adolescentes do munic\u00edpio. \u201cA partir de agora \u00e9 fundamental que todos os novos conselheiros tenham a exata no\u00e7\u00e3o do seu papel frente \u00e0 preserva\u00e7\u00e3o dos direitos das nossas crian\u00e7as e adolescentes, com o prop\u00f3sito de oferecer melhores condi\u00e7\u00f5es de vida\u201d, ressaltou.<\/span><\/span><\/div>\n<p><span style=\"background-color: white; color: #141823; display: inline; font-family: Arial, Helvetica, sans-serif; font-size: 14px; line-height: 19.32px; text-align: start;\"><\/span><\/p>\n<div style=\"text-align: justify;\"><span style=\"background-color: white; color: #141823; display: inline; font-family: helvetica, arial, sans-serif; font-size: 14px; line-height: 19.32px; text-align: start;\"><span style=\"font-family: Arial, Helvetica, sans-serif; line-height: 19.32px;\"><br \/><\/span><\/span><\/div>\n<p><span style=\"background-color: white; color: #141823; display: inline; font-family: helvetica, arial, sans-serif; font-size: 14px; line-height: 19.32px; text-align: start;\"><span style=\"font-family: Arial, Helvetica, sans-serif;\"><\/span><\/p>\n<div style=\"text-align: justify;\"><span style=\"font-family: Arial, Helvetica, sans-serif; line-height: 19.32px;\">A nova composi\u00e7\u00e3o do Conselho Tutelar de Itaju\u00edpe ter\u00e1 como representantes: Carlos Alberto Cardoso Vieira J\u00fanior, Maria Margarete dos Santos, Joelma Cust\u00f3dio Rocha, Fabson Silva Moreira, Emerson Braga Santos. O mandato, que tem dura\u00e7\u00e3o de quatro anos, atribui aos agentes responsabilidades como atender a viola\u00e7\u00e3o de direito da crian\u00e7a e adolescentes, acionar as autoridades competentes, acompanhar o cumprimento de medidas socioeducativas, entres outras. No mesmo ato foram diplomados as suplentes: Isana Teixeira Lima, Jaqueline Gonzaga Coelho Dantas, Maria de Lourdes Santos. Por: Er\u00ea<\/span><\/div>\n<p><\/span><\/p>\n","protected":false},"excerpt":{"rendered":"<p>Os cinco novos conselheiros tutelares de Itaju\u00edpe, escolhidos a partir das elei\u00e7\u00f5es unificadas ocorridas em outubro de 2015, tomaram posse durante cerim\u00f4nia realizada no PETI-PROJOVEM, nesta segunda-feira (11).&nbsp;O ato contou&#8230;<\/p>\n","protected":false},"author":2,"featured_media":0,"comment_status":"open","ping_status":"open","sticky":false,"template":"","format":"standard","meta":{"_editorskit_title_hidden":false,"_editorskit_reading_time":0,"_editorskit_is_block_options_detached":false,"_editorskit_block_options_position":"{}","om_disable_all_campaigns":false,"_mi_skip_tracking":false,"_kad_post_transparent":"","_kad_post_title":"","_kad_post_layout":"","_kad_post_sidebar_id":"","_kad_post_content_style":"","_kad_post_vertical_padding":"","_kad_post_feature":"","_kad_post_feature_position":"","_kad_post_header":false,"_kad_post_footer":false,"footnotes":""},"categories":[1],"tags":[],"class_list":["post-26265","post","type-post","status-publish","format-standard","hentry","category-destaques"],"yoast_head":"<!-- This site is optimized with the Yoast SEO plugin v20.5 - https:\/\/yoast.com\/wordpress\/plugins\/seo\/ -->\n<title>ITAJU\u00cdPE: NOVOS CONSELHEIROS TUTELARES TOMAM POSSE - blog do er\u00ea<\/title>\n<meta name=\"robots\" content=\"index, follow, max-snippet:-1, max-image-preview:large, max-video-preview:-1\" \/>\n<link rel=\"canonical\" href=\"https:\/\/blogdoere.com.br\/?p=26265\" \/>\n<meta property=\"og:locale\" content=\"pt_PT\" \/>\n<meta property=\"og:type\" content=\"article\" \/>\n<meta property=\"og:title\" content=\"ITAJU\u00cdPE: NOVOS CONSELHEIROS TUTELARES TOMAM POSSE - blog do er\u00ea\" \/>\n<meta property=\"og:description\" content=\"Os cinco novos conselheiros tutelares de Itaju\u00edpe, escolhidos a partir das elei\u00e7\u00f5es unificadas ocorridas em outubro de 2015, tomaram posse durante cerim\u00f4nia realizada no PETI-PROJOVEM, nesta segunda-feira (11).&nbsp;O ato contou...\" \/>\n<meta property=\"og:url\" content=\"https:\/\/blogdoere.com.br\/?p=26265\" \/>\n<meta property=\"og:site_name\" content=\"blog do er\u00ea\" \/>\n<meta property=\"article:published_time\" content=\"2016-01-13T14:47:00+00:00\" \/>\n<meta property=\"og:image\" content=\"https:\/\/fbcdn-sphotos-c-a.akamaihd.net\/hphotos-ak-xfa1\/v\/t1.0-9\/1235253_1111580675520455_473855909288981275_n.jpg?oh=7a80d94d0b702801350994dcac866b64&amp;oe=574505D6&amp;__gda__=1463551878_96966437e7f719a5b9b8122ca673aa9f\" \/>\n<meta name=\"author\" content=\"Ere\" \/>\n<meta name=\"twitter:card\" content=\"summary_large_image\" \/>\n<meta name=\"twitter:label1\" content=\"Escrito por\" \/>\n\t<meta name=\"twitter:data1\" content=\"Ere\" \/>\n\t<meta name=\"twitter:label2\" content=\"Tempo estimado de leitura\" \/>\n\t<meta name=\"twitter:data2\" content=\"1 minuto\" \/>\n<script type=\"application\/ld+json\" class=\"yoast-schema-graph\">{\"@context\":\"https:\/\/schema.org\",\"@graph\":[{\"@type\":\"Article\",\"@id\":\"https:\/\/blogdoere.com.br\/?p=26265#article\",\"isPartOf\":{\"@id\":\"https:\/\/blogdoere.com.br\/?p=26265\"},\"author\":{\"name\":\"Ere\",\"@id\":\"https:\/\/blogdoere.com.br\/#\/schema\/person\/4b56ed2336cb28ae3415ce8ffe56742e\"},\"headline\":\"ITAJU\u00cdPE: NOVOS CONSELHEIROS TUTELARES TOMAM POSSE\",\"datePublished\":\"2016-01-13T14:47:00+00:00\",\"dateModified\":\"2016-01-13T14:47:00+00:00\",\"mainEntityOfPage\":{\"@id\":\"https:\/\/blogdoere.com.br\/?p=26265\"},\"wordCount\":271,\"commentCount\":0,\"publisher\":{\"@id\":\"https:\/\/blogdoere.com.br\/#organization\"},\"articleSection\":[\"Destaques\"],\"inLanguage\":\"pt-PT\",\"potentialAction\":[{\"@type\":\"CommentAction\",\"name\":\"Comment\",\"target\":[\"https:\/\/blogdoere.com.br\/?p=26265#respond\"]}]},{\"@type\":\"WebPage\",\"@id\":\"https:\/\/blogdoere.com.br\/?p=26265\",\"url\":\"https:\/\/blogdoere.com.br\/?p=26265\",\"name\":\"ITAJU\u00cdPE: NOVOS CONSELHEIROS TUTELARES TOMAM POSSE - blog do er\u00ea\",\"isPartOf\":{\"@id\":\"https:\/\/blogdoere.com.br\/#website\"},\"datePublished\":\"2016-01-13T14:47:00+00:00\",\"dateModified\":\"2016-01-13T14:47:00+00:00\",\"breadcrumb\":{\"@id\":\"https:\/\/blogdoere.com.br\/?p=26265#breadcrumb\"},\"inLanguage\":\"pt-PT\",\"potentialAction\":[{\"@type\":\"ReadAction\",\"target\":[\"https:\/\/blogdoere.com.br\/?p=26265\"]}]},{\"@type\":\"BreadcrumbList\",\"@id\":\"https:\/\/blogdoere.com.br\/?p=26265#breadcrumb\",\"itemListElement\":[{\"@type\":\"ListItem\",\"position\":1,\"name\":\"In\u00edcio\",\"item\":\"https:\/\/blogdoere.com.br\/\"},{\"@type\":\"ListItem\",\"position\":2,\"name\":\"ITAJU\u00cdPE: NOVOS CONSELHEIROS TUTELARES TOMAM POSSE\"}]},{\"@type\":\"WebSite\",\"@id\":\"https:\/\/blogdoere.com.br\/#website\",\"url\":\"https:\/\/blogdoere.com.br\/\",\"name\":\"blog do er\u00ea\",\"description\":\"\",\"publisher\":{\"@id\":\"https:\/\/blogdoere.com.br\/#organization\"},\"potentialAction\":[{\"@type\":\"SearchAction\",\"target\":{\"@type\":\"EntryPoint\",\"urlTemplate\":\"https:\/\/blogdoere.com.br\/?s={search_term_string}\"},\"query-input\":\"required name=search_term_string\"}],\"inLanguage\":\"pt-PT\"},{\"@type\":\"Organization\",\"@id\":\"https:\/\/blogdoere.com.br\/#organization\",\"name\":\"Blog do Er\u00ea\",\"url\":\"https:\/\/blogdoere.com.br\/\",\"logo\":{\"@type\":\"ImageObject\",\"inLanguage\":\"pt-PT\",\"@id\":\"https:\/\/blogdoere.com.br\/#\/schema\/logo\/image\/\",\"url\":\"https:\/\/blogdoere.com.br\/wp-content\/uploads\/2021\/11\/Logo-Ere-1.png\",\"contentUrl\":\"https:\/\/blogdoere.com.br\/wp-content\/uploads\/2021\/11\/Logo-Ere-1.png\",\"width\":1261,\"height\":1330,\"caption\":\"Blog do Er\u00ea\"},\"image\":{\"@id\":\"https:\/\/blogdoere.com.br\/#\/schema\/logo\/image\/\"}},{\"@type\":\"Person\",\"@id\":\"https:\/\/blogdoere.com.br\/#\/schema\/person\/4b56ed2336cb28ae3415ce8ffe56742e\",\"name\":\"Ere\",\"image\":{\"@type\":\"ImageObject\",\"inLanguage\":\"pt-PT\",\"@id\":\"https:\/\/blogdoere.com.br\/#\/schema\/person\/image\/\",\"url\":\"https:\/\/secure.gravatar.com\/avatar\/?s=96&d=mm&r=g\",\"contentUrl\":\"https:\/\/secure.gravatar.com\/avatar\/?s=96&d=mm&r=g\",\"caption\":\"Ere\"}}]}<\/script>\n<!-- \/ Yoast SEO plugin. -->","yoast_head_json":{"title":"ITAJU\u00cdPE: NOVOS CONSELHEIROS TUTELARES TOMAM POSSE - blog do er\u00ea","robots":{"index":"index","follow":"follow","max-snippet":"max-snippet:-1","max-image-preview":"max-image-preview:large","max-video-preview":"max-video-preview:-1"},"canonical":"https:\/\/blogdoere.com.br\/?p=26265","og_locale":"pt_PT","og_type":"article","og_title":"ITAJU\u00cdPE: NOVOS CONSELHEIROS TUTELARES TOMAM POSSE - blog do er\u00ea","og_description":"Os cinco novos conselheiros tutelares de Itaju\u00edpe, escolhidos a partir das elei\u00e7\u00f5es unificadas ocorridas em outubro de 2015, tomaram posse durante cerim\u00f4nia realizada no PETI-PROJOVEM, nesta segunda-feira (11).&nbsp;O ato contou...","og_url":"https:\/\/blogdoere.com.br\/?p=26265","og_site_name":"blog do er\u00ea","article_published_time":"2016-01-13T14:47:00+00:00","og_image":[{"url":"https:\/\/fbcdn-sphotos-c-a.akamaihd.net\/hphotos-ak-xfa1\/v\/t1.0-9\/1235253_1111580675520455_473855909288981275_n.jpg?oh=7a80d94d0b702801350994dcac866b64&amp;oe=574505D6&amp;__gda__=1463551878_96966437e7f719a5b9b8122ca673aa9f"}],"author":"Ere","twitter_card":"summary_large_image","twitter_misc":{"Escrito por":"Ere","Tempo estimado de leitura":"1 minuto"},"schema":{"@context":"https:\/\/schema.org","@graph":[{"@type":"Article","@id":"https:\/\/blogdoere.com.br\/?p=26265#article","isPartOf":{"@id":"https:\/\/blogdoere.com.br\/?p=26265"},"author":{"name":"Ere","@id":"https:\/\/blogdoere.com.br\/#\/schema\/person\/4b56ed2336cb28ae3415ce8ffe56742e"},"headline":"ITAJU\u00cdPE: NOVOS CONSELHEIROS TUTELARES TOMAM POSSE","datePublished":"2016-01-13T14:47:00+00:00","dateModified":"2016-01-13T14:47:00+00:00","mainEntityOfPage":{"@id":"https:\/\/blogdoere.com.br\/?p=26265"},"wordCount":271,"commentCount":0,"publisher":{"@id":"https:\/\/blogdoere.com.br\/#organization"},"articleSection":["Destaques"],"inLanguage":"pt-PT","potentialAction":[{"@type":"CommentAction","name":"Comment","target":["https:\/\/blogdoere.com.br\/?p=26265#respond"]}]},{"@type":"WebPage","@id":"https:\/\/blogdoere.com.br\/?p=26265","url":"https:\/\/blogdoere.com.br\/?p=26265","name":"ITAJU\u00cdPE: NOVOS CONSELHEIROS TUTELARES TOMAM POSSE - blog do er\u00ea","isPartOf":{"@id":"https:\/\/blogdoere.com.br\/#website"},"datePublished":"2016-01-13T14:47:00+00:00","dateModified":"2016-01-13T14:47:00+00:00","breadcrumb":{"@id":"https:\/\/blogdoere.com.br\/?p=26265#breadcrumb"},"inLanguage":"pt-PT","potentialAction":[{"@type":"ReadAction","target":["https:\/\/blogdoere.com.br\/?p=26265"]}]},{"@type":"BreadcrumbList","@id":"https:\/\/blogdoere.com.br\/?p=26265#breadcrumb","itemListElement":[{"@type":"ListItem","position":1,"name":"In\u00edcio","item":"https:\/\/blogdoere.com.br\/"},{"@type":"ListItem","position":2,"name":"ITAJU\u00cdPE: NOVOS CONSELHEIROS TUTELARES TOMAM POSSE"}]},{"@type":"WebSite","@id":"https:\/\/blogdoere.com.br\/#website","url":"https:\/\/blogdoere.com.br\/","name":"blog do er\u00ea","description":"","publisher":{"@id":"https:\/\/blogdoere.com.br\/#organization"},"potentialAction":[{"@type":"SearchAction","target":{"@type":"EntryPoint","urlTemplate":"https:\/\/blogdoere.com.br\/?s={search_term_string}"},"query-input":"required name=search_term_string"}],"inLanguage":"pt-PT"},{"@type":"Organization","@id":"https:\/\/blogdoere.com.br\/#organization","name":"Blog do Er\u00ea","url":"https:\/\/blogdoere.com.br\/","logo":{"@type":"ImageObject","inLanguage":"pt-PT","@id":"https:\/\/blogdoere.com.br\/#\/schema\/logo\/image\/","url":"https:\/\/blogdoere.com.br\/wp-content\/uploads\/2021\/11\/Logo-Ere-1.png","contentUrl":"https:\/\/blogdoere.com.br\/wp-content\/uploads\/2021\/11\/Logo-Ere-1.png","width":1261,"height":1330,"caption":"Blog do Er\u00ea"},"image":{"@id":"https:\/\/blogdoere.com.br\/#\/schema\/logo\/image\/"}},{"@type":"Person","@id":"https:\/\/blogdoere.com.br\/#\/schema\/person\/4b56ed2336cb28ae3415ce8ffe56742e","name":"Ere","image":{"@type":"ImageObject","inLanguage":"pt-PT","@id":"https:\/\/blogdoere.com.br\/#\/schema\/person\/image\/","url":"https:\/\/secure.gravatar.com\/avatar\/?s=96&d=mm&r=g","contentUrl":"https:\/\/secure.gravatar.com\/avatar\/?s=96&d=mm&r=g","caption":"Ere"}}]}},"featured_image_urls":{"full":"","thumbnail":"","medium":"","medium_large":"","large":"","1536x1536":"","2048x2048":""},"author_info":{"display_name":"Ere","author_link":"https:\/\/blogdoere.com.br\/?author=2"},"category_info":"<a href=\"https:\/\/blogdoere.com.br\/?cat=1\" rel=\"category\">Destaques<\/a>","tag_info":"Destaques","comment_count":"0","_links":{"self":[{"href":"https:\/\/blogdoere.com.br\/index.php?rest_route=\/wp\/v2\/posts\/26265","targetHints":{"allow":["GET"]}}],"collection":[{"href":"https:\/\/blogdoere.com.br\/index.php?rest_route=\/wp\/v2\/posts"}],"about":[{"href":"https:\/\/blogdoere.com.br\/index.php?rest_route=\/wp\/v2\/types\/post"}],"author":[{"embeddable":true,"href":"https:\/\/blogdoere.com.br\/index.php?rest_route=\/wp\/v2\/users\/2"}],"replies":[{"embeddable":true,"href":"https:\/\/blogdoere.com.br\/index.php?rest_route=%2Fwp%2Fv2%2Fcomments&post=26265"}],"version-history":[{"count":0,"href":"https:\/\/blogdoere.com.br\/index.php?rest_route=\/wp\/v2\/posts\/26265\/revisions"}],"wp:attachment":[{"href":"https:\/\/blogdoere.com.br\/index.php?rest_route=%2Fwp%2Fv2%2Fmedia&parent=26265"}],"wp:term":[{"taxonomy":"category","embeddable":true,"href":"https:\/\/blogdoere.com.br\/index.php?rest_route=%2Fwp%2Fv2%2Fcategories&post=26265"},{"taxonomy":"post_tag","embeddable":true,"href":"https:\/\/blogdoere.com.br\/index.php?rest_route=%2Fwp%2Fv2%2Ftags&post=26265"}],"curies":[{"name":"wp","href":"https:\/\/api.w.org\/{rel}","templated":true}]}}