{"id":26268,"date":"2016-01-07T13:18:00","date_gmt":"2016-01-07T13:18:00","guid":{"rendered":"http:\/\/blogdoere.com.br\/?p=26268"},"modified":"2016-01-07T13:18:00","modified_gmt":"2016-01-07T13:18:00","slug":"rui-costa-e-avaliado-como-terceiro-melhor-governador-do-pais","status":"publish","type":"post","link":"https:\/\/blogdoere.com.br\/?p=26268","title":{"rendered":"RUI COSTA \u00c9 AVALIADO COMO TERCEIRO MELHOR GOVERNADOR DO PA\u00cdS"},"content":{"rendered":"<div style=\"text-align: justify;\"><span style=\"background-color: white; color: #333333; font-family: Tahoma, Geneva, sans-serif; font-size: 12px; line-height: 17.1429px;\"><br \/><\/span><\/div>\n<div style=\"text-align: center;\"><img decoding=\"async\" alt=\"Rui Costa \u00e9 avaliado como terceiro melhor governador do pa\u00eds\" src=\"http:\/\/imagem.bahianoticias.com.br\/fotos\/principal_noticias\/183969\/IMAGEM_NOTICIA_5.jpg?checksum=1452171570\" \/><\/div>\n<div style=\"text-align: justify;\"><span style=\"background-color: white; color: #333333; font-family: Tahoma, Geneva, sans-serif; font-size: 12px; line-height: 17.1429px;\"><br \/><\/span><\/div>\n<div style=\"text-align: justify;\"><span style=\"font-family: Arial, Helvetica, sans-serif;\"><span style=\"background-color: white; color: #333333; line-height: 17.1429px;\">Rui Costa (PT) foi avaliado como o terceiro melhor governador do Brasil em pesquisa do Instituto Paran\u00e1 divulgada nesta quarta-feira (6). Ao todo, o petista teve 59,5% de aprova\u00e7\u00e3o dos baianos. Entre os entrevistados, 33,6% desaprovaram a administra\u00e7\u00e3o e 6,9% n\u00e3o opinaram. A primeira posi\u00e7\u00e3o da lista foi ocupada pelo governador Renan Filho (PMDB), de Alagoas, que teve 67,5% de aprova\u00e7\u00e3o.&nbsp;<\/span><\/span><\/div>\n<div style=\"text-align: justify;\"><span style=\"font-family: Arial, Helvetica, sans-serif;\"><span style=\"background-color: white; color: #333333; line-height: 17.1429px;\"><br \/><\/span><\/span><\/div>\n<div style=\"text-align: justify;\"><span style=\"font-family: Arial, Helvetica, sans-serif;\"><span style=\"background-color: white; color: #333333; line-height: 17.1429px;\">A segunda maior marca ficou com o governador de Santa Catarina, Raimundo Colombo (PSD), com 64,4%. No \u00faltima posi\u00e7\u00e3o do ranking est\u00e1 o paranaense Beto Richa (PSDB), com avalia\u00e7\u00e3o positiva de apenas 24,4% dos entrevistados. Logo acima dele est\u00e1 o governador do Rio de Janeiro, Luiz Fernando Pez\u00e3o (PMDB), com 27,9%. Na avalia\u00e7\u00e3o dos prefeitos, ACM Neto teve a maior aprova\u00e7\u00e3o do Brasil pelo terceiro ano seguido&nbsp;<\/span><a href=\"http:\/\/www.bahianoticias.com.br\/noticia\/183912-acm-neto-e-o-melhor-prefeito-do-brasil.html\" style=\"background-color: white; box-sizing: border-box; color: #333333; line-height: 17.1429px; text-decoration: none;\"><strong style=\"box-sizing: border-box;\"><span style=\"box-sizing: border-box; color: darkgreen;\">(veja aqui)<\/span><\/strong><\/a><span style=\"background-color: white; color: #333333; line-height: 17.1429px;\">.<\/span><\/span><\/div>\n","protected":false},"excerpt":{"rendered":"<p>Rui Costa (PT) foi avaliado como o terceiro melhor governador do Brasil em pesquisa do Instituto Paran\u00e1 divulgada nesta quarta-feira (6). Ao todo, o petista teve 59,5% de aprova\u00e7\u00e3o dos&#8230;<\/p>\n","protected":false},"author":2,"featured_media":0,"comment_status":"open","ping_status":"open","sticky":false,"template":"","format":"standard","meta":{"_editorskit_title_hidden":false,"_editorskit_reading_time":0,"_editorskit_is_block_options_detached":false,"_editorskit_block_options_position":"{}","om_disable_all_campaigns":false,"_mi_skip_tracking":false,"_kad_post_transparent":"","_kad_post_title":"","_kad_post_layout":"","_kad_post_sidebar_id":"","_kad_post_content_style":"","_kad_post_vertical_padding":"","_kad_post_feature":"","_kad_post_feature_position":"","_kad_post_header":false,"_kad_post_footer":false,"footnotes":""},"categories":[1],"tags":[],"class_list":["post-26268","post","type-post","status-publish","format-standard","hentry","category-destaques"],"yoast_head":"<!-- This site is optimized with the Yoast SEO plugin v20.5 - https:\/\/yoast.com\/wordpress\/plugins\/seo\/ -->\n<title>RUI COSTA \u00c9 AVALIADO COMO TERCEIRO MELHOR GOVERNADOR DO PA\u00cdS - blog do er\u00ea<\/title>\n<meta name=\"robots\" content=\"index, follow, max-snippet:-1, max-image-preview:large, max-video-preview:-1\" \/>\n<link rel=\"canonical\" href=\"https:\/\/blogdoere.com.br\/?p=26268\" \/>\n<meta property=\"og:locale\" content=\"pt_PT\" \/>\n<meta property=\"og:type\" content=\"article\" \/>\n<meta property=\"og:title\" content=\"RUI COSTA \u00c9 AVALIADO COMO TERCEIRO MELHOR GOVERNADOR DO PA\u00cdS - blog do er\u00ea\" \/>\n<meta property=\"og:description\" content=\"Rui Costa (PT) foi avaliado como o terceiro melhor governador do Brasil em pesquisa do Instituto Paran\u00e1 divulgada nesta quarta-feira (6). Ao todo, o petista teve 59,5% de aprova\u00e7\u00e3o dos...\" \/>\n<meta property=\"og:url\" content=\"https:\/\/blogdoere.com.br\/?p=26268\" \/>\n<meta property=\"og:site_name\" content=\"blog do er\u00ea\" \/>\n<meta property=\"article:published_time\" content=\"2016-01-07T13:18:00+00:00\" \/>\n<meta property=\"og:image\" content=\"http:\/\/imagem.bahianoticias.com.br\/fotos\/principal_noticias\/183969\/IMAGEM_NOTICIA_5.jpg?checksum=1452171570\" \/>\n<meta name=\"author\" content=\"Ere\" \/>\n<meta name=\"twitter:card\" content=\"summary_large_image\" \/>\n<meta name=\"twitter:label1\" content=\"Escrito por\" \/>\n\t<meta name=\"twitter:data1\" content=\"Ere\" \/>\n\t<meta name=\"twitter:label2\" content=\"Tempo estimado de leitura\" \/>\n\t<meta name=\"twitter:data2\" content=\"1 minuto\" \/>\n<script type=\"application\/ld+json\" class=\"yoast-schema-graph\">{\"@context\":\"https:\/\/schema.org\",\"@graph\":[{\"@type\":\"Article\",\"@id\":\"https:\/\/blogdoere.com.br\/?p=26268#article\",\"isPartOf\":{\"@id\":\"https:\/\/blogdoere.com.br\/?p=26268\"},\"author\":{\"name\":\"Ere\",\"@id\":\"https:\/\/blogdoere.com.br\/#\/schema\/person\/4b56ed2336cb28ae3415ce8ffe56742e\"},\"headline\":\"RUI COSTA \u00c9 AVALIADO COMO TERCEIRO MELHOR GOVERNADOR DO PA\u00cdS\",\"datePublished\":\"2016-01-07T13:18:00+00:00\",\"dateModified\":\"2016-01-07T13:18:00+00:00\",\"mainEntityOfPage\":{\"@id\":\"https:\/\/blogdoere.com.br\/?p=26268\"},\"wordCount\":144,\"commentCount\":0,\"publisher\":{\"@id\":\"https:\/\/blogdoere.com.br\/#organization\"},\"articleSection\":[\"Destaques\"],\"inLanguage\":\"pt-PT\",\"potentialAction\":[{\"@type\":\"CommentAction\",\"name\":\"Comment\",\"target\":[\"https:\/\/blogdoere.com.br\/?p=26268#respond\"]}]},{\"@type\":\"WebPage\",\"@id\":\"https:\/\/blogdoere.com.br\/?p=26268\",\"url\":\"https:\/\/blogdoere.com.br\/?p=26268\",\"name\":\"RUI COSTA \u00c9 AVALIADO COMO TERCEIRO MELHOR GOVERNADOR DO PA\u00cdS - blog do er\u00ea\",\"isPartOf\":{\"@id\":\"https:\/\/blogdoere.com.br\/#website\"},\"datePublished\":\"2016-01-07T13:18:00+00:00\",\"dateModified\":\"2016-01-07T13:18:00+00:00\",\"breadcrumb\":{\"@id\":\"https:\/\/blogdoere.com.br\/?p=26268#breadcrumb\"},\"inLanguage\":\"pt-PT\",\"potentialAction\":[{\"@type\":\"ReadAction\",\"target\":[\"https:\/\/blogdoere.com.br\/?p=26268\"]}]},{\"@type\":\"BreadcrumbList\",\"@id\":\"https:\/\/blogdoere.com.br\/?p=26268#breadcrumb\",\"itemListElement\":[{\"@type\":\"ListItem\",\"position\":1,\"name\":\"In\u00edcio\",\"item\":\"https:\/\/blogdoere.com.br\/\"},{\"@type\":\"ListItem\",\"position\":2,\"name\":\"RUI COSTA \u00c9 AVALIADO COMO TERCEIRO MELHOR GOVERNADOR DO PA\u00cdS\"}]},{\"@type\":\"WebSite\",\"@id\":\"https:\/\/blogdoere.com.br\/#website\",\"url\":\"https:\/\/blogdoere.com.br\/\",\"name\":\"blog do er\u00ea\",\"description\":\"\",\"publisher\":{\"@id\":\"https:\/\/blogdoere.com.br\/#organization\"},\"potentialAction\":[{\"@type\":\"SearchAction\",\"target\":{\"@type\":\"EntryPoint\",\"urlTemplate\":\"https:\/\/blogdoere.com.br\/?s={search_term_string}\"},\"query-input\":\"required name=search_term_string\"}],\"inLanguage\":\"pt-PT\"},{\"@type\":\"Organization\",\"@id\":\"https:\/\/blogdoere.com.br\/#organization\",\"name\":\"Blog do Er\u00ea\",\"url\":\"https:\/\/blogdoere.com.br\/\",\"logo\":{\"@type\":\"ImageObject\",\"inLanguage\":\"pt-PT\",\"@id\":\"https:\/\/blogdoere.com.br\/#\/schema\/logo\/image\/\",\"url\":\"https:\/\/blogdoere.com.br\/wp-content\/uploads\/2021\/11\/Logo-Ere-1.png\",\"contentUrl\":\"https:\/\/blogdoere.com.br\/wp-content\/uploads\/2021\/11\/Logo-Ere-1.png\",\"width\":1261,\"height\":1330,\"caption\":\"Blog do Er\u00ea\"},\"image\":{\"@id\":\"https:\/\/blogdoere.com.br\/#\/schema\/logo\/image\/\"}},{\"@type\":\"Person\",\"@id\":\"https:\/\/blogdoere.com.br\/#\/schema\/person\/4b56ed2336cb28ae3415ce8ffe56742e\",\"name\":\"Ere\",\"image\":{\"@type\":\"ImageObject\",\"inLanguage\":\"pt-PT\",\"@id\":\"https:\/\/blogdoere.com.br\/#\/schema\/person\/image\/\",\"url\":\"https:\/\/secure.gravatar.com\/avatar\/?s=96&d=mm&r=g\",\"contentUrl\":\"https:\/\/secure.gravatar.com\/avatar\/?s=96&d=mm&r=g\",\"caption\":\"Ere\"}}]}<\/script>\n<!-- \/ Yoast SEO plugin. -->","yoast_head_json":{"title":"RUI COSTA \u00c9 AVALIADO COMO TERCEIRO MELHOR GOVERNADOR DO PA\u00cdS - blog do er\u00ea","robots":{"index":"index","follow":"follow","max-snippet":"max-snippet:-1","max-image-preview":"max-image-preview:large","max-video-preview":"max-video-preview:-1"},"canonical":"https:\/\/blogdoere.com.br\/?p=26268","og_locale":"pt_PT","og_type":"article","og_title":"RUI COSTA \u00c9 AVALIADO COMO TERCEIRO MELHOR GOVERNADOR DO PA\u00cdS - blog do er\u00ea","og_description":"Rui Costa (PT) foi avaliado como o terceiro melhor governador do Brasil em pesquisa do Instituto Paran\u00e1 divulgada nesta quarta-feira (6). Ao todo, o petista teve 59,5% de aprova\u00e7\u00e3o dos...","og_url":"https:\/\/blogdoere.com.br\/?p=26268","og_site_name":"blog do er\u00ea","article_published_time":"2016-01-07T13:18:00+00:00","og_image":[{"url":"http:\/\/imagem.bahianoticias.com.br\/fotos\/principal_noticias\/183969\/IMAGEM_NOTICIA_5.jpg?checksum=1452171570"}],"author":"Ere","twitter_card":"summary_large_image","twitter_misc":{"Escrito por":"Ere","Tempo estimado de leitura":"1 minuto"},"schema":{"@context":"https:\/\/schema.org","@graph":[{"@type":"Article","@id":"https:\/\/blogdoere.com.br\/?p=26268#article","isPartOf":{"@id":"https:\/\/blogdoere.com.br\/?p=26268"},"author":{"name":"Ere","@id":"https:\/\/blogdoere.com.br\/#\/schema\/person\/4b56ed2336cb28ae3415ce8ffe56742e"},"headline":"RUI COSTA \u00c9 AVALIADO COMO TERCEIRO MELHOR GOVERNADOR DO PA\u00cdS","datePublished":"2016-01-07T13:18:00+00:00","dateModified":"2016-01-07T13:18:00+00:00","mainEntityOfPage":{"@id":"https:\/\/blogdoere.com.br\/?p=26268"},"wordCount":144,"commentCount":0,"publisher":{"@id":"https:\/\/blogdoere.com.br\/#organization"},"articleSection":["Destaques"],"inLanguage":"pt-PT","potentialAction":[{"@type":"CommentAction","name":"Comment","target":["https:\/\/blogdoere.com.br\/?p=26268#respond"]}]},{"@type":"WebPage","@id":"https:\/\/blogdoere.com.br\/?p=26268","url":"https:\/\/blogdoere.com.br\/?p=26268","name":"RUI COSTA \u00c9 AVALIADO COMO TERCEIRO MELHOR GOVERNADOR DO PA\u00cdS - blog do er\u00ea","isPartOf":{"@id":"https:\/\/blogdoere.com.br\/#website"},"datePublished":"2016-01-07T13:18:00+00:00","dateModified":"2016-01-07T13:18:00+00:00","breadcrumb":{"@id":"https:\/\/blogdoere.com.br\/?p=26268#breadcrumb"},"inLanguage":"pt-PT","potentialAction":[{"@type":"ReadAction","target":["https:\/\/blogdoere.com.br\/?p=26268"]}]},{"@type":"BreadcrumbList","@id":"https:\/\/blogdoere.com.br\/?p=26268#breadcrumb","itemListElement":[{"@type":"ListItem","position":1,"name":"In\u00edcio","item":"https:\/\/blogdoere.com.br\/"},{"@type":"ListItem","position":2,"name":"RUI COSTA \u00c9 AVALIADO COMO TERCEIRO MELHOR GOVERNADOR DO PA\u00cdS"}]},{"@type":"WebSite","@id":"https:\/\/blogdoere.com.br\/#website","url":"https:\/\/blogdoere.com.br\/","name":"blog do er\u00ea","description":"","publisher":{"@id":"https:\/\/blogdoere.com.br\/#organization"},"potentialAction":[{"@type":"SearchAction","target":{"@type":"EntryPoint","urlTemplate":"https:\/\/blogdoere.com.br\/?s={search_term_string}"},"query-input":"required name=search_term_string"}],"inLanguage":"pt-PT"},{"@type":"Organization","@id":"https:\/\/blogdoere.com.br\/#organization","name":"Blog do Er\u00ea","url":"https:\/\/blogdoere.com.br\/","logo":{"@type":"ImageObject","inLanguage":"pt-PT","@id":"https:\/\/blogdoere.com.br\/#\/schema\/logo\/image\/","url":"https:\/\/blogdoere.com.br\/wp-content\/uploads\/2021\/11\/Logo-Ere-1.png","contentUrl":"https:\/\/blogdoere.com.br\/wp-content\/uploads\/2021\/11\/Logo-Ere-1.png","width":1261,"height":1330,"caption":"Blog do Er\u00ea"},"image":{"@id":"https:\/\/blogdoere.com.br\/#\/schema\/logo\/image\/"}},{"@type":"Person","@id":"https:\/\/blogdoere.com.br\/#\/schema\/person\/4b56ed2336cb28ae3415ce8ffe56742e","name":"Ere","image":{"@type":"ImageObject","inLanguage":"pt-PT","@id":"https:\/\/blogdoere.com.br\/#\/schema\/person\/image\/","url":"https:\/\/secure.gravatar.com\/avatar\/?s=96&d=mm&r=g","contentUrl":"https:\/\/secure.gravatar.com\/avatar\/?s=96&d=mm&r=g","caption":"Ere"}}]}},"featured_image_urls":{"full":"","thumbnail":"","medium":"","medium_large":"","large":"","1536x1536":"","2048x2048":""},"author_info":{"display_name":"Ere","author_link":"https:\/\/blogdoere.com.br\/?author=2"},"category_info":"<a href=\"https:\/\/blogdoere.com.br\/?cat=1\" rel=\"category\">Destaques<\/a>","tag_info":"Destaques","comment_count":"0","_links":{"self":[{"href":"https:\/\/blogdoere.com.br\/index.php?rest_route=\/wp\/v2\/posts\/26268","targetHints":{"allow":["GET"]}}],"collection":[{"href":"https:\/\/blogdoere.com.br\/index.php?rest_route=\/wp\/v2\/posts"}],"about":[{"href":"https:\/\/blogdoere.com.br\/index.php?rest_route=\/wp\/v2\/types\/post"}],"author":[{"embeddable":true,"href":"https:\/\/blogdoere.com.br\/index.php?rest_route=\/wp\/v2\/users\/2"}],"replies":[{"embeddable":true,"href":"https:\/\/blogdoere.com.br\/index.php?rest_route=%2Fwp%2Fv2%2Fcomments&post=26268"}],"version-history":[{"count":0,"href":"https:\/\/blogdoere.com.br\/index.php?rest_route=\/wp\/v2\/posts\/26268\/revisions"}],"wp:attachment":[{"href":"https:\/\/blogdoere.com.br\/index.php?rest_route=%2Fwp%2Fv2%2Fmedia&parent=26268"}],"wp:term":[{"taxonomy":"category","embeddable":true,"href":"https:\/\/blogdoere.com.br\/index.php?rest_route=%2Fwp%2Fv2%2Fcategories&post=26268"},{"taxonomy":"post_tag","embeddable":true,"href":"https:\/\/blogdoere.com.br\/index.php?rest_route=%2Fwp%2Fv2%2Ftags&post=26268"}],"curies":[{"name":"wp","href":"https:\/\/api.w.org\/{rel}","templated":true}]}}