{"id":26273,"date":"2015-12-15T23:34:00","date_gmt":"2015-12-15T23:34:00","guid":{"rendered":"http:\/\/blogdoere.com.br\/?p=26273"},"modified":"2015-12-15T23:34:00","modified_gmt":"2015-12-15T23:34:00","slug":"stf-tem-inquerito-oculto-contra-cunha","status":"publish","type":"post","link":"https:\/\/blogdoere.com.br\/?p=26273","title":{"rendered":"STF TEM INQU\u00c9RITO OCULTO CONTRA CUNHA"},"content":{"rendered":"<div style=\"text-align: justify;\"><span style=\"background-color: white; color: #333333; line-height: 17.1429px;\"><span style=\"font-family: Arial, Helvetica, sans-serif;\"><br \/><\/span><\/span><\/div>\n<div style=\"text-align: center;\"><img decoding=\"async\" alt=\"STF tem inqu\u00e9rito oculto contra Cunha que investiga se ele atrapalha apura\u00e7\u00e3o da Lava Jato\" src=\"http:\/\/www.bahianoticias.com.br\/fotos\/principal_noticias\/183003\/xIMAGEM_NOTICIA_5.jpg.pagespeed.ic.V057s25ihX.jpg\" \/><\/div>\n<div style=\"text-align: justify;\"><span style=\"background-color: white; color: #333333; line-height: 17.1429px;\"><span style=\"font-family: Arial, Helvetica, sans-serif;\"><br \/><\/span><\/span><\/div>\n<div style=\"text-align: justify;\"><span style=\"background-color: white; color: #333333; line-height: 17.1429px;\"><span style=\"font-family: Arial, Helvetica, sans-serif;\"><br \/><\/span><\/span><\/div>\n<div style=\"text-align: justify;\"><span style=\"background-color: white; color: #333333; line-height: 17.1429px;\"><span style=\"font-family: Arial, Helvetica, sans-serif;\">Acossado nesta ter\u00e7a-feira (15) com uma busca feita Pol\u00edcia Federal em suas resid\u00eancias, o presidente da C\u00e2mara dos Deputados, Eduardo Cunha (PMDB-RJ), pode esperar mais surpresas. De acordo com a coluna Radar On Line, da Veja, h\u00e1 um inqu\u00e9rito oculto que corre no Supremo Tribunal Federal (STF) contra o peemedebista. De acordo com a publica\u00e7\u00e3o, o documento apura o poss\u00edvel uso de seu cargo para se proteger de investiga\u00e7\u00f5es. Uma das linhas analisadas trata de suposto uso do mandato para retardar o processo no Conselho de \u00c9tica, impedindo que novas provas sejam ali produzidas ou que a pr\u00f3pria manuten\u00e7\u00e3o do cargo lhe garanta um indevido foro privilegiado. Al\u00e9m disso, tamb\u00e9m h\u00e1 apura\u00e7\u00f5es se a aprova\u00e7\u00e3o \u2014 ou rejei\u00e7\u00e3o de emendas \u2014 estaria sendo negociada. Al\u00e9m de Cunha, as apura\u00e7\u00f5es tamb\u00e9m envolvem outros parlamentares. Ainda de acordo com a Veja, o processo que originou as a\u00e7\u00f5es da PF nesta ter\u00e7a est\u00e1 no STF desde 24 de novembro.<\/span><\/span><\/div>\n","protected":false},"excerpt":{"rendered":"<p>Acossado nesta ter\u00e7a-feira (15) com uma busca feita Pol\u00edcia Federal em suas resid\u00eancias, o presidente da C\u00e2mara dos Deputados, Eduardo Cunha (PMDB-RJ), pode esperar mais surpresas. De acordo com a&#8230;<\/p>\n","protected":false},"author":2,"featured_media":0,"comment_status":"open","ping_status":"open","sticky":false,"template":"","format":"standard","meta":{"_editorskit_title_hidden":false,"_editorskit_reading_time":0,"_editorskit_is_block_options_detached":false,"_editorskit_block_options_position":"{}","om_disable_all_campaigns":false,"_mi_skip_tracking":false,"_kad_post_transparent":"","_kad_post_title":"","_kad_post_layout":"","_kad_post_sidebar_id":"","_kad_post_content_style":"","_kad_post_vertical_padding":"","_kad_post_feature":"","_kad_post_feature_position":"","_kad_post_header":false,"_kad_post_footer":false,"footnotes":""},"categories":[1],"tags":[],"class_list":["post-26273","post","type-post","status-publish","format-standard","hentry","category-destaques"],"yoast_head":"<!-- This site is optimized with the Yoast SEO plugin v20.5 - https:\/\/yoast.com\/wordpress\/plugins\/seo\/ -->\n<title>STF TEM INQU\u00c9RITO OCULTO CONTRA CUNHA - blog do er\u00ea<\/title>\n<meta name=\"robots\" content=\"index, follow, max-snippet:-1, max-image-preview:large, max-video-preview:-1\" \/>\n<link rel=\"canonical\" href=\"https:\/\/blogdoere.com.br\/?p=26273\" \/>\n<meta property=\"og:locale\" content=\"pt_PT\" \/>\n<meta property=\"og:type\" content=\"article\" \/>\n<meta property=\"og:title\" content=\"STF TEM INQU\u00c9RITO OCULTO CONTRA CUNHA - blog do er\u00ea\" \/>\n<meta property=\"og:description\" content=\"Acossado nesta ter\u00e7a-feira (15) com uma busca feita Pol\u00edcia Federal em suas resid\u00eancias, o presidente da C\u00e2mara dos Deputados, Eduardo Cunha (PMDB-RJ), pode esperar mais surpresas. De acordo com a...\" \/>\n<meta property=\"og:url\" content=\"https:\/\/blogdoere.com.br\/?p=26273\" \/>\n<meta property=\"og:site_name\" content=\"blog do er\u00ea\" \/>\n<meta property=\"article:published_time\" content=\"2015-12-15T23:34:00+00:00\" \/>\n<meta property=\"og:image\" content=\"http:\/\/www.bahianoticias.com.br\/fotos\/principal_noticias\/183003\/xIMAGEM_NOTICIA_5.jpg.pagespeed.ic.V057s25ihX.jpg\" \/>\n<meta name=\"author\" content=\"Ere\" \/>\n<meta name=\"twitter:card\" content=\"summary_large_image\" \/>\n<meta name=\"twitter:label1\" content=\"Escrito por\" \/>\n\t<meta name=\"twitter:data1\" content=\"Ere\" \/>\n\t<meta name=\"twitter:label2\" content=\"Tempo estimado de leitura\" \/>\n\t<meta name=\"twitter:data2\" content=\"1 minuto\" \/>\n<script type=\"application\/ld+json\" class=\"yoast-schema-graph\">{\"@context\":\"https:\/\/schema.org\",\"@graph\":[{\"@type\":\"Article\",\"@id\":\"https:\/\/blogdoere.com.br\/?p=26273#article\",\"isPartOf\":{\"@id\":\"https:\/\/blogdoere.com.br\/?p=26273\"},\"author\":{\"name\":\"Ere\",\"@id\":\"https:\/\/blogdoere.com.br\/#\/schema\/person\/4b56ed2336cb28ae3415ce8ffe56742e\"},\"headline\":\"STF TEM INQU\u00c9RITO OCULTO CONTRA CUNHA\",\"datePublished\":\"2015-12-15T23:34:00+00:00\",\"dateModified\":\"2015-12-15T23:34:00+00:00\",\"mainEntityOfPage\":{\"@id\":\"https:\/\/blogdoere.com.br\/?p=26273\"},\"wordCount\":179,\"commentCount\":0,\"publisher\":{\"@id\":\"https:\/\/blogdoere.com.br\/#organization\"},\"articleSection\":[\"Destaques\"],\"inLanguage\":\"pt-PT\",\"potentialAction\":[{\"@type\":\"CommentAction\",\"name\":\"Comment\",\"target\":[\"https:\/\/blogdoere.com.br\/?p=26273#respond\"]}]},{\"@type\":\"WebPage\",\"@id\":\"https:\/\/blogdoere.com.br\/?p=26273\",\"url\":\"https:\/\/blogdoere.com.br\/?p=26273\",\"name\":\"STF TEM INQU\u00c9RITO OCULTO CONTRA CUNHA - blog do er\u00ea\",\"isPartOf\":{\"@id\":\"https:\/\/blogdoere.com.br\/#website\"},\"datePublished\":\"2015-12-15T23:34:00+00:00\",\"dateModified\":\"2015-12-15T23:34:00+00:00\",\"breadcrumb\":{\"@id\":\"https:\/\/blogdoere.com.br\/?p=26273#breadcrumb\"},\"inLanguage\":\"pt-PT\",\"potentialAction\":[{\"@type\":\"ReadAction\",\"target\":[\"https:\/\/blogdoere.com.br\/?p=26273\"]}]},{\"@type\":\"BreadcrumbList\",\"@id\":\"https:\/\/blogdoere.com.br\/?p=26273#breadcrumb\",\"itemListElement\":[{\"@type\":\"ListItem\",\"position\":1,\"name\":\"In\u00edcio\",\"item\":\"https:\/\/blogdoere.com.br\/\"},{\"@type\":\"ListItem\",\"position\":2,\"name\":\"STF TEM INQU\u00c9RITO OCULTO CONTRA CUNHA\"}]},{\"@type\":\"WebSite\",\"@id\":\"https:\/\/blogdoere.com.br\/#website\",\"url\":\"https:\/\/blogdoere.com.br\/\",\"name\":\"blog do er\u00ea\",\"description\":\"\",\"publisher\":{\"@id\":\"https:\/\/blogdoere.com.br\/#organization\"},\"potentialAction\":[{\"@type\":\"SearchAction\",\"target\":{\"@type\":\"EntryPoint\",\"urlTemplate\":\"https:\/\/blogdoere.com.br\/?s={search_term_string}\"},\"query-input\":\"required name=search_term_string\"}],\"inLanguage\":\"pt-PT\"},{\"@type\":\"Organization\",\"@id\":\"https:\/\/blogdoere.com.br\/#organization\",\"name\":\"Blog do Er\u00ea\",\"url\":\"https:\/\/blogdoere.com.br\/\",\"logo\":{\"@type\":\"ImageObject\",\"inLanguage\":\"pt-PT\",\"@id\":\"https:\/\/blogdoere.com.br\/#\/schema\/logo\/image\/\",\"url\":\"https:\/\/blogdoere.com.br\/wp-content\/uploads\/2021\/11\/Logo-Ere-1.png\",\"contentUrl\":\"https:\/\/blogdoere.com.br\/wp-content\/uploads\/2021\/11\/Logo-Ere-1.png\",\"width\":1261,\"height\":1330,\"caption\":\"Blog do Er\u00ea\"},\"image\":{\"@id\":\"https:\/\/blogdoere.com.br\/#\/schema\/logo\/image\/\"}},{\"@type\":\"Person\",\"@id\":\"https:\/\/blogdoere.com.br\/#\/schema\/person\/4b56ed2336cb28ae3415ce8ffe56742e\",\"name\":\"Ere\",\"image\":{\"@type\":\"ImageObject\",\"inLanguage\":\"pt-PT\",\"@id\":\"https:\/\/blogdoere.com.br\/#\/schema\/person\/image\/\",\"url\":\"https:\/\/secure.gravatar.com\/avatar\/?s=96&d=mm&r=g\",\"contentUrl\":\"https:\/\/secure.gravatar.com\/avatar\/?s=96&d=mm&r=g\",\"caption\":\"Ere\"}}]}<\/script>\n<!-- \/ Yoast SEO plugin. -->","yoast_head_json":{"title":"STF TEM INQU\u00c9RITO OCULTO CONTRA CUNHA - blog do er\u00ea","robots":{"index":"index","follow":"follow","max-snippet":"max-snippet:-1","max-image-preview":"max-image-preview:large","max-video-preview":"max-video-preview:-1"},"canonical":"https:\/\/blogdoere.com.br\/?p=26273","og_locale":"pt_PT","og_type":"article","og_title":"STF TEM INQU\u00c9RITO OCULTO CONTRA CUNHA - blog do er\u00ea","og_description":"Acossado nesta ter\u00e7a-feira (15) com uma busca feita Pol\u00edcia Federal em suas resid\u00eancias, o presidente da C\u00e2mara dos Deputados, Eduardo Cunha (PMDB-RJ), pode esperar mais surpresas. De acordo com a...","og_url":"https:\/\/blogdoere.com.br\/?p=26273","og_site_name":"blog do er\u00ea","article_published_time":"2015-12-15T23:34:00+00:00","og_image":[{"url":"http:\/\/www.bahianoticias.com.br\/fotos\/principal_noticias\/183003\/xIMAGEM_NOTICIA_5.jpg.pagespeed.ic.V057s25ihX.jpg"}],"author":"Ere","twitter_card":"summary_large_image","twitter_misc":{"Escrito por":"Ere","Tempo estimado de leitura":"1 minuto"},"schema":{"@context":"https:\/\/schema.org","@graph":[{"@type":"Article","@id":"https:\/\/blogdoere.com.br\/?p=26273#article","isPartOf":{"@id":"https:\/\/blogdoere.com.br\/?p=26273"},"author":{"name":"Ere","@id":"https:\/\/blogdoere.com.br\/#\/schema\/person\/4b56ed2336cb28ae3415ce8ffe56742e"},"headline":"STF TEM INQU\u00c9RITO OCULTO CONTRA CUNHA","datePublished":"2015-12-15T23:34:00+00:00","dateModified":"2015-12-15T23:34:00+00:00","mainEntityOfPage":{"@id":"https:\/\/blogdoere.com.br\/?p=26273"},"wordCount":179,"commentCount":0,"publisher":{"@id":"https:\/\/blogdoere.com.br\/#organization"},"articleSection":["Destaques"],"inLanguage":"pt-PT","potentialAction":[{"@type":"CommentAction","name":"Comment","target":["https:\/\/blogdoere.com.br\/?p=26273#respond"]}]},{"@type":"WebPage","@id":"https:\/\/blogdoere.com.br\/?p=26273","url":"https:\/\/blogdoere.com.br\/?p=26273","name":"STF TEM INQU\u00c9RITO OCULTO CONTRA CUNHA - blog do er\u00ea","isPartOf":{"@id":"https:\/\/blogdoere.com.br\/#website"},"datePublished":"2015-12-15T23:34:00+00:00","dateModified":"2015-12-15T23:34:00+00:00","breadcrumb":{"@id":"https:\/\/blogdoere.com.br\/?p=26273#breadcrumb"},"inLanguage":"pt-PT","potentialAction":[{"@type":"ReadAction","target":["https:\/\/blogdoere.com.br\/?p=26273"]}]},{"@type":"BreadcrumbList","@id":"https:\/\/blogdoere.com.br\/?p=26273#breadcrumb","itemListElement":[{"@type":"ListItem","position":1,"name":"In\u00edcio","item":"https:\/\/blogdoere.com.br\/"},{"@type":"ListItem","position":2,"name":"STF TEM INQU\u00c9RITO OCULTO CONTRA CUNHA"}]},{"@type":"WebSite","@id":"https:\/\/blogdoere.com.br\/#website","url":"https:\/\/blogdoere.com.br\/","name":"blog do er\u00ea","description":"","publisher":{"@id":"https:\/\/blogdoere.com.br\/#organization"},"potentialAction":[{"@type":"SearchAction","target":{"@type":"EntryPoint","urlTemplate":"https:\/\/blogdoere.com.br\/?s={search_term_string}"},"query-input":"required name=search_term_string"}],"inLanguage":"pt-PT"},{"@type":"Organization","@id":"https:\/\/blogdoere.com.br\/#organization","name":"Blog do Er\u00ea","url":"https:\/\/blogdoere.com.br\/","logo":{"@type":"ImageObject","inLanguage":"pt-PT","@id":"https:\/\/blogdoere.com.br\/#\/schema\/logo\/image\/","url":"https:\/\/blogdoere.com.br\/wp-content\/uploads\/2021\/11\/Logo-Ere-1.png","contentUrl":"https:\/\/blogdoere.com.br\/wp-content\/uploads\/2021\/11\/Logo-Ere-1.png","width":1261,"height":1330,"caption":"Blog do Er\u00ea"},"image":{"@id":"https:\/\/blogdoere.com.br\/#\/schema\/logo\/image\/"}},{"@type":"Person","@id":"https:\/\/blogdoere.com.br\/#\/schema\/person\/4b56ed2336cb28ae3415ce8ffe56742e","name":"Ere","image":{"@type":"ImageObject","inLanguage":"pt-PT","@id":"https:\/\/blogdoere.com.br\/#\/schema\/person\/image\/","url":"https:\/\/secure.gravatar.com\/avatar\/?s=96&d=mm&r=g","contentUrl":"https:\/\/secure.gravatar.com\/avatar\/?s=96&d=mm&r=g","caption":"Ere"}}]}},"featured_image_urls":{"full":"","thumbnail":"","medium":"","medium_large":"","large":"","1536x1536":"","2048x2048":""},"author_info":{"display_name":"Ere","author_link":"https:\/\/blogdoere.com.br\/?author=2"},"category_info":"<a href=\"https:\/\/blogdoere.com.br\/?cat=1\" rel=\"category\">Destaques<\/a>","tag_info":"Destaques","comment_count":"0","_links":{"self":[{"href":"https:\/\/blogdoere.com.br\/index.php?rest_route=\/wp\/v2\/posts\/26273","targetHints":{"allow":["GET"]}}],"collection":[{"href":"https:\/\/blogdoere.com.br\/index.php?rest_route=\/wp\/v2\/posts"}],"about":[{"href":"https:\/\/blogdoere.com.br\/index.php?rest_route=\/wp\/v2\/types\/post"}],"author":[{"embeddable":true,"href":"https:\/\/blogdoere.com.br\/index.php?rest_route=\/wp\/v2\/users\/2"}],"replies":[{"embeddable":true,"href":"https:\/\/blogdoere.com.br\/index.php?rest_route=%2Fwp%2Fv2%2Fcomments&post=26273"}],"version-history":[{"count":0,"href":"https:\/\/blogdoere.com.br\/index.php?rest_route=\/wp\/v2\/posts\/26273\/revisions"}],"wp:attachment":[{"href":"https:\/\/blogdoere.com.br\/index.php?rest_route=%2Fwp%2Fv2%2Fmedia&parent=26273"}],"wp:term":[{"taxonomy":"category","embeddable":true,"href":"https:\/\/blogdoere.com.br\/index.php?rest_route=%2Fwp%2Fv2%2Fcategories&post=26273"},{"taxonomy":"post_tag","embeddable":true,"href":"https:\/\/blogdoere.com.br\/index.php?rest_route=%2Fwp%2Fv2%2Ftags&post=26273"}],"curies":[{"name":"wp","href":"https:\/\/api.w.org\/{rel}","templated":true}]}}