{"id":26278,"date":"2015-12-01T14:28:00","date_gmt":"2015-12-01T14:28:00","guid":{"rendered":"http:\/\/blogdoere.com.br\/?p=26278"},"modified":"2015-12-01T14:28:00","modified_gmt":"2015-12-01T14:28:00","slug":"expectativa-de-vida-do-brasileiro-sobre-para-752-anos-indica-ibge","status":"publish","type":"post","link":"https:\/\/blogdoere.com.br\/?p=26278","title":{"rendered":"EXPECTATIVA DE VIDA DO BRASILEIRO SOBRE PARA 75,2 ANOS, INDICA IBGE"},"content":{"rendered":"<div style=\"text-align: center;\"><img decoding=\"async\" alt=\"Expectativa de vida do brasileiro sobre para 75,2 anos, indica IBGE\" src=\"http:\/\/www.bahianoticias.com.br\/fotos\/principal_noticias\/182361\/xIMAGEM_NOTICIA_5.jpg.pagespeed.ic.AXHgwRVOXk.jpg\" \/><\/div>\n<div style=\"text-align: center;\"><\/div>\n<div style=\"text-align: center;\"><\/div>\n<div style=\"text-align: center;\"><\/div>\n<div style=\"text-align: center;\"><\/div>\n<div style=\"-webkit-text-stroke-width: 0px; background-color: white; box-sizing: border-box; color: #333333; font-family: Tahoma, Geneva, sans-serif; font-size: 12px; font-style: normal; font-variant: normal; font-weight: normal; letter-spacing: normal; line-height: 19.0476px; orphans: auto; text-align: start; text-indent: 0px; text-transform: none; white-space: normal; widows: 1; word-spacing: 0px;\">\n<div style=\"box-sizing: border-box; text-align: right;\"><\/div>\n<\/div>\n<p><\/p>\n<div style=\"-webkit-text-stroke-width: 0px; background-color: white; box-sizing: border-box; color: #333333; font-family: Tahoma, Geneva, sans-serif; font-style: normal; font-variant: normal; font-weight: normal; letter-spacing: normal; line-height: 19.0476px; orphans: auto; padding: 0px 0px 10px; text-align: start; text-indent: 0px; text-transform: none; white-space: normal; widows: 1; word-spacing: 0px;\">\n<div style=\"box-sizing: border-box; text-align: justify;\">A expectativa de vida do brasileiro aumentou para 75 anos e dois meses em 2014. Segundo a Ag\u00eancia Brasil, o n\u00famero \u00e9 tr\u00eas meses e 18 dias maior que no ano anterior, quando a estimativa era de 74,9. Os dados foram divulgados nesta ter\u00e7a-feira (1\u00ba), atrav\u00e9s da T\u00e1bua Completa de Mortalidade. As mulheres vivem mais que os homens, com uma expectativa de vida de 78,8 anos, contra 71,6 para eles. No entanto, os homens diminu\u00edram a diferen\u00e7a no \u00faltimo ano, aumentando seu tempo de vida m\u00e9dio em tr\u00eas meses e 25 dias, contra tr\u00eas meses e 11 dias para as mulheres. O estado que lidera a estat\u00edstica no Brasil \u00e9 Santa Catarina, com expectativa de vida 78,4 anos. Informa\u00e7\u00f5es do BN.<\/div>\n<\/div>\n","protected":false},"excerpt":{"rendered":"<p>A expectativa de vida do brasileiro aumentou para 75 anos e dois meses em 2014. Segundo a Ag\u00eancia Brasil, o n\u00famero \u00e9 tr\u00eas meses e 18 dias maior que no&#8230;<\/p>\n","protected":false},"author":2,"featured_media":0,"comment_status":"open","ping_status":"open","sticky":false,"template":"","format":"standard","meta":{"_editorskit_title_hidden":false,"_editorskit_reading_time":0,"_editorskit_is_block_options_detached":false,"_editorskit_block_options_position":"{}","om_disable_all_campaigns":false,"_mi_skip_tracking":false,"_kad_post_transparent":"","_kad_post_title":"","_kad_post_layout":"","_kad_post_sidebar_id":"","_kad_post_content_style":"","_kad_post_vertical_padding":"","_kad_post_feature":"","_kad_post_feature_position":"","_kad_post_header":false,"_kad_post_footer":false,"footnotes":""},"categories":[1],"tags":[],"class_list":["post-26278","post","type-post","status-publish","format-standard","hentry","category-destaques"],"yoast_head":"<!-- This site is optimized with the Yoast SEO plugin v20.5 - https:\/\/yoast.com\/wordpress\/plugins\/seo\/ -->\n<title>EXPECTATIVA DE VIDA DO BRASILEIRO SOBRE PARA 75,2 ANOS, INDICA IBGE - blog do er\u00ea<\/title>\n<meta name=\"robots\" content=\"index, follow, max-snippet:-1, max-image-preview:large, max-video-preview:-1\" \/>\n<link rel=\"canonical\" href=\"https:\/\/blogdoere.com.br\/?p=26278\" \/>\n<meta property=\"og:locale\" content=\"pt_PT\" \/>\n<meta property=\"og:type\" content=\"article\" \/>\n<meta property=\"og:title\" content=\"EXPECTATIVA DE VIDA DO BRASILEIRO SOBRE PARA 75,2 ANOS, INDICA IBGE - blog do er\u00ea\" \/>\n<meta property=\"og:description\" content=\"A expectativa de vida do brasileiro aumentou para 75 anos e dois meses em 2014. Segundo a Ag\u00eancia Brasil, o n\u00famero \u00e9 tr\u00eas meses e 18 dias maior que no...\" \/>\n<meta property=\"og:url\" content=\"https:\/\/blogdoere.com.br\/?p=26278\" \/>\n<meta property=\"og:site_name\" content=\"blog do er\u00ea\" \/>\n<meta property=\"article:published_time\" content=\"2015-12-01T14:28:00+00:00\" \/>\n<meta property=\"og:image\" content=\"http:\/\/www.bahianoticias.com.br\/fotos\/principal_noticias\/182361\/xIMAGEM_NOTICIA_5.jpg.pagespeed.ic.AXHgwRVOXk.jpg\" \/>\n<meta name=\"author\" content=\"Ere\" \/>\n<meta name=\"twitter:card\" content=\"summary_large_image\" \/>\n<meta name=\"twitter:label1\" content=\"Escrito por\" \/>\n\t<meta name=\"twitter:data1\" content=\"Ere\" \/>\n\t<meta name=\"twitter:label2\" content=\"Tempo estimado de leitura\" \/>\n\t<meta name=\"twitter:data2\" content=\"1 minuto\" \/>\n<script type=\"application\/ld+json\" class=\"yoast-schema-graph\">{\"@context\":\"https:\/\/schema.org\",\"@graph\":[{\"@type\":\"Article\",\"@id\":\"https:\/\/blogdoere.com.br\/?p=26278#article\",\"isPartOf\":{\"@id\":\"https:\/\/blogdoere.com.br\/?p=26278\"},\"author\":{\"name\":\"Ere\",\"@id\":\"https:\/\/blogdoere.com.br\/#\/schema\/person\/4b56ed2336cb28ae3415ce8ffe56742e\"},\"headline\":\"EXPECTATIVA DE VIDA DO BRASILEIRO SOBRE PARA 75,2 ANOS, INDICA IBGE\",\"datePublished\":\"2015-12-01T14:28:00+00:00\",\"dateModified\":\"2015-12-01T14:28:00+00:00\",\"mainEntityOfPage\":{\"@id\":\"https:\/\/blogdoere.com.br\/?p=26278\"},\"wordCount\":132,\"commentCount\":0,\"publisher\":{\"@id\":\"https:\/\/blogdoere.com.br\/#organization\"},\"articleSection\":[\"Destaques\"],\"inLanguage\":\"pt-PT\",\"potentialAction\":[{\"@type\":\"CommentAction\",\"name\":\"Comment\",\"target\":[\"https:\/\/blogdoere.com.br\/?p=26278#respond\"]}]},{\"@type\":\"WebPage\",\"@id\":\"https:\/\/blogdoere.com.br\/?p=26278\",\"url\":\"https:\/\/blogdoere.com.br\/?p=26278\",\"name\":\"EXPECTATIVA DE VIDA DO BRASILEIRO SOBRE PARA 75,2 ANOS, INDICA IBGE - blog do er\u00ea\",\"isPartOf\":{\"@id\":\"https:\/\/blogdoere.com.br\/#website\"},\"datePublished\":\"2015-12-01T14:28:00+00:00\",\"dateModified\":\"2015-12-01T14:28:00+00:00\",\"breadcrumb\":{\"@id\":\"https:\/\/blogdoere.com.br\/?p=26278#breadcrumb\"},\"inLanguage\":\"pt-PT\",\"potentialAction\":[{\"@type\":\"ReadAction\",\"target\":[\"https:\/\/blogdoere.com.br\/?p=26278\"]}]},{\"@type\":\"BreadcrumbList\",\"@id\":\"https:\/\/blogdoere.com.br\/?p=26278#breadcrumb\",\"itemListElement\":[{\"@type\":\"ListItem\",\"position\":1,\"name\":\"In\u00edcio\",\"item\":\"https:\/\/blogdoere.com.br\/\"},{\"@type\":\"ListItem\",\"position\":2,\"name\":\"EXPECTATIVA DE VIDA DO BRASILEIRO SOBRE PARA 75,2 ANOS, INDICA IBGE\"}]},{\"@type\":\"WebSite\",\"@id\":\"https:\/\/blogdoere.com.br\/#website\",\"url\":\"https:\/\/blogdoere.com.br\/\",\"name\":\"blog do er\u00ea\",\"description\":\"\",\"publisher\":{\"@id\":\"https:\/\/blogdoere.com.br\/#organization\"},\"potentialAction\":[{\"@type\":\"SearchAction\",\"target\":{\"@type\":\"EntryPoint\",\"urlTemplate\":\"https:\/\/blogdoere.com.br\/?s={search_term_string}\"},\"query-input\":\"required name=search_term_string\"}],\"inLanguage\":\"pt-PT\"},{\"@type\":\"Organization\",\"@id\":\"https:\/\/blogdoere.com.br\/#organization\",\"name\":\"Blog do Er\u00ea\",\"url\":\"https:\/\/blogdoere.com.br\/\",\"logo\":{\"@type\":\"ImageObject\",\"inLanguage\":\"pt-PT\",\"@id\":\"https:\/\/blogdoere.com.br\/#\/schema\/logo\/image\/\",\"url\":\"https:\/\/blogdoere.com.br\/wp-content\/uploads\/2021\/11\/Logo-Ere-1.png\",\"contentUrl\":\"https:\/\/blogdoere.com.br\/wp-content\/uploads\/2021\/11\/Logo-Ere-1.png\",\"width\":1261,\"height\":1330,\"caption\":\"Blog do Er\u00ea\"},\"image\":{\"@id\":\"https:\/\/blogdoere.com.br\/#\/schema\/logo\/image\/\"}},{\"@type\":\"Person\",\"@id\":\"https:\/\/blogdoere.com.br\/#\/schema\/person\/4b56ed2336cb28ae3415ce8ffe56742e\",\"name\":\"Ere\",\"image\":{\"@type\":\"ImageObject\",\"inLanguage\":\"pt-PT\",\"@id\":\"https:\/\/blogdoere.com.br\/#\/schema\/person\/image\/\",\"url\":\"https:\/\/secure.gravatar.com\/avatar\/?s=96&d=mm&r=g\",\"contentUrl\":\"https:\/\/secure.gravatar.com\/avatar\/?s=96&d=mm&r=g\",\"caption\":\"Ere\"}}]}<\/script>\n<!-- \/ Yoast SEO plugin. -->","yoast_head_json":{"title":"EXPECTATIVA DE VIDA DO BRASILEIRO SOBRE PARA 75,2 ANOS, INDICA IBGE - blog do er\u00ea","robots":{"index":"index","follow":"follow","max-snippet":"max-snippet:-1","max-image-preview":"max-image-preview:large","max-video-preview":"max-video-preview:-1"},"canonical":"https:\/\/blogdoere.com.br\/?p=26278","og_locale":"pt_PT","og_type":"article","og_title":"EXPECTATIVA DE VIDA DO BRASILEIRO SOBRE PARA 75,2 ANOS, INDICA IBGE - blog do er\u00ea","og_description":"A expectativa de vida do brasileiro aumentou para 75 anos e dois meses em 2014. Segundo a Ag\u00eancia Brasil, o n\u00famero \u00e9 tr\u00eas meses e 18 dias maior que no...","og_url":"https:\/\/blogdoere.com.br\/?p=26278","og_site_name":"blog do er\u00ea","article_published_time":"2015-12-01T14:28:00+00:00","og_image":[{"url":"http:\/\/www.bahianoticias.com.br\/fotos\/principal_noticias\/182361\/xIMAGEM_NOTICIA_5.jpg.pagespeed.ic.AXHgwRVOXk.jpg"}],"author":"Ere","twitter_card":"summary_large_image","twitter_misc":{"Escrito por":"Ere","Tempo estimado de leitura":"1 minuto"},"schema":{"@context":"https:\/\/schema.org","@graph":[{"@type":"Article","@id":"https:\/\/blogdoere.com.br\/?p=26278#article","isPartOf":{"@id":"https:\/\/blogdoere.com.br\/?p=26278"},"author":{"name":"Ere","@id":"https:\/\/blogdoere.com.br\/#\/schema\/person\/4b56ed2336cb28ae3415ce8ffe56742e"},"headline":"EXPECTATIVA DE VIDA DO BRASILEIRO SOBRE PARA 75,2 ANOS, INDICA IBGE","datePublished":"2015-12-01T14:28:00+00:00","dateModified":"2015-12-01T14:28:00+00:00","mainEntityOfPage":{"@id":"https:\/\/blogdoere.com.br\/?p=26278"},"wordCount":132,"commentCount":0,"publisher":{"@id":"https:\/\/blogdoere.com.br\/#organization"},"articleSection":["Destaques"],"inLanguage":"pt-PT","potentialAction":[{"@type":"CommentAction","name":"Comment","target":["https:\/\/blogdoere.com.br\/?p=26278#respond"]}]},{"@type":"WebPage","@id":"https:\/\/blogdoere.com.br\/?p=26278","url":"https:\/\/blogdoere.com.br\/?p=26278","name":"EXPECTATIVA DE VIDA DO BRASILEIRO SOBRE PARA 75,2 ANOS, INDICA IBGE - blog do er\u00ea","isPartOf":{"@id":"https:\/\/blogdoere.com.br\/#website"},"datePublished":"2015-12-01T14:28:00+00:00","dateModified":"2015-12-01T14:28:00+00:00","breadcrumb":{"@id":"https:\/\/blogdoere.com.br\/?p=26278#breadcrumb"},"inLanguage":"pt-PT","potentialAction":[{"@type":"ReadAction","target":["https:\/\/blogdoere.com.br\/?p=26278"]}]},{"@type":"BreadcrumbList","@id":"https:\/\/blogdoere.com.br\/?p=26278#breadcrumb","itemListElement":[{"@type":"ListItem","position":1,"name":"In\u00edcio","item":"https:\/\/blogdoere.com.br\/"},{"@type":"ListItem","position":2,"name":"EXPECTATIVA DE VIDA DO BRASILEIRO SOBRE PARA 75,2 ANOS, INDICA IBGE"}]},{"@type":"WebSite","@id":"https:\/\/blogdoere.com.br\/#website","url":"https:\/\/blogdoere.com.br\/","name":"blog do er\u00ea","description":"","publisher":{"@id":"https:\/\/blogdoere.com.br\/#organization"},"potentialAction":[{"@type":"SearchAction","target":{"@type":"EntryPoint","urlTemplate":"https:\/\/blogdoere.com.br\/?s={search_term_string}"},"query-input":"required name=search_term_string"}],"inLanguage":"pt-PT"},{"@type":"Organization","@id":"https:\/\/blogdoere.com.br\/#organization","name":"Blog do Er\u00ea","url":"https:\/\/blogdoere.com.br\/","logo":{"@type":"ImageObject","inLanguage":"pt-PT","@id":"https:\/\/blogdoere.com.br\/#\/schema\/logo\/image\/","url":"https:\/\/blogdoere.com.br\/wp-content\/uploads\/2021\/11\/Logo-Ere-1.png","contentUrl":"https:\/\/blogdoere.com.br\/wp-content\/uploads\/2021\/11\/Logo-Ere-1.png","width":1261,"height":1330,"caption":"Blog do Er\u00ea"},"image":{"@id":"https:\/\/blogdoere.com.br\/#\/schema\/logo\/image\/"}},{"@type":"Person","@id":"https:\/\/blogdoere.com.br\/#\/schema\/person\/4b56ed2336cb28ae3415ce8ffe56742e","name":"Ere","image":{"@type":"ImageObject","inLanguage":"pt-PT","@id":"https:\/\/blogdoere.com.br\/#\/schema\/person\/image\/","url":"https:\/\/secure.gravatar.com\/avatar\/?s=96&d=mm&r=g","contentUrl":"https:\/\/secure.gravatar.com\/avatar\/?s=96&d=mm&r=g","caption":"Ere"}}]}},"featured_image_urls":{"full":"","thumbnail":"","medium":"","medium_large":"","large":"","1536x1536":"","2048x2048":""},"author_info":{"display_name":"Ere","author_link":"https:\/\/blogdoere.com.br\/?author=2"},"category_info":"<a href=\"https:\/\/blogdoere.com.br\/?cat=1\" rel=\"category\">Destaques<\/a>","tag_info":"Destaques","comment_count":"0","_links":{"self":[{"href":"https:\/\/blogdoere.com.br\/index.php?rest_route=\/wp\/v2\/posts\/26278","targetHints":{"allow":["GET"]}}],"collection":[{"href":"https:\/\/blogdoere.com.br\/index.php?rest_route=\/wp\/v2\/posts"}],"about":[{"href":"https:\/\/blogdoere.com.br\/index.php?rest_route=\/wp\/v2\/types\/post"}],"author":[{"embeddable":true,"href":"https:\/\/blogdoere.com.br\/index.php?rest_route=\/wp\/v2\/users\/2"}],"replies":[{"embeddable":true,"href":"https:\/\/blogdoere.com.br\/index.php?rest_route=%2Fwp%2Fv2%2Fcomments&post=26278"}],"version-history":[{"count":0,"href":"https:\/\/blogdoere.com.br\/index.php?rest_route=\/wp\/v2\/posts\/26278\/revisions"}],"wp:attachment":[{"href":"https:\/\/blogdoere.com.br\/index.php?rest_route=%2Fwp%2Fv2%2Fmedia&parent=26278"}],"wp:term":[{"taxonomy":"category","embeddable":true,"href":"https:\/\/blogdoere.com.br\/index.php?rest_route=%2Fwp%2Fv2%2Fcategories&post=26278"},{"taxonomy":"post_tag","embeddable":true,"href":"https:\/\/blogdoere.com.br\/index.php?rest_route=%2Fwp%2Fv2%2Ftags&post=26278"}],"curies":[{"name":"wp","href":"https:\/\/api.w.org\/{rel}","templated":true}]}}