{"id":26282,"date":"2015-10-27T12:21:00","date_gmt":"2015-10-27T12:21:00","guid":{"rendered":"http:\/\/blogdoere.com.br\/?p=26282"},"modified":"2015-10-27T12:21:00","modified_gmt":"2015-10-27T12:21:00","slug":"bahia-tem-261-de-taxa-de-abstencao-no-enem-2015","status":"publish","type":"post","link":"https:\/\/blogdoere.com.br\/?p=26282","title":{"rendered":"BAHIA TEM 26,1% DE TAXA DE ABSTEN\u00c7\u00c3O NO ENEM 2015"},"content":{"rendered":"<div style=\"text-align: center;\"><img decoding=\"async\" alt=\"Bahia tem 26,1% de taxa de absten\u00e7\u00e3o no Enem 2015\" src=\"http:\/\/www.bahianoticias.com.br\/fotos\/principal_noticias\/180672\/xIMAGEM_NOTICIA_5.jpg.pagespeed.ic.1T2Vh4vJWv.jpg\" \/><\/div>\n<div style=\"text-align: justify;\"><span style=\"background-color: white; color: #333333; font-family: Tahoma, Geneva, sans-serif; font-size: 12px; line-height: 19.0476px;\"><br \/><\/span><\/div>\n<div style=\"text-align: justify;\"><span style=\"background-color: white; color: #333333; font-family: Tahoma, Geneva, sans-serif; font-size: 12px; line-height: 19.0476px;\">A Para\u00edba foi o estado com o menor percentual de candidatos que faltaram ao Exame Nacional do Ensino M\u00e9dio (Enem) deste fim de semana. Na Bahia, segundo o levantamento, a taxa foi de 26,1%. De acordo com dados divulgados nesta segunda-feira (26) pelo Instituto Nacional de Estudos e Pesquisas Educacionais An\u00edsio Teixeira (Inep), 20,7% n\u00e3o fizeram a prova no estado. Roraima teve o maior \u00edndice de faltosos: 34,9% dos inscritos. O Enem deste ano registrou o menor \u00edndice de absten\u00e7\u00e3o desde 2009: 25,5%, de acordo com o balan\u00e7o apresentado ontem (25) pelo ministro da Educa\u00e7\u00e3o Aloizio Mercadante. Na edi\u00e7\u00e3o do ano passado, o \u00edndice de faltas ficou em 28,9%. &nbsp;Na divulga\u00e7\u00e3o desta segunda, o Inep destacou o baixo \u00edndice de absten\u00e7\u00e3o em Santa Catarina (22,4%), menor do que a m\u00e9dia nacional. Apesar dos problemas que o estado enfrenta com as chuvas, 77,6% dos inscritos no Enem conseguiram fazer as provas. Os estudantes que conseguiram isen\u00e7\u00e3o da taxa de inscri\u00e7\u00e3o este ano, mas n\u00e3o justificarem a aus\u00eancia na prova s\u00f3 far\u00e3o o Enem em 2016 mediante pagamento. Informa\u00e7\u00f5es BN.<\/span><\/div>\n","protected":false},"excerpt":{"rendered":"<p>A Para\u00edba foi o estado com o menor percentual de candidatos que faltaram ao Exame Nacional do Ensino M\u00e9dio (Enem) deste fim de semana. Na Bahia, segundo o levantamento, a&#8230;<\/p>\n","protected":false},"author":2,"featured_media":0,"comment_status":"open","ping_status":"open","sticky":false,"template":"","format":"standard","meta":{"_editorskit_title_hidden":false,"_editorskit_reading_time":0,"_editorskit_is_block_options_detached":false,"_editorskit_block_options_position":"{}","om_disable_all_campaigns":false,"_mi_skip_tracking":false,"_kad_post_transparent":"","_kad_post_title":"","_kad_post_layout":"","_kad_post_sidebar_id":"","_kad_post_content_style":"","_kad_post_vertical_padding":"","_kad_post_feature":"","_kad_post_feature_position":"","_kad_post_header":false,"_kad_post_footer":false,"footnotes":""},"categories":[1],"tags":[],"class_list":["post-26282","post","type-post","status-publish","format-standard","hentry","category-destaques"],"yoast_head":"<!-- This site is optimized with the Yoast SEO plugin v20.5 - https:\/\/yoast.com\/wordpress\/plugins\/seo\/ -->\n<title>BAHIA TEM 26,1% DE TAXA DE ABSTEN\u00c7\u00c3O NO ENEM 2015 - blog do er\u00ea<\/title>\n<meta name=\"robots\" content=\"index, follow, max-snippet:-1, max-image-preview:large, max-video-preview:-1\" \/>\n<link rel=\"canonical\" href=\"https:\/\/blogdoere.com.br\/?p=26282\" \/>\n<meta property=\"og:locale\" content=\"pt_PT\" \/>\n<meta property=\"og:type\" content=\"article\" \/>\n<meta property=\"og:title\" content=\"BAHIA TEM 26,1% DE TAXA DE ABSTEN\u00c7\u00c3O NO ENEM 2015 - blog do er\u00ea\" \/>\n<meta property=\"og:description\" content=\"A Para\u00edba foi o estado com o menor percentual de candidatos que faltaram ao Exame Nacional do Ensino M\u00e9dio (Enem) deste fim de semana. Na Bahia, segundo o levantamento, a...\" \/>\n<meta property=\"og:url\" content=\"https:\/\/blogdoere.com.br\/?p=26282\" \/>\n<meta property=\"og:site_name\" content=\"blog do er\u00ea\" \/>\n<meta property=\"article:published_time\" content=\"2015-10-27T12:21:00+00:00\" \/>\n<meta property=\"og:image\" content=\"http:\/\/www.bahianoticias.com.br\/fotos\/principal_noticias\/180672\/xIMAGEM_NOTICIA_5.jpg.pagespeed.ic.1T2Vh4vJWv.jpg\" \/>\n<meta name=\"author\" content=\"Ere\" \/>\n<meta name=\"twitter:card\" content=\"summary_large_image\" \/>\n<meta name=\"twitter:label1\" content=\"Escrito por\" \/>\n\t<meta name=\"twitter:data1\" content=\"Ere\" \/>\n\t<meta name=\"twitter:label2\" content=\"Tempo estimado de leitura\" \/>\n\t<meta name=\"twitter:data2\" content=\"1 minuto\" \/>\n<script type=\"application\/ld+json\" class=\"yoast-schema-graph\">{\"@context\":\"https:\/\/schema.org\",\"@graph\":[{\"@type\":\"Article\",\"@id\":\"https:\/\/blogdoere.com.br\/?p=26282#article\",\"isPartOf\":{\"@id\":\"https:\/\/blogdoere.com.br\/?p=26282\"},\"author\":{\"name\":\"Ere\",\"@id\":\"https:\/\/blogdoere.com.br\/#\/schema\/person\/4b56ed2336cb28ae3415ce8ffe56742e\"},\"headline\":\"BAHIA TEM 26,1% DE TAXA DE ABSTEN\u00c7\u00c3O NO ENEM 2015\",\"datePublished\":\"2015-10-27T12:21:00+00:00\",\"dateModified\":\"2015-10-27T12:21:00+00:00\",\"mainEntityOfPage\":{\"@id\":\"https:\/\/blogdoere.com.br\/?p=26282\"},\"wordCount\":194,\"commentCount\":0,\"publisher\":{\"@id\":\"https:\/\/blogdoere.com.br\/#organization\"},\"articleSection\":[\"Destaques\"],\"inLanguage\":\"pt-PT\",\"potentialAction\":[{\"@type\":\"CommentAction\",\"name\":\"Comment\",\"target\":[\"https:\/\/blogdoere.com.br\/?p=26282#respond\"]}]},{\"@type\":\"WebPage\",\"@id\":\"https:\/\/blogdoere.com.br\/?p=26282\",\"url\":\"https:\/\/blogdoere.com.br\/?p=26282\",\"name\":\"BAHIA TEM 26,1% DE TAXA DE ABSTEN\u00c7\u00c3O NO ENEM 2015 - blog do er\u00ea\",\"isPartOf\":{\"@id\":\"https:\/\/blogdoere.com.br\/#website\"},\"datePublished\":\"2015-10-27T12:21:00+00:00\",\"dateModified\":\"2015-10-27T12:21:00+00:00\",\"breadcrumb\":{\"@id\":\"https:\/\/blogdoere.com.br\/?p=26282#breadcrumb\"},\"inLanguage\":\"pt-PT\",\"potentialAction\":[{\"@type\":\"ReadAction\",\"target\":[\"https:\/\/blogdoere.com.br\/?p=26282\"]}]},{\"@type\":\"BreadcrumbList\",\"@id\":\"https:\/\/blogdoere.com.br\/?p=26282#breadcrumb\",\"itemListElement\":[{\"@type\":\"ListItem\",\"position\":1,\"name\":\"In\u00edcio\",\"item\":\"https:\/\/blogdoere.com.br\/\"},{\"@type\":\"ListItem\",\"position\":2,\"name\":\"BAHIA TEM 26,1% DE TAXA DE ABSTEN\u00c7\u00c3O NO ENEM 2015\"}]},{\"@type\":\"WebSite\",\"@id\":\"https:\/\/blogdoere.com.br\/#website\",\"url\":\"https:\/\/blogdoere.com.br\/\",\"name\":\"blog do er\u00ea\",\"description\":\"\",\"publisher\":{\"@id\":\"https:\/\/blogdoere.com.br\/#organization\"},\"potentialAction\":[{\"@type\":\"SearchAction\",\"target\":{\"@type\":\"EntryPoint\",\"urlTemplate\":\"https:\/\/blogdoere.com.br\/?s={search_term_string}\"},\"query-input\":\"required name=search_term_string\"}],\"inLanguage\":\"pt-PT\"},{\"@type\":\"Organization\",\"@id\":\"https:\/\/blogdoere.com.br\/#organization\",\"name\":\"Blog do Er\u00ea\",\"url\":\"https:\/\/blogdoere.com.br\/\",\"logo\":{\"@type\":\"ImageObject\",\"inLanguage\":\"pt-PT\",\"@id\":\"https:\/\/blogdoere.com.br\/#\/schema\/logo\/image\/\",\"url\":\"https:\/\/blogdoere.com.br\/wp-content\/uploads\/2021\/11\/Logo-Ere-1.png\",\"contentUrl\":\"https:\/\/blogdoere.com.br\/wp-content\/uploads\/2021\/11\/Logo-Ere-1.png\",\"width\":1261,\"height\":1330,\"caption\":\"Blog do Er\u00ea\"},\"image\":{\"@id\":\"https:\/\/blogdoere.com.br\/#\/schema\/logo\/image\/\"}},{\"@type\":\"Person\",\"@id\":\"https:\/\/blogdoere.com.br\/#\/schema\/person\/4b56ed2336cb28ae3415ce8ffe56742e\",\"name\":\"Ere\",\"image\":{\"@type\":\"ImageObject\",\"inLanguage\":\"pt-PT\",\"@id\":\"https:\/\/blogdoere.com.br\/#\/schema\/person\/image\/\",\"url\":\"https:\/\/secure.gravatar.com\/avatar\/?s=96&d=mm&r=g\",\"contentUrl\":\"https:\/\/secure.gravatar.com\/avatar\/?s=96&d=mm&r=g\",\"caption\":\"Ere\"}}]}<\/script>\n<!-- \/ Yoast SEO plugin. -->","yoast_head_json":{"title":"BAHIA TEM 26,1% DE TAXA DE ABSTEN\u00c7\u00c3O NO ENEM 2015 - blog do er\u00ea","robots":{"index":"index","follow":"follow","max-snippet":"max-snippet:-1","max-image-preview":"max-image-preview:large","max-video-preview":"max-video-preview:-1"},"canonical":"https:\/\/blogdoere.com.br\/?p=26282","og_locale":"pt_PT","og_type":"article","og_title":"BAHIA TEM 26,1% DE TAXA DE ABSTEN\u00c7\u00c3O NO ENEM 2015 - blog do er\u00ea","og_description":"A Para\u00edba foi o estado com o menor percentual de candidatos que faltaram ao Exame Nacional do Ensino M\u00e9dio (Enem) deste fim de semana. Na Bahia, segundo o levantamento, a...","og_url":"https:\/\/blogdoere.com.br\/?p=26282","og_site_name":"blog do er\u00ea","article_published_time":"2015-10-27T12:21:00+00:00","og_image":[{"url":"http:\/\/www.bahianoticias.com.br\/fotos\/principal_noticias\/180672\/xIMAGEM_NOTICIA_5.jpg.pagespeed.ic.1T2Vh4vJWv.jpg"}],"author":"Ere","twitter_card":"summary_large_image","twitter_misc":{"Escrito por":"Ere","Tempo estimado de leitura":"1 minuto"},"schema":{"@context":"https:\/\/schema.org","@graph":[{"@type":"Article","@id":"https:\/\/blogdoere.com.br\/?p=26282#article","isPartOf":{"@id":"https:\/\/blogdoere.com.br\/?p=26282"},"author":{"name":"Ere","@id":"https:\/\/blogdoere.com.br\/#\/schema\/person\/4b56ed2336cb28ae3415ce8ffe56742e"},"headline":"BAHIA TEM 26,1% DE TAXA DE ABSTEN\u00c7\u00c3O NO ENEM 2015","datePublished":"2015-10-27T12:21:00+00:00","dateModified":"2015-10-27T12:21:00+00:00","mainEntityOfPage":{"@id":"https:\/\/blogdoere.com.br\/?p=26282"},"wordCount":194,"commentCount":0,"publisher":{"@id":"https:\/\/blogdoere.com.br\/#organization"},"articleSection":["Destaques"],"inLanguage":"pt-PT","potentialAction":[{"@type":"CommentAction","name":"Comment","target":["https:\/\/blogdoere.com.br\/?p=26282#respond"]}]},{"@type":"WebPage","@id":"https:\/\/blogdoere.com.br\/?p=26282","url":"https:\/\/blogdoere.com.br\/?p=26282","name":"BAHIA TEM 26,1% DE TAXA DE ABSTEN\u00c7\u00c3O NO ENEM 2015 - blog do er\u00ea","isPartOf":{"@id":"https:\/\/blogdoere.com.br\/#website"},"datePublished":"2015-10-27T12:21:00+00:00","dateModified":"2015-10-27T12:21:00+00:00","breadcrumb":{"@id":"https:\/\/blogdoere.com.br\/?p=26282#breadcrumb"},"inLanguage":"pt-PT","potentialAction":[{"@type":"ReadAction","target":["https:\/\/blogdoere.com.br\/?p=26282"]}]},{"@type":"BreadcrumbList","@id":"https:\/\/blogdoere.com.br\/?p=26282#breadcrumb","itemListElement":[{"@type":"ListItem","position":1,"name":"In\u00edcio","item":"https:\/\/blogdoere.com.br\/"},{"@type":"ListItem","position":2,"name":"BAHIA TEM 26,1% DE TAXA DE ABSTEN\u00c7\u00c3O NO ENEM 2015"}]},{"@type":"WebSite","@id":"https:\/\/blogdoere.com.br\/#website","url":"https:\/\/blogdoere.com.br\/","name":"blog do er\u00ea","description":"","publisher":{"@id":"https:\/\/blogdoere.com.br\/#organization"},"potentialAction":[{"@type":"SearchAction","target":{"@type":"EntryPoint","urlTemplate":"https:\/\/blogdoere.com.br\/?s={search_term_string}"},"query-input":"required name=search_term_string"}],"inLanguage":"pt-PT"},{"@type":"Organization","@id":"https:\/\/blogdoere.com.br\/#organization","name":"Blog do Er\u00ea","url":"https:\/\/blogdoere.com.br\/","logo":{"@type":"ImageObject","inLanguage":"pt-PT","@id":"https:\/\/blogdoere.com.br\/#\/schema\/logo\/image\/","url":"https:\/\/blogdoere.com.br\/wp-content\/uploads\/2021\/11\/Logo-Ere-1.png","contentUrl":"https:\/\/blogdoere.com.br\/wp-content\/uploads\/2021\/11\/Logo-Ere-1.png","width":1261,"height":1330,"caption":"Blog do Er\u00ea"},"image":{"@id":"https:\/\/blogdoere.com.br\/#\/schema\/logo\/image\/"}},{"@type":"Person","@id":"https:\/\/blogdoere.com.br\/#\/schema\/person\/4b56ed2336cb28ae3415ce8ffe56742e","name":"Ere","image":{"@type":"ImageObject","inLanguage":"pt-PT","@id":"https:\/\/blogdoere.com.br\/#\/schema\/person\/image\/","url":"https:\/\/secure.gravatar.com\/avatar\/?s=96&d=mm&r=g","contentUrl":"https:\/\/secure.gravatar.com\/avatar\/?s=96&d=mm&r=g","caption":"Ere"}}]}},"featured_image_urls":{"full":"","thumbnail":"","medium":"","medium_large":"","large":"","1536x1536":"","2048x2048":""},"author_info":{"display_name":"Ere","author_link":"https:\/\/blogdoere.com.br\/?author=2"},"category_info":"<a href=\"https:\/\/blogdoere.com.br\/?cat=1\" rel=\"category\">Destaques<\/a>","tag_info":"Destaques","comment_count":"0","_links":{"self":[{"href":"https:\/\/blogdoere.com.br\/index.php?rest_route=\/wp\/v2\/posts\/26282","targetHints":{"allow":["GET"]}}],"collection":[{"href":"https:\/\/blogdoere.com.br\/index.php?rest_route=\/wp\/v2\/posts"}],"about":[{"href":"https:\/\/blogdoere.com.br\/index.php?rest_route=\/wp\/v2\/types\/post"}],"author":[{"embeddable":true,"href":"https:\/\/blogdoere.com.br\/index.php?rest_route=\/wp\/v2\/users\/2"}],"replies":[{"embeddable":true,"href":"https:\/\/blogdoere.com.br\/index.php?rest_route=%2Fwp%2Fv2%2Fcomments&post=26282"}],"version-history":[{"count":0,"href":"https:\/\/blogdoere.com.br\/index.php?rest_route=\/wp\/v2\/posts\/26282\/revisions"}],"wp:attachment":[{"href":"https:\/\/blogdoere.com.br\/index.php?rest_route=%2Fwp%2Fv2%2Fmedia&parent=26282"}],"wp:term":[{"taxonomy":"category","embeddable":true,"href":"https:\/\/blogdoere.com.br\/index.php?rest_route=%2Fwp%2Fv2%2Fcategories&post=26282"},{"taxonomy":"post_tag","embeddable":true,"href":"https:\/\/blogdoere.com.br\/index.php?rest_route=%2Fwp%2Fv2%2Ftags&post=26282"}],"curies":[{"name":"wp","href":"https:\/\/api.w.org\/{rel}","templated":true}]}}