{"id":26286,"date":"2015-10-23T12:41:00","date_gmt":"2015-10-23T12:41:00","guid":{"rendered":"http:\/\/blogdoere.com.br\/?p=26286"},"modified":"2015-10-23T12:41:00","modified_gmt":"2015-10-23T12:41:00","slug":"gestores-cobram-repasse-de-verbas-dos-governos-federal-e-estadual-para-municipios","status":"publish","type":"post","link":"https:\/\/blogdoere.com.br\/?p=26286","title":{"rendered":"GESTORES COBRAM REPASSE DE VERBAS DOS GOVERNOS FEDERAL E ESTADUAL PARA MUNIC\u00cdPIOS"},"content":{"rendered":"<div style=\"text-align: center;\"><img decoding=\"async\" alt=\"Gestores cobram repasse de verbas dos governos federal e estadual para munic\u00edpios\" src=\"http:\/\/www.bahianoticias.com.br\/fotos\/municipios_noticias\/3375\/IMAGEM_NOTICIA_5.jpg\" \/><\/div>\n<div style=\"text-align: center;\"><\/div>\n<div style=\"text-align: center;\"><\/div>\n<div style=\"text-align: justify;\"><span style=\"background-color: white; color: #333333; font-family: Tahoma, Geneva, sans-serif; line-height: 19.0476px; text-align: start;\">Ontem(21), prefeitos e secret\u00e1rios de mais de 300 munic\u00edpios participaram de uma reuni\u00e3o na sede da Uni\u00e3o dos Munic\u00edpios da Bahia (UPB), em Salvador. O atraso no envio de recursos \u00e9 um dos motivos de insatisfa\u00e7\u00e3o dos gestores. Segundo o prefeito de Jacobina, Rui Macedo, est\u00e1 previsto corte de R$ 8 bilh\u00f5es para a Sa\u00fade por parte do Governo Federal.&nbsp;<\/span><\/div>\n<div style=\"text-align: justify;\"><span style=\"background-color: white; color: #333333; font-family: Tahoma, Geneva, sans-serif; line-height: 19.0476px; text-align: start;\"><br \/><\/span><\/div>\n<div style=\"text-align: justify;\"><span style=\"background-color: white; color: #333333; font-family: Tahoma, Geneva, sans-serif; line-height: 19.0476px; text-align: start;\">O Governo do Estado, por sua vez, deve aos munic\u00edpios R$ 29 milh\u00f5es do Programa Sa\u00fade da Fam\u00edlia (PSF) e R$ 15,8 milh\u00f5es do Servi\u00e7o de Atendimento M\u00f3vel de Urg\u00eancia (Samu). Al\u00e9m de repasses da Farm\u00e1cia B\u00e1sica. No evento foram discutidas sa\u00eddas para o subfinanciamento do Sistema \u00danico de Sa\u00fade (SUS).&nbsp;<\/span><\/div>\n<div style=\"text-align: justify;\"><span style=\"background-color: white; color: #333333; font-family: Tahoma, Geneva, sans-serif; line-height: 19.0476px; text-align: start;\"><br \/><\/span><\/div>\n<div style=\"text-align: justify;\"><span style=\"background-color: white; color: #333333; font-family: Tahoma, Geneva, sans-serif; line-height: 19.0476px; text-align: start;\">Os prefeitos e secret\u00e1rios defendem a\u00e7\u00e3o na Justi\u00e7a Federal contra a Uni\u00e3o, exigindo a garantia dos repasses que foram pactuados no SUS. Autor da proposta de judicializa\u00e7\u00e3o, Macedo explica que a queda no financiamento por parte dos governos federal e estadual tem afetado servi\u00e7os b\u00e1sicos de sa\u00fade.&nbsp;<\/span><\/div>\n<div style=\"text-align: justify;\"><span style=\"background-color: white; color: #333333; font-family: Tahoma, Geneva, sans-serif; line-height: 19.0476px; text-align: start;\"><br \/><\/span><\/div>\n<div style=\"text-align: justify;\"><span style=\"background-color: white; color: #333333; font-family: Tahoma, Geneva, sans-serif; line-height: 19.0476px; text-align: start;\">O prefeito teme que o atendimento de baixa e m\u00e9dia complexidade realizado no munic\u00edpio pelo Hospital Municipal Ant\u00f4nio Teixeira Sobrinho (HMATS) tamb\u00e9m seja afetado. A Presidente do Conselho de Secretarias Municipais de Sa\u00fade da Bahia (Cosems), Stela Souza disse que o Estado se comprometeu, na pessoa do secret\u00e1rio da Sa\u00fade, F\u00e1bio Vila-Boas, em regularizar as parcelas de 2014 do Samu e do PSF. Informa\u00e7\u00f5es do BN.<\/span><\/div>\n","protected":false},"excerpt":{"rendered":"<p>Ontem(21), prefeitos e secret\u00e1rios de mais de 300 munic\u00edpios participaram de uma reuni\u00e3o na sede da Uni\u00e3o dos Munic\u00edpios da Bahia (UPB), em Salvador. O atraso no envio de recursos&#8230;<\/p>\n","protected":false},"author":2,"featured_media":0,"comment_status":"open","ping_status":"open","sticky":false,"template":"","format":"standard","meta":{"_editorskit_title_hidden":false,"_editorskit_reading_time":0,"_editorskit_is_block_options_detached":false,"_editorskit_block_options_position":"{}","om_disable_all_campaigns":false,"_mi_skip_tracking":false,"_kad_post_transparent":"","_kad_post_title":"","_kad_post_layout":"","_kad_post_sidebar_id":"","_kad_post_content_style":"","_kad_post_vertical_padding":"","_kad_post_feature":"","_kad_post_feature_position":"","_kad_post_header":false,"_kad_post_footer":false,"footnotes":""},"categories":[1],"tags":[],"class_list":["post-26286","post","type-post","status-publish","format-standard","hentry","category-destaques"],"yoast_head":"<!-- This site is optimized with the Yoast SEO plugin v20.5 - https:\/\/yoast.com\/wordpress\/plugins\/seo\/ -->\n<title>GESTORES COBRAM REPASSE DE VERBAS DOS GOVERNOS FEDERAL E ESTADUAL PARA MUNIC\u00cdPIOS - blog do er\u00ea<\/title>\n<meta name=\"robots\" content=\"index, follow, max-snippet:-1, max-image-preview:large, max-video-preview:-1\" \/>\n<link rel=\"canonical\" href=\"https:\/\/blogdoere.com.br\/?p=26286\" \/>\n<meta property=\"og:locale\" content=\"pt_PT\" \/>\n<meta property=\"og:type\" content=\"article\" \/>\n<meta property=\"og:title\" content=\"GESTORES COBRAM REPASSE DE VERBAS DOS GOVERNOS FEDERAL E ESTADUAL PARA MUNIC\u00cdPIOS - blog do er\u00ea\" \/>\n<meta property=\"og:description\" content=\"Ontem(21), prefeitos e secret\u00e1rios de mais de 300 munic\u00edpios participaram de uma reuni\u00e3o na sede da Uni\u00e3o dos Munic\u00edpios da Bahia (UPB), em Salvador. O atraso no envio de recursos...\" \/>\n<meta property=\"og:url\" content=\"https:\/\/blogdoere.com.br\/?p=26286\" \/>\n<meta property=\"og:site_name\" content=\"blog do er\u00ea\" \/>\n<meta property=\"article:published_time\" content=\"2015-10-23T12:41:00+00:00\" \/>\n<meta property=\"og:image\" content=\"http:\/\/www.bahianoticias.com.br\/fotos\/municipios_noticias\/3375\/IMAGEM_NOTICIA_5.jpg\" \/>\n<meta name=\"author\" content=\"Ere\" \/>\n<meta name=\"twitter:card\" content=\"summary_large_image\" \/>\n<meta name=\"twitter:label1\" content=\"Escrito por\" \/>\n\t<meta name=\"twitter:data1\" content=\"Ere\" \/>\n\t<meta name=\"twitter:label2\" content=\"Tempo estimado de leitura\" \/>\n\t<meta name=\"twitter:data2\" content=\"1 minuto\" \/>\n<script type=\"application\/ld+json\" class=\"yoast-schema-graph\">{\"@context\":\"https:\/\/schema.org\",\"@graph\":[{\"@type\":\"Article\",\"@id\":\"https:\/\/blogdoere.com.br\/?p=26286#article\",\"isPartOf\":{\"@id\":\"https:\/\/blogdoere.com.br\/?p=26286\"},\"author\":{\"name\":\"Ere\",\"@id\":\"https:\/\/blogdoere.com.br\/#\/schema\/person\/4b56ed2336cb28ae3415ce8ffe56742e\"},\"headline\":\"GESTORES COBRAM REPASSE DE VERBAS DOS GOVERNOS FEDERAL E ESTADUAL PARA MUNIC\u00cdPIOS\",\"datePublished\":\"2015-10-23T12:41:00+00:00\",\"dateModified\":\"2015-10-23T12:41:00+00:00\",\"mainEntityOfPage\":{\"@id\":\"https:\/\/blogdoere.com.br\/?p=26286\"},\"wordCount\":272,\"commentCount\":0,\"publisher\":{\"@id\":\"https:\/\/blogdoere.com.br\/#organization\"},\"articleSection\":[\"Destaques\"],\"inLanguage\":\"pt-PT\",\"potentialAction\":[{\"@type\":\"CommentAction\",\"name\":\"Comment\",\"target\":[\"https:\/\/blogdoere.com.br\/?p=26286#respond\"]}]},{\"@type\":\"WebPage\",\"@id\":\"https:\/\/blogdoere.com.br\/?p=26286\",\"url\":\"https:\/\/blogdoere.com.br\/?p=26286\",\"name\":\"GESTORES COBRAM REPASSE DE VERBAS DOS GOVERNOS FEDERAL E ESTADUAL PARA MUNIC\u00cdPIOS - blog do er\u00ea\",\"isPartOf\":{\"@id\":\"https:\/\/blogdoere.com.br\/#website\"},\"datePublished\":\"2015-10-23T12:41:00+00:00\",\"dateModified\":\"2015-10-23T12:41:00+00:00\",\"breadcrumb\":{\"@id\":\"https:\/\/blogdoere.com.br\/?p=26286#breadcrumb\"},\"inLanguage\":\"pt-PT\",\"potentialAction\":[{\"@type\":\"ReadAction\",\"target\":[\"https:\/\/blogdoere.com.br\/?p=26286\"]}]},{\"@type\":\"BreadcrumbList\",\"@id\":\"https:\/\/blogdoere.com.br\/?p=26286#breadcrumb\",\"itemListElement\":[{\"@type\":\"ListItem\",\"position\":1,\"name\":\"In\u00edcio\",\"item\":\"https:\/\/blogdoere.com.br\/\"},{\"@type\":\"ListItem\",\"position\":2,\"name\":\"GESTORES COBRAM REPASSE DE VERBAS DOS GOVERNOS FEDERAL E ESTADUAL PARA MUNIC\u00cdPIOS\"}]},{\"@type\":\"WebSite\",\"@id\":\"https:\/\/blogdoere.com.br\/#website\",\"url\":\"https:\/\/blogdoere.com.br\/\",\"name\":\"blog do er\u00ea\",\"description\":\"\",\"publisher\":{\"@id\":\"https:\/\/blogdoere.com.br\/#organization\"},\"potentialAction\":[{\"@type\":\"SearchAction\",\"target\":{\"@type\":\"EntryPoint\",\"urlTemplate\":\"https:\/\/blogdoere.com.br\/?s={search_term_string}\"},\"query-input\":\"required name=search_term_string\"}],\"inLanguage\":\"pt-PT\"},{\"@type\":\"Organization\",\"@id\":\"https:\/\/blogdoere.com.br\/#organization\",\"name\":\"Blog do Er\u00ea\",\"url\":\"https:\/\/blogdoere.com.br\/\",\"logo\":{\"@type\":\"ImageObject\",\"inLanguage\":\"pt-PT\",\"@id\":\"https:\/\/blogdoere.com.br\/#\/schema\/logo\/image\/\",\"url\":\"https:\/\/blogdoere.com.br\/wp-content\/uploads\/2021\/11\/Logo-Ere-1.png\",\"contentUrl\":\"https:\/\/blogdoere.com.br\/wp-content\/uploads\/2021\/11\/Logo-Ere-1.png\",\"width\":1261,\"height\":1330,\"caption\":\"Blog do Er\u00ea\"},\"image\":{\"@id\":\"https:\/\/blogdoere.com.br\/#\/schema\/logo\/image\/\"}},{\"@type\":\"Person\",\"@id\":\"https:\/\/blogdoere.com.br\/#\/schema\/person\/4b56ed2336cb28ae3415ce8ffe56742e\",\"name\":\"Ere\",\"image\":{\"@type\":\"ImageObject\",\"inLanguage\":\"pt-PT\",\"@id\":\"https:\/\/blogdoere.com.br\/#\/schema\/person\/image\/\",\"url\":\"https:\/\/secure.gravatar.com\/avatar\/?s=96&d=mm&r=g\",\"contentUrl\":\"https:\/\/secure.gravatar.com\/avatar\/?s=96&d=mm&r=g\",\"caption\":\"Ere\"}}]}<\/script>\n<!-- \/ Yoast SEO plugin. -->","yoast_head_json":{"title":"GESTORES COBRAM REPASSE DE VERBAS DOS GOVERNOS FEDERAL E ESTADUAL PARA MUNIC\u00cdPIOS - blog do er\u00ea","robots":{"index":"index","follow":"follow","max-snippet":"max-snippet:-1","max-image-preview":"max-image-preview:large","max-video-preview":"max-video-preview:-1"},"canonical":"https:\/\/blogdoere.com.br\/?p=26286","og_locale":"pt_PT","og_type":"article","og_title":"GESTORES COBRAM REPASSE DE VERBAS DOS GOVERNOS FEDERAL E ESTADUAL PARA MUNIC\u00cdPIOS - blog do er\u00ea","og_description":"Ontem(21), prefeitos e secret\u00e1rios de mais de 300 munic\u00edpios participaram de uma reuni\u00e3o na sede da Uni\u00e3o dos Munic\u00edpios da Bahia (UPB), em Salvador. O atraso no envio de recursos...","og_url":"https:\/\/blogdoere.com.br\/?p=26286","og_site_name":"blog do er\u00ea","article_published_time":"2015-10-23T12:41:00+00:00","og_image":[{"url":"http:\/\/www.bahianoticias.com.br\/fotos\/municipios_noticias\/3375\/IMAGEM_NOTICIA_5.jpg"}],"author":"Ere","twitter_card":"summary_large_image","twitter_misc":{"Escrito por":"Ere","Tempo estimado de leitura":"1 minuto"},"schema":{"@context":"https:\/\/schema.org","@graph":[{"@type":"Article","@id":"https:\/\/blogdoere.com.br\/?p=26286#article","isPartOf":{"@id":"https:\/\/blogdoere.com.br\/?p=26286"},"author":{"name":"Ere","@id":"https:\/\/blogdoere.com.br\/#\/schema\/person\/4b56ed2336cb28ae3415ce8ffe56742e"},"headline":"GESTORES COBRAM REPASSE DE VERBAS DOS GOVERNOS FEDERAL E ESTADUAL PARA MUNIC\u00cdPIOS","datePublished":"2015-10-23T12:41:00+00:00","dateModified":"2015-10-23T12:41:00+00:00","mainEntityOfPage":{"@id":"https:\/\/blogdoere.com.br\/?p=26286"},"wordCount":272,"commentCount":0,"publisher":{"@id":"https:\/\/blogdoere.com.br\/#organization"},"articleSection":["Destaques"],"inLanguage":"pt-PT","potentialAction":[{"@type":"CommentAction","name":"Comment","target":["https:\/\/blogdoere.com.br\/?p=26286#respond"]}]},{"@type":"WebPage","@id":"https:\/\/blogdoere.com.br\/?p=26286","url":"https:\/\/blogdoere.com.br\/?p=26286","name":"GESTORES COBRAM REPASSE DE VERBAS DOS GOVERNOS FEDERAL E ESTADUAL PARA MUNIC\u00cdPIOS - blog do er\u00ea","isPartOf":{"@id":"https:\/\/blogdoere.com.br\/#website"},"datePublished":"2015-10-23T12:41:00+00:00","dateModified":"2015-10-23T12:41:00+00:00","breadcrumb":{"@id":"https:\/\/blogdoere.com.br\/?p=26286#breadcrumb"},"inLanguage":"pt-PT","potentialAction":[{"@type":"ReadAction","target":["https:\/\/blogdoere.com.br\/?p=26286"]}]},{"@type":"BreadcrumbList","@id":"https:\/\/blogdoere.com.br\/?p=26286#breadcrumb","itemListElement":[{"@type":"ListItem","position":1,"name":"In\u00edcio","item":"https:\/\/blogdoere.com.br\/"},{"@type":"ListItem","position":2,"name":"GESTORES COBRAM REPASSE DE VERBAS DOS GOVERNOS FEDERAL E ESTADUAL PARA MUNIC\u00cdPIOS"}]},{"@type":"WebSite","@id":"https:\/\/blogdoere.com.br\/#website","url":"https:\/\/blogdoere.com.br\/","name":"blog do er\u00ea","description":"","publisher":{"@id":"https:\/\/blogdoere.com.br\/#organization"},"potentialAction":[{"@type":"SearchAction","target":{"@type":"EntryPoint","urlTemplate":"https:\/\/blogdoere.com.br\/?s={search_term_string}"},"query-input":"required name=search_term_string"}],"inLanguage":"pt-PT"},{"@type":"Organization","@id":"https:\/\/blogdoere.com.br\/#organization","name":"Blog do Er\u00ea","url":"https:\/\/blogdoere.com.br\/","logo":{"@type":"ImageObject","inLanguage":"pt-PT","@id":"https:\/\/blogdoere.com.br\/#\/schema\/logo\/image\/","url":"https:\/\/blogdoere.com.br\/wp-content\/uploads\/2021\/11\/Logo-Ere-1.png","contentUrl":"https:\/\/blogdoere.com.br\/wp-content\/uploads\/2021\/11\/Logo-Ere-1.png","width":1261,"height":1330,"caption":"Blog do Er\u00ea"},"image":{"@id":"https:\/\/blogdoere.com.br\/#\/schema\/logo\/image\/"}},{"@type":"Person","@id":"https:\/\/blogdoere.com.br\/#\/schema\/person\/4b56ed2336cb28ae3415ce8ffe56742e","name":"Ere","image":{"@type":"ImageObject","inLanguage":"pt-PT","@id":"https:\/\/blogdoere.com.br\/#\/schema\/person\/image\/","url":"https:\/\/secure.gravatar.com\/avatar\/?s=96&d=mm&r=g","contentUrl":"https:\/\/secure.gravatar.com\/avatar\/?s=96&d=mm&r=g","caption":"Ere"}}]}},"featured_image_urls":{"full":"","thumbnail":"","medium":"","medium_large":"","large":"","1536x1536":"","2048x2048":""},"author_info":{"display_name":"Ere","author_link":"https:\/\/blogdoere.com.br\/?author=2"},"category_info":"<a href=\"https:\/\/blogdoere.com.br\/?cat=1\" rel=\"category\">Destaques<\/a>","tag_info":"Destaques","comment_count":"0","_links":{"self":[{"href":"https:\/\/blogdoere.com.br\/index.php?rest_route=\/wp\/v2\/posts\/26286","targetHints":{"allow":["GET"]}}],"collection":[{"href":"https:\/\/blogdoere.com.br\/index.php?rest_route=\/wp\/v2\/posts"}],"about":[{"href":"https:\/\/blogdoere.com.br\/index.php?rest_route=\/wp\/v2\/types\/post"}],"author":[{"embeddable":true,"href":"https:\/\/blogdoere.com.br\/index.php?rest_route=\/wp\/v2\/users\/2"}],"replies":[{"embeddable":true,"href":"https:\/\/blogdoere.com.br\/index.php?rest_route=%2Fwp%2Fv2%2Fcomments&post=26286"}],"version-history":[{"count":0,"href":"https:\/\/blogdoere.com.br\/index.php?rest_route=\/wp\/v2\/posts\/26286\/revisions"}],"wp:attachment":[{"href":"https:\/\/blogdoere.com.br\/index.php?rest_route=%2Fwp%2Fv2%2Fmedia&parent=26286"}],"wp:term":[{"taxonomy":"category","embeddable":true,"href":"https:\/\/blogdoere.com.br\/index.php?rest_route=%2Fwp%2Fv2%2Fcategories&post=26286"},{"taxonomy":"post_tag","embeddable":true,"href":"https:\/\/blogdoere.com.br\/index.php?rest_route=%2Fwp%2Fv2%2Ftags&post=26286"}],"curies":[{"name":"wp","href":"https:\/\/api.w.org\/{rel}","templated":true}]}}