{"id":26289,"date":"2015-10-18T18:00:00","date_gmt":"2015-10-18T18:00:00","guid":{"rendered":"http:\/\/blogdoere.com.br\/?p=26289"},"modified":"2015-10-18T18:00:00","modified_gmt":"2015-10-18T18:00:00","slug":"cerca-de-5-milhoes-de-turistas-sao-esperados-no-verao","status":"publish","type":"post","link":"https:\/\/blogdoere.com.br\/?p=26289","title":{"rendered":"CERCA DE 5 MILH\u00d5ES DE TURISTAS S\u00c3O ESPERADOS NO VER\u00c3O"},"content":{"rendered":"<div style=\"text-align: justify;\"><span style=\"background-color: white; color: #333333; font-family: Tahoma, Geneva, sans-serif; line-height: 17.1429px;\"><br \/><\/span><\/div>\n<div style=\"text-align: center;\"><img decoding=\"async\" alt=\"Cerca de 5 milh\u00f5es de turistas s\u00e3o esperados no Ver\u00e3o\" src=\"http:\/\/www.bahianoticias.com.br\/fotos\/principal_noticias\/180298\/xIMAGEM_NOTICIA_5.jpg.pagespeed.ic.M97ZCjMjit.jpg\" \/><\/div>\n<div style=\"text-align: justify;\"><span style=\"background-color: white; color: #333333; font-family: Tahoma, Geneva, sans-serif; line-height: 17.1429px;\"><br \/><\/span><\/div>\n<div style=\"text-align: justify;\"><span style=\"background-color: white; color: #333333; font-family: Tahoma, Geneva, sans-serif; line-height: 17.1429px;\">A Bahia deve receber um fluxo de turistas no ver\u00e3o maior do que o registrado na temporada passada. A estimativa \u00e9 da Secretaria de Turismo do Estado (Setur) que espera 4,9 milh\u00f5es de visitantes, um aumento de 5% em rela\u00e7\u00e3o ao per\u00edodo 2014-2015. Um dos motivos que pode levar o estado a receber uma quantidade maior de pessoas \u00e9 o cen\u00e1rio econ\u00f4mico mundial, que atrapalhou os planos dos brasileiros de viajar para o exterior e potencializa a vinda de turistas estrangeiros. \u201cMais de 50% das pessoas que viajaram para o exterior no ano passado n\u00e3o viajaram esse ano. Isso faz com que a gente perceba a inclina\u00e7\u00e3o para o turismo interno. Al\u00e9m disso, com a alta do d\u00f3lar, o turista estrangeiro est\u00e1 com condi\u00e7\u00f5es de aproveitar o melhor que a Bahia pode oferecer. A Bahia est\u00e1 bem apresentada ao mundo e a expectativa \u00e9 a melhor poss\u00edvel\u201d, afirma o secret\u00e1rio de Turismo, Nelson Pelegrino.<\/span><\/div>\n","protected":false},"excerpt":{"rendered":"<p>A Bahia deve receber um fluxo de turistas no ver\u00e3o maior do que o registrado na temporada passada. A estimativa \u00e9 da Secretaria de Turismo do Estado (Setur) que espera&#8230;<\/p>\n","protected":false},"author":2,"featured_media":0,"comment_status":"open","ping_status":"open","sticky":false,"template":"","format":"standard","meta":{"_editorskit_title_hidden":false,"_editorskit_reading_time":0,"_editorskit_is_block_options_detached":false,"_editorskit_block_options_position":"{}","om_disable_all_campaigns":false,"_mi_skip_tracking":false,"_kad_post_transparent":"","_kad_post_title":"","_kad_post_layout":"","_kad_post_sidebar_id":"","_kad_post_content_style":"","_kad_post_vertical_padding":"","_kad_post_feature":"","_kad_post_feature_position":"","_kad_post_header":false,"_kad_post_footer":false,"footnotes":""},"categories":[1],"tags":[],"class_list":["post-26289","post","type-post","status-publish","format-standard","hentry","category-destaques"],"yoast_head":"<!-- This site is optimized with the Yoast SEO plugin v20.5 - https:\/\/yoast.com\/wordpress\/plugins\/seo\/ -->\n<title>CERCA DE 5 MILH\u00d5ES DE TURISTAS S\u00c3O ESPERADOS NO VER\u00c3O - blog do er\u00ea<\/title>\n<meta name=\"robots\" content=\"index, follow, max-snippet:-1, max-image-preview:large, max-video-preview:-1\" \/>\n<link rel=\"canonical\" href=\"https:\/\/blogdoere.com.br\/?p=26289\" \/>\n<meta property=\"og:locale\" content=\"pt_PT\" \/>\n<meta property=\"og:type\" content=\"article\" \/>\n<meta property=\"og:title\" content=\"CERCA DE 5 MILH\u00d5ES DE TURISTAS S\u00c3O ESPERADOS NO VER\u00c3O - blog do er\u00ea\" \/>\n<meta property=\"og:description\" content=\"A Bahia deve receber um fluxo de turistas no ver\u00e3o maior do que o registrado na temporada passada. A estimativa \u00e9 da Secretaria de Turismo do Estado (Setur) que espera...\" \/>\n<meta property=\"og:url\" content=\"https:\/\/blogdoere.com.br\/?p=26289\" \/>\n<meta property=\"og:site_name\" content=\"blog do er\u00ea\" \/>\n<meta property=\"article:published_time\" content=\"2015-10-18T18:00:00+00:00\" \/>\n<meta property=\"og:image\" content=\"http:\/\/www.bahianoticias.com.br\/fotos\/principal_noticias\/180298\/xIMAGEM_NOTICIA_5.jpg.pagespeed.ic.M97ZCjMjit.jpg\" \/>\n<meta name=\"author\" content=\"Ere\" \/>\n<meta name=\"twitter:card\" content=\"summary_large_image\" \/>\n<meta name=\"twitter:label1\" content=\"Escrito por\" \/>\n\t<meta name=\"twitter:data1\" content=\"Ere\" \/>\n\t<meta name=\"twitter:label2\" content=\"Tempo estimado de leitura\" \/>\n\t<meta name=\"twitter:data2\" content=\"1 minuto\" \/>\n<script type=\"application\/ld+json\" class=\"yoast-schema-graph\">{\"@context\":\"https:\/\/schema.org\",\"@graph\":[{\"@type\":\"Article\",\"@id\":\"https:\/\/blogdoere.com.br\/?p=26289#article\",\"isPartOf\":{\"@id\":\"https:\/\/blogdoere.com.br\/?p=26289\"},\"author\":{\"name\":\"Ere\",\"@id\":\"https:\/\/blogdoere.com.br\/#\/schema\/person\/4b56ed2336cb28ae3415ce8ffe56742e\"},\"headline\":\"CERCA DE 5 MILH\u00d5ES DE TURISTAS S\u00c3O ESPERADOS NO VER\u00c3O\",\"datePublished\":\"2015-10-18T18:00:00+00:00\",\"dateModified\":\"2015-10-18T18:00:00+00:00\",\"mainEntityOfPage\":{\"@id\":\"https:\/\/blogdoere.com.br\/?p=26289\"},\"wordCount\":173,\"commentCount\":0,\"publisher\":{\"@id\":\"https:\/\/blogdoere.com.br\/#organization\"},\"articleSection\":[\"Destaques\"],\"inLanguage\":\"pt-PT\",\"potentialAction\":[{\"@type\":\"CommentAction\",\"name\":\"Comment\",\"target\":[\"https:\/\/blogdoere.com.br\/?p=26289#respond\"]}]},{\"@type\":\"WebPage\",\"@id\":\"https:\/\/blogdoere.com.br\/?p=26289\",\"url\":\"https:\/\/blogdoere.com.br\/?p=26289\",\"name\":\"CERCA DE 5 MILH\u00d5ES DE TURISTAS S\u00c3O ESPERADOS NO VER\u00c3O - blog do er\u00ea\",\"isPartOf\":{\"@id\":\"https:\/\/blogdoere.com.br\/#website\"},\"datePublished\":\"2015-10-18T18:00:00+00:00\",\"dateModified\":\"2015-10-18T18:00:00+00:00\",\"breadcrumb\":{\"@id\":\"https:\/\/blogdoere.com.br\/?p=26289#breadcrumb\"},\"inLanguage\":\"pt-PT\",\"potentialAction\":[{\"@type\":\"ReadAction\",\"target\":[\"https:\/\/blogdoere.com.br\/?p=26289\"]}]},{\"@type\":\"BreadcrumbList\",\"@id\":\"https:\/\/blogdoere.com.br\/?p=26289#breadcrumb\",\"itemListElement\":[{\"@type\":\"ListItem\",\"position\":1,\"name\":\"In\u00edcio\",\"item\":\"https:\/\/blogdoere.com.br\/\"},{\"@type\":\"ListItem\",\"position\":2,\"name\":\"CERCA DE 5 MILH\u00d5ES DE TURISTAS S\u00c3O ESPERADOS NO VER\u00c3O\"}]},{\"@type\":\"WebSite\",\"@id\":\"https:\/\/blogdoere.com.br\/#website\",\"url\":\"https:\/\/blogdoere.com.br\/\",\"name\":\"blog do er\u00ea\",\"description\":\"\",\"publisher\":{\"@id\":\"https:\/\/blogdoere.com.br\/#organization\"},\"potentialAction\":[{\"@type\":\"SearchAction\",\"target\":{\"@type\":\"EntryPoint\",\"urlTemplate\":\"https:\/\/blogdoere.com.br\/?s={search_term_string}\"},\"query-input\":\"required name=search_term_string\"}],\"inLanguage\":\"pt-PT\"},{\"@type\":\"Organization\",\"@id\":\"https:\/\/blogdoere.com.br\/#organization\",\"name\":\"Blog do Er\u00ea\",\"url\":\"https:\/\/blogdoere.com.br\/\",\"logo\":{\"@type\":\"ImageObject\",\"inLanguage\":\"pt-PT\",\"@id\":\"https:\/\/blogdoere.com.br\/#\/schema\/logo\/image\/\",\"url\":\"https:\/\/blogdoere.com.br\/wp-content\/uploads\/2021\/11\/Logo-Ere-1.png\",\"contentUrl\":\"https:\/\/blogdoere.com.br\/wp-content\/uploads\/2021\/11\/Logo-Ere-1.png\",\"width\":1261,\"height\":1330,\"caption\":\"Blog do Er\u00ea\"},\"image\":{\"@id\":\"https:\/\/blogdoere.com.br\/#\/schema\/logo\/image\/\"}},{\"@type\":\"Person\",\"@id\":\"https:\/\/blogdoere.com.br\/#\/schema\/person\/4b56ed2336cb28ae3415ce8ffe56742e\",\"name\":\"Ere\",\"image\":{\"@type\":\"ImageObject\",\"inLanguage\":\"pt-PT\",\"@id\":\"https:\/\/blogdoere.com.br\/#\/schema\/person\/image\/\",\"url\":\"https:\/\/secure.gravatar.com\/avatar\/?s=96&d=mm&r=g\",\"contentUrl\":\"https:\/\/secure.gravatar.com\/avatar\/?s=96&d=mm&r=g\",\"caption\":\"Ere\"}}]}<\/script>\n<!-- \/ Yoast SEO plugin. -->","yoast_head_json":{"title":"CERCA DE 5 MILH\u00d5ES DE TURISTAS S\u00c3O ESPERADOS NO VER\u00c3O - blog do er\u00ea","robots":{"index":"index","follow":"follow","max-snippet":"max-snippet:-1","max-image-preview":"max-image-preview:large","max-video-preview":"max-video-preview:-1"},"canonical":"https:\/\/blogdoere.com.br\/?p=26289","og_locale":"pt_PT","og_type":"article","og_title":"CERCA DE 5 MILH\u00d5ES DE TURISTAS S\u00c3O ESPERADOS NO VER\u00c3O - blog do er\u00ea","og_description":"A Bahia deve receber um fluxo de turistas no ver\u00e3o maior do que o registrado na temporada passada. A estimativa \u00e9 da Secretaria de Turismo do Estado (Setur) que espera...","og_url":"https:\/\/blogdoere.com.br\/?p=26289","og_site_name":"blog do er\u00ea","article_published_time":"2015-10-18T18:00:00+00:00","og_image":[{"url":"http:\/\/www.bahianoticias.com.br\/fotos\/principal_noticias\/180298\/xIMAGEM_NOTICIA_5.jpg.pagespeed.ic.M97ZCjMjit.jpg"}],"author":"Ere","twitter_card":"summary_large_image","twitter_misc":{"Escrito por":"Ere","Tempo estimado de leitura":"1 minuto"},"schema":{"@context":"https:\/\/schema.org","@graph":[{"@type":"Article","@id":"https:\/\/blogdoere.com.br\/?p=26289#article","isPartOf":{"@id":"https:\/\/blogdoere.com.br\/?p=26289"},"author":{"name":"Ere","@id":"https:\/\/blogdoere.com.br\/#\/schema\/person\/4b56ed2336cb28ae3415ce8ffe56742e"},"headline":"CERCA DE 5 MILH\u00d5ES DE TURISTAS S\u00c3O ESPERADOS NO VER\u00c3O","datePublished":"2015-10-18T18:00:00+00:00","dateModified":"2015-10-18T18:00:00+00:00","mainEntityOfPage":{"@id":"https:\/\/blogdoere.com.br\/?p=26289"},"wordCount":173,"commentCount":0,"publisher":{"@id":"https:\/\/blogdoere.com.br\/#organization"},"articleSection":["Destaques"],"inLanguage":"pt-PT","potentialAction":[{"@type":"CommentAction","name":"Comment","target":["https:\/\/blogdoere.com.br\/?p=26289#respond"]}]},{"@type":"WebPage","@id":"https:\/\/blogdoere.com.br\/?p=26289","url":"https:\/\/blogdoere.com.br\/?p=26289","name":"CERCA DE 5 MILH\u00d5ES DE TURISTAS S\u00c3O ESPERADOS NO VER\u00c3O - blog do er\u00ea","isPartOf":{"@id":"https:\/\/blogdoere.com.br\/#website"},"datePublished":"2015-10-18T18:00:00+00:00","dateModified":"2015-10-18T18:00:00+00:00","breadcrumb":{"@id":"https:\/\/blogdoere.com.br\/?p=26289#breadcrumb"},"inLanguage":"pt-PT","potentialAction":[{"@type":"ReadAction","target":["https:\/\/blogdoere.com.br\/?p=26289"]}]},{"@type":"BreadcrumbList","@id":"https:\/\/blogdoere.com.br\/?p=26289#breadcrumb","itemListElement":[{"@type":"ListItem","position":1,"name":"In\u00edcio","item":"https:\/\/blogdoere.com.br\/"},{"@type":"ListItem","position":2,"name":"CERCA DE 5 MILH\u00d5ES DE TURISTAS S\u00c3O ESPERADOS NO VER\u00c3O"}]},{"@type":"WebSite","@id":"https:\/\/blogdoere.com.br\/#website","url":"https:\/\/blogdoere.com.br\/","name":"blog do er\u00ea","description":"","publisher":{"@id":"https:\/\/blogdoere.com.br\/#organization"},"potentialAction":[{"@type":"SearchAction","target":{"@type":"EntryPoint","urlTemplate":"https:\/\/blogdoere.com.br\/?s={search_term_string}"},"query-input":"required name=search_term_string"}],"inLanguage":"pt-PT"},{"@type":"Organization","@id":"https:\/\/blogdoere.com.br\/#organization","name":"Blog do Er\u00ea","url":"https:\/\/blogdoere.com.br\/","logo":{"@type":"ImageObject","inLanguage":"pt-PT","@id":"https:\/\/blogdoere.com.br\/#\/schema\/logo\/image\/","url":"https:\/\/blogdoere.com.br\/wp-content\/uploads\/2021\/11\/Logo-Ere-1.png","contentUrl":"https:\/\/blogdoere.com.br\/wp-content\/uploads\/2021\/11\/Logo-Ere-1.png","width":1261,"height":1330,"caption":"Blog do Er\u00ea"},"image":{"@id":"https:\/\/blogdoere.com.br\/#\/schema\/logo\/image\/"}},{"@type":"Person","@id":"https:\/\/blogdoere.com.br\/#\/schema\/person\/4b56ed2336cb28ae3415ce8ffe56742e","name":"Ere","image":{"@type":"ImageObject","inLanguage":"pt-PT","@id":"https:\/\/blogdoere.com.br\/#\/schema\/person\/image\/","url":"https:\/\/secure.gravatar.com\/avatar\/?s=96&d=mm&r=g","contentUrl":"https:\/\/secure.gravatar.com\/avatar\/?s=96&d=mm&r=g","caption":"Ere"}}]}},"featured_image_urls":{"full":"","thumbnail":"","medium":"","medium_large":"","large":"","1536x1536":"","2048x2048":""},"author_info":{"display_name":"Ere","author_link":"https:\/\/blogdoere.com.br\/?author=2"},"category_info":"<a href=\"https:\/\/blogdoere.com.br\/?cat=1\" rel=\"category\">Destaques<\/a>","tag_info":"Destaques","comment_count":"0","_links":{"self":[{"href":"https:\/\/blogdoere.com.br\/index.php?rest_route=\/wp\/v2\/posts\/26289","targetHints":{"allow":["GET"]}}],"collection":[{"href":"https:\/\/blogdoere.com.br\/index.php?rest_route=\/wp\/v2\/posts"}],"about":[{"href":"https:\/\/blogdoere.com.br\/index.php?rest_route=\/wp\/v2\/types\/post"}],"author":[{"embeddable":true,"href":"https:\/\/blogdoere.com.br\/index.php?rest_route=\/wp\/v2\/users\/2"}],"replies":[{"embeddable":true,"href":"https:\/\/blogdoere.com.br\/index.php?rest_route=%2Fwp%2Fv2%2Fcomments&post=26289"}],"version-history":[{"count":0,"href":"https:\/\/blogdoere.com.br\/index.php?rest_route=\/wp\/v2\/posts\/26289\/revisions"}],"wp:attachment":[{"href":"https:\/\/blogdoere.com.br\/index.php?rest_route=%2Fwp%2Fv2%2Fmedia&parent=26289"}],"wp:term":[{"taxonomy":"category","embeddable":true,"href":"https:\/\/blogdoere.com.br\/index.php?rest_route=%2Fwp%2Fv2%2Fcategories&post=26289"},{"taxonomy":"post_tag","embeddable":true,"href":"https:\/\/blogdoere.com.br\/index.php?rest_route=%2Fwp%2Fv2%2Ftags&post=26289"}],"curies":[{"name":"wp","href":"https:\/\/api.w.org\/{rel}","templated":true}]}}