{"id":26294,"date":"2015-09-14T23:34:00","date_gmt":"2015-09-14T23:34:00","guid":{"rendered":"http:\/\/blogdoere.com.br\/?p=26294"},"modified":"2015-09-14T23:34:00","modified_gmt":"2015-09-14T23:34:00","slug":"itabunaprefeitos-discutem-solucao-para-a-crise-financeira-nos-municipios","status":"publish","type":"post","link":"https:\/\/blogdoere.com.br\/?p=26294","title":{"rendered":"ITABUNA:PREFEITOS DISCUTEM  SOLU\u00c7\u00c3O PARA A CRISE FINANCEIRA NOS MUNIC\u00cdPIOS"},"content":{"rendered":"<div style=\"text-align: center;\"><img decoding=\"async\" src=\"http:\/\/3.bp.blogspot.com\/-AAFXBD_vvpU\/VfWTlrd_8XI\/AAAAAAAAX-8\/uhGySHV0u9k\/s400\/Prefeitos.jpg\" \/><\/div>\n<div style=\"background-color: white; color: #444444; font-size: 15px; line-height: 25.65pt; text-align: justify;\"><span style=\"font-family: Arial, Helvetica, sans-serif;\"><span style=\"line-height: 21.3px;\">A queda constante no repasse de recursos da Uni\u00e3o e do Estado para os munic\u00edpios de todo o pa\u00eds tem levado os gestores a tomarem medidas emergenciais para manter a execu\u00e7\u00e3o de servi\u00e7os essenciais \u00e0 popula\u00e7\u00e3o. Nesta sexta-feira (11), prefeitos do Sul da Bahia estiveram reunidos na sede da Amurc com o objetivo de encontrar uma solu\u00e7\u00e3o para a crise financeira, que \u00e9 fruto do sub-financiamento dos Programas Federais.<\/span><span style=\"line-height: 21.3px;\"><\/span><\/span><\/div>\n<div style=\"background-color: white; color: #444444; font-size: 15px; line-height: 25.65pt; text-align: justify;\"><span style=\"font-family: Arial, Helvetica, sans-serif;\"><span style=\"line-height: 21.3px;\"><br \/><\/span><\/span><\/div>\n<h4 style=\"background: white; color: #444444; font-size: 15px; font-weight: normal; line-height: 21.3px; margin: 0px 0px 5px; text-align: justify; vertical-align: baseline;\"><span style=\"color: windowtext; line-height: 21.3px;\"><span style=\"font-family: Arial, Helvetica, sans-serif;\">Os munic\u00edpios s\u00e3o os grandes executores dos Programas Federais. Al\u00e9m de todos serem subfinanciados, grande parte est\u00e1 sem corre\u00e7\u00e3o da infla\u00e7\u00e3o. Em v\u00e1rios casos, os munic\u00edpios gastam 2\/3 a mais do que recebem para a execu\u00e7\u00e3o destes programas, que atualmente, somam 397 em todo o pa\u00eds.<\/span><\/span><\/h4>\n<div><span style=\"color: windowtext; line-height: 21.3px;\"><span style=\"font-family: Arial, Helvetica, sans-serif;\"><br \/><\/span><\/span><\/div>\n<h4 style=\"background: white; color: #444444; font-size: 15px; font-weight: normal; line-height: 21.3px; margin: 0px 0px 5px; text-align: justify; vertical-align: baseline;\"><span style=\"color: windowtext; line-height: 21.3px;\"><span style=\"font-family: Arial, Helvetica, sans-serif;\">De acordo com um estudo apresentando pela Confedera\u00e7\u00e3o Nacional dos Munic\u00edpios (CNM), o sub-finaciamento \u00e9 o grande problema dos munic\u00edpios na atualidade, pois desde 1988, quando foram elevados a condi\u00e7\u00e3o de ente federado aut\u00f4nomo, os munic\u00edpios passaram a ser executores dos servi\u00e7os p\u00fablicos, sem os correspondentes recursos financeiros para fazer frente \u00e0s novas responsabilidades.<\/span><\/span><\/h4>\n<div><span style=\"color: windowtext; line-height: 21.3px;\"><span style=\"font-family: Arial, Helvetica, sans-serif;\"><br \/><\/span><\/span><\/div>\n<h4 style=\"background: white; color: #444444; font-size: 15px; font-weight: normal; line-height: 21.3px; margin: 0px 0px 5px; text-align: justify; vertical-align: baseline;\"><span style=\"color: windowtext; line-height: 21.3px;\"><span style=\"font-family: Arial, Helvetica, sans-serif;\">Ainda segundo o estudo, o valor de repasse do Programa de Sa\u00fade da Fam\u00edlia \u2013 PSF, atualmente varia entre R$ 7.130 e R$ 10.695 por equipe ao m\u00eas. De acordo com informa\u00e7\u00f5es passadas por prefeituras de todo o pa\u00eds, o programa tem custado cerca de 3 vezes o valor do repasse realizado pela Uni\u00e3o.<\/span><\/span><\/h4>\n<div><span style=\"color: windowtext; line-height: 21.3px;\"><span style=\"font-family: Arial, Helvetica, sans-serif;\"><br \/><\/span><\/span><\/div>\n<h4 style=\"background: white; color: #444444; font-size: 15px; font-weight: normal; line-height: 21.3px; margin: 0px 0px 5px; text-align: justify; vertical-align: baseline;\"><span style=\"color: windowtext; line-height: 21.3px;\"><span style=\"font-family: Arial, Helvetica, sans-serif;\">Na educa\u00e7\u00e3o, a situa\u00e7\u00e3o n\u00e3o \u00e9 muito diferente. De acordo com o presidente da Amurc, Lenildo Santana, alguns servi\u00e7os, a exemplo da Educa\u00e7\u00e3o \u00e9 divido em: n\u00edvel b\u00e1sico, que \u00e9 de responsabilidade do munic\u00edpio, n\u00edvel m\u00e9dio, que \u00e9 de responsabilidade do Estado e o ensino superior que \u00e9 de responsabilidade do Governo Federal. O prefeito interino &nbsp;de Itajuipe, Ant\u00f4nio Jorge Rodrigues Neto tamb\u00e9m fez parte da reuni\u00e3o.<\/span><\/span><\/h4>\n<div><span style=\"color: windowtext; line-height: 21.3px;\"><span style=\"font-family: Arial, Helvetica, sans-serif;\"><br \/><\/span><\/span><\/div>\n<div><\/div>\n","protected":false},"excerpt":{"rendered":"<p>A queda constante no repasse de recursos da Uni\u00e3o e do Estado para os munic\u00edpios de todo o pa\u00eds tem levado os gestores a tomarem medidas emergenciais para manter a&#8230;<\/p>\n","protected":false},"author":2,"featured_media":0,"comment_status":"open","ping_status":"open","sticky":false,"template":"","format":"standard","meta":{"_editorskit_title_hidden":false,"_editorskit_reading_time":0,"_editorskit_is_block_options_detached":false,"_editorskit_block_options_position":"{}","om_disable_all_campaigns":false,"_mi_skip_tracking":false,"_kad_post_transparent":"","_kad_post_title":"","_kad_post_layout":"","_kad_post_sidebar_id":"","_kad_post_content_style":"","_kad_post_vertical_padding":"","_kad_post_feature":"","_kad_post_feature_position":"","_kad_post_header":false,"_kad_post_footer":false,"footnotes":""},"categories":[1],"tags":[],"class_list":["post-26294","post","type-post","status-publish","format-standard","hentry","category-destaques"],"yoast_head":"<!-- This site is optimized with the Yoast SEO plugin v20.5 - https:\/\/yoast.com\/wordpress\/plugins\/seo\/ -->\n<title>ITABUNA:PREFEITOS DISCUTEM SOLU\u00c7\u00c3O PARA A CRISE FINANCEIRA NOS MUNIC\u00cdPIOS - blog do er\u00ea<\/title>\n<meta name=\"robots\" content=\"index, follow, max-snippet:-1, max-image-preview:large, max-video-preview:-1\" \/>\n<link rel=\"canonical\" href=\"https:\/\/blogdoere.com.br\/?p=26294\" \/>\n<meta property=\"og:locale\" content=\"pt_PT\" \/>\n<meta property=\"og:type\" content=\"article\" \/>\n<meta property=\"og:title\" content=\"ITABUNA:PREFEITOS DISCUTEM SOLU\u00c7\u00c3O PARA A CRISE FINANCEIRA NOS MUNIC\u00cdPIOS - blog do er\u00ea\" \/>\n<meta property=\"og:description\" content=\"A queda constante no repasse de recursos da Uni\u00e3o e do Estado para os munic\u00edpios de todo o pa\u00eds tem levado os gestores a tomarem medidas emergenciais para manter a...\" \/>\n<meta property=\"og:url\" content=\"https:\/\/blogdoere.com.br\/?p=26294\" \/>\n<meta property=\"og:site_name\" content=\"blog do er\u00ea\" \/>\n<meta property=\"article:published_time\" content=\"2015-09-14T23:34:00+00:00\" \/>\n<meta property=\"og:image\" content=\"http:\/\/3.bp.blogspot.com\/-AAFXBD_vvpU\/VfWTlrd_8XI\/AAAAAAAAX-8\/uhGySHV0u9k\/s400\/Prefeitos.jpg\" \/>\n<meta name=\"author\" content=\"Ere\" \/>\n<meta name=\"twitter:card\" content=\"summary_large_image\" \/>\n<meta name=\"twitter:label1\" content=\"Escrito por\" \/>\n\t<meta name=\"twitter:data1\" content=\"Ere\" \/>\n\t<meta name=\"twitter:label2\" content=\"Tempo estimado de leitura\" \/>\n\t<meta name=\"twitter:data2\" content=\"2 minutos\" \/>\n<script type=\"application\/ld+json\" class=\"yoast-schema-graph\">{\"@context\":\"https:\/\/schema.org\",\"@graph\":[{\"@type\":\"Article\",\"@id\":\"https:\/\/blogdoere.com.br\/?p=26294#article\",\"isPartOf\":{\"@id\":\"https:\/\/blogdoere.com.br\/?p=26294\"},\"author\":{\"name\":\"Ere\",\"@id\":\"https:\/\/blogdoere.com.br\/#\/schema\/person\/4b56ed2336cb28ae3415ce8ffe56742e\"},\"headline\":\"ITABUNA:PREFEITOS DISCUTEM SOLU\u00c7\u00c3O PARA A CRISE FINANCEIRA NOS MUNIC\u00cdPIOS\",\"datePublished\":\"2015-09-14T23:34:00+00:00\",\"dateModified\":\"2015-09-14T23:34:00+00:00\",\"mainEntityOfPage\":{\"@id\":\"https:\/\/blogdoere.com.br\/?p=26294\"},\"wordCount\":330,\"commentCount\":0,\"publisher\":{\"@id\":\"https:\/\/blogdoere.com.br\/#organization\"},\"articleSection\":[\"Destaques\"],\"inLanguage\":\"pt-PT\",\"potentialAction\":[{\"@type\":\"CommentAction\",\"name\":\"Comment\",\"target\":[\"https:\/\/blogdoere.com.br\/?p=26294#respond\"]}]},{\"@type\":\"WebPage\",\"@id\":\"https:\/\/blogdoere.com.br\/?p=26294\",\"url\":\"https:\/\/blogdoere.com.br\/?p=26294\",\"name\":\"ITABUNA:PREFEITOS DISCUTEM SOLU\u00c7\u00c3O PARA A CRISE FINANCEIRA NOS MUNIC\u00cdPIOS - blog do er\u00ea\",\"isPartOf\":{\"@id\":\"https:\/\/blogdoere.com.br\/#website\"},\"datePublished\":\"2015-09-14T23:34:00+00:00\",\"dateModified\":\"2015-09-14T23:34:00+00:00\",\"breadcrumb\":{\"@id\":\"https:\/\/blogdoere.com.br\/?p=26294#breadcrumb\"},\"inLanguage\":\"pt-PT\",\"potentialAction\":[{\"@type\":\"ReadAction\",\"target\":[\"https:\/\/blogdoere.com.br\/?p=26294\"]}]},{\"@type\":\"BreadcrumbList\",\"@id\":\"https:\/\/blogdoere.com.br\/?p=26294#breadcrumb\",\"itemListElement\":[{\"@type\":\"ListItem\",\"position\":1,\"name\":\"In\u00edcio\",\"item\":\"https:\/\/blogdoere.com.br\/\"},{\"@type\":\"ListItem\",\"position\":2,\"name\":\"ITABUNA:PREFEITOS DISCUTEM SOLU\u00c7\u00c3O PARA A CRISE FINANCEIRA NOS MUNIC\u00cdPIOS\"}]},{\"@type\":\"WebSite\",\"@id\":\"https:\/\/blogdoere.com.br\/#website\",\"url\":\"https:\/\/blogdoere.com.br\/\",\"name\":\"blog do er\u00ea\",\"description\":\"\",\"publisher\":{\"@id\":\"https:\/\/blogdoere.com.br\/#organization\"},\"potentialAction\":[{\"@type\":\"SearchAction\",\"target\":{\"@type\":\"EntryPoint\",\"urlTemplate\":\"https:\/\/blogdoere.com.br\/?s={search_term_string}\"},\"query-input\":\"required name=search_term_string\"}],\"inLanguage\":\"pt-PT\"},{\"@type\":\"Organization\",\"@id\":\"https:\/\/blogdoere.com.br\/#organization\",\"name\":\"Blog do Er\u00ea\",\"url\":\"https:\/\/blogdoere.com.br\/\",\"logo\":{\"@type\":\"ImageObject\",\"inLanguage\":\"pt-PT\",\"@id\":\"https:\/\/blogdoere.com.br\/#\/schema\/logo\/image\/\",\"url\":\"https:\/\/blogdoere.com.br\/wp-content\/uploads\/2021\/11\/Logo-Ere-1.png\",\"contentUrl\":\"https:\/\/blogdoere.com.br\/wp-content\/uploads\/2021\/11\/Logo-Ere-1.png\",\"width\":1261,\"height\":1330,\"caption\":\"Blog do Er\u00ea\"},\"image\":{\"@id\":\"https:\/\/blogdoere.com.br\/#\/schema\/logo\/image\/\"}},{\"@type\":\"Person\",\"@id\":\"https:\/\/blogdoere.com.br\/#\/schema\/person\/4b56ed2336cb28ae3415ce8ffe56742e\",\"name\":\"Ere\",\"image\":{\"@type\":\"ImageObject\",\"inLanguage\":\"pt-PT\",\"@id\":\"https:\/\/blogdoere.com.br\/#\/schema\/person\/image\/\",\"url\":\"https:\/\/secure.gravatar.com\/avatar\/?s=96&d=mm&r=g\",\"contentUrl\":\"https:\/\/secure.gravatar.com\/avatar\/?s=96&d=mm&r=g\",\"caption\":\"Ere\"}}]}<\/script>\n<!-- \/ Yoast SEO plugin. -->","yoast_head_json":{"title":"ITABUNA:PREFEITOS DISCUTEM SOLU\u00c7\u00c3O PARA A CRISE FINANCEIRA NOS MUNIC\u00cdPIOS - blog do er\u00ea","robots":{"index":"index","follow":"follow","max-snippet":"max-snippet:-1","max-image-preview":"max-image-preview:large","max-video-preview":"max-video-preview:-1"},"canonical":"https:\/\/blogdoere.com.br\/?p=26294","og_locale":"pt_PT","og_type":"article","og_title":"ITABUNA:PREFEITOS DISCUTEM SOLU\u00c7\u00c3O PARA A CRISE FINANCEIRA NOS MUNIC\u00cdPIOS - blog do er\u00ea","og_description":"A queda constante no repasse de recursos da Uni\u00e3o e do Estado para os munic\u00edpios de todo o pa\u00eds tem levado os gestores a tomarem medidas emergenciais para manter a...","og_url":"https:\/\/blogdoere.com.br\/?p=26294","og_site_name":"blog do er\u00ea","article_published_time":"2015-09-14T23:34:00+00:00","og_image":[{"url":"http:\/\/3.bp.blogspot.com\/-AAFXBD_vvpU\/VfWTlrd_8XI\/AAAAAAAAX-8\/uhGySHV0u9k\/s400\/Prefeitos.jpg"}],"author":"Ere","twitter_card":"summary_large_image","twitter_misc":{"Escrito por":"Ere","Tempo estimado de leitura":"2 minutos"},"schema":{"@context":"https:\/\/schema.org","@graph":[{"@type":"Article","@id":"https:\/\/blogdoere.com.br\/?p=26294#article","isPartOf":{"@id":"https:\/\/blogdoere.com.br\/?p=26294"},"author":{"name":"Ere","@id":"https:\/\/blogdoere.com.br\/#\/schema\/person\/4b56ed2336cb28ae3415ce8ffe56742e"},"headline":"ITABUNA:PREFEITOS DISCUTEM SOLU\u00c7\u00c3O PARA A CRISE FINANCEIRA NOS MUNIC\u00cdPIOS","datePublished":"2015-09-14T23:34:00+00:00","dateModified":"2015-09-14T23:34:00+00:00","mainEntityOfPage":{"@id":"https:\/\/blogdoere.com.br\/?p=26294"},"wordCount":330,"commentCount":0,"publisher":{"@id":"https:\/\/blogdoere.com.br\/#organization"},"articleSection":["Destaques"],"inLanguage":"pt-PT","potentialAction":[{"@type":"CommentAction","name":"Comment","target":["https:\/\/blogdoere.com.br\/?p=26294#respond"]}]},{"@type":"WebPage","@id":"https:\/\/blogdoere.com.br\/?p=26294","url":"https:\/\/blogdoere.com.br\/?p=26294","name":"ITABUNA:PREFEITOS DISCUTEM SOLU\u00c7\u00c3O PARA A CRISE FINANCEIRA NOS MUNIC\u00cdPIOS - blog do er\u00ea","isPartOf":{"@id":"https:\/\/blogdoere.com.br\/#website"},"datePublished":"2015-09-14T23:34:00+00:00","dateModified":"2015-09-14T23:34:00+00:00","breadcrumb":{"@id":"https:\/\/blogdoere.com.br\/?p=26294#breadcrumb"},"inLanguage":"pt-PT","potentialAction":[{"@type":"ReadAction","target":["https:\/\/blogdoere.com.br\/?p=26294"]}]},{"@type":"BreadcrumbList","@id":"https:\/\/blogdoere.com.br\/?p=26294#breadcrumb","itemListElement":[{"@type":"ListItem","position":1,"name":"In\u00edcio","item":"https:\/\/blogdoere.com.br\/"},{"@type":"ListItem","position":2,"name":"ITABUNA:PREFEITOS DISCUTEM SOLU\u00c7\u00c3O PARA A CRISE FINANCEIRA NOS MUNIC\u00cdPIOS"}]},{"@type":"WebSite","@id":"https:\/\/blogdoere.com.br\/#website","url":"https:\/\/blogdoere.com.br\/","name":"blog do er\u00ea","description":"","publisher":{"@id":"https:\/\/blogdoere.com.br\/#organization"},"potentialAction":[{"@type":"SearchAction","target":{"@type":"EntryPoint","urlTemplate":"https:\/\/blogdoere.com.br\/?s={search_term_string}"},"query-input":"required name=search_term_string"}],"inLanguage":"pt-PT"},{"@type":"Organization","@id":"https:\/\/blogdoere.com.br\/#organization","name":"Blog do Er\u00ea","url":"https:\/\/blogdoere.com.br\/","logo":{"@type":"ImageObject","inLanguage":"pt-PT","@id":"https:\/\/blogdoere.com.br\/#\/schema\/logo\/image\/","url":"https:\/\/blogdoere.com.br\/wp-content\/uploads\/2021\/11\/Logo-Ere-1.png","contentUrl":"https:\/\/blogdoere.com.br\/wp-content\/uploads\/2021\/11\/Logo-Ere-1.png","width":1261,"height":1330,"caption":"Blog do Er\u00ea"},"image":{"@id":"https:\/\/blogdoere.com.br\/#\/schema\/logo\/image\/"}},{"@type":"Person","@id":"https:\/\/blogdoere.com.br\/#\/schema\/person\/4b56ed2336cb28ae3415ce8ffe56742e","name":"Ere","image":{"@type":"ImageObject","inLanguage":"pt-PT","@id":"https:\/\/blogdoere.com.br\/#\/schema\/person\/image\/","url":"https:\/\/secure.gravatar.com\/avatar\/?s=96&d=mm&r=g","contentUrl":"https:\/\/secure.gravatar.com\/avatar\/?s=96&d=mm&r=g","caption":"Ere"}}]}},"featured_image_urls":{"full":"","thumbnail":"","medium":"","medium_large":"","large":"","1536x1536":"","2048x2048":""},"author_info":{"display_name":"Ere","author_link":"https:\/\/blogdoere.com.br\/?author=2"},"category_info":"<a href=\"https:\/\/blogdoere.com.br\/?cat=1\" rel=\"category\">Destaques<\/a>","tag_info":"Destaques","comment_count":"0","_links":{"self":[{"href":"https:\/\/blogdoere.com.br\/index.php?rest_route=\/wp\/v2\/posts\/26294","targetHints":{"allow":["GET"]}}],"collection":[{"href":"https:\/\/blogdoere.com.br\/index.php?rest_route=\/wp\/v2\/posts"}],"about":[{"href":"https:\/\/blogdoere.com.br\/index.php?rest_route=\/wp\/v2\/types\/post"}],"author":[{"embeddable":true,"href":"https:\/\/blogdoere.com.br\/index.php?rest_route=\/wp\/v2\/users\/2"}],"replies":[{"embeddable":true,"href":"https:\/\/blogdoere.com.br\/index.php?rest_route=%2Fwp%2Fv2%2Fcomments&post=26294"}],"version-history":[{"count":0,"href":"https:\/\/blogdoere.com.br\/index.php?rest_route=\/wp\/v2\/posts\/26294\/revisions"}],"wp:attachment":[{"href":"https:\/\/blogdoere.com.br\/index.php?rest_route=%2Fwp%2Fv2%2Fmedia&parent=26294"}],"wp:term":[{"taxonomy":"category","embeddable":true,"href":"https:\/\/blogdoere.com.br\/index.php?rest_route=%2Fwp%2Fv2%2Fcategories&post=26294"},{"taxonomy":"post_tag","embeddable":true,"href":"https:\/\/blogdoere.com.br\/index.php?rest_route=%2Fwp%2Fv2%2Ftags&post=26294"}],"curies":[{"name":"wp","href":"https:\/\/api.w.org\/{rel}","templated":true}]}}