{"id":26298,"date":"2015-09-01T17:19:00","date_gmt":"2015-09-01T17:19:00","guid":{"rendered":"http:\/\/blogdoere.com.br\/?p=26298"},"modified":"2015-09-01T17:19:00","modified_gmt":"2015-09-01T17:19:00","slug":"salvadorsecretario-diz-que-prefeitura-vai-combater-uber","status":"publish","type":"post","link":"https:\/\/blogdoere.com.br\/?p=26298","title":{"rendered":"SALVADOR:SECRET\u00c1RIO DIZ QUE PREFEITURA VAI \u2018COMBATER\u2019 UBER."},"content":{"rendered":"<div style=\"text-align: center;\"><\/div>\n<div style=\"text-align: center;\"><\/div>\n<div style=\"text-align: center;\"><img decoding=\"async\" alt=\"Secret\u00e1rio diz que prefeitura vai \u2018combater\u2019 Uber em Salvador\" src=\"http:\/\/www.bahianoticias.com.br\/fotos\/principal_noticias\/178041\/xIMAGEM_NOTICIA_5.jpg.pagespeed.ic.XtanadvrGx.jpg\" \/><\/div>\n<div style=\"text-align: center;\"><\/div>\n<div style=\"text-align: center;\"><\/div>\n<div style=\"text-align: justify;\"><span style=\"background-color: white; color: #333333; font-family: Tahoma, Geneva, sans-serif; line-height: 17.142858505249px; text-align: start;\">O servi\u00e7o do aplicativo Uber, que permite que motoristas particulares prestem servi\u00e7os, ainda n\u00e3o est\u00e3o dispon\u00edveis para os soteropolitanos. Mesmo assim, j\u00e1 enfrenta forte oposi\u00e7\u00e3o n\u00e3o s\u00f3 dos seus \u2018inimigos confessos\u2019, os taxistas, como da gest\u00e3o municipal. Assim como os condutores regularizados, o secret\u00e1rio municipal de Mobilidade, F\u00e1bio Mota, e o vereador Alfredo Mangueira (PMDB) acreditam que a ferramenta permite a concorr\u00eancia ilegal e desleal.&nbsp;<\/span><a href=\"http:\/\/www.bahianoticias.com.br\/noticia\/177026-alfredo-mangueira-quer-proibir-uber-em-salvador-os-taxeros-ja-passam-fome.html\" style=\"background-color: white; box-sizing: border-box; color: #333333; font-family: Tahoma, Geneva, sans-serif; line-height: 17.142858505249px; text-align: start; text-decoration: none;\" target=\"_blank\" rel=\"noopener\"><strong style=\"box-sizing: border-box;\"><span style=\"box-sizing: border-box; color: darkgreen;\">Mangueira \u00e9 autor do projeto que visa barras o Uber na capital baiana<\/span><\/strong><\/a><span style=\"background-color: white; color: #333333; font-family: Tahoma, Geneva, sans-serif; line-height: 17.142858505249px; text-align: start;\">. J\u00e1 Mota declarou que o aplicativo ser\u00e1 tratado como \u201ctransporte clandestino\u201d caso venha para Salvador. &#8220;Permitir ser\u00e1 regularizar o transporte clandestino. A prefeitura est\u00e1 preparada para combater o Uber&#8221;, prometeu o secret\u00e1rio em entrevista ao A Tarde. &#8220;\u00c9 um absurdo que ve\u00edculos, por conta pr\u00f3pria, fa\u00e7am transporte clandestino sem passar pela vistoria do munic\u00edpio. N\u00e3o podemos dizer que oferecem seguran\u00e7a sem saber a proced\u00eancia dos ve\u00edculos e dos condutores. N\u00e3o permitiremos que seja desenvolvido na cidade&#8221;, completou. Para ele, o fato de os ve\u00edculos n\u00e3o passarem por vistorias oferece riscos \u00e0 popula\u00e7\u00e3o. O servi\u00e7o j\u00e1 est\u00e1 dispon\u00edvel em S\u00e3o Paulo (SP), Rio de Janeiro (RJ), Belo Horizonte (MG) e Bras\u00edlia (DF), e oferece corridas at\u00e9 20% mais baratas do que os t\u00e1xis tradicionais. Informa\u00e7\u00f5es BN.<\/span><\/div>\n","protected":false},"excerpt":{"rendered":"<p>O servi\u00e7o do aplicativo Uber, que permite que motoristas particulares prestem servi\u00e7os, ainda n\u00e3o est\u00e3o dispon\u00edveis para os soteropolitanos. Mesmo assim, j\u00e1 enfrenta forte oposi\u00e7\u00e3o n\u00e3o s\u00f3 dos seus \u2018inimigos&#8230;<\/p>\n","protected":false},"author":2,"featured_media":0,"comment_status":"open","ping_status":"open","sticky":false,"template":"","format":"standard","meta":{"_editorskit_title_hidden":false,"_editorskit_reading_time":0,"_editorskit_is_block_options_detached":false,"_editorskit_block_options_position":"{}","om_disable_all_campaigns":false,"_mi_skip_tracking":false,"_kad_post_transparent":"","_kad_post_title":"","_kad_post_layout":"","_kad_post_sidebar_id":"","_kad_post_content_style":"","_kad_post_vertical_padding":"","_kad_post_feature":"","_kad_post_feature_position":"","_kad_post_header":false,"_kad_post_footer":false,"footnotes":""},"categories":[1],"tags":[],"class_list":["post-26298","post","type-post","status-publish","format-standard","hentry","category-destaques"],"yoast_head":"<!-- This site is optimized with the Yoast SEO plugin v20.5 - https:\/\/yoast.com\/wordpress\/plugins\/seo\/ -->\n<title>SALVADOR:SECRET\u00c1RIO DIZ QUE PREFEITURA VAI \u2018COMBATER\u2019 UBER. - blog do er\u00ea<\/title>\n<meta name=\"robots\" content=\"index, follow, max-snippet:-1, max-image-preview:large, max-video-preview:-1\" \/>\n<link rel=\"canonical\" href=\"https:\/\/blogdoere.com.br\/?p=26298\" \/>\n<meta property=\"og:locale\" content=\"pt_PT\" \/>\n<meta property=\"og:type\" content=\"article\" \/>\n<meta property=\"og:title\" content=\"SALVADOR:SECRET\u00c1RIO DIZ QUE PREFEITURA VAI \u2018COMBATER\u2019 UBER. - blog do er\u00ea\" \/>\n<meta property=\"og:description\" content=\"O servi\u00e7o do aplicativo Uber, que permite que motoristas particulares prestem servi\u00e7os, ainda n\u00e3o est\u00e3o dispon\u00edveis para os soteropolitanos. Mesmo assim, j\u00e1 enfrenta forte oposi\u00e7\u00e3o n\u00e3o s\u00f3 dos seus \u2018inimigos...\" \/>\n<meta property=\"og:url\" content=\"https:\/\/blogdoere.com.br\/?p=26298\" \/>\n<meta property=\"og:site_name\" content=\"blog do er\u00ea\" \/>\n<meta property=\"article:published_time\" content=\"2015-09-01T17:19:00+00:00\" \/>\n<meta property=\"og:image\" content=\"http:\/\/www.bahianoticias.com.br\/fotos\/principal_noticias\/178041\/xIMAGEM_NOTICIA_5.jpg.pagespeed.ic.XtanadvrGx.jpg\" \/>\n<meta name=\"author\" content=\"Ere\" \/>\n<meta name=\"twitter:card\" content=\"summary_large_image\" \/>\n<meta name=\"twitter:label1\" content=\"Escrito por\" \/>\n\t<meta name=\"twitter:data1\" content=\"Ere\" \/>\n\t<meta name=\"twitter:label2\" content=\"Tempo estimado de leitura\" \/>\n\t<meta name=\"twitter:data2\" content=\"1 minuto\" \/>\n<script type=\"application\/ld+json\" class=\"yoast-schema-graph\">{\"@context\":\"https:\/\/schema.org\",\"@graph\":[{\"@type\":\"Article\",\"@id\":\"https:\/\/blogdoere.com.br\/?p=26298#article\",\"isPartOf\":{\"@id\":\"https:\/\/blogdoere.com.br\/?p=26298\"},\"author\":{\"name\":\"Ere\",\"@id\":\"https:\/\/blogdoere.com.br\/#\/schema\/person\/4b56ed2336cb28ae3415ce8ffe56742e\"},\"headline\":\"SALVADOR:SECRET\u00c1RIO DIZ QUE PREFEITURA VAI \u2018COMBATER\u2019 UBER.\",\"datePublished\":\"2015-09-01T17:19:00+00:00\",\"dateModified\":\"2015-09-01T17:19:00+00:00\",\"mainEntityOfPage\":{\"@id\":\"https:\/\/blogdoere.com.br\/?p=26298\"},\"wordCount\":239,\"commentCount\":0,\"publisher\":{\"@id\":\"https:\/\/blogdoere.com.br\/#organization\"},\"articleSection\":[\"Destaques\"],\"inLanguage\":\"pt-PT\",\"potentialAction\":[{\"@type\":\"CommentAction\",\"name\":\"Comment\",\"target\":[\"https:\/\/blogdoere.com.br\/?p=26298#respond\"]}]},{\"@type\":\"WebPage\",\"@id\":\"https:\/\/blogdoere.com.br\/?p=26298\",\"url\":\"https:\/\/blogdoere.com.br\/?p=26298\",\"name\":\"SALVADOR:SECRET\u00c1RIO DIZ QUE PREFEITURA VAI \u2018COMBATER\u2019 UBER. - blog do er\u00ea\",\"isPartOf\":{\"@id\":\"https:\/\/blogdoere.com.br\/#website\"},\"datePublished\":\"2015-09-01T17:19:00+00:00\",\"dateModified\":\"2015-09-01T17:19:00+00:00\",\"breadcrumb\":{\"@id\":\"https:\/\/blogdoere.com.br\/?p=26298#breadcrumb\"},\"inLanguage\":\"pt-PT\",\"potentialAction\":[{\"@type\":\"ReadAction\",\"target\":[\"https:\/\/blogdoere.com.br\/?p=26298\"]}]},{\"@type\":\"BreadcrumbList\",\"@id\":\"https:\/\/blogdoere.com.br\/?p=26298#breadcrumb\",\"itemListElement\":[{\"@type\":\"ListItem\",\"position\":1,\"name\":\"In\u00edcio\",\"item\":\"https:\/\/blogdoere.com.br\/\"},{\"@type\":\"ListItem\",\"position\":2,\"name\":\"SALVADOR:SECRET\u00c1RIO DIZ QUE PREFEITURA VAI \u2018COMBATER\u2019 UBER.\"}]},{\"@type\":\"WebSite\",\"@id\":\"https:\/\/blogdoere.com.br\/#website\",\"url\":\"https:\/\/blogdoere.com.br\/\",\"name\":\"blog do er\u00ea\",\"description\":\"\",\"publisher\":{\"@id\":\"https:\/\/blogdoere.com.br\/#organization\"},\"potentialAction\":[{\"@type\":\"SearchAction\",\"target\":{\"@type\":\"EntryPoint\",\"urlTemplate\":\"https:\/\/blogdoere.com.br\/?s={search_term_string}\"},\"query-input\":\"required name=search_term_string\"}],\"inLanguage\":\"pt-PT\"},{\"@type\":\"Organization\",\"@id\":\"https:\/\/blogdoere.com.br\/#organization\",\"name\":\"Blog do Er\u00ea\",\"url\":\"https:\/\/blogdoere.com.br\/\",\"logo\":{\"@type\":\"ImageObject\",\"inLanguage\":\"pt-PT\",\"@id\":\"https:\/\/blogdoere.com.br\/#\/schema\/logo\/image\/\",\"url\":\"https:\/\/blogdoere.com.br\/wp-content\/uploads\/2021\/11\/Logo-Ere-1.png\",\"contentUrl\":\"https:\/\/blogdoere.com.br\/wp-content\/uploads\/2021\/11\/Logo-Ere-1.png\",\"width\":1261,\"height\":1330,\"caption\":\"Blog do Er\u00ea\"},\"image\":{\"@id\":\"https:\/\/blogdoere.com.br\/#\/schema\/logo\/image\/\"}},{\"@type\":\"Person\",\"@id\":\"https:\/\/blogdoere.com.br\/#\/schema\/person\/4b56ed2336cb28ae3415ce8ffe56742e\",\"name\":\"Ere\",\"image\":{\"@type\":\"ImageObject\",\"inLanguage\":\"pt-PT\",\"@id\":\"https:\/\/blogdoere.com.br\/#\/schema\/person\/image\/\",\"url\":\"https:\/\/secure.gravatar.com\/avatar\/?s=96&d=mm&r=g\",\"contentUrl\":\"https:\/\/secure.gravatar.com\/avatar\/?s=96&d=mm&r=g\",\"caption\":\"Ere\"}}]}<\/script>\n<!-- \/ Yoast SEO plugin. -->","yoast_head_json":{"title":"SALVADOR:SECRET\u00c1RIO DIZ QUE PREFEITURA VAI \u2018COMBATER\u2019 UBER. - blog do er\u00ea","robots":{"index":"index","follow":"follow","max-snippet":"max-snippet:-1","max-image-preview":"max-image-preview:large","max-video-preview":"max-video-preview:-1"},"canonical":"https:\/\/blogdoere.com.br\/?p=26298","og_locale":"pt_PT","og_type":"article","og_title":"SALVADOR:SECRET\u00c1RIO DIZ QUE PREFEITURA VAI \u2018COMBATER\u2019 UBER. - blog do er\u00ea","og_description":"O servi\u00e7o do aplicativo Uber, que permite que motoristas particulares prestem servi\u00e7os, ainda n\u00e3o est\u00e3o dispon\u00edveis para os soteropolitanos. Mesmo assim, j\u00e1 enfrenta forte oposi\u00e7\u00e3o n\u00e3o s\u00f3 dos seus \u2018inimigos...","og_url":"https:\/\/blogdoere.com.br\/?p=26298","og_site_name":"blog do er\u00ea","article_published_time":"2015-09-01T17:19:00+00:00","og_image":[{"url":"http:\/\/www.bahianoticias.com.br\/fotos\/principal_noticias\/178041\/xIMAGEM_NOTICIA_5.jpg.pagespeed.ic.XtanadvrGx.jpg"}],"author":"Ere","twitter_card":"summary_large_image","twitter_misc":{"Escrito por":"Ere","Tempo estimado de leitura":"1 minuto"},"schema":{"@context":"https:\/\/schema.org","@graph":[{"@type":"Article","@id":"https:\/\/blogdoere.com.br\/?p=26298#article","isPartOf":{"@id":"https:\/\/blogdoere.com.br\/?p=26298"},"author":{"name":"Ere","@id":"https:\/\/blogdoere.com.br\/#\/schema\/person\/4b56ed2336cb28ae3415ce8ffe56742e"},"headline":"SALVADOR:SECRET\u00c1RIO DIZ QUE PREFEITURA VAI \u2018COMBATER\u2019 UBER.","datePublished":"2015-09-01T17:19:00+00:00","dateModified":"2015-09-01T17:19:00+00:00","mainEntityOfPage":{"@id":"https:\/\/blogdoere.com.br\/?p=26298"},"wordCount":239,"commentCount":0,"publisher":{"@id":"https:\/\/blogdoere.com.br\/#organization"},"articleSection":["Destaques"],"inLanguage":"pt-PT","potentialAction":[{"@type":"CommentAction","name":"Comment","target":["https:\/\/blogdoere.com.br\/?p=26298#respond"]}]},{"@type":"WebPage","@id":"https:\/\/blogdoere.com.br\/?p=26298","url":"https:\/\/blogdoere.com.br\/?p=26298","name":"SALVADOR:SECRET\u00c1RIO DIZ QUE PREFEITURA VAI \u2018COMBATER\u2019 UBER. - blog do er\u00ea","isPartOf":{"@id":"https:\/\/blogdoere.com.br\/#website"},"datePublished":"2015-09-01T17:19:00+00:00","dateModified":"2015-09-01T17:19:00+00:00","breadcrumb":{"@id":"https:\/\/blogdoere.com.br\/?p=26298#breadcrumb"},"inLanguage":"pt-PT","potentialAction":[{"@type":"ReadAction","target":["https:\/\/blogdoere.com.br\/?p=26298"]}]},{"@type":"BreadcrumbList","@id":"https:\/\/blogdoere.com.br\/?p=26298#breadcrumb","itemListElement":[{"@type":"ListItem","position":1,"name":"In\u00edcio","item":"https:\/\/blogdoere.com.br\/"},{"@type":"ListItem","position":2,"name":"SALVADOR:SECRET\u00c1RIO DIZ QUE PREFEITURA VAI \u2018COMBATER\u2019 UBER."}]},{"@type":"WebSite","@id":"https:\/\/blogdoere.com.br\/#website","url":"https:\/\/blogdoere.com.br\/","name":"blog do er\u00ea","description":"","publisher":{"@id":"https:\/\/blogdoere.com.br\/#organization"},"potentialAction":[{"@type":"SearchAction","target":{"@type":"EntryPoint","urlTemplate":"https:\/\/blogdoere.com.br\/?s={search_term_string}"},"query-input":"required name=search_term_string"}],"inLanguage":"pt-PT"},{"@type":"Organization","@id":"https:\/\/blogdoere.com.br\/#organization","name":"Blog do Er\u00ea","url":"https:\/\/blogdoere.com.br\/","logo":{"@type":"ImageObject","inLanguage":"pt-PT","@id":"https:\/\/blogdoere.com.br\/#\/schema\/logo\/image\/","url":"https:\/\/blogdoere.com.br\/wp-content\/uploads\/2021\/11\/Logo-Ere-1.png","contentUrl":"https:\/\/blogdoere.com.br\/wp-content\/uploads\/2021\/11\/Logo-Ere-1.png","width":1261,"height":1330,"caption":"Blog do Er\u00ea"},"image":{"@id":"https:\/\/blogdoere.com.br\/#\/schema\/logo\/image\/"}},{"@type":"Person","@id":"https:\/\/blogdoere.com.br\/#\/schema\/person\/4b56ed2336cb28ae3415ce8ffe56742e","name":"Ere","image":{"@type":"ImageObject","inLanguage":"pt-PT","@id":"https:\/\/blogdoere.com.br\/#\/schema\/person\/image\/","url":"https:\/\/secure.gravatar.com\/avatar\/?s=96&d=mm&r=g","contentUrl":"https:\/\/secure.gravatar.com\/avatar\/?s=96&d=mm&r=g","caption":"Ere"}}]}},"featured_image_urls":{"full":"","thumbnail":"","medium":"","medium_large":"","large":"","1536x1536":"","2048x2048":""},"author_info":{"display_name":"Ere","author_link":"https:\/\/blogdoere.com.br\/?author=2"},"category_info":"<a href=\"https:\/\/blogdoere.com.br\/?cat=1\" rel=\"category\">Destaques<\/a>","tag_info":"Destaques","comment_count":"0","_links":{"self":[{"href":"https:\/\/blogdoere.com.br\/index.php?rest_route=\/wp\/v2\/posts\/26298","targetHints":{"allow":["GET"]}}],"collection":[{"href":"https:\/\/blogdoere.com.br\/index.php?rest_route=\/wp\/v2\/posts"}],"about":[{"href":"https:\/\/blogdoere.com.br\/index.php?rest_route=\/wp\/v2\/types\/post"}],"author":[{"embeddable":true,"href":"https:\/\/blogdoere.com.br\/index.php?rest_route=\/wp\/v2\/users\/2"}],"replies":[{"embeddable":true,"href":"https:\/\/blogdoere.com.br\/index.php?rest_route=%2Fwp%2Fv2%2Fcomments&post=26298"}],"version-history":[{"count":0,"href":"https:\/\/blogdoere.com.br\/index.php?rest_route=\/wp\/v2\/posts\/26298\/revisions"}],"wp:attachment":[{"href":"https:\/\/blogdoere.com.br\/index.php?rest_route=%2Fwp%2Fv2%2Fmedia&parent=26298"}],"wp:term":[{"taxonomy":"category","embeddable":true,"href":"https:\/\/blogdoere.com.br\/index.php?rest_route=%2Fwp%2Fv2%2Fcategories&post=26298"},{"taxonomy":"post_tag","embeddable":true,"href":"https:\/\/blogdoere.com.br\/index.php?rest_route=%2Fwp%2Fv2%2Ftags&post=26298"}],"curies":[{"name":"wp","href":"https:\/\/api.w.org\/{rel}","templated":true}]}}