{"id":26300,"date":"2015-08-18T02:06:00","date_gmt":"2015-08-18T02:06:00","guid":{"rendered":"http:\/\/blogdoere.com.br\/?p=26300"},"modified":"2015-08-18T02:06:00","modified_gmt":"2015-08-18T02:06:00","slug":"itajuipe-ere-anuncia-pre-candidatura-a-prefeito","status":"publish","type":"post","link":"https:\/\/blogdoere.com.br\/?p=26300","title":{"rendered":"ITAJU\u00cdPE: ER\u00ca ANUNCIA PR\u00c9-CANDIDATURA \u00c0 PREFEITO."},"content":{"rendered":"<div style=\"clear: both; text-align: center;\"><\/div>\n<div style=\"text-align: justify;\"><span style=\"background-color: white; font-family: Arial, Helvetica, sans-serif; line-height: 21.2999992370605px;\"><br \/><\/span><\/p>\n<div style=\"clear: both; text-align: center;\"><a href=\"http:\/\/4.bp.blogspot.com\/-78wG9aZoPUk\/VdKUozgO3XI\/AAAAAAAAFz4\/x9e7ZCNidac\/s1600\/FOTO%2B2.jpg\" style=\"margin-left: 1em; margin-right: 1em;\"><img decoding=\"async\" border=\"0\" height=\"320\" src=\"http:\/\/4.bp.blogspot.com\/-78wG9aZoPUk\/VdKUozgO3XI\/AAAAAAAAFz4\/x9e7ZCNidac\/s320\/FOTO%2B2.jpg\" width=\"288\" \/><\/a><\/div>\n<p><span style=\"background-color: white; font-family: Arial, Helvetica, sans-serif; line-height: 21.2999992370605px;\"><br \/><\/span><span style=\"background-color: white; font-family: Arial, Helvetica, sans-serif; line-height: 21.2999992370605px;\"><br \/><\/span><span style=\"background-color: white; font-family: Arial, Helvetica, sans-serif; line-height: 21.2999992370605px;\">Presidente do Partido Socialista Brasileiro(PSB),&nbsp;<\/span><b style=\"background-color: white; font-family: Arial, Helvetica, sans-serif; line-height: 21.2999992370605px;\">Erenilson Santos da Silva &#8220;Er\u00ea&#8221;<\/b><span style=\"background-color: white; font-family: Arial, Helvetica, sans-serif; line-height: 21.2999992370605px;\">,&nbsp;&nbsp;ser\u00e1 candidato \u00e0 prefeito de Itaju\u00edpe nas elei\u00e7\u00f5es 2016.&nbsp;&nbsp;O anuncio foi feito no seu perfil no facebook semana passada: &#8211; &#8220;Quero aproveitar e anunciar minha pr\u00e9-candidatura \u00e0 prefeito de Itaju\u00edpe. Acredito que os problemas do munic\u00edpio jamais ser\u00e3o resolvidos com beijinhos e abra\u00e7os, sim com gest\u00e3o e pol\u00edticas p\u00fablicas. Um governo planejado que dialogue com a comunidade&#8221; Segundo Er\u00ea a inten\u00e7\u00e3o do partido \u00e9 ter candidato pr\u00f3prio. &#8221; Nosso objetivo \u00e9 fortalecer a legenda com modelo de gest\u00e3o planejado que dialogue com o povo&#8221;. Apesar do an\u00fancio, Er\u00ea s\u00f3 ser\u00e1 oficialmente candidato ano que vem, quando acontecem as conven\u00e7\u00f5es do partido. Agora, \u00e9 considerado pr\u00e9-candidato com aval&nbsp;&nbsp;da Executiva Estadual. &nbsp;<\/span><\/div>\n","protected":false},"excerpt":{"rendered":"<p>Presidente do Partido Socialista Brasileiro(PSB),&nbsp;Erenilson Santos da Silva &#8220;Er\u00ea&#8221;,&nbsp;&nbsp;ser\u00e1 candidato \u00e0 prefeito de Itaju\u00edpe nas elei\u00e7\u00f5es 2016.&nbsp;&nbsp;O anuncio foi feito no seu perfil no facebook semana passada: &#8211; &#8220;Quero aproveitar&#8230;<\/p>\n","protected":false},"author":2,"featured_media":0,"comment_status":"open","ping_status":"open","sticky":false,"template":"","format":"standard","meta":{"_editorskit_title_hidden":false,"_editorskit_reading_time":0,"_editorskit_is_block_options_detached":false,"_editorskit_block_options_position":"{}","om_disable_all_campaigns":false,"_mi_skip_tracking":false,"_kad_post_transparent":"","_kad_post_title":"","_kad_post_layout":"","_kad_post_sidebar_id":"","_kad_post_content_style":"","_kad_post_vertical_padding":"","_kad_post_feature":"","_kad_post_feature_position":"","_kad_post_header":false,"_kad_post_footer":false,"footnotes":""},"categories":[1],"tags":[],"class_list":["post-26300","post","type-post","status-publish","format-standard","hentry","category-destaques"],"yoast_head":"<!-- This site is optimized with the Yoast SEO plugin v20.5 - https:\/\/yoast.com\/wordpress\/plugins\/seo\/ -->\n<title>ITAJU\u00cdPE: ER\u00ca ANUNCIA PR\u00c9-CANDIDATURA \u00c0 PREFEITO. - blog do er\u00ea<\/title>\n<meta name=\"robots\" content=\"index, follow, max-snippet:-1, max-image-preview:large, max-video-preview:-1\" \/>\n<link rel=\"canonical\" href=\"https:\/\/blogdoere.com.br\/?p=26300\" \/>\n<meta property=\"og:locale\" content=\"pt_PT\" \/>\n<meta property=\"og:type\" content=\"article\" \/>\n<meta property=\"og:title\" content=\"ITAJU\u00cdPE: ER\u00ca ANUNCIA PR\u00c9-CANDIDATURA \u00c0 PREFEITO. - blog do er\u00ea\" \/>\n<meta property=\"og:description\" content=\"Presidente do Partido Socialista Brasileiro(PSB),&nbsp;Erenilson Santos da Silva &#8220;Er\u00ea&#8221;,&nbsp;&nbsp;ser\u00e1 candidato \u00e0 prefeito de Itaju\u00edpe nas elei\u00e7\u00f5es 2016.&nbsp;&nbsp;O anuncio foi feito no seu perfil no facebook semana passada: &#8211; &#8220;Quero aproveitar...\" \/>\n<meta property=\"og:url\" content=\"https:\/\/blogdoere.com.br\/?p=26300\" \/>\n<meta property=\"og:site_name\" content=\"blog do er\u00ea\" \/>\n<meta property=\"article:published_time\" content=\"2015-08-18T02:06:00+00:00\" \/>\n<meta property=\"og:image\" content=\"http:\/\/4.bp.blogspot.com\/-78wG9aZoPUk\/VdKUozgO3XI\/AAAAAAAAFz4\/x9e7ZCNidac\/s320\/FOTO%2B2.jpg\" \/>\n<meta name=\"author\" content=\"Ere\" \/>\n<meta name=\"twitter:card\" content=\"summary_large_image\" \/>\n<meta name=\"twitter:label1\" content=\"Escrito por\" \/>\n\t<meta name=\"twitter:data1\" content=\"Ere\" \/>\n\t<meta name=\"twitter:label2\" content=\"Tempo estimado de leitura\" \/>\n\t<meta name=\"twitter:data2\" content=\"1 minuto\" \/>\n<script type=\"application\/ld+json\" class=\"yoast-schema-graph\">{\"@context\":\"https:\/\/schema.org\",\"@graph\":[{\"@type\":\"Article\",\"@id\":\"https:\/\/blogdoere.com.br\/?p=26300#article\",\"isPartOf\":{\"@id\":\"https:\/\/blogdoere.com.br\/?p=26300\"},\"author\":{\"name\":\"Ere\",\"@id\":\"https:\/\/blogdoere.com.br\/#\/schema\/person\/4b56ed2336cb28ae3415ce8ffe56742e\"},\"headline\":\"ITAJU\u00cdPE: ER\u00ca ANUNCIA PR\u00c9-CANDIDATURA \u00c0 PREFEITO.\",\"datePublished\":\"2015-08-18T02:06:00+00:00\",\"dateModified\":\"2015-08-18T02:06:00+00:00\",\"mainEntityOfPage\":{\"@id\":\"https:\/\/blogdoere.com.br\/?p=26300\"},\"wordCount\":146,\"commentCount\":0,\"publisher\":{\"@id\":\"https:\/\/blogdoere.com.br\/#organization\"},\"articleSection\":[\"Destaques\"],\"inLanguage\":\"pt-PT\",\"potentialAction\":[{\"@type\":\"CommentAction\",\"name\":\"Comment\",\"target\":[\"https:\/\/blogdoere.com.br\/?p=26300#respond\"]}]},{\"@type\":\"WebPage\",\"@id\":\"https:\/\/blogdoere.com.br\/?p=26300\",\"url\":\"https:\/\/blogdoere.com.br\/?p=26300\",\"name\":\"ITAJU\u00cdPE: ER\u00ca ANUNCIA PR\u00c9-CANDIDATURA \u00c0 PREFEITO. - blog do er\u00ea\",\"isPartOf\":{\"@id\":\"https:\/\/blogdoere.com.br\/#website\"},\"datePublished\":\"2015-08-18T02:06:00+00:00\",\"dateModified\":\"2015-08-18T02:06:00+00:00\",\"breadcrumb\":{\"@id\":\"https:\/\/blogdoere.com.br\/?p=26300#breadcrumb\"},\"inLanguage\":\"pt-PT\",\"potentialAction\":[{\"@type\":\"ReadAction\",\"target\":[\"https:\/\/blogdoere.com.br\/?p=26300\"]}]},{\"@type\":\"BreadcrumbList\",\"@id\":\"https:\/\/blogdoere.com.br\/?p=26300#breadcrumb\",\"itemListElement\":[{\"@type\":\"ListItem\",\"position\":1,\"name\":\"In\u00edcio\",\"item\":\"https:\/\/blogdoere.com.br\/\"},{\"@type\":\"ListItem\",\"position\":2,\"name\":\"ITAJU\u00cdPE: ER\u00ca ANUNCIA PR\u00c9-CANDIDATURA \u00c0 PREFEITO.\"}]},{\"@type\":\"WebSite\",\"@id\":\"https:\/\/blogdoere.com.br\/#website\",\"url\":\"https:\/\/blogdoere.com.br\/\",\"name\":\"blog do er\u00ea\",\"description\":\"\",\"publisher\":{\"@id\":\"https:\/\/blogdoere.com.br\/#organization\"},\"potentialAction\":[{\"@type\":\"SearchAction\",\"target\":{\"@type\":\"EntryPoint\",\"urlTemplate\":\"https:\/\/blogdoere.com.br\/?s={search_term_string}\"},\"query-input\":\"required name=search_term_string\"}],\"inLanguage\":\"pt-PT\"},{\"@type\":\"Organization\",\"@id\":\"https:\/\/blogdoere.com.br\/#organization\",\"name\":\"Blog do Er\u00ea\",\"url\":\"https:\/\/blogdoere.com.br\/\",\"logo\":{\"@type\":\"ImageObject\",\"inLanguage\":\"pt-PT\",\"@id\":\"https:\/\/blogdoere.com.br\/#\/schema\/logo\/image\/\",\"url\":\"https:\/\/blogdoere.com.br\/wp-content\/uploads\/2021\/11\/Logo-Ere-1.png\",\"contentUrl\":\"https:\/\/blogdoere.com.br\/wp-content\/uploads\/2021\/11\/Logo-Ere-1.png\",\"width\":1261,\"height\":1330,\"caption\":\"Blog do Er\u00ea\"},\"image\":{\"@id\":\"https:\/\/blogdoere.com.br\/#\/schema\/logo\/image\/\"}},{\"@type\":\"Person\",\"@id\":\"https:\/\/blogdoere.com.br\/#\/schema\/person\/4b56ed2336cb28ae3415ce8ffe56742e\",\"name\":\"Ere\",\"image\":{\"@type\":\"ImageObject\",\"inLanguage\":\"pt-PT\",\"@id\":\"https:\/\/blogdoere.com.br\/#\/schema\/person\/image\/\",\"url\":\"https:\/\/secure.gravatar.com\/avatar\/?s=96&d=mm&r=g\",\"contentUrl\":\"https:\/\/secure.gravatar.com\/avatar\/?s=96&d=mm&r=g\",\"caption\":\"Ere\"}}]}<\/script>\n<!-- \/ Yoast SEO plugin. -->","yoast_head_json":{"title":"ITAJU\u00cdPE: ER\u00ca ANUNCIA PR\u00c9-CANDIDATURA \u00c0 PREFEITO. - blog do er\u00ea","robots":{"index":"index","follow":"follow","max-snippet":"max-snippet:-1","max-image-preview":"max-image-preview:large","max-video-preview":"max-video-preview:-1"},"canonical":"https:\/\/blogdoere.com.br\/?p=26300","og_locale":"pt_PT","og_type":"article","og_title":"ITAJU\u00cdPE: ER\u00ca ANUNCIA PR\u00c9-CANDIDATURA \u00c0 PREFEITO. - blog do er\u00ea","og_description":"Presidente do Partido Socialista Brasileiro(PSB),&nbsp;Erenilson Santos da Silva &#8220;Er\u00ea&#8221;,&nbsp;&nbsp;ser\u00e1 candidato \u00e0 prefeito de Itaju\u00edpe nas elei\u00e7\u00f5es 2016.&nbsp;&nbsp;O anuncio foi feito no seu perfil no facebook semana passada: &#8211; &#8220;Quero aproveitar...","og_url":"https:\/\/blogdoere.com.br\/?p=26300","og_site_name":"blog do er\u00ea","article_published_time":"2015-08-18T02:06:00+00:00","og_image":[{"url":"http:\/\/4.bp.blogspot.com\/-78wG9aZoPUk\/VdKUozgO3XI\/AAAAAAAAFz4\/x9e7ZCNidac\/s320\/FOTO%2B2.jpg"}],"author":"Ere","twitter_card":"summary_large_image","twitter_misc":{"Escrito por":"Ere","Tempo estimado de leitura":"1 minuto"},"schema":{"@context":"https:\/\/schema.org","@graph":[{"@type":"Article","@id":"https:\/\/blogdoere.com.br\/?p=26300#article","isPartOf":{"@id":"https:\/\/blogdoere.com.br\/?p=26300"},"author":{"name":"Ere","@id":"https:\/\/blogdoere.com.br\/#\/schema\/person\/4b56ed2336cb28ae3415ce8ffe56742e"},"headline":"ITAJU\u00cdPE: ER\u00ca ANUNCIA PR\u00c9-CANDIDATURA \u00c0 PREFEITO.","datePublished":"2015-08-18T02:06:00+00:00","dateModified":"2015-08-18T02:06:00+00:00","mainEntityOfPage":{"@id":"https:\/\/blogdoere.com.br\/?p=26300"},"wordCount":146,"commentCount":0,"publisher":{"@id":"https:\/\/blogdoere.com.br\/#organization"},"articleSection":["Destaques"],"inLanguage":"pt-PT","potentialAction":[{"@type":"CommentAction","name":"Comment","target":["https:\/\/blogdoere.com.br\/?p=26300#respond"]}]},{"@type":"WebPage","@id":"https:\/\/blogdoere.com.br\/?p=26300","url":"https:\/\/blogdoere.com.br\/?p=26300","name":"ITAJU\u00cdPE: ER\u00ca ANUNCIA PR\u00c9-CANDIDATURA \u00c0 PREFEITO. - blog do er\u00ea","isPartOf":{"@id":"https:\/\/blogdoere.com.br\/#website"},"datePublished":"2015-08-18T02:06:00+00:00","dateModified":"2015-08-18T02:06:00+00:00","breadcrumb":{"@id":"https:\/\/blogdoere.com.br\/?p=26300#breadcrumb"},"inLanguage":"pt-PT","potentialAction":[{"@type":"ReadAction","target":["https:\/\/blogdoere.com.br\/?p=26300"]}]},{"@type":"BreadcrumbList","@id":"https:\/\/blogdoere.com.br\/?p=26300#breadcrumb","itemListElement":[{"@type":"ListItem","position":1,"name":"In\u00edcio","item":"https:\/\/blogdoere.com.br\/"},{"@type":"ListItem","position":2,"name":"ITAJU\u00cdPE: ER\u00ca ANUNCIA PR\u00c9-CANDIDATURA \u00c0 PREFEITO."}]},{"@type":"WebSite","@id":"https:\/\/blogdoere.com.br\/#website","url":"https:\/\/blogdoere.com.br\/","name":"blog do er\u00ea","description":"","publisher":{"@id":"https:\/\/blogdoere.com.br\/#organization"},"potentialAction":[{"@type":"SearchAction","target":{"@type":"EntryPoint","urlTemplate":"https:\/\/blogdoere.com.br\/?s={search_term_string}"},"query-input":"required name=search_term_string"}],"inLanguage":"pt-PT"},{"@type":"Organization","@id":"https:\/\/blogdoere.com.br\/#organization","name":"Blog do Er\u00ea","url":"https:\/\/blogdoere.com.br\/","logo":{"@type":"ImageObject","inLanguage":"pt-PT","@id":"https:\/\/blogdoere.com.br\/#\/schema\/logo\/image\/","url":"https:\/\/blogdoere.com.br\/wp-content\/uploads\/2021\/11\/Logo-Ere-1.png","contentUrl":"https:\/\/blogdoere.com.br\/wp-content\/uploads\/2021\/11\/Logo-Ere-1.png","width":1261,"height":1330,"caption":"Blog do Er\u00ea"},"image":{"@id":"https:\/\/blogdoere.com.br\/#\/schema\/logo\/image\/"}},{"@type":"Person","@id":"https:\/\/blogdoere.com.br\/#\/schema\/person\/4b56ed2336cb28ae3415ce8ffe56742e","name":"Ere","image":{"@type":"ImageObject","inLanguage":"pt-PT","@id":"https:\/\/blogdoere.com.br\/#\/schema\/person\/image\/","url":"https:\/\/secure.gravatar.com\/avatar\/?s=96&d=mm&r=g","contentUrl":"https:\/\/secure.gravatar.com\/avatar\/?s=96&d=mm&r=g","caption":"Ere"}}]}},"featured_image_urls":{"full":"","thumbnail":"","medium":"","medium_large":"","large":"","1536x1536":"","2048x2048":""},"author_info":{"display_name":"Ere","author_link":"https:\/\/blogdoere.com.br\/?author=2"},"category_info":"<a href=\"https:\/\/blogdoere.com.br\/?cat=1\" rel=\"category\">Destaques<\/a>","tag_info":"Destaques","comment_count":"0","_links":{"self":[{"href":"https:\/\/blogdoere.com.br\/index.php?rest_route=\/wp\/v2\/posts\/26300","targetHints":{"allow":["GET"]}}],"collection":[{"href":"https:\/\/blogdoere.com.br\/index.php?rest_route=\/wp\/v2\/posts"}],"about":[{"href":"https:\/\/blogdoere.com.br\/index.php?rest_route=\/wp\/v2\/types\/post"}],"author":[{"embeddable":true,"href":"https:\/\/blogdoere.com.br\/index.php?rest_route=\/wp\/v2\/users\/2"}],"replies":[{"embeddable":true,"href":"https:\/\/blogdoere.com.br\/index.php?rest_route=%2Fwp%2Fv2%2Fcomments&post=26300"}],"version-history":[{"count":0,"href":"https:\/\/blogdoere.com.br\/index.php?rest_route=\/wp\/v2\/posts\/26300\/revisions"}],"wp:attachment":[{"href":"https:\/\/blogdoere.com.br\/index.php?rest_route=%2Fwp%2Fv2%2Fmedia&parent=26300"}],"wp:term":[{"taxonomy":"category","embeddable":true,"href":"https:\/\/blogdoere.com.br\/index.php?rest_route=%2Fwp%2Fv2%2Fcategories&post=26300"},{"taxonomy":"post_tag","embeddable":true,"href":"https:\/\/blogdoere.com.br\/index.php?rest_route=%2Fwp%2Fv2%2Ftags&post=26300"}],"curies":[{"name":"wp","href":"https:\/\/api.w.org\/{rel}","templated":true}]}}