{"id":26303,"date":"2015-08-03T01:58:00","date_gmt":"2015-08-03T01:58:00","guid":{"rendered":"http:\/\/blogdoere.com.br\/?p=26303"},"modified":"2015-08-03T01:58:00","modified_gmt":"2015-08-03T01:58:00","slug":"itajuipe-15o-congresso-cultural-capoeira-escola-movimenta-a-cidade","status":"publish","type":"post","link":"https:\/\/blogdoere.com.br\/?p=26303","title":{"rendered":"ITAJU\u00cdPE: 15\u00ba CONGRESSO CULTURAL CAPOEIRA ESCOLA MOVIMENTA A CIDADE."},"content":{"rendered":"<div style=\"text-align: center;\"><span style=\"background: white; color: #141823; font-family: &quot;Arial&quot;,&quot;sans-serif&quot;; font-size: 10.5pt; line-height: 115%;\"><img decoding=\"async\" height=\"305\" src=\"https:\/\/fbcdn-sphotos-c-a.akamaihd.net\/hphotos-ak-xta1\/v\/t1.0-9\/11228111_1030093360335854_16699531791382538_n.jpg?oh=34661b0f8bf856c6332e02fa50023966&amp;oe=56383989&amp;__gda__=1448376759_c963a7ed85436bbe5f9d2dcbf9240f51\" width=\"400\" \/><\/span><\/div>\n<div style=\"text-align: justify;\"><span style=\"background: white; color: #141823; font-family: &quot;Arial&quot;,&quot;sans-serif&quot;; font-size: 10.5pt; line-height: 115%;\"><br \/><\/span><\/div>\n<div style=\"text-align: justify;\">\n<div><span style=\"font-family: &quot;Arial&quot;,&quot;sans-serif&quot;; font-size: 12.0pt; line-height: 115%;\">Aconteceu neste domingo (02), ao som do berimbau, pandeiro, atabaque e muita ginga no sal\u00e3o paroquial da igreja cat\u00f3lica, o 15\u00b0 Congresso Cultural Capoeira Escola. O evento realizado pela ONG CAES (Capoeira Escola), movimentou a cidade. Palestras sobre o tema; batizados e troca de cord\u00f5es envolveram capoeiristas de v\u00e1rios munic\u00edpios. O idealizador-coordenador do projeto, contra mestre L\u00e9o da Capoeira ao lado do Mestre Barreto (foto) destacou a import\u00e2ncia da capoeira como patrim\u00f4nio cultural do povo brasileiro. Segundo L\u00e9o, a capoeira torna-se, instrumento de inclus\u00e3o social em combina\u00e7\u00e3o com a educa\u00e7\u00e3o. &#8220;Desde seu surgimento no Brasil, a capoeira vem quebrando preconceitos, se firmando nos bancos das universidades, pois \u00e9 uma das exig\u00eancias para quem cursa educa\u00e7\u00e3o f\u00edsica, conhecer a manifesta\u00e7\u00e3o da cultura afro-brasileira, praticada em v\u00e1rios pa\u00edses&#8221;. &#8211; Destacou L\u00e9o, que agradeceu o apoio do ex-jogador de futebol, empres\u00e1rio Marcone Amaral presente no evento.<o:p><\/o:p><\/span><\/div>\n<\/div>\n<div style=\"text-align: justify;\"><span><br \/><\/span><\/div>\n<div style=\"text-align: justify;\"><span><br \/><\/span><\/div>\n<div style=\"text-align: center;\"><span><img decoding=\"async\" height=\"224\" src=\"https:\/\/scontent-gru1-1.xx.fbcdn.net\/hphotos-xpa1\/v\/t1.0-9\/11229284_1030093437002513_1391526800350047563_n.jpg?oh=5d962c5348f1368631a0350291c8ac0d&amp;oe=5655F1A0\" width=\"400\" \/><\/span><\/div>\n","protected":false},"excerpt":{"rendered":"<p>Aconteceu neste domingo (02), ao som do berimbau, pandeiro, atabaque e muita ginga no sal\u00e3o paroquial da igreja cat\u00f3lica, o 15\u00b0 Congresso Cultural Capoeira Escola. O evento realizado pela ONG&#8230;<\/p>\n","protected":false},"author":2,"featured_media":0,"comment_status":"open","ping_status":"open","sticky":false,"template":"","format":"standard","meta":{"_editorskit_title_hidden":false,"_editorskit_reading_time":0,"_editorskit_is_block_options_detached":false,"_editorskit_block_options_position":"{}","om_disable_all_campaigns":false,"_mi_skip_tracking":false,"_kad_post_transparent":"","_kad_post_title":"","_kad_post_layout":"","_kad_post_sidebar_id":"","_kad_post_content_style":"","_kad_post_vertical_padding":"","_kad_post_feature":"","_kad_post_feature_position":"","_kad_post_header":false,"_kad_post_footer":false,"footnotes":""},"categories":[1],"tags":[],"class_list":["post-26303","post","type-post","status-publish","format-standard","hentry","category-destaques"],"yoast_head":"<!-- This site is optimized with the Yoast SEO plugin v20.5 - https:\/\/yoast.com\/wordpress\/plugins\/seo\/ -->\n<title>ITAJU\u00cdPE: 15\u00ba CONGRESSO CULTURAL CAPOEIRA ESCOLA MOVIMENTA A CIDADE. - blog do er\u00ea<\/title>\n<meta name=\"robots\" content=\"index, follow, max-snippet:-1, max-image-preview:large, max-video-preview:-1\" \/>\n<link rel=\"canonical\" href=\"https:\/\/blogdoere.com.br\/?p=26303\" \/>\n<meta property=\"og:locale\" content=\"pt_PT\" \/>\n<meta property=\"og:type\" content=\"article\" \/>\n<meta property=\"og:title\" content=\"ITAJU\u00cdPE: 15\u00ba CONGRESSO CULTURAL CAPOEIRA ESCOLA MOVIMENTA A CIDADE. - blog do er\u00ea\" \/>\n<meta property=\"og:description\" content=\"Aconteceu neste domingo (02), ao som do berimbau, pandeiro, atabaque e muita ginga no sal\u00e3o paroquial da igreja cat\u00f3lica, o 15\u00b0 Congresso Cultural Capoeira Escola. O evento realizado pela ONG...\" \/>\n<meta property=\"og:url\" content=\"https:\/\/blogdoere.com.br\/?p=26303\" \/>\n<meta property=\"og:site_name\" content=\"blog do er\u00ea\" \/>\n<meta property=\"article:published_time\" content=\"2015-08-03T01:58:00+00:00\" \/>\n<meta property=\"og:image\" content=\"https:\/\/fbcdn-sphotos-c-a.akamaihd.net\/hphotos-ak-xta1\/v\/t1.0-9\/11228111_1030093360335854_16699531791382538_n.jpg?oh=34661b0f8bf856c6332e02fa50023966&amp;oe=56383989&amp;__gda__=1448376759_c963a7ed85436bbe5f9d2dcbf9240f51\" \/>\n<meta name=\"author\" content=\"Ere\" \/>\n<meta name=\"twitter:card\" content=\"summary_large_image\" \/>\n<meta name=\"twitter:label1\" content=\"Escrito por\" \/>\n\t<meta name=\"twitter:data1\" content=\"Ere\" \/>\n\t<meta name=\"twitter:label2\" content=\"Tempo estimado de leitura\" \/>\n\t<meta name=\"twitter:data2\" content=\"1 minuto\" \/>\n<script type=\"application\/ld+json\" class=\"yoast-schema-graph\">{\"@context\":\"https:\/\/schema.org\",\"@graph\":[{\"@type\":\"Article\",\"@id\":\"https:\/\/blogdoere.com.br\/?p=26303#article\",\"isPartOf\":{\"@id\":\"https:\/\/blogdoere.com.br\/?p=26303\"},\"author\":{\"name\":\"Ere\",\"@id\":\"https:\/\/blogdoere.com.br\/#\/schema\/person\/4b56ed2336cb28ae3415ce8ffe56742e\"},\"headline\":\"ITAJU\u00cdPE: 15\u00ba CONGRESSO CULTURAL CAPOEIRA ESCOLA MOVIMENTA A CIDADE.\",\"datePublished\":\"2015-08-03T01:58:00+00:00\",\"dateModified\":\"2015-08-03T01:58:00+00:00\",\"mainEntityOfPage\":{\"@id\":\"https:\/\/blogdoere.com.br\/?p=26303\"},\"wordCount\":169,\"commentCount\":0,\"publisher\":{\"@id\":\"https:\/\/blogdoere.com.br\/#organization\"},\"articleSection\":[\"Destaques\"],\"inLanguage\":\"pt-PT\",\"potentialAction\":[{\"@type\":\"CommentAction\",\"name\":\"Comment\",\"target\":[\"https:\/\/blogdoere.com.br\/?p=26303#respond\"]}]},{\"@type\":\"WebPage\",\"@id\":\"https:\/\/blogdoere.com.br\/?p=26303\",\"url\":\"https:\/\/blogdoere.com.br\/?p=26303\",\"name\":\"ITAJU\u00cdPE: 15\u00ba CONGRESSO CULTURAL CAPOEIRA ESCOLA MOVIMENTA A CIDADE. - blog do er\u00ea\",\"isPartOf\":{\"@id\":\"https:\/\/blogdoere.com.br\/#website\"},\"datePublished\":\"2015-08-03T01:58:00+00:00\",\"dateModified\":\"2015-08-03T01:58:00+00:00\",\"breadcrumb\":{\"@id\":\"https:\/\/blogdoere.com.br\/?p=26303#breadcrumb\"},\"inLanguage\":\"pt-PT\",\"potentialAction\":[{\"@type\":\"ReadAction\",\"target\":[\"https:\/\/blogdoere.com.br\/?p=26303\"]}]},{\"@type\":\"BreadcrumbList\",\"@id\":\"https:\/\/blogdoere.com.br\/?p=26303#breadcrumb\",\"itemListElement\":[{\"@type\":\"ListItem\",\"position\":1,\"name\":\"In\u00edcio\",\"item\":\"https:\/\/blogdoere.com.br\/\"},{\"@type\":\"ListItem\",\"position\":2,\"name\":\"ITAJU\u00cdPE: 15\u00ba CONGRESSO CULTURAL CAPOEIRA ESCOLA MOVIMENTA A CIDADE.\"}]},{\"@type\":\"WebSite\",\"@id\":\"https:\/\/blogdoere.com.br\/#website\",\"url\":\"https:\/\/blogdoere.com.br\/\",\"name\":\"blog do er\u00ea\",\"description\":\"\",\"publisher\":{\"@id\":\"https:\/\/blogdoere.com.br\/#organization\"},\"potentialAction\":[{\"@type\":\"SearchAction\",\"target\":{\"@type\":\"EntryPoint\",\"urlTemplate\":\"https:\/\/blogdoere.com.br\/?s={search_term_string}\"},\"query-input\":\"required name=search_term_string\"}],\"inLanguage\":\"pt-PT\"},{\"@type\":\"Organization\",\"@id\":\"https:\/\/blogdoere.com.br\/#organization\",\"name\":\"Blog do Er\u00ea\",\"url\":\"https:\/\/blogdoere.com.br\/\",\"logo\":{\"@type\":\"ImageObject\",\"inLanguage\":\"pt-PT\",\"@id\":\"https:\/\/blogdoere.com.br\/#\/schema\/logo\/image\/\",\"url\":\"https:\/\/blogdoere.com.br\/wp-content\/uploads\/2021\/11\/Logo-Ere-1.png\",\"contentUrl\":\"https:\/\/blogdoere.com.br\/wp-content\/uploads\/2021\/11\/Logo-Ere-1.png\",\"width\":1261,\"height\":1330,\"caption\":\"Blog do Er\u00ea\"},\"image\":{\"@id\":\"https:\/\/blogdoere.com.br\/#\/schema\/logo\/image\/\"}},{\"@type\":\"Person\",\"@id\":\"https:\/\/blogdoere.com.br\/#\/schema\/person\/4b56ed2336cb28ae3415ce8ffe56742e\",\"name\":\"Ere\",\"image\":{\"@type\":\"ImageObject\",\"inLanguage\":\"pt-PT\",\"@id\":\"https:\/\/blogdoere.com.br\/#\/schema\/person\/image\/\",\"url\":\"https:\/\/secure.gravatar.com\/avatar\/?s=96&d=mm&r=g\",\"contentUrl\":\"https:\/\/secure.gravatar.com\/avatar\/?s=96&d=mm&r=g\",\"caption\":\"Ere\"}}]}<\/script>\n<!-- \/ Yoast SEO plugin. -->","yoast_head_json":{"title":"ITAJU\u00cdPE: 15\u00ba CONGRESSO CULTURAL CAPOEIRA ESCOLA MOVIMENTA A CIDADE. - blog do er\u00ea","robots":{"index":"index","follow":"follow","max-snippet":"max-snippet:-1","max-image-preview":"max-image-preview:large","max-video-preview":"max-video-preview:-1"},"canonical":"https:\/\/blogdoere.com.br\/?p=26303","og_locale":"pt_PT","og_type":"article","og_title":"ITAJU\u00cdPE: 15\u00ba CONGRESSO CULTURAL CAPOEIRA ESCOLA MOVIMENTA A CIDADE. - blog do er\u00ea","og_description":"Aconteceu neste domingo (02), ao som do berimbau, pandeiro, atabaque e muita ginga no sal\u00e3o paroquial da igreja cat\u00f3lica, o 15\u00b0 Congresso Cultural Capoeira Escola. O evento realizado pela ONG...","og_url":"https:\/\/blogdoere.com.br\/?p=26303","og_site_name":"blog do er\u00ea","article_published_time":"2015-08-03T01:58:00+00:00","og_image":[{"url":"https:\/\/fbcdn-sphotos-c-a.akamaihd.net\/hphotos-ak-xta1\/v\/t1.0-9\/11228111_1030093360335854_16699531791382538_n.jpg?oh=34661b0f8bf856c6332e02fa50023966&amp;oe=56383989&amp;__gda__=1448376759_c963a7ed85436bbe5f9d2dcbf9240f51"}],"author":"Ere","twitter_card":"summary_large_image","twitter_misc":{"Escrito por":"Ere","Tempo estimado de leitura":"1 minuto"},"schema":{"@context":"https:\/\/schema.org","@graph":[{"@type":"Article","@id":"https:\/\/blogdoere.com.br\/?p=26303#article","isPartOf":{"@id":"https:\/\/blogdoere.com.br\/?p=26303"},"author":{"name":"Ere","@id":"https:\/\/blogdoere.com.br\/#\/schema\/person\/4b56ed2336cb28ae3415ce8ffe56742e"},"headline":"ITAJU\u00cdPE: 15\u00ba CONGRESSO CULTURAL CAPOEIRA ESCOLA MOVIMENTA A CIDADE.","datePublished":"2015-08-03T01:58:00+00:00","dateModified":"2015-08-03T01:58:00+00:00","mainEntityOfPage":{"@id":"https:\/\/blogdoere.com.br\/?p=26303"},"wordCount":169,"commentCount":0,"publisher":{"@id":"https:\/\/blogdoere.com.br\/#organization"},"articleSection":["Destaques"],"inLanguage":"pt-PT","potentialAction":[{"@type":"CommentAction","name":"Comment","target":["https:\/\/blogdoere.com.br\/?p=26303#respond"]}]},{"@type":"WebPage","@id":"https:\/\/blogdoere.com.br\/?p=26303","url":"https:\/\/blogdoere.com.br\/?p=26303","name":"ITAJU\u00cdPE: 15\u00ba CONGRESSO CULTURAL CAPOEIRA ESCOLA MOVIMENTA A CIDADE. - blog do er\u00ea","isPartOf":{"@id":"https:\/\/blogdoere.com.br\/#website"},"datePublished":"2015-08-03T01:58:00+00:00","dateModified":"2015-08-03T01:58:00+00:00","breadcrumb":{"@id":"https:\/\/blogdoere.com.br\/?p=26303#breadcrumb"},"inLanguage":"pt-PT","potentialAction":[{"@type":"ReadAction","target":["https:\/\/blogdoere.com.br\/?p=26303"]}]},{"@type":"BreadcrumbList","@id":"https:\/\/blogdoere.com.br\/?p=26303#breadcrumb","itemListElement":[{"@type":"ListItem","position":1,"name":"In\u00edcio","item":"https:\/\/blogdoere.com.br\/"},{"@type":"ListItem","position":2,"name":"ITAJU\u00cdPE: 15\u00ba CONGRESSO CULTURAL CAPOEIRA ESCOLA MOVIMENTA A CIDADE."}]},{"@type":"WebSite","@id":"https:\/\/blogdoere.com.br\/#website","url":"https:\/\/blogdoere.com.br\/","name":"blog do er\u00ea","description":"","publisher":{"@id":"https:\/\/blogdoere.com.br\/#organization"},"potentialAction":[{"@type":"SearchAction","target":{"@type":"EntryPoint","urlTemplate":"https:\/\/blogdoere.com.br\/?s={search_term_string}"},"query-input":"required name=search_term_string"}],"inLanguage":"pt-PT"},{"@type":"Organization","@id":"https:\/\/blogdoere.com.br\/#organization","name":"Blog do Er\u00ea","url":"https:\/\/blogdoere.com.br\/","logo":{"@type":"ImageObject","inLanguage":"pt-PT","@id":"https:\/\/blogdoere.com.br\/#\/schema\/logo\/image\/","url":"https:\/\/blogdoere.com.br\/wp-content\/uploads\/2021\/11\/Logo-Ere-1.png","contentUrl":"https:\/\/blogdoere.com.br\/wp-content\/uploads\/2021\/11\/Logo-Ere-1.png","width":1261,"height":1330,"caption":"Blog do Er\u00ea"},"image":{"@id":"https:\/\/blogdoere.com.br\/#\/schema\/logo\/image\/"}},{"@type":"Person","@id":"https:\/\/blogdoere.com.br\/#\/schema\/person\/4b56ed2336cb28ae3415ce8ffe56742e","name":"Ere","image":{"@type":"ImageObject","inLanguage":"pt-PT","@id":"https:\/\/blogdoere.com.br\/#\/schema\/person\/image\/","url":"https:\/\/secure.gravatar.com\/avatar\/?s=96&d=mm&r=g","contentUrl":"https:\/\/secure.gravatar.com\/avatar\/?s=96&d=mm&r=g","caption":"Ere"}}]}},"featured_image_urls":{"full":"","thumbnail":"","medium":"","medium_large":"","large":"","1536x1536":"","2048x2048":""},"author_info":{"display_name":"Ere","author_link":"https:\/\/blogdoere.com.br\/?author=2"},"category_info":"<a href=\"https:\/\/blogdoere.com.br\/?cat=1\" rel=\"category\">Destaques<\/a>","tag_info":"Destaques","comment_count":"0","_links":{"self":[{"href":"https:\/\/blogdoere.com.br\/index.php?rest_route=\/wp\/v2\/posts\/26303","targetHints":{"allow":["GET"]}}],"collection":[{"href":"https:\/\/blogdoere.com.br\/index.php?rest_route=\/wp\/v2\/posts"}],"about":[{"href":"https:\/\/blogdoere.com.br\/index.php?rest_route=\/wp\/v2\/types\/post"}],"author":[{"embeddable":true,"href":"https:\/\/blogdoere.com.br\/index.php?rest_route=\/wp\/v2\/users\/2"}],"replies":[{"embeddable":true,"href":"https:\/\/blogdoere.com.br\/index.php?rest_route=%2Fwp%2Fv2%2Fcomments&post=26303"}],"version-history":[{"count":0,"href":"https:\/\/blogdoere.com.br\/index.php?rest_route=\/wp\/v2\/posts\/26303\/revisions"}],"wp:attachment":[{"href":"https:\/\/blogdoere.com.br\/index.php?rest_route=%2Fwp%2Fv2%2Fmedia&parent=26303"}],"wp:term":[{"taxonomy":"category","embeddable":true,"href":"https:\/\/blogdoere.com.br\/index.php?rest_route=%2Fwp%2Fv2%2Fcategories&post=26303"},{"taxonomy":"post_tag","embeddable":true,"href":"https:\/\/blogdoere.com.br\/index.php?rest_route=%2Fwp%2Fv2%2Ftags&post=26303"}],"curies":[{"name":"wp","href":"https:\/\/api.w.org\/{rel}","templated":true}]}}