{"id":26305,"date":"2015-07-27T13:38:00","date_gmt":"2015-07-27T13:38:00","guid":{"rendered":"http:\/\/blogdoere.com.br\/?p=26305"},"modified":"2015-07-27T13:38:00","modified_gmt":"2015-07-27T13:38:00","slug":"sul-da-bahia-respeito-e-dialogo-reinaram-em-encontro-da-ufsb","status":"publish","type":"post","link":"https:\/\/blogdoere.com.br\/?p=26305","title":{"rendered":"SUL DA BAHIA: RESPEITO E DI\u00c1LOGO REINARAM EM ENCONTRO DA UFSB."},"content":{"rendered":"<div style=\"background-color: white; color: #444444; font-family: Calibri, sans-serif; font-size: 15px; line-height: 21.2999992370605px; margin-bottom: 1.35em; text-align: justify;\"><span style=\"font-family: Arial, sans-serif; font-size: 12pt; line-height: 22.7199993133545px;\"><br \/><\/span><\/div>\n<div style=\"clear: both; text-align: center;\"><a href=\"http:\/\/2.bp.blogspot.com\/-_F5SDjSGDTA\/VbY0G4p7ZkI\/AAAAAAAAFzU\/zHCMXNDpIYc\/s1600\/indio%2Bufsb.jpg\" style=\"margin-left: 1em; margin-right: 1em;\"><img decoding=\"async\" border=\"0\" height=\"267\" src=\"http:\/\/2.bp.blogspot.com\/-_F5SDjSGDTA\/VbY0G4p7ZkI\/AAAAAAAAFzU\/zHCMXNDpIYc\/s320\/indio%2Bufsb.jpg\" width=\"320\" \/><\/a><\/div>\n<div style=\"background-color: white; color: #444444; font-family: Calibri, sans-serif; font-size: 15px; line-height: 21.2999992370605px; margin-bottom: 1.35em; text-align: justify;\"><\/div>\n<div style=\"background-color: white; color: #444444; font-family: Calibri, sans-serif; font-size: 15px; line-height: 21.2999992370605px; margin-bottom: 1.35em; text-align: justify;\"><span style=\"font-family: Arial, sans-serif; font-size: 12pt; line-height: 22.7199993133545px;\">Com mais de 800 inscritos, o Encontro Regional de Itabuna do I F\u00f3rum Social da UFSB foi mais que um sucesso de p\u00fablico: foi um espa\u00e7o de debate, di\u00e1logo e, acima de tudo, respeito. &nbsp;O local contou com a presen\u00e7a de diversos segmentos da sociedade, dentre eles, prefeitos, \u00edndios, representantes dos sem-terra, organiza\u00e7\u00f5es religiosas, empres\u00e1rios e estudantes.<\/span><\/div>\n<div style=\"background-color: white; color: #444444; font-family: Calibri, sans-serif; font-size: 15px; line-height: 21.2999992370605px; margin-bottom: 1.35em; text-align: justify;\"><span style=\"font-family: Arial, sans-serif; font-size: 12pt; line-height: 22.7199993133545px;\">A sexta-feira (24\/07) foi marcada por uma mesa redonda falando sobre Universidade e Sociedade em Di\u00e1logo: diversidades, inclus\u00e3o e equidade. Em uma de suas falas, o reitor Naomar Almeida disse que a UFSB: \u201cQuer se constituir como uma Institui\u00e7\u00e3o de conhecimento organizadamente incorporada aos processos sociais e pol\u00edticos desse territ\u00f3rio\u201d, demonstrando o interesse da universidade em fazer parte da sociedade e do desenvolvimento regional.<\/span><\/div>\n<div style=\"background-color: white; color: #444444; font-family: Calibri, sans-serif; font-size: 15px; line-height: 21.2999992370605px; margin-bottom: 1.35em; text-align: justify;\"><span style=\"font-family: Arial, sans-serif; font-size: 12pt; line-height: 22.7199993133545px;\">&nbsp;<\/span><span style=\"font-family: Arial, sans-serif; font-size: 12pt; line-height: 22.7199993133545px;\">\u00c0 tarde, foram realizadas oficinas, rodas de di\u00e1logo e atividades auto-gestionadas dos segmentos sociais que puderam se reunir em grupos e eleger seus principais pontos de reivindica\u00e7\u00e3o e apresent\u00e1-los a todos os presentes. Depois, foram realizadas audi\u00eancias p\u00fablicas sobre os cursos de 2\u00ba e 3\u00ba ciclos, ado\u00e7\u00e3o do nome social na UFSB, projeto arquitet\u00f4nico e urban\u00edstico do<\/span><span style=\"font-family: Arial, sans-serif; font-size: 12pt; line-height: 22.7199993133545px;\">&nbsp;<\/span><i style=\"font-family: Arial, sans-serif; font-size: 12pt; line-height: 22.7199993133545px;\">campus<\/i><span style=\"font-family: Arial, sans-serif; font-size: 12pt; line-height: 22.7199993133545px;\">&nbsp;<\/span><span style=\"font-family: Arial, sans-serif; font-size: 12pt; line-height: 22.7199993133545px;\">Jorge Amado e programa interdisciplinar de forma\u00e7\u00e3o de professores na \u00e1rea da educa\u00e7\u00e3o b\u00e1sica. Todas as atividades contaram com a int\u00e9rprete de libras Helen Oliveira, que auxiliou alguns participantes.<\/span><\/div>\n<div style=\"background-color: white; color: #444444; font-family: Calibri, sans-serif; font-size: 15px; line-height: 21.2999992370605px; margin-bottom: 1.35em; text-align: justify;\"><span style=\"font-family: Arial, sans-serif; font-size: 12pt; line-height: 22.7199993133545px;\">&nbsp;<\/span><span style=\"font-family: Arial, sans-serif; font-size: 12pt; line-height: 22.7199993133545px;\">No dia 25\/07 (s\u00e1bado), o dia foi iniciado com confer\u00eancias-di\u00e1logos, divididos em dois audit\u00f3rios: um com o tema \u201cDesenvolvimento regional e sustentabilidade: \u00e1guas, Mata Atl\u00e2ntica e empreendedorismo de impacto; e o segundo, com a tem\u00e1tica \u201cRios: saneamento e gest\u00e3o de bacias hidrogr\u00e1ficas\u201d. Foram convidados para participar deste momento, representantes de diversas \u00e1reas e diferentes pontos de vista para um debate com o p\u00fablico sobre os temas propostos. \u00c0 tarde, houve a continua\u00e7\u00e3o das oficias , exibi\u00e7\u00e3o de filmes e roda de conversa.<\/span><\/div>\n<div style=\"background-color: white; color: #444444; font-family: Calibri, sans-serif; font-size: 15px; line-height: 21.2999992370605px; margin-bottom: 1.35em; text-align: justify;\"><span style=\"font-family: Arial, sans-serif; font-size: 12pt; line-height: 22.7199993133545px;\">&nbsp;<\/span><span style=\"font-family: Arial, sans-serif; font-size: 12pt; line-height: 22.7199993133545px;\">Agora, a UFSB conta com a participa\u00e7\u00e3o da popula\u00e7\u00e3o para as pr\u00f3ximas etapas que ser\u00e3o realizadas em Teixeira de Freitas, dias 31 de julho e 1\u00ba de agosto, na Apoio \u2013 Centro<\/span><span style=\"font-family: Arial, sans-serif; font-size: 12pt; line-height: 22.7199993133545px;\">&nbsp;<\/span><span style=\"background-attachment: initial; background-clip: initial; background-image: initial; background-origin: initial; background-position: initial; background-repeat: initial; background-size: initial; font-family: Arial, sans-serif; font-size: 12pt; line-height: 22.7199993133545px;\">de Aperfei\u00e7oamento Profissional; e em Porto Seguro nos dias 07 e 08 de agosto no Centro de Conven\u00e7\u00f5es.<a href=\"http:\/\/www.ufsb.edu.br\/\">Mais informa\u00e7\u00f5es e inscri\u00e7\u00f5es aqui<\/a><\/span><\/div>\n<div style=\"background-color: white; color: #444444; font-family: Calibri, sans-serif; font-size: 15px; line-height: 21.2999992370605px; margin-bottom: 1.35em; text-align: justify;\"><\/div>\n","protected":false},"excerpt":{"rendered":"<p>Com mais de 800 inscritos, o Encontro Regional de Itabuna do I F\u00f3rum Social da UFSB foi mais que um sucesso de p\u00fablico: foi um espa\u00e7o de debate, di\u00e1logo e,&#8230;<\/p>\n","protected":false},"author":2,"featured_media":0,"comment_status":"open","ping_status":"open","sticky":false,"template":"","format":"standard","meta":{"_editorskit_title_hidden":false,"_editorskit_reading_time":0,"_editorskit_is_block_options_detached":false,"_editorskit_block_options_position":"{}","om_disable_all_campaigns":false,"_mi_skip_tracking":false,"_kad_post_transparent":"","_kad_post_title":"","_kad_post_layout":"","_kad_post_sidebar_id":"","_kad_post_content_style":"","_kad_post_vertical_padding":"","_kad_post_feature":"","_kad_post_feature_position":"","_kad_post_header":false,"_kad_post_footer":false,"footnotes":""},"categories":[1],"tags":[],"class_list":["post-26305","post","type-post","status-publish","format-standard","hentry","category-destaques"],"yoast_head":"<!-- This site is optimized with the Yoast SEO plugin v20.5 - https:\/\/yoast.com\/wordpress\/plugins\/seo\/ -->\n<title>SUL DA BAHIA: RESPEITO E DI\u00c1LOGO REINARAM EM ENCONTRO DA UFSB. - blog do er\u00ea<\/title>\n<meta name=\"robots\" content=\"index, follow, max-snippet:-1, max-image-preview:large, max-video-preview:-1\" \/>\n<link rel=\"canonical\" href=\"https:\/\/blogdoere.com.br\/?p=26305\" \/>\n<meta property=\"og:locale\" content=\"pt_PT\" \/>\n<meta property=\"og:type\" content=\"article\" \/>\n<meta property=\"og:title\" content=\"SUL DA BAHIA: RESPEITO E DI\u00c1LOGO REINARAM EM ENCONTRO DA UFSB. - blog do er\u00ea\" \/>\n<meta property=\"og:description\" content=\"Com mais de 800 inscritos, o Encontro Regional de Itabuna do I F\u00f3rum Social da UFSB foi mais que um sucesso de p\u00fablico: foi um espa\u00e7o de debate, di\u00e1logo e,...\" \/>\n<meta property=\"og:url\" content=\"https:\/\/blogdoere.com.br\/?p=26305\" \/>\n<meta property=\"og:site_name\" content=\"blog do er\u00ea\" \/>\n<meta property=\"article:published_time\" content=\"2015-07-27T13:38:00+00:00\" \/>\n<meta property=\"og:image\" content=\"http:\/\/2.bp.blogspot.com\/-_F5SDjSGDTA\/VbY0G4p7ZkI\/AAAAAAAAFzU\/zHCMXNDpIYc\/s320\/indio%2Bufsb.jpg\" \/>\n<meta name=\"author\" content=\"Ere\" \/>\n<meta name=\"twitter:card\" content=\"summary_large_image\" \/>\n<meta name=\"twitter:label1\" content=\"Escrito por\" \/>\n\t<meta name=\"twitter:data1\" content=\"Ere\" \/>\n\t<meta name=\"twitter:label2\" content=\"Tempo estimado de leitura\" \/>\n\t<meta name=\"twitter:data2\" content=\"2 minutos\" \/>\n<script type=\"application\/ld+json\" class=\"yoast-schema-graph\">{\"@context\":\"https:\/\/schema.org\",\"@graph\":[{\"@type\":\"Article\",\"@id\":\"https:\/\/blogdoere.com.br\/?p=26305#article\",\"isPartOf\":{\"@id\":\"https:\/\/blogdoere.com.br\/?p=26305\"},\"author\":{\"name\":\"Ere\",\"@id\":\"https:\/\/blogdoere.com.br\/#\/schema\/person\/4b56ed2336cb28ae3415ce8ffe56742e\"},\"headline\":\"SUL DA BAHIA: RESPEITO E DI\u00c1LOGO REINARAM EM ENCONTRO DA UFSB.\",\"datePublished\":\"2015-07-27T13:38:00+00:00\",\"dateModified\":\"2015-07-27T13:38:00+00:00\",\"mainEntityOfPage\":{\"@id\":\"https:\/\/blogdoere.com.br\/?p=26305\"},\"wordCount\":394,\"commentCount\":0,\"publisher\":{\"@id\":\"https:\/\/blogdoere.com.br\/#organization\"},\"articleSection\":[\"Destaques\"],\"inLanguage\":\"pt-PT\",\"potentialAction\":[{\"@type\":\"CommentAction\",\"name\":\"Comment\",\"target\":[\"https:\/\/blogdoere.com.br\/?p=26305#respond\"]}]},{\"@type\":\"WebPage\",\"@id\":\"https:\/\/blogdoere.com.br\/?p=26305\",\"url\":\"https:\/\/blogdoere.com.br\/?p=26305\",\"name\":\"SUL DA BAHIA: RESPEITO E DI\u00c1LOGO REINARAM EM ENCONTRO DA UFSB. - blog do er\u00ea\",\"isPartOf\":{\"@id\":\"https:\/\/blogdoere.com.br\/#website\"},\"datePublished\":\"2015-07-27T13:38:00+00:00\",\"dateModified\":\"2015-07-27T13:38:00+00:00\",\"breadcrumb\":{\"@id\":\"https:\/\/blogdoere.com.br\/?p=26305#breadcrumb\"},\"inLanguage\":\"pt-PT\",\"potentialAction\":[{\"@type\":\"ReadAction\",\"target\":[\"https:\/\/blogdoere.com.br\/?p=26305\"]}]},{\"@type\":\"BreadcrumbList\",\"@id\":\"https:\/\/blogdoere.com.br\/?p=26305#breadcrumb\",\"itemListElement\":[{\"@type\":\"ListItem\",\"position\":1,\"name\":\"In\u00edcio\",\"item\":\"https:\/\/blogdoere.com.br\/\"},{\"@type\":\"ListItem\",\"position\":2,\"name\":\"SUL DA BAHIA: RESPEITO E DI\u00c1LOGO REINARAM EM ENCONTRO DA UFSB.\"}]},{\"@type\":\"WebSite\",\"@id\":\"https:\/\/blogdoere.com.br\/#website\",\"url\":\"https:\/\/blogdoere.com.br\/\",\"name\":\"blog do er\u00ea\",\"description\":\"\",\"publisher\":{\"@id\":\"https:\/\/blogdoere.com.br\/#organization\"},\"potentialAction\":[{\"@type\":\"SearchAction\",\"target\":{\"@type\":\"EntryPoint\",\"urlTemplate\":\"https:\/\/blogdoere.com.br\/?s={search_term_string}\"},\"query-input\":\"required name=search_term_string\"}],\"inLanguage\":\"pt-PT\"},{\"@type\":\"Organization\",\"@id\":\"https:\/\/blogdoere.com.br\/#organization\",\"name\":\"Blog do Er\u00ea\",\"url\":\"https:\/\/blogdoere.com.br\/\",\"logo\":{\"@type\":\"ImageObject\",\"inLanguage\":\"pt-PT\",\"@id\":\"https:\/\/blogdoere.com.br\/#\/schema\/logo\/image\/\",\"url\":\"https:\/\/blogdoere.com.br\/wp-content\/uploads\/2021\/11\/Logo-Ere-1.png\",\"contentUrl\":\"https:\/\/blogdoere.com.br\/wp-content\/uploads\/2021\/11\/Logo-Ere-1.png\",\"width\":1261,\"height\":1330,\"caption\":\"Blog do Er\u00ea\"},\"image\":{\"@id\":\"https:\/\/blogdoere.com.br\/#\/schema\/logo\/image\/\"}},{\"@type\":\"Person\",\"@id\":\"https:\/\/blogdoere.com.br\/#\/schema\/person\/4b56ed2336cb28ae3415ce8ffe56742e\",\"name\":\"Ere\",\"image\":{\"@type\":\"ImageObject\",\"inLanguage\":\"pt-PT\",\"@id\":\"https:\/\/blogdoere.com.br\/#\/schema\/person\/image\/\",\"url\":\"https:\/\/secure.gravatar.com\/avatar\/?s=96&d=mm&r=g\",\"contentUrl\":\"https:\/\/secure.gravatar.com\/avatar\/?s=96&d=mm&r=g\",\"caption\":\"Ere\"}}]}<\/script>\n<!-- \/ Yoast SEO plugin. -->","yoast_head_json":{"title":"SUL DA BAHIA: RESPEITO E DI\u00c1LOGO REINARAM EM ENCONTRO DA UFSB. - blog do er\u00ea","robots":{"index":"index","follow":"follow","max-snippet":"max-snippet:-1","max-image-preview":"max-image-preview:large","max-video-preview":"max-video-preview:-1"},"canonical":"https:\/\/blogdoere.com.br\/?p=26305","og_locale":"pt_PT","og_type":"article","og_title":"SUL DA BAHIA: RESPEITO E DI\u00c1LOGO REINARAM EM ENCONTRO DA UFSB. - blog do er\u00ea","og_description":"Com mais de 800 inscritos, o Encontro Regional de Itabuna do I F\u00f3rum Social da UFSB foi mais que um sucesso de p\u00fablico: foi um espa\u00e7o de debate, di\u00e1logo e,...","og_url":"https:\/\/blogdoere.com.br\/?p=26305","og_site_name":"blog do er\u00ea","article_published_time":"2015-07-27T13:38:00+00:00","og_image":[{"url":"http:\/\/2.bp.blogspot.com\/-_F5SDjSGDTA\/VbY0G4p7ZkI\/AAAAAAAAFzU\/zHCMXNDpIYc\/s320\/indio%2Bufsb.jpg"}],"author":"Ere","twitter_card":"summary_large_image","twitter_misc":{"Escrito por":"Ere","Tempo estimado de leitura":"2 minutos"},"schema":{"@context":"https:\/\/schema.org","@graph":[{"@type":"Article","@id":"https:\/\/blogdoere.com.br\/?p=26305#article","isPartOf":{"@id":"https:\/\/blogdoere.com.br\/?p=26305"},"author":{"name":"Ere","@id":"https:\/\/blogdoere.com.br\/#\/schema\/person\/4b56ed2336cb28ae3415ce8ffe56742e"},"headline":"SUL DA BAHIA: RESPEITO E DI\u00c1LOGO REINARAM EM ENCONTRO DA UFSB.","datePublished":"2015-07-27T13:38:00+00:00","dateModified":"2015-07-27T13:38:00+00:00","mainEntityOfPage":{"@id":"https:\/\/blogdoere.com.br\/?p=26305"},"wordCount":394,"commentCount":0,"publisher":{"@id":"https:\/\/blogdoere.com.br\/#organization"},"articleSection":["Destaques"],"inLanguage":"pt-PT","potentialAction":[{"@type":"CommentAction","name":"Comment","target":["https:\/\/blogdoere.com.br\/?p=26305#respond"]}]},{"@type":"WebPage","@id":"https:\/\/blogdoere.com.br\/?p=26305","url":"https:\/\/blogdoere.com.br\/?p=26305","name":"SUL DA BAHIA: RESPEITO E DI\u00c1LOGO REINARAM EM ENCONTRO DA UFSB. - blog do er\u00ea","isPartOf":{"@id":"https:\/\/blogdoere.com.br\/#website"},"datePublished":"2015-07-27T13:38:00+00:00","dateModified":"2015-07-27T13:38:00+00:00","breadcrumb":{"@id":"https:\/\/blogdoere.com.br\/?p=26305#breadcrumb"},"inLanguage":"pt-PT","potentialAction":[{"@type":"ReadAction","target":["https:\/\/blogdoere.com.br\/?p=26305"]}]},{"@type":"BreadcrumbList","@id":"https:\/\/blogdoere.com.br\/?p=26305#breadcrumb","itemListElement":[{"@type":"ListItem","position":1,"name":"In\u00edcio","item":"https:\/\/blogdoere.com.br\/"},{"@type":"ListItem","position":2,"name":"SUL DA BAHIA: RESPEITO E DI\u00c1LOGO REINARAM EM ENCONTRO DA UFSB."}]},{"@type":"WebSite","@id":"https:\/\/blogdoere.com.br\/#website","url":"https:\/\/blogdoere.com.br\/","name":"blog do er\u00ea","description":"","publisher":{"@id":"https:\/\/blogdoere.com.br\/#organization"},"potentialAction":[{"@type":"SearchAction","target":{"@type":"EntryPoint","urlTemplate":"https:\/\/blogdoere.com.br\/?s={search_term_string}"},"query-input":"required name=search_term_string"}],"inLanguage":"pt-PT"},{"@type":"Organization","@id":"https:\/\/blogdoere.com.br\/#organization","name":"Blog do Er\u00ea","url":"https:\/\/blogdoere.com.br\/","logo":{"@type":"ImageObject","inLanguage":"pt-PT","@id":"https:\/\/blogdoere.com.br\/#\/schema\/logo\/image\/","url":"https:\/\/blogdoere.com.br\/wp-content\/uploads\/2021\/11\/Logo-Ere-1.png","contentUrl":"https:\/\/blogdoere.com.br\/wp-content\/uploads\/2021\/11\/Logo-Ere-1.png","width":1261,"height":1330,"caption":"Blog do Er\u00ea"},"image":{"@id":"https:\/\/blogdoere.com.br\/#\/schema\/logo\/image\/"}},{"@type":"Person","@id":"https:\/\/blogdoere.com.br\/#\/schema\/person\/4b56ed2336cb28ae3415ce8ffe56742e","name":"Ere","image":{"@type":"ImageObject","inLanguage":"pt-PT","@id":"https:\/\/blogdoere.com.br\/#\/schema\/person\/image\/","url":"https:\/\/secure.gravatar.com\/avatar\/?s=96&d=mm&r=g","contentUrl":"https:\/\/secure.gravatar.com\/avatar\/?s=96&d=mm&r=g","caption":"Ere"}}]}},"featured_image_urls":{"full":"","thumbnail":"","medium":"","medium_large":"","large":"","1536x1536":"","2048x2048":""},"author_info":{"display_name":"Ere","author_link":"https:\/\/blogdoere.com.br\/?author=2"},"category_info":"<a href=\"https:\/\/blogdoere.com.br\/?cat=1\" rel=\"category\">Destaques<\/a>","tag_info":"Destaques","comment_count":"0","_links":{"self":[{"href":"https:\/\/blogdoere.com.br\/index.php?rest_route=\/wp\/v2\/posts\/26305","targetHints":{"allow":["GET"]}}],"collection":[{"href":"https:\/\/blogdoere.com.br\/index.php?rest_route=\/wp\/v2\/posts"}],"about":[{"href":"https:\/\/blogdoere.com.br\/index.php?rest_route=\/wp\/v2\/types\/post"}],"author":[{"embeddable":true,"href":"https:\/\/blogdoere.com.br\/index.php?rest_route=\/wp\/v2\/users\/2"}],"replies":[{"embeddable":true,"href":"https:\/\/blogdoere.com.br\/index.php?rest_route=%2Fwp%2Fv2%2Fcomments&post=26305"}],"version-history":[{"count":0,"href":"https:\/\/blogdoere.com.br\/index.php?rest_route=\/wp\/v2\/posts\/26305\/revisions"}],"wp:attachment":[{"href":"https:\/\/blogdoere.com.br\/index.php?rest_route=%2Fwp%2Fv2%2Fmedia&parent=26305"}],"wp:term":[{"taxonomy":"category","embeddable":true,"href":"https:\/\/blogdoere.com.br\/index.php?rest_route=%2Fwp%2Fv2%2Fcategories&post=26305"},{"taxonomy":"post_tag","embeddable":true,"href":"https:\/\/blogdoere.com.br\/index.php?rest_route=%2Fwp%2Fv2%2Ftags&post=26305"}],"curies":[{"name":"wp","href":"https:\/\/api.w.org\/{rel}","templated":true}]}}