{"id":26311,"date":"2015-07-08T01:38:00","date_gmt":"2015-07-08T01:38:00","guid":{"rendered":"http:\/\/blogdoere.com.br\/?p=26311"},"modified":"2015-07-08T01:38:00","modified_gmt":"2015-07-08T01:38:00","slug":"itajuipe-prefeitura-reforma-usf-do-bandeira-do-almada","status":"publish","type":"post","link":"https:\/\/blogdoere.com.br\/?p=26311","title":{"rendered":"ITAJU\u00cdPE: PREFEITURA REFORMA  USF DO BANDEIRA DO ALMADA."},"content":{"rendered":"<div style=\"text-align: justify;\"><span style=\"background-color: white; color: #141823; font-family: helvetica, arial, sans-serif; font-size: 14px; line-height: 19.3199996948242px; text-align: left;\"><br \/><\/span><\/div>\n<div style=\"text-align: center;\"><img decoding=\"async\" height=\"224\" src=\"https:\/\/scontent-gru1-1.xx.fbcdn.net\/hphotos-xat1\/v\/t1.0-9\/11695848_1016220755056448_3229692846079635749_n.jpg?oh=1e90884103d149fa69f2e873e492c9f7&amp;oe=561EB527\" width=\"400\" \/><\/div>\n<div style=\"text-align: justify;\"><span style=\"background-color: white; color: #141823; font-family: helvetica, arial, sans-serif; font-size: 14px; line-height: 19.3199996948242px; text-align: left;\"><br \/><\/span><\/div>\n<div style=\"text-align: justify;\"><span style=\"background-color: white; color: #141823; font-family: helvetica, arial, sans-serif; line-height: 19.3199996948242px; text-align: left;\">Hoje(07), pela manh\u00e3 visitei com a Secret\u00e1ria de Sa\u00fade, Bebete Neves; o engenheiro do munic\u00edpio Jo\u00e3o Ramos e a engenheira L\u00facia Silva Capivvi (respons\u00e1vel pela reforma) a USF(Unidade Sa\u00fade da Fam\u00edlia &#8211; T\u00falio Otoni) do distrito do Bandeira do Almada que teve sua estrutura f\u00edsica totalmente reformada pela Prefeitura&nbsp;<\/span><span style=\"background-color: white; color: #141823; font-family: helvetica, arial, sans-serif; line-height: 19.3199996948242px;\">d<\/span><span style=\"background-color: white; color: #141823; font-family: helvetica, arial, sans-serif; line-height: 19.3199996948242px; text-align: left;\">e Itaju\u00edpe. Na ocasi\u00e3o, foi poss\u00edvel perceber a satisfa\u00e7\u00e3o do administrador do distrito, Walmir&nbsp;<\/span><span style=\"color: #141823; font-family: helvetica, arial, sans-serif;\"><span style=\"line-height: 19.3199996948242px;\">Duarte<\/span><\/span><span style=\"background-color: white; color: #141823; font-family: helvetica, arial, sans-serif; line-height: 19.3199996948242px; text-align: left;\">&nbsp; e comunidade pela reforma e aquisi\u00e7\u00e3o de novos equipamentos.<\/span><\/div>\n<div style=\"text-align: center;\"><img decoding=\"async\" height=\"269\" src=\"https:\/\/scontent-gru1-1.xx.fbcdn.net\/hphotos-xpf1\/v\/t1.0-9\/11038565_1016220798389777_2321141295067625886_n.jpg?oh=836e230eb176873c4002da33b503c109&amp;oe=56119752\" width=\"320\" \/><\/div>\n","protected":false},"excerpt":{"rendered":"<p>Hoje(07), pela manh\u00e3 visitei com a Secret\u00e1ria de Sa\u00fade, Bebete Neves; o engenheiro do munic\u00edpio Jo\u00e3o Ramos e a engenheira L\u00facia Silva Capivvi (respons\u00e1vel pela reforma) a USF(Unidade Sa\u00fade da&#8230;<\/p>\n","protected":false},"author":2,"featured_media":0,"comment_status":"open","ping_status":"open","sticky":false,"template":"","format":"standard","meta":{"_editorskit_title_hidden":false,"_editorskit_reading_time":0,"_editorskit_is_block_options_detached":false,"_editorskit_block_options_position":"{}","om_disable_all_campaigns":false,"_mi_skip_tracking":false,"_kad_post_transparent":"","_kad_post_title":"","_kad_post_layout":"","_kad_post_sidebar_id":"","_kad_post_content_style":"","_kad_post_vertical_padding":"","_kad_post_feature":"","_kad_post_feature_position":"","_kad_post_header":false,"_kad_post_footer":false,"footnotes":""},"categories":[1],"tags":[],"class_list":["post-26311","post","type-post","status-publish","format-standard","hentry","category-destaques"],"yoast_head":"<!-- This site is optimized with the Yoast SEO plugin v20.5 - https:\/\/yoast.com\/wordpress\/plugins\/seo\/ -->\n<title>ITAJU\u00cdPE: PREFEITURA REFORMA USF DO BANDEIRA DO ALMADA. - blog do er\u00ea<\/title>\n<meta name=\"robots\" content=\"index, follow, max-snippet:-1, max-image-preview:large, max-video-preview:-1\" \/>\n<link rel=\"canonical\" href=\"https:\/\/blogdoere.com.br\/?p=26311\" \/>\n<meta property=\"og:locale\" content=\"pt_PT\" \/>\n<meta property=\"og:type\" content=\"article\" \/>\n<meta property=\"og:title\" content=\"ITAJU\u00cdPE: PREFEITURA REFORMA USF DO BANDEIRA DO ALMADA. - blog do er\u00ea\" \/>\n<meta property=\"og:description\" content=\"Hoje(07), pela manh\u00e3 visitei com a Secret\u00e1ria de Sa\u00fade, Bebete Neves; o engenheiro do munic\u00edpio Jo\u00e3o Ramos e a engenheira L\u00facia Silva Capivvi (respons\u00e1vel pela reforma) a USF(Unidade Sa\u00fade da...\" \/>\n<meta property=\"og:url\" content=\"https:\/\/blogdoere.com.br\/?p=26311\" \/>\n<meta property=\"og:site_name\" content=\"blog do er\u00ea\" \/>\n<meta property=\"article:published_time\" content=\"2015-07-08T01:38:00+00:00\" \/>\n<meta property=\"og:image\" content=\"https:\/\/scontent-gru1-1.xx.fbcdn.net\/hphotos-xat1\/v\/t1.0-9\/11695848_1016220755056448_3229692846079635749_n.jpg?oh=1e90884103d149fa69f2e873e492c9f7&amp;oe=561EB527\" \/>\n<meta name=\"author\" content=\"Ere\" \/>\n<meta name=\"twitter:card\" content=\"summary_large_image\" \/>\n<meta name=\"twitter:label1\" content=\"Escrito por\" \/>\n\t<meta name=\"twitter:data1\" content=\"Ere\" \/>\n<script type=\"application\/ld+json\" class=\"yoast-schema-graph\">{\"@context\":\"https:\/\/schema.org\",\"@graph\":[{\"@type\":\"Article\",\"@id\":\"https:\/\/blogdoere.com.br\/?p=26311#article\",\"isPartOf\":{\"@id\":\"https:\/\/blogdoere.com.br\/?p=26311\"},\"author\":{\"name\":\"Ere\",\"@id\":\"https:\/\/blogdoere.com.br\/#\/schema\/person\/4b56ed2336cb28ae3415ce8ffe56742e\"},\"headline\":\"ITAJU\u00cdPE: PREFEITURA REFORMA USF DO BANDEIRA DO ALMADA.\",\"datePublished\":\"2015-07-08T01:38:00+00:00\",\"dateModified\":\"2015-07-08T01:38:00+00:00\",\"mainEntityOfPage\":{\"@id\":\"https:\/\/blogdoere.com.br\/?p=26311\"},\"wordCount\":102,\"commentCount\":0,\"publisher\":{\"@id\":\"https:\/\/blogdoere.com.br\/#organization\"},\"articleSection\":[\"Destaques\"],\"inLanguage\":\"pt-PT\",\"potentialAction\":[{\"@type\":\"CommentAction\",\"name\":\"Comment\",\"target\":[\"https:\/\/blogdoere.com.br\/?p=26311#respond\"]}]},{\"@type\":\"WebPage\",\"@id\":\"https:\/\/blogdoere.com.br\/?p=26311\",\"url\":\"https:\/\/blogdoere.com.br\/?p=26311\",\"name\":\"ITAJU\u00cdPE: PREFEITURA REFORMA USF DO BANDEIRA DO ALMADA. - blog do er\u00ea\",\"isPartOf\":{\"@id\":\"https:\/\/blogdoere.com.br\/#website\"},\"datePublished\":\"2015-07-08T01:38:00+00:00\",\"dateModified\":\"2015-07-08T01:38:00+00:00\",\"breadcrumb\":{\"@id\":\"https:\/\/blogdoere.com.br\/?p=26311#breadcrumb\"},\"inLanguage\":\"pt-PT\",\"potentialAction\":[{\"@type\":\"ReadAction\",\"target\":[\"https:\/\/blogdoere.com.br\/?p=26311\"]}]},{\"@type\":\"BreadcrumbList\",\"@id\":\"https:\/\/blogdoere.com.br\/?p=26311#breadcrumb\",\"itemListElement\":[{\"@type\":\"ListItem\",\"position\":1,\"name\":\"In\u00edcio\",\"item\":\"https:\/\/blogdoere.com.br\/\"},{\"@type\":\"ListItem\",\"position\":2,\"name\":\"ITAJU\u00cdPE: PREFEITURA REFORMA USF DO BANDEIRA DO ALMADA.\"}]},{\"@type\":\"WebSite\",\"@id\":\"https:\/\/blogdoere.com.br\/#website\",\"url\":\"https:\/\/blogdoere.com.br\/\",\"name\":\"blog do er\u00ea\",\"description\":\"\",\"publisher\":{\"@id\":\"https:\/\/blogdoere.com.br\/#organization\"},\"potentialAction\":[{\"@type\":\"SearchAction\",\"target\":{\"@type\":\"EntryPoint\",\"urlTemplate\":\"https:\/\/blogdoere.com.br\/?s={search_term_string}\"},\"query-input\":\"required name=search_term_string\"}],\"inLanguage\":\"pt-PT\"},{\"@type\":\"Organization\",\"@id\":\"https:\/\/blogdoere.com.br\/#organization\",\"name\":\"Blog do Er\u00ea\",\"url\":\"https:\/\/blogdoere.com.br\/\",\"logo\":{\"@type\":\"ImageObject\",\"inLanguage\":\"pt-PT\",\"@id\":\"https:\/\/blogdoere.com.br\/#\/schema\/logo\/image\/\",\"url\":\"https:\/\/blogdoere.com.br\/wp-content\/uploads\/2021\/11\/Logo-Ere-1.png\",\"contentUrl\":\"https:\/\/blogdoere.com.br\/wp-content\/uploads\/2021\/11\/Logo-Ere-1.png\",\"width\":1261,\"height\":1330,\"caption\":\"Blog do Er\u00ea\"},\"image\":{\"@id\":\"https:\/\/blogdoere.com.br\/#\/schema\/logo\/image\/\"}},{\"@type\":\"Person\",\"@id\":\"https:\/\/blogdoere.com.br\/#\/schema\/person\/4b56ed2336cb28ae3415ce8ffe56742e\",\"name\":\"Ere\",\"image\":{\"@type\":\"ImageObject\",\"inLanguage\":\"pt-PT\",\"@id\":\"https:\/\/blogdoere.com.br\/#\/schema\/person\/image\/\",\"url\":\"https:\/\/secure.gravatar.com\/avatar\/?s=96&d=mm&r=g\",\"contentUrl\":\"https:\/\/secure.gravatar.com\/avatar\/?s=96&d=mm&r=g\",\"caption\":\"Ere\"}}]}<\/script>\n<!-- \/ Yoast SEO plugin. -->","yoast_head_json":{"title":"ITAJU\u00cdPE: PREFEITURA REFORMA USF DO BANDEIRA DO ALMADA. - blog do er\u00ea","robots":{"index":"index","follow":"follow","max-snippet":"max-snippet:-1","max-image-preview":"max-image-preview:large","max-video-preview":"max-video-preview:-1"},"canonical":"https:\/\/blogdoere.com.br\/?p=26311","og_locale":"pt_PT","og_type":"article","og_title":"ITAJU\u00cdPE: PREFEITURA REFORMA USF DO BANDEIRA DO ALMADA. - blog do er\u00ea","og_description":"Hoje(07), pela manh\u00e3 visitei com a Secret\u00e1ria de Sa\u00fade, Bebete Neves; o engenheiro do munic\u00edpio Jo\u00e3o Ramos e a engenheira L\u00facia Silva Capivvi (respons\u00e1vel pela reforma) a USF(Unidade Sa\u00fade da...","og_url":"https:\/\/blogdoere.com.br\/?p=26311","og_site_name":"blog do er\u00ea","article_published_time":"2015-07-08T01:38:00+00:00","og_image":[{"url":"https:\/\/scontent-gru1-1.xx.fbcdn.net\/hphotos-xat1\/v\/t1.0-9\/11695848_1016220755056448_3229692846079635749_n.jpg?oh=1e90884103d149fa69f2e873e492c9f7&amp;oe=561EB527"}],"author":"Ere","twitter_card":"summary_large_image","twitter_misc":{"Escrito por":"Ere"},"schema":{"@context":"https:\/\/schema.org","@graph":[{"@type":"Article","@id":"https:\/\/blogdoere.com.br\/?p=26311#article","isPartOf":{"@id":"https:\/\/blogdoere.com.br\/?p=26311"},"author":{"name":"Ere","@id":"https:\/\/blogdoere.com.br\/#\/schema\/person\/4b56ed2336cb28ae3415ce8ffe56742e"},"headline":"ITAJU\u00cdPE: PREFEITURA REFORMA USF DO BANDEIRA DO ALMADA.","datePublished":"2015-07-08T01:38:00+00:00","dateModified":"2015-07-08T01:38:00+00:00","mainEntityOfPage":{"@id":"https:\/\/blogdoere.com.br\/?p=26311"},"wordCount":102,"commentCount":0,"publisher":{"@id":"https:\/\/blogdoere.com.br\/#organization"},"articleSection":["Destaques"],"inLanguage":"pt-PT","potentialAction":[{"@type":"CommentAction","name":"Comment","target":["https:\/\/blogdoere.com.br\/?p=26311#respond"]}]},{"@type":"WebPage","@id":"https:\/\/blogdoere.com.br\/?p=26311","url":"https:\/\/blogdoere.com.br\/?p=26311","name":"ITAJU\u00cdPE: PREFEITURA REFORMA USF DO BANDEIRA DO ALMADA. - blog do er\u00ea","isPartOf":{"@id":"https:\/\/blogdoere.com.br\/#website"},"datePublished":"2015-07-08T01:38:00+00:00","dateModified":"2015-07-08T01:38:00+00:00","breadcrumb":{"@id":"https:\/\/blogdoere.com.br\/?p=26311#breadcrumb"},"inLanguage":"pt-PT","potentialAction":[{"@type":"ReadAction","target":["https:\/\/blogdoere.com.br\/?p=26311"]}]},{"@type":"BreadcrumbList","@id":"https:\/\/blogdoere.com.br\/?p=26311#breadcrumb","itemListElement":[{"@type":"ListItem","position":1,"name":"In\u00edcio","item":"https:\/\/blogdoere.com.br\/"},{"@type":"ListItem","position":2,"name":"ITAJU\u00cdPE: PREFEITURA REFORMA USF DO BANDEIRA DO ALMADA."}]},{"@type":"WebSite","@id":"https:\/\/blogdoere.com.br\/#website","url":"https:\/\/blogdoere.com.br\/","name":"blog do er\u00ea","description":"","publisher":{"@id":"https:\/\/blogdoere.com.br\/#organization"},"potentialAction":[{"@type":"SearchAction","target":{"@type":"EntryPoint","urlTemplate":"https:\/\/blogdoere.com.br\/?s={search_term_string}"},"query-input":"required name=search_term_string"}],"inLanguage":"pt-PT"},{"@type":"Organization","@id":"https:\/\/blogdoere.com.br\/#organization","name":"Blog do Er\u00ea","url":"https:\/\/blogdoere.com.br\/","logo":{"@type":"ImageObject","inLanguage":"pt-PT","@id":"https:\/\/blogdoere.com.br\/#\/schema\/logo\/image\/","url":"https:\/\/blogdoere.com.br\/wp-content\/uploads\/2021\/11\/Logo-Ere-1.png","contentUrl":"https:\/\/blogdoere.com.br\/wp-content\/uploads\/2021\/11\/Logo-Ere-1.png","width":1261,"height":1330,"caption":"Blog do Er\u00ea"},"image":{"@id":"https:\/\/blogdoere.com.br\/#\/schema\/logo\/image\/"}},{"@type":"Person","@id":"https:\/\/blogdoere.com.br\/#\/schema\/person\/4b56ed2336cb28ae3415ce8ffe56742e","name":"Ere","image":{"@type":"ImageObject","inLanguage":"pt-PT","@id":"https:\/\/blogdoere.com.br\/#\/schema\/person\/image\/","url":"https:\/\/secure.gravatar.com\/avatar\/?s=96&d=mm&r=g","contentUrl":"https:\/\/secure.gravatar.com\/avatar\/?s=96&d=mm&r=g","caption":"Ere"}}]}},"featured_image_urls":{"full":"","thumbnail":"","medium":"","medium_large":"","large":"","1536x1536":"","2048x2048":""},"author_info":{"display_name":"Ere","author_link":"https:\/\/blogdoere.com.br\/?author=2"},"category_info":"<a href=\"https:\/\/blogdoere.com.br\/?cat=1\" rel=\"category\">Destaques<\/a>","tag_info":"Destaques","comment_count":"0","_links":{"self":[{"href":"https:\/\/blogdoere.com.br\/index.php?rest_route=\/wp\/v2\/posts\/26311","targetHints":{"allow":["GET"]}}],"collection":[{"href":"https:\/\/blogdoere.com.br\/index.php?rest_route=\/wp\/v2\/posts"}],"about":[{"href":"https:\/\/blogdoere.com.br\/index.php?rest_route=\/wp\/v2\/types\/post"}],"author":[{"embeddable":true,"href":"https:\/\/blogdoere.com.br\/index.php?rest_route=\/wp\/v2\/users\/2"}],"replies":[{"embeddable":true,"href":"https:\/\/blogdoere.com.br\/index.php?rest_route=%2Fwp%2Fv2%2Fcomments&post=26311"}],"version-history":[{"count":0,"href":"https:\/\/blogdoere.com.br\/index.php?rest_route=\/wp\/v2\/posts\/26311\/revisions"}],"wp:attachment":[{"href":"https:\/\/blogdoere.com.br\/index.php?rest_route=%2Fwp%2Fv2%2Fmedia&parent=26311"}],"wp:term":[{"taxonomy":"category","embeddable":true,"href":"https:\/\/blogdoere.com.br\/index.php?rest_route=%2Fwp%2Fv2%2Fcategories&post=26311"},{"taxonomy":"post_tag","embeddable":true,"href":"https:\/\/blogdoere.com.br\/index.php?rest_route=%2Fwp%2Fv2%2Ftags&post=26311"}],"curies":[{"name":"wp","href":"https:\/\/api.w.org\/{rel}","templated":true}]}}