{"id":26313,"date":"2015-07-06T14:47:00","date_gmt":"2015-07-06T14:47:00","guid":{"rendered":"http:\/\/blogdoere.com.br\/?p=26313"},"modified":"2015-07-06T14:47:00","modified_gmt":"2015-07-06T14:47:00","slug":"dilma-viaja-a-russia-nesta-semana-para-participar-da-cupula-do-brics","status":"publish","type":"post","link":"https:\/\/blogdoere.com.br\/?p=26313","title":{"rendered":"DILMA VIAJA \u00c0 R\u00daSSIA NESTA SEMANA PARA PARTICIPAR DA C\u00daPULA DO BRICS"},"content":{"rendered":"<div style=\"text-align: justify;\"><span style=\"background-color: white; color: #333333; font-family: Tahoma, Geneva, sans-serif; line-height: 17.142858505249px;\"><br \/><\/span><\/div>\n<div style=\"text-align: center;\"><img decoding=\"async\" alt=\"Dilma viaja \u00e0 R\u00fassia nesta semana para participar da C\u00fapula do Brics\" src=\"http:\/\/www.bahianoticias.com.br\/fotos\/principal_noticias\/175001\/IMAGEM_NOTICIA_5.jpg\" \/><\/div>\n<div style=\"text-align: justify;\"><span style=\"background-color: white; color: #333333; font-family: Tahoma, Geneva, sans-serif; line-height: 17.142858505249px;\"><br \/><\/span><\/div>\n<div style=\"text-align: justify;\"><span style=\"background-color: white; color: #333333; font-family: Tahoma, Geneva, sans-serif; line-height: 17.142858505249px;\">A presidente Dilma Rousseff viajar\u00e1 nesta semana para Uf\u00e1, na R\u00fassia, na pr\u00f3xima quinta-feira (9), para participar da VII C\u00fapula do Brics, grupo formado pelos pa\u00edses emergentes Brasil, R\u00fassia, \u00cdndia, China e Africa do Sul, sgeundo informa\u00e7\u00f5es do portal G1. Ser\u00e1 a segunda viagem internacional da presidente nos \u00faltimos 15 dias. O \u00faltimo encontro dos presidentes dos Brics ocorreu em novembro do ano passado em Brisbane, na Austr\u00e1lia, na reuni\u00e3o do G20, composto 20 principais economias do mundo. J\u00e1 a \u00faltima c\u00fapula do Brics ocorreu em junho do ano passado, em Fortaleza (CE), ocasi\u00e3o na qual foi fomalizada a cria\u00e7\u00e3o do Banco do Brics. Segundo a programa\u00e7\u00e3o do Minist\u00e9rio das Rela\u00e7\u00f5es Exteriores, os presidentes jantar\u00e3o juntos na quarta (8) e na quinta participam de cerim\u00f4nia de encerramento do Conselho Empresarial do Brics, com reuni\u00e3o de trabalho e discursos na sess\u00e3o plen\u00e1ria.<\/span><\/div>\n","protected":false},"excerpt":{"rendered":"<p>A presidente Dilma Rousseff viajar\u00e1 nesta semana para Uf\u00e1, na R\u00fassia, na pr\u00f3xima quinta-feira (9), para participar da VII C\u00fapula do Brics, grupo formado pelos pa\u00edses emergentes Brasil, R\u00fassia, \u00cdndia,&#8230;<\/p>\n","protected":false},"author":2,"featured_media":0,"comment_status":"open","ping_status":"open","sticky":false,"template":"","format":"standard","meta":{"_editorskit_title_hidden":false,"_editorskit_reading_time":0,"_editorskit_is_block_options_detached":false,"_editorskit_block_options_position":"{}","om_disable_all_campaigns":false,"_mi_skip_tracking":false,"_kad_post_transparent":"","_kad_post_title":"","_kad_post_layout":"","_kad_post_sidebar_id":"","_kad_post_content_style":"","_kad_post_vertical_padding":"","_kad_post_feature":"","_kad_post_feature_position":"","_kad_post_header":false,"_kad_post_footer":false,"footnotes":""},"categories":[1],"tags":[],"class_list":["post-26313","post","type-post","status-publish","format-standard","hentry","category-destaques"],"yoast_head":"<!-- This site is optimized with the Yoast SEO plugin v20.5 - https:\/\/yoast.com\/wordpress\/plugins\/seo\/ -->\n<title>DILMA VIAJA \u00c0 R\u00daSSIA NESTA SEMANA PARA PARTICIPAR DA C\u00daPULA DO BRICS - blog do er\u00ea<\/title>\n<meta name=\"robots\" content=\"index, follow, max-snippet:-1, max-image-preview:large, max-video-preview:-1\" \/>\n<link rel=\"canonical\" href=\"https:\/\/blogdoere.com.br\/?p=26313\" \/>\n<meta property=\"og:locale\" content=\"pt_PT\" \/>\n<meta property=\"og:type\" content=\"article\" \/>\n<meta property=\"og:title\" content=\"DILMA VIAJA \u00c0 R\u00daSSIA NESTA SEMANA PARA PARTICIPAR DA C\u00daPULA DO BRICS - blog do er\u00ea\" \/>\n<meta property=\"og:description\" content=\"A presidente Dilma Rousseff viajar\u00e1 nesta semana para Uf\u00e1, na R\u00fassia, na pr\u00f3xima quinta-feira (9), para participar da VII C\u00fapula do Brics, grupo formado pelos pa\u00edses emergentes Brasil, R\u00fassia, \u00cdndia,...\" \/>\n<meta property=\"og:url\" content=\"https:\/\/blogdoere.com.br\/?p=26313\" \/>\n<meta property=\"og:site_name\" content=\"blog do er\u00ea\" \/>\n<meta property=\"article:published_time\" content=\"2015-07-06T14:47:00+00:00\" \/>\n<meta property=\"og:image\" content=\"http:\/\/www.bahianoticias.com.br\/fotos\/principal_noticias\/175001\/IMAGEM_NOTICIA_5.jpg\" \/>\n<meta name=\"author\" content=\"Ere\" \/>\n<meta name=\"twitter:card\" content=\"summary_large_image\" \/>\n<meta name=\"twitter:label1\" content=\"Escrito por\" \/>\n\t<meta name=\"twitter:data1\" content=\"Ere\" \/>\n\t<meta name=\"twitter:label2\" content=\"Tempo estimado de leitura\" \/>\n\t<meta name=\"twitter:data2\" content=\"1 minuto\" \/>\n<script type=\"application\/ld+json\" class=\"yoast-schema-graph\">{\"@context\":\"https:\/\/schema.org\",\"@graph\":[{\"@type\":\"Article\",\"@id\":\"https:\/\/blogdoere.com.br\/?p=26313#article\",\"isPartOf\":{\"@id\":\"https:\/\/blogdoere.com.br\/?p=26313\"},\"author\":{\"name\":\"Ere\",\"@id\":\"https:\/\/blogdoere.com.br\/#\/schema\/person\/4b56ed2336cb28ae3415ce8ffe56742e\"},\"headline\":\"DILMA VIAJA \u00c0 R\u00daSSIA NESTA SEMANA PARA PARTICIPAR DA C\u00daPULA DO BRICS\",\"datePublished\":\"2015-07-06T14:47:00+00:00\",\"dateModified\":\"2015-07-06T14:47:00+00:00\",\"mainEntityOfPage\":{\"@id\":\"https:\/\/blogdoere.com.br\/?p=26313\"},\"wordCount\":169,\"commentCount\":0,\"publisher\":{\"@id\":\"https:\/\/blogdoere.com.br\/#organization\"},\"articleSection\":[\"Destaques\"],\"inLanguage\":\"pt-PT\",\"potentialAction\":[{\"@type\":\"CommentAction\",\"name\":\"Comment\",\"target\":[\"https:\/\/blogdoere.com.br\/?p=26313#respond\"]}]},{\"@type\":\"WebPage\",\"@id\":\"https:\/\/blogdoere.com.br\/?p=26313\",\"url\":\"https:\/\/blogdoere.com.br\/?p=26313\",\"name\":\"DILMA VIAJA \u00c0 R\u00daSSIA NESTA SEMANA PARA PARTICIPAR DA C\u00daPULA DO BRICS - blog do er\u00ea\",\"isPartOf\":{\"@id\":\"https:\/\/blogdoere.com.br\/#website\"},\"datePublished\":\"2015-07-06T14:47:00+00:00\",\"dateModified\":\"2015-07-06T14:47:00+00:00\",\"breadcrumb\":{\"@id\":\"https:\/\/blogdoere.com.br\/?p=26313#breadcrumb\"},\"inLanguage\":\"pt-PT\",\"potentialAction\":[{\"@type\":\"ReadAction\",\"target\":[\"https:\/\/blogdoere.com.br\/?p=26313\"]}]},{\"@type\":\"BreadcrumbList\",\"@id\":\"https:\/\/blogdoere.com.br\/?p=26313#breadcrumb\",\"itemListElement\":[{\"@type\":\"ListItem\",\"position\":1,\"name\":\"In\u00edcio\",\"item\":\"https:\/\/blogdoere.com.br\/\"},{\"@type\":\"ListItem\",\"position\":2,\"name\":\"DILMA VIAJA \u00c0 R\u00daSSIA NESTA SEMANA PARA PARTICIPAR DA C\u00daPULA DO BRICS\"}]},{\"@type\":\"WebSite\",\"@id\":\"https:\/\/blogdoere.com.br\/#website\",\"url\":\"https:\/\/blogdoere.com.br\/\",\"name\":\"blog do er\u00ea\",\"description\":\"\",\"publisher\":{\"@id\":\"https:\/\/blogdoere.com.br\/#organization\"},\"potentialAction\":[{\"@type\":\"SearchAction\",\"target\":{\"@type\":\"EntryPoint\",\"urlTemplate\":\"https:\/\/blogdoere.com.br\/?s={search_term_string}\"},\"query-input\":\"required name=search_term_string\"}],\"inLanguage\":\"pt-PT\"},{\"@type\":\"Organization\",\"@id\":\"https:\/\/blogdoere.com.br\/#organization\",\"name\":\"Blog do Er\u00ea\",\"url\":\"https:\/\/blogdoere.com.br\/\",\"logo\":{\"@type\":\"ImageObject\",\"inLanguage\":\"pt-PT\",\"@id\":\"https:\/\/blogdoere.com.br\/#\/schema\/logo\/image\/\",\"url\":\"https:\/\/blogdoere.com.br\/wp-content\/uploads\/2021\/11\/Logo-Ere-1.png\",\"contentUrl\":\"https:\/\/blogdoere.com.br\/wp-content\/uploads\/2021\/11\/Logo-Ere-1.png\",\"width\":1261,\"height\":1330,\"caption\":\"Blog do Er\u00ea\"},\"image\":{\"@id\":\"https:\/\/blogdoere.com.br\/#\/schema\/logo\/image\/\"}},{\"@type\":\"Person\",\"@id\":\"https:\/\/blogdoere.com.br\/#\/schema\/person\/4b56ed2336cb28ae3415ce8ffe56742e\",\"name\":\"Ere\",\"image\":{\"@type\":\"ImageObject\",\"inLanguage\":\"pt-PT\",\"@id\":\"https:\/\/blogdoere.com.br\/#\/schema\/person\/image\/\",\"url\":\"https:\/\/secure.gravatar.com\/avatar\/?s=96&d=mm&r=g\",\"contentUrl\":\"https:\/\/secure.gravatar.com\/avatar\/?s=96&d=mm&r=g\",\"caption\":\"Ere\"}}]}<\/script>\n<!-- \/ Yoast SEO plugin. -->","yoast_head_json":{"title":"DILMA VIAJA \u00c0 R\u00daSSIA NESTA SEMANA PARA PARTICIPAR DA C\u00daPULA DO BRICS - blog do er\u00ea","robots":{"index":"index","follow":"follow","max-snippet":"max-snippet:-1","max-image-preview":"max-image-preview:large","max-video-preview":"max-video-preview:-1"},"canonical":"https:\/\/blogdoere.com.br\/?p=26313","og_locale":"pt_PT","og_type":"article","og_title":"DILMA VIAJA \u00c0 R\u00daSSIA NESTA SEMANA PARA PARTICIPAR DA C\u00daPULA DO BRICS - blog do er\u00ea","og_description":"A presidente Dilma Rousseff viajar\u00e1 nesta semana para Uf\u00e1, na R\u00fassia, na pr\u00f3xima quinta-feira (9), para participar da VII C\u00fapula do Brics, grupo formado pelos pa\u00edses emergentes Brasil, R\u00fassia, \u00cdndia,...","og_url":"https:\/\/blogdoere.com.br\/?p=26313","og_site_name":"blog do er\u00ea","article_published_time":"2015-07-06T14:47:00+00:00","og_image":[{"url":"http:\/\/www.bahianoticias.com.br\/fotos\/principal_noticias\/175001\/IMAGEM_NOTICIA_5.jpg"}],"author":"Ere","twitter_card":"summary_large_image","twitter_misc":{"Escrito por":"Ere","Tempo estimado de leitura":"1 minuto"},"schema":{"@context":"https:\/\/schema.org","@graph":[{"@type":"Article","@id":"https:\/\/blogdoere.com.br\/?p=26313#article","isPartOf":{"@id":"https:\/\/blogdoere.com.br\/?p=26313"},"author":{"name":"Ere","@id":"https:\/\/blogdoere.com.br\/#\/schema\/person\/4b56ed2336cb28ae3415ce8ffe56742e"},"headline":"DILMA VIAJA \u00c0 R\u00daSSIA NESTA SEMANA PARA PARTICIPAR DA C\u00daPULA DO BRICS","datePublished":"2015-07-06T14:47:00+00:00","dateModified":"2015-07-06T14:47:00+00:00","mainEntityOfPage":{"@id":"https:\/\/blogdoere.com.br\/?p=26313"},"wordCount":169,"commentCount":0,"publisher":{"@id":"https:\/\/blogdoere.com.br\/#organization"},"articleSection":["Destaques"],"inLanguage":"pt-PT","potentialAction":[{"@type":"CommentAction","name":"Comment","target":["https:\/\/blogdoere.com.br\/?p=26313#respond"]}]},{"@type":"WebPage","@id":"https:\/\/blogdoere.com.br\/?p=26313","url":"https:\/\/blogdoere.com.br\/?p=26313","name":"DILMA VIAJA \u00c0 R\u00daSSIA NESTA SEMANA PARA PARTICIPAR DA C\u00daPULA DO BRICS - blog do er\u00ea","isPartOf":{"@id":"https:\/\/blogdoere.com.br\/#website"},"datePublished":"2015-07-06T14:47:00+00:00","dateModified":"2015-07-06T14:47:00+00:00","breadcrumb":{"@id":"https:\/\/blogdoere.com.br\/?p=26313#breadcrumb"},"inLanguage":"pt-PT","potentialAction":[{"@type":"ReadAction","target":["https:\/\/blogdoere.com.br\/?p=26313"]}]},{"@type":"BreadcrumbList","@id":"https:\/\/blogdoere.com.br\/?p=26313#breadcrumb","itemListElement":[{"@type":"ListItem","position":1,"name":"In\u00edcio","item":"https:\/\/blogdoere.com.br\/"},{"@type":"ListItem","position":2,"name":"DILMA VIAJA \u00c0 R\u00daSSIA NESTA SEMANA PARA PARTICIPAR DA C\u00daPULA DO BRICS"}]},{"@type":"WebSite","@id":"https:\/\/blogdoere.com.br\/#website","url":"https:\/\/blogdoere.com.br\/","name":"blog do er\u00ea","description":"","publisher":{"@id":"https:\/\/blogdoere.com.br\/#organization"},"potentialAction":[{"@type":"SearchAction","target":{"@type":"EntryPoint","urlTemplate":"https:\/\/blogdoere.com.br\/?s={search_term_string}"},"query-input":"required name=search_term_string"}],"inLanguage":"pt-PT"},{"@type":"Organization","@id":"https:\/\/blogdoere.com.br\/#organization","name":"Blog do Er\u00ea","url":"https:\/\/blogdoere.com.br\/","logo":{"@type":"ImageObject","inLanguage":"pt-PT","@id":"https:\/\/blogdoere.com.br\/#\/schema\/logo\/image\/","url":"https:\/\/blogdoere.com.br\/wp-content\/uploads\/2021\/11\/Logo-Ere-1.png","contentUrl":"https:\/\/blogdoere.com.br\/wp-content\/uploads\/2021\/11\/Logo-Ere-1.png","width":1261,"height":1330,"caption":"Blog do Er\u00ea"},"image":{"@id":"https:\/\/blogdoere.com.br\/#\/schema\/logo\/image\/"}},{"@type":"Person","@id":"https:\/\/blogdoere.com.br\/#\/schema\/person\/4b56ed2336cb28ae3415ce8ffe56742e","name":"Ere","image":{"@type":"ImageObject","inLanguage":"pt-PT","@id":"https:\/\/blogdoere.com.br\/#\/schema\/person\/image\/","url":"https:\/\/secure.gravatar.com\/avatar\/?s=96&d=mm&r=g","contentUrl":"https:\/\/secure.gravatar.com\/avatar\/?s=96&d=mm&r=g","caption":"Ere"}}]}},"featured_image_urls":{"full":"","thumbnail":"","medium":"","medium_large":"","large":"","1536x1536":"","2048x2048":""},"author_info":{"display_name":"Ere","author_link":"https:\/\/blogdoere.com.br\/?author=2"},"category_info":"<a href=\"https:\/\/blogdoere.com.br\/?cat=1\" rel=\"category\">Destaques<\/a>","tag_info":"Destaques","comment_count":"0","_links":{"self":[{"href":"https:\/\/blogdoere.com.br\/index.php?rest_route=\/wp\/v2\/posts\/26313","targetHints":{"allow":["GET"]}}],"collection":[{"href":"https:\/\/blogdoere.com.br\/index.php?rest_route=\/wp\/v2\/posts"}],"about":[{"href":"https:\/\/blogdoere.com.br\/index.php?rest_route=\/wp\/v2\/types\/post"}],"author":[{"embeddable":true,"href":"https:\/\/blogdoere.com.br\/index.php?rest_route=\/wp\/v2\/users\/2"}],"replies":[{"embeddable":true,"href":"https:\/\/blogdoere.com.br\/index.php?rest_route=%2Fwp%2Fv2%2Fcomments&post=26313"}],"version-history":[{"count":0,"href":"https:\/\/blogdoere.com.br\/index.php?rest_route=\/wp\/v2\/posts\/26313\/revisions"}],"wp:attachment":[{"href":"https:\/\/blogdoere.com.br\/index.php?rest_route=%2Fwp%2Fv2%2Fmedia&parent=26313"}],"wp:term":[{"taxonomy":"category","embeddable":true,"href":"https:\/\/blogdoere.com.br\/index.php?rest_route=%2Fwp%2Fv2%2Fcategories&post=26313"},{"taxonomy":"post_tag","embeddable":true,"href":"https:\/\/blogdoere.com.br\/index.php?rest_route=%2Fwp%2Fv2%2Ftags&post=26313"}],"curies":[{"name":"wp","href":"https:\/\/api.w.org\/{rel}","templated":true}]}}