{"id":26315,"date":"2015-06-19T17:10:00","date_gmt":"2015-06-19T17:10:00","guid":{"rendered":"http:\/\/blogdoere.com.br\/?p=26315"},"modified":"2015-06-19T17:10:00","modified_gmt":"2015-06-19T17:10:00","slug":"itajuipe-unidades-de-ensino-sao-contempladas-com-novo-mobiliario-escolar","status":"publish","type":"post","link":"https:\/\/blogdoere.com.br\/?p=26315","title":{"rendered":"ITAJU\u00cdPE: UNIDADES DE ENSINO  S\u00c3O CONTEMPLADAS COM NOVO MOBILI\u00c1RIO ESCOLAR"},"content":{"rendered":"<div align=\"center\" style=\"line-height: 150%; margin-bottom: .0001pt; margin-bottom: 0cm; text-align: center;\"><b><span style=\"font-family: 'Times New Roman', serif; font-size: 12pt; line-height: 150%;\"><br \/><\/span><\/b><\/div>\n<div style=\"clear: both; text-align: center;\"><a href=\"http:\/\/1.bp.blogspot.com\/-R6QP61o4K4g\/VYRMny8gwYI\/AAAAAAAAFyc\/XlhlRXCdjQY\/s1600\/moveis.jpg\" style=\"margin-left: 1em; margin-right: 1em;\"><img decoding=\"async\" border=\"0\" height=\"183\" src=\"http:\/\/1.bp.blogspot.com\/-R6QP61o4K4g\/VYRMny8gwYI\/AAAAAAAAFyc\/XlhlRXCdjQY\/s320\/moveis.jpg\" width=\"320\" \/><\/a><\/div>\n<div align=\"center\" style=\"line-height: 150%; margin-bottom: .0001pt; margin-bottom: 0cm; text-align: center;\"><b><span style=\"font-family: 'Times New Roman', serif; font-size: 12pt; line-height: 150%;\"><br \/><\/span><\/b><\/div>\n<div align=\"center\" style=\"line-height: 150%; margin-bottom: .0001pt; margin-bottom: 0cm; text-align: center;\"><b><span style=\"font-family: 'Times New Roman', serif; font-size: 12pt; line-height: 150%;\"><br \/><\/span><\/b><\/div>\n<div align=\"center\" style=\"line-height: 150%; margin-bottom: .0001pt; margin-bottom: 0cm; text-align: center;\"><b><span style=\"font-family: 'Times New Roman', serif; font-size: 12pt; line-height: 150%;\"><br \/><\/span><\/b><\/div>\n<div style=\"line-height: 150%; margin-bottom: .0001pt; margin-bottom: 0cm; text-align: justify;\"><span style=\"font-family: 'Times New Roman', serif; font-size: 12pt; line-height: 150%;\">Trazer um maior conforto a alunos e professores e, dessa forma, possibilitar que eles tenham um melhor desempenho em suas atividades \u00e9 o principal objetivo da atual gest\u00e3o em Itaju\u00edpe, ap\u00f3s conv\u00eanio firmado com o Fundo Nacional de Desenvolvimento da Educa\u00e7\u00e3o- FNDE. Para tanto, na \u00faltima semana a rede ensino municipal em Itaju\u00edpe foi contemplada com o total de aproximadamente 1.748 cadeiras e carteiras escolares Os conjuntos recebidos se dividem em tr\u00eas modelos, sendo; 400 unidades na vers\u00e3o mais baixa, destinada \u00e0 Educa\u00e7\u00e3o Infantil; 1.290 unidades em uma vers\u00e3o mais alta, para a utiliza\u00e7\u00e3o no Ensino Fundamental; e 58 conjuntos de mesa e cadeira para professores.<o:p><\/o:p><\/span><\/div>\n<div style=\"line-height: 150%; margin-bottom: .0001pt; margin-bottom: 0cm; text-align: justify;\"><span style=\"font-family: 'Times New Roman', serif; font-size: 12pt; line-height: 150%;\"><br \/><\/span><\/div>\n<div style=\"line-height: 150%; margin-bottom: .0001pt; margin-bottom: 0cm; text-align: justify;\"><span style=\"font-family: 'Times New Roman', serif; font-size: 12pt; line-height: 150%;\">&nbsp;Al\u00e9m de 37 ventiladores de parede e 12 aparelhos de ar condicionado para escolas, dentre elas, o col\u00e9gio Alberto Hage. \u201cA chegada do novo mobili\u00e1rio escolar, contribui para melhorar os espa\u00e7os e consequentemente melhorar a qualidade da aprendizagem dos nossos\u201d, Virlene Barros.&nbsp; A maior parte do mobili\u00e1rio utilizado por alunos e professores nas salas das unidades escolares em Itaju\u00edpe n\u00e3o era renovada h\u00e1 quase 20 anos, j\u00e1 que a \u00faltima grande aquisi\u00e7\u00e3o foi realizada na d\u00e9cada de 90.&nbsp; Conforme Portal do FNDE, estudos indicam que o contexto familiar e o acesso a bens culturais s\u00e3o condi\u00e7\u00f5es externas \u00e0 escola que favorecem a educa\u00e7\u00e3o de qualidade, devendo, ser assumidos pela sociedade em parceria com Estado, com vistas ao aprimoramento dos indicadores educacionais. A aquisi\u00e7\u00e3o foi realizada atrav\u00e9s do Plano de A\u00e7\u00f5es Articuladas, no final de 2013.<o:p><\/o:p><\/span><\/div>\n<div align=\"center\" style=\"line-height: 150%; margin-bottom: .0001pt; margin-bottom: 0cm; text-align: center;\">   <\/div>\n<div style=\"line-height: 150%; margin-bottom: .0001pt; margin-bottom: 0cm; text-align: justify;\"><span style=\"font-family: 'Times New Roman', serif; font-size: 12pt; line-height: 150%;\">&nbsp;<\/span><b style=\"line-height: 150%;\"><span style=\"background: white; font-family: 'Times New Roman', serif; font-size: 12pt; line-height: 150%;\">Fonte:<\/span><\/b><span style=\"background: white; font-family: 'Times New Roman', serif; font-size: 12pt; line-height: 150%;\"> ASCOM- Assessoria de Comunica\u00e7\u00e3o da Prefeitura Municipal de Itaju\u00edpe<\/span><\/div>\n<p><\/p>\n<div style=\"line-height: 150%; margin-bottom: .0001pt; margin-bottom: 0cm; text-align: justify;\"><span style=\"font-family: 'Times New Roman', serif; font-size: 12pt; line-height: 150%;\">Governo trabalhando para todos!<o:p><\/o:p><\/span><\/div>\n<div style=\"line-height: 150%; margin-bottom: .0001pt; margin-bottom: 0cm; text-align: justify;\"><span style=\"font-family: 'Times New Roman', serif; font-size: 12pt; line-height: 150%;\"><br \/><\/span><\/div>\n","protected":false},"excerpt":{"rendered":"<p>Trazer um maior conforto a alunos e professores e, dessa forma, possibilitar que eles tenham um melhor desempenho em suas atividades \u00e9 o principal objetivo da atual gest\u00e3o em Itaju\u00edpe,&#8230;<\/p>\n","protected":false},"author":2,"featured_media":0,"comment_status":"open","ping_status":"open","sticky":false,"template":"","format":"standard","meta":{"_editorskit_title_hidden":false,"_editorskit_reading_time":0,"_editorskit_is_block_options_detached":false,"_editorskit_block_options_position":"{}","om_disable_all_campaigns":false,"_mi_skip_tracking":false,"_kad_post_transparent":"","_kad_post_title":"","_kad_post_layout":"","_kad_post_sidebar_id":"","_kad_post_content_style":"","_kad_post_vertical_padding":"","_kad_post_feature":"","_kad_post_feature_position":"","_kad_post_header":false,"_kad_post_footer":false,"footnotes":""},"categories":[1],"tags":[],"class_list":["post-26315","post","type-post","status-publish","format-standard","hentry","category-destaques"],"yoast_head":"<!-- This site is optimized with the Yoast SEO plugin v20.5 - https:\/\/yoast.com\/wordpress\/plugins\/seo\/ -->\n<title>ITAJU\u00cdPE: UNIDADES DE ENSINO S\u00c3O CONTEMPLADAS COM NOVO MOBILI\u00c1RIO ESCOLAR - blog do er\u00ea<\/title>\n<meta name=\"robots\" content=\"index, follow, max-snippet:-1, max-image-preview:large, max-video-preview:-1\" \/>\n<link rel=\"canonical\" href=\"https:\/\/blogdoere.com.br\/?p=26315\" \/>\n<meta property=\"og:locale\" content=\"pt_PT\" \/>\n<meta property=\"og:type\" content=\"article\" \/>\n<meta property=\"og:title\" content=\"ITAJU\u00cdPE: UNIDADES DE ENSINO S\u00c3O CONTEMPLADAS COM NOVO MOBILI\u00c1RIO ESCOLAR - blog do er\u00ea\" \/>\n<meta property=\"og:description\" content=\"Trazer um maior conforto a alunos e professores e, dessa forma, possibilitar que eles tenham um melhor desempenho em suas atividades \u00e9 o principal objetivo da atual gest\u00e3o em Itaju\u00edpe,...\" \/>\n<meta property=\"og:url\" content=\"https:\/\/blogdoere.com.br\/?p=26315\" \/>\n<meta property=\"og:site_name\" content=\"blog do er\u00ea\" \/>\n<meta property=\"article:published_time\" content=\"2015-06-19T17:10:00+00:00\" \/>\n<meta property=\"og:image\" content=\"http:\/\/1.bp.blogspot.com\/-R6QP61o4K4g\/VYRMny8gwYI\/AAAAAAAAFyc\/XlhlRXCdjQY\/s320\/moveis.jpg\" \/>\n<meta name=\"author\" content=\"Ere\" \/>\n<meta name=\"twitter:card\" content=\"summary_large_image\" \/>\n<meta name=\"twitter:label1\" content=\"Escrito por\" \/>\n\t<meta name=\"twitter:data1\" content=\"Ere\" \/>\n\t<meta name=\"twitter:label2\" content=\"Tempo estimado de leitura\" \/>\n\t<meta name=\"twitter:data2\" content=\"1 minuto\" \/>\n<script type=\"application\/ld+json\" class=\"yoast-schema-graph\">{\"@context\":\"https:\/\/schema.org\",\"@graph\":[{\"@type\":\"Article\",\"@id\":\"https:\/\/blogdoere.com.br\/?p=26315#article\",\"isPartOf\":{\"@id\":\"https:\/\/blogdoere.com.br\/?p=26315\"},\"author\":{\"name\":\"Ere\",\"@id\":\"https:\/\/blogdoere.com.br\/#\/schema\/person\/4b56ed2336cb28ae3415ce8ffe56742e\"},\"headline\":\"ITAJU\u00cdPE: UNIDADES DE ENSINO S\u00c3O CONTEMPLADAS COM NOVO MOBILI\u00c1RIO ESCOLAR\",\"datePublished\":\"2015-06-19T17:10:00+00:00\",\"dateModified\":\"2015-06-19T17:10:00+00:00\",\"mainEntityOfPage\":{\"@id\":\"https:\/\/blogdoere.com.br\/?p=26315\"},\"wordCount\":288,\"commentCount\":0,\"publisher\":{\"@id\":\"https:\/\/blogdoere.com.br\/#organization\"},\"articleSection\":[\"Destaques\"],\"inLanguage\":\"pt-PT\",\"potentialAction\":[{\"@type\":\"CommentAction\",\"name\":\"Comment\",\"target\":[\"https:\/\/blogdoere.com.br\/?p=26315#respond\"]}]},{\"@type\":\"WebPage\",\"@id\":\"https:\/\/blogdoere.com.br\/?p=26315\",\"url\":\"https:\/\/blogdoere.com.br\/?p=26315\",\"name\":\"ITAJU\u00cdPE: UNIDADES DE ENSINO S\u00c3O CONTEMPLADAS COM NOVO MOBILI\u00c1RIO ESCOLAR - blog do er\u00ea\",\"isPartOf\":{\"@id\":\"https:\/\/blogdoere.com.br\/#website\"},\"datePublished\":\"2015-06-19T17:10:00+00:00\",\"dateModified\":\"2015-06-19T17:10:00+00:00\",\"breadcrumb\":{\"@id\":\"https:\/\/blogdoere.com.br\/?p=26315#breadcrumb\"},\"inLanguage\":\"pt-PT\",\"potentialAction\":[{\"@type\":\"ReadAction\",\"target\":[\"https:\/\/blogdoere.com.br\/?p=26315\"]}]},{\"@type\":\"BreadcrumbList\",\"@id\":\"https:\/\/blogdoere.com.br\/?p=26315#breadcrumb\",\"itemListElement\":[{\"@type\":\"ListItem\",\"position\":1,\"name\":\"In\u00edcio\",\"item\":\"https:\/\/blogdoere.com.br\/\"},{\"@type\":\"ListItem\",\"position\":2,\"name\":\"ITAJU\u00cdPE: UNIDADES DE ENSINO S\u00c3O CONTEMPLADAS COM NOVO MOBILI\u00c1RIO ESCOLAR\"}]},{\"@type\":\"WebSite\",\"@id\":\"https:\/\/blogdoere.com.br\/#website\",\"url\":\"https:\/\/blogdoere.com.br\/\",\"name\":\"blog do er\u00ea\",\"description\":\"\",\"publisher\":{\"@id\":\"https:\/\/blogdoere.com.br\/#organization\"},\"potentialAction\":[{\"@type\":\"SearchAction\",\"target\":{\"@type\":\"EntryPoint\",\"urlTemplate\":\"https:\/\/blogdoere.com.br\/?s={search_term_string}\"},\"query-input\":\"required name=search_term_string\"}],\"inLanguage\":\"pt-PT\"},{\"@type\":\"Organization\",\"@id\":\"https:\/\/blogdoere.com.br\/#organization\",\"name\":\"Blog do Er\u00ea\",\"url\":\"https:\/\/blogdoere.com.br\/\",\"logo\":{\"@type\":\"ImageObject\",\"inLanguage\":\"pt-PT\",\"@id\":\"https:\/\/blogdoere.com.br\/#\/schema\/logo\/image\/\",\"url\":\"https:\/\/blogdoere.com.br\/wp-content\/uploads\/2021\/11\/Logo-Ere-1.png\",\"contentUrl\":\"https:\/\/blogdoere.com.br\/wp-content\/uploads\/2021\/11\/Logo-Ere-1.png\",\"width\":1261,\"height\":1330,\"caption\":\"Blog do Er\u00ea\"},\"image\":{\"@id\":\"https:\/\/blogdoere.com.br\/#\/schema\/logo\/image\/\"}},{\"@type\":\"Person\",\"@id\":\"https:\/\/blogdoere.com.br\/#\/schema\/person\/4b56ed2336cb28ae3415ce8ffe56742e\",\"name\":\"Ere\",\"image\":{\"@type\":\"ImageObject\",\"inLanguage\":\"pt-PT\",\"@id\":\"https:\/\/blogdoere.com.br\/#\/schema\/person\/image\/\",\"url\":\"https:\/\/secure.gravatar.com\/avatar\/?s=96&d=mm&r=g\",\"contentUrl\":\"https:\/\/secure.gravatar.com\/avatar\/?s=96&d=mm&r=g\",\"caption\":\"Ere\"}}]}<\/script>\n<!-- \/ Yoast SEO plugin. -->","yoast_head_json":{"title":"ITAJU\u00cdPE: UNIDADES DE ENSINO S\u00c3O CONTEMPLADAS COM NOVO MOBILI\u00c1RIO ESCOLAR - blog do er\u00ea","robots":{"index":"index","follow":"follow","max-snippet":"max-snippet:-1","max-image-preview":"max-image-preview:large","max-video-preview":"max-video-preview:-1"},"canonical":"https:\/\/blogdoere.com.br\/?p=26315","og_locale":"pt_PT","og_type":"article","og_title":"ITAJU\u00cdPE: UNIDADES DE ENSINO S\u00c3O CONTEMPLADAS COM NOVO MOBILI\u00c1RIO ESCOLAR - blog do er\u00ea","og_description":"Trazer um maior conforto a alunos e professores e, dessa forma, possibilitar que eles tenham um melhor desempenho em suas atividades \u00e9 o principal objetivo da atual gest\u00e3o em Itaju\u00edpe,...","og_url":"https:\/\/blogdoere.com.br\/?p=26315","og_site_name":"blog do er\u00ea","article_published_time":"2015-06-19T17:10:00+00:00","og_image":[{"url":"http:\/\/1.bp.blogspot.com\/-R6QP61o4K4g\/VYRMny8gwYI\/AAAAAAAAFyc\/XlhlRXCdjQY\/s320\/moveis.jpg"}],"author":"Ere","twitter_card":"summary_large_image","twitter_misc":{"Escrito por":"Ere","Tempo estimado de leitura":"1 minuto"},"schema":{"@context":"https:\/\/schema.org","@graph":[{"@type":"Article","@id":"https:\/\/blogdoere.com.br\/?p=26315#article","isPartOf":{"@id":"https:\/\/blogdoere.com.br\/?p=26315"},"author":{"name":"Ere","@id":"https:\/\/blogdoere.com.br\/#\/schema\/person\/4b56ed2336cb28ae3415ce8ffe56742e"},"headline":"ITAJU\u00cdPE: UNIDADES DE ENSINO S\u00c3O CONTEMPLADAS COM NOVO MOBILI\u00c1RIO ESCOLAR","datePublished":"2015-06-19T17:10:00+00:00","dateModified":"2015-06-19T17:10:00+00:00","mainEntityOfPage":{"@id":"https:\/\/blogdoere.com.br\/?p=26315"},"wordCount":288,"commentCount":0,"publisher":{"@id":"https:\/\/blogdoere.com.br\/#organization"},"articleSection":["Destaques"],"inLanguage":"pt-PT","potentialAction":[{"@type":"CommentAction","name":"Comment","target":["https:\/\/blogdoere.com.br\/?p=26315#respond"]}]},{"@type":"WebPage","@id":"https:\/\/blogdoere.com.br\/?p=26315","url":"https:\/\/blogdoere.com.br\/?p=26315","name":"ITAJU\u00cdPE: UNIDADES DE ENSINO S\u00c3O CONTEMPLADAS COM NOVO MOBILI\u00c1RIO ESCOLAR - blog do er\u00ea","isPartOf":{"@id":"https:\/\/blogdoere.com.br\/#website"},"datePublished":"2015-06-19T17:10:00+00:00","dateModified":"2015-06-19T17:10:00+00:00","breadcrumb":{"@id":"https:\/\/blogdoere.com.br\/?p=26315#breadcrumb"},"inLanguage":"pt-PT","potentialAction":[{"@type":"ReadAction","target":["https:\/\/blogdoere.com.br\/?p=26315"]}]},{"@type":"BreadcrumbList","@id":"https:\/\/blogdoere.com.br\/?p=26315#breadcrumb","itemListElement":[{"@type":"ListItem","position":1,"name":"In\u00edcio","item":"https:\/\/blogdoere.com.br\/"},{"@type":"ListItem","position":2,"name":"ITAJU\u00cdPE: UNIDADES DE ENSINO S\u00c3O CONTEMPLADAS COM NOVO MOBILI\u00c1RIO ESCOLAR"}]},{"@type":"WebSite","@id":"https:\/\/blogdoere.com.br\/#website","url":"https:\/\/blogdoere.com.br\/","name":"blog do er\u00ea","description":"","publisher":{"@id":"https:\/\/blogdoere.com.br\/#organization"},"potentialAction":[{"@type":"SearchAction","target":{"@type":"EntryPoint","urlTemplate":"https:\/\/blogdoere.com.br\/?s={search_term_string}"},"query-input":"required name=search_term_string"}],"inLanguage":"pt-PT"},{"@type":"Organization","@id":"https:\/\/blogdoere.com.br\/#organization","name":"Blog do Er\u00ea","url":"https:\/\/blogdoere.com.br\/","logo":{"@type":"ImageObject","inLanguage":"pt-PT","@id":"https:\/\/blogdoere.com.br\/#\/schema\/logo\/image\/","url":"https:\/\/blogdoere.com.br\/wp-content\/uploads\/2021\/11\/Logo-Ere-1.png","contentUrl":"https:\/\/blogdoere.com.br\/wp-content\/uploads\/2021\/11\/Logo-Ere-1.png","width":1261,"height":1330,"caption":"Blog do Er\u00ea"},"image":{"@id":"https:\/\/blogdoere.com.br\/#\/schema\/logo\/image\/"}},{"@type":"Person","@id":"https:\/\/blogdoere.com.br\/#\/schema\/person\/4b56ed2336cb28ae3415ce8ffe56742e","name":"Ere","image":{"@type":"ImageObject","inLanguage":"pt-PT","@id":"https:\/\/blogdoere.com.br\/#\/schema\/person\/image\/","url":"https:\/\/secure.gravatar.com\/avatar\/?s=96&d=mm&r=g","contentUrl":"https:\/\/secure.gravatar.com\/avatar\/?s=96&d=mm&r=g","caption":"Ere"}}]}},"featured_image_urls":{"full":"","thumbnail":"","medium":"","medium_large":"","large":"","1536x1536":"","2048x2048":""},"author_info":{"display_name":"Ere","author_link":"https:\/\/blogdoere.com.br\/?author=2"},"category_info":"<a href=\"https:\/\/blogdoere.com.br\/?cat=1\" rel=\"category\">Destaques<\/a>","tag_info":"Destaques","comment_count":"0","_links":{"self":[{"href":"https:\/\/blogdoere.com.br\/index.php?rest_route=\/wp\/v2\/posts\/26315","targetHints":{"allow":["GET"]}}],"collection":[{"href":"https:\/\/blogdoere.com.br\/index.php?rest_route=\/wp\/v2\/posts"}],"about":[{"href":"https:\/\/blogdoere.com.br\/index.php?rest_route=\/wp\/v2\/types\/post"}],"author":[{"embeddable":true,"href":"https:\/\/blogdoere.com.br\/index.php?rest_route=\/wp\/v2\/users\/2"}],"replies":[{"embeddable":true,"href":"https:\/\/blogdoere.com.br\/index.php?rest_route=%2Fwp%2Fv2%2Fcomments&post=26315"}],"version-history":[{"count":0,"href":"https:\/\/blogdoere.com.br\/index.php?rest_route=\/wp\/v2\/posts\/26315\/revisions"}],"wp:attachment":[{"href":"https:\/\/blogdoere.com.br\/index.php?rest_route=%2Fwp%2Fv2%2Fmedia&parent=26315"}],"wp:term":[{"taxonomy":"category","embeddable":true,"href":"https:\/\/blogdoere.com.br\/index.php?rest_route=%2Fwp%2Fv2%2Fcategories&post=26315"},{"taxonomy":"post_tag","embeddable":true,"href":"https:\/\/blogdoere.com.br\/index.php?rest_route=%2Fwp%2Fv2%2Ftags&post=26315"}],"curies":[{"name":"wp","href":"https:\/\/api.w.org\/{rel}","templated":true}]}}