{"id":26316,"date":"2015-06-19T16:29:00","date_gmt":"2015-06-19T16:29:00","guid":{"rendered":"http:\/\/blogdoere.com.br\/?p=26316"},"modified":"2015-06-19T16:29:00","modified_gmt":"2015-06-19T16:29:00","slug":"projeto-que-beneficia-os-artistas-baianos-e-aprovado-por-unanimidade-na-alba","status":"publish","type":"post","link":"https:\/\/blogdoere.com.br\/?p=26316","title":{"rendered":"PROJETO QUE BENEFICIA OS ARTISTAS BAIANOS \u00c9 APROVADO POR UNANIMIDADE NA  ALBA."},"content":{"rendered":"<div align=\"JUSTIFY\" style=\"background-color: white; color: #444444; font-family: Calibri, sans-serif; font-size: 15px; line-height: 21.2999992370605px; margin-bottom: 1.35em;\"><span style=\"color: black; line-height: normal;\"><span style=\"font-family: Arial, sans-serif;\"><span style=\"font-size: medium;\"><br \/><\/span><\/span><\/span><\/div>\n<div style=\"clear: both; text-align: center;\"><a href=\"http:\/\/2.bp.blogspot.com\/-A-QBryRbfS4\/VYRBIzGO6tI\/AAAAAAAAFyM\/Xzex655aXvE\/s1600\/forrrooo.jpg\" style=\"margin-left: 1em; margin-right: 1em;\"><img decoding=\"async\" border=\"0\" height=\"212\" src=\"http:\/\/2.bp.blogspot.com\/-A-QBryRbfS4\/VYRBIzGO6tI\/AAAAAAAAFyM\/Xzex655aXvE\/s320\/forrrooo.jpg\" width=\"320\" \/><\/a><\/div>\n<div align=\"JUSTIFY\" style=\"background-color: white; color: #444444; font-family: Calibri, sans-serif; font-size: 15px; line-height: 21.2999992370605px; margin-bottom: 1.35em;\"><span style=\"color: black; line-height: normal;\"><span style=\"font-family: Arial, sans-serif;\"><span style=\"font-size: medium;\"><br \/><\/span><\/span><\/span><\/div>\n<div align=\"JUSTIFY\" style=\"background-color: white; color: #444444; font-family: Calibri, sans-serif; font-size: 15px; line-height: 21.2999992370605px; margin-bottom: 1.35em;\"><span style=\"color: black; line-height: normal;\"><span style=\"font-family: Arial, sans-serif;\"><span style=\"font-size: medium;\">O projeto de lei que prev\u00ea a cria\u00e7\u00e3o de 60% de cotas para os forrozeiros baianos se apresentarem durante o S\u00e3o Jo\u00e3o foi aprovado por unanimidade durante a sess\u00e3o desta ter\u00e7a-feira (16), no plen\u00e1rio da Assembleia Legislativa da Bahia (AL-BA). Posto em vota\u00e7\u00e3o ap\u00f3s dispensa de formalidades por acordo entre os parlamentares, o projeto beneficia os artistas baianos no que se refere \u00e0s contrata\u00e7\u00f5es para festejos juninos em todo o estado.<\/span><\/span><\/span><\/div>\n<div align=\"JUSTIFY\" style=\"background-color: white; color: #444444; font-family: Calibri, sans-serif; font-size: 15px; line-height: 21.2999992370605px; margin-bottom: 1.35em;\"><span style=\"color: black; line-height: normal;\"><span style=\"font-family: Arial, sans-serif;\"><span style=\"font-size: medium;\">Na galeria, artistas como Del Feliz, Zelito Miranda, Bule Bule, Bruninho do Acordeon, Eug\u00eanio Cerqueira, Sarajane, Ed Bala, Frutos Nordestino, Chico Leite, Aupercata de Arrasto, Xote Nordestino, Renato Fechini, Z\u00e9 Costa, todos prestigiando a vota\u00e7\u00e3o.<\/span><\/span><\/span><\/div>\n<div align=\"JUSTIFY\" style=\"background-color: white; color: #444444; font-family: Calibri, sans-serif; font-size: 15px; line-height: 21.2999992370605px; margin-bottom: 1.35em;\"><span style=\"color: black; line-height: normal;\"><span style=\"font-family: Arial, sans-serif;\"><span style=\"font-size: medium;\">O PL \u00e9 fruto de um acordo entre os l\u00edderes da bancada do governo e de oposi\u00e7\u00e3o respectivamente, os deputados Z\u00e9 Neto (PT) e Sandro R\u00e9gis (DEM), com o apoio do presidente do legislativo, deputado Marcelo Nilo (PDT). \u201cA maior festa da Bahia n\u00e3o \u00e9 o Carnaval, que ocorre s\u00f3 em Salvador, \u00e9 o S\u00e3o Jo\u00e3o, que acontece nos 417 munic\u00edpios. Esse \u00e9 um projeto muito importante, pois precisamos priorizar as bandas do interior e da capital\u201d, pontuou&nbsp;<\/span><\/span><\/span><span style=\"font-family: Arial, sans-serif; font-size: medium; line-height: 21.2999992370605px;\">Nilo<\/span><span style=\"color: black; font-family: Arial, sans-serif; font-size: medium; line-height: normal;\">.&nbsp;<\/span><\/div>\n<div align=\"JUSTIFY\" style=\"background-color: white; color: #444444; font-family: Calibri, sans-serif; font-size: 15px; line-height: 21.2999992370605px; margin-bottom: 1.35em;\"><span style=\"color: black; font-family: Arial, sans-serif; font-size: medium; line-height: normal;\">A proposi\u00e7\u00e3o tem como principal objetivo, valorizar a cultura nordestina na Bahia, destinando parte da verba das Secretarias de Cultura e Turismo para a contrata\u00e7\u00e3o dos artistas para as festas juninas. A lei vale inclusive para contratos entre estado e munic\u00edpios.<\/span><\/div>\n<div align=\"JUSTIFY\" style=\"background-color: white; color: #444444; font-family: Calibri, sans-serif; font-size: 15px; line-height: 21.2999992370605px; margin-bottom: 1.35em;\"><span style=\"color: black; line-height: normal;\"><span style=\"font-family: Arial, sans-serif;\"><span style=\"font-size: medium;\">Para o cantor Zelito Miranda, com a aprova\u00e7\u00e3o do projeto os forrozeiros baianos poder\u00e3o inclusive fiscalizar os recursos destinados \u00e0s manifesta\u00e7\u00f5es culturais do estado. \u201cN\u00e3o sabemos quanto vem e para onde v\u00e3o os recursos. As contrata\u00e7\u00f5es s\u00e3o muito soltas. Podemos enfim criar um conselho, uma associa\u00e7\u00e3o, assim como j\u00e1 acontece no Carnaval\u201d, afirmou.<\/span><\/span><\/span><\/div>\n<div align=\"JUSTIFY\" style=\"background-color: white; color: #444444; font-family: Calibri, sans-serif; font-size: 15px; line-height: 21.2999992370605px; margin-bottom: 1.35em;\"><span style=\"color: black; line-height: normal;\"><span style=\"font-family: Arial, sans-serif;\"><span style=\"font-size: medium;\">A vota\u00e7\u00e3o foi encerrada ao som de muito forr\u00f3, com todos os artistas e os deputados reunidos no plen\u00e1rio, transformado em um \u2018arrai\u00e1\u2019. O PL agora segue para a san\u00e7\u00e3o do governador Rui Costa e deve ser regulamentado em 180 dias. Todos os contratos firmados ap\u00f3s esse per\u00edodo ser\u00e3o afetados pela nova lei.<\/span><\/span><\/span><\/div>\n<div align=\"JUSTIFY\" style=\"background-color: white; color: #444444; font-family: Calibri, sans-serif; font-size: 15px; line-height: 21.2999992370605px; margin-bottom: 1.35em;\"><span style=\"color: black; line-height: normal;\">\u201c<span style=\"font-family: Arial, sans-serif;\"><span style=\"font-size: medium;\">Em nome de todos os forrozeiros, que carregam durante todo o ano a nossa cultura, eu quero agradecer a todos os deputados pela sensibilidade em apoiar a nossa causa\u201d, declarou emocionado o cantor Del Feliz.<\/span><\/span><\/span><\/div>\n<div style=\"text-align: justify;\"><br style=\"background-color: white; color: #444444; font-family: Calibri, sans-serif; font-size: 15px; line-height: 21.2999992370605px; text-align: start;\" \/><\/div>\n<div style=\"text-align: justify;\"><\/div>\n","protected":false},"excerpt":{"rendered":"<p>O projeto de lei que prev\u00ea a cria\u00e7\u00e3o de 60% de cotas para os forrozeiros baianos se apresentarem durante o S\u00e3o Jo\u00e3o foi aprovado por unanimidade durante a sess\u00e3o desta&#8230;<\/p>\n","protected":false},"author":2,"featured_media":0,"comment_status":"open","ping_status":"open","sticky":false,"template":"","format":"standard","meta":{"_editorskit_title_hidden":false,"_editorskit_reading_time":0,"_editorskit_is_block_options_detached":false,"_editorskit_block_options_position":"{}","om_disable_all_campaigns":false,"_mi_skip_tracking":false,"_kad_post_transparent":"","_kad_post_title":"","_kad_post_layout":"","_kad_post_sidebar_id":"","_kad_post_content_style":"","_kad_post_vertical_padding":"","_kad_post_feature":"","_kad_post_feature_position":"","_kad_post_header":false,"_kad_post_footer":false,"footnotes":""},"categories":[1],"tags":[],"class_list":["post-26316","post","type-post","status-publish","format-standard","hentry","category-destaques"],"yoast_head":"<!-- This site is optimized with the Yoast SEO plugin v20.5 - https:\/\/yoast.com\/wordpress\/plugins\/seo\/ -->\n<title>PROJETO QUE BENEFICIA OS ARTISTAS BAIANOS \u00c9 APROVADO POR UNANIMIDADE NA ALBA. - blog do er\u00ea<\/title>\n<meta name=\"robots\" content=\"index, follow, max-snippet:-1, max-image-preview:large, max-video-preview:-1\" \/>\n<link rel=\"canonical\" href=\"https:\/\/blogdoere.com.br\/?p=26316\" \/>\n<meta property=\"og:locale\" content=\"pt_PT\" \/>\n<meta property=\"og:type\" content=\"article\" \/>\n<meta property=\"og:title\" content=\"PROJETO QUE BENEFICIA OS ARTISTAS BAIANOS \u00c9 APROVADO POR UNANIMIDADE NA ALBA. - blog do er\u00ea\" \/>\n<meta property=\"og:description\" content=\"O projeto de lei que prev\u00ea a cria\u00e7\u00e3o de 60% de cotas para os forrozeiros baianos se apresentarem durante o S\u00e3o Jo\u00e3o foi aprovado por unanimidade durante a sess\u00e3o desta...\" \/>\n<meta property=\"og:url\" content=\"https:\/\/blogdoere.com.br\/?p=26316\" \/>\n<meta property=\"og:site_name\" content=\"blog do er\u00ea\" \/>\n<meta property=\"article:published_time\" content=\"2015-06-19T16:29:00+00:00\" \/>\n<meta property=\"og:image\" content=\"http:\/\/2.bp.blogspot.com\/-A-QBryRbfS4\/VYRBIzGO6tI\/AAAAAAAAFyM\/Xzex655aXvE\/s320\/forrrooo.jpg\" \/>\n<meta name=\"author\" content=\"Ere\" \/>\n<meta name=\"twitter:card\" content=\"summary_large_image\" \/>\n<meta name=\"twitter:label1\" content=\"Escrito por\" \/>\n\t<meta name=\"twitter:data1\" content=\"Ere\" \/>\n\t<meta name=\"twitter:label2\" content=\"Tempo estimado de leitura\" \/>\n\t<meta name=\"twitter:data2\" content=\"2 minutos\" \/>\n<script type=\"application\/ld+json\" class=\"yoast-schema-graph\">{\"@context\":\"https:\/\/schema.org\",\"@graph\":[{\"@type\":\"Article\",\"@id\":\"https:\/\/blogdoere.com.br\/?p=26316#article\",\"isPartOf\":{\"@id\":\"https:\/\/blogdoere.com.br\/?p=26316\"},\"author\":{\"name\":\"Ere\",\"@id\":\"https:\/\/blogdoere.com.br\/#\/schema\/person\/4b56ed2336cb28ae3415ce8ffe56742e\"},\"headline\":\"PROJETO QUE BENEFICIA OS ARTISTAS BAIANOS \u00c9 APROVADO POR UNANIMIDADE NA ALBA.\",\"datePublished\":\"2015-06-19T16:29:00+00:00\",\"dateModified\":\"2015-06-19T16:29:00+00:00\",\"mainEntityOfPage\":{\"@id\":\"https:\/\/blogdoere.com.br\/?p=26316\"},\"wordCount\":407,\"commentCount\":0,\"publisher\":{\"@id\":\"https:\/\/blogdoere.com.br\/#organization\"},\"articleSection\":[\"Destaques\"],\"inLanguage\":\"pt-PT\",\"potentialAction\":[{\"@type\":\"CommentAction\",\"name\":\"Comment\",\"target\":[\"https:\/\/blogdoere.com.br\/?p=26316#respond\"]}]},{\"@type\":\"WebPage\",\"@id\":\"https:\/\/blogdoere.com.br\/?p=26316\",\"url\":\"https:\/\/blogdoere.com.br\/?p=26316\",\"name\":\"PROJETO QUE BENEFICIA OS ARTISTAS BAIANOS \u00c9 APROVADO POR UNANIMIDADE NA ALBA. - blog do er\u00ea\",\"isPartOf\":{\"@id\":\"https:\/\/blogdoere.com.br\/#website\"},\"datePublished\":\"2015-06-19T16:29:00+00:00\",\"dateModified\":\"2015-06-19T16:29:00+00:00\",\"breadcrumb\":{\"@id\":\"https:\/\/blogdoere.com.br\/?p=26316#breadcrumb\"},\"inLanguage\":\"pt-PT\",\"potentialAction\":[{\"@type\":\"ReadAction\",\"target\":[\"https:\/\/blogdoere.com.br\/?p=26316\"]}]},{\"@type\":\"BreadcrumbList\",\"@id\":\"https:\/\/blogdoere.com.br\/?p=26316#breadcrumb\",\"itemListElement\":[{\"@type\":\"ListItem\",\"position\":1,\"name\":\"In\u00edcio\",\"item\":\"https:\/\/blogdoere.com.br\/\"},{\"@type\":\"ListItem\",\"position\":2,\"name\":\"PROJETO QUE BENEFICIA OS ARTISTAS BAIANOS \u00c9 APROVADO POR UNANIMIDADE NA ALBA.\"}]},{\"@type\":\"WebSite\",\"@id\":\"https:\/\/blogdoere.com.br\/#website\",\"url\":\"https:\/\/blogdoere.com.br\/\",\"name\":\"blog do er\u00ea\",\"description\":\"\",\"publisher\":{\"@id\":\"https:\/\/blogdoere.com.br\/#organization\"},\"potentialAction\":[{\"@type\":\"SearchAction\",\"target\":{\"@type\":\"EntryPoint\",\"urlTemplate\":\"https:\/\/blogdoere.com.br\/?s={search_term_string}\"},\"query-input\":\"required name=search_term_string\"}],\"inLanguage\":\"pt-PT\"},{\"@type\":\"Organization\",\"@id\":\"https:\/\/blogdoere.com.br\/#organization\",\"name\":\"Blog do Er\u00ea\",\"url\":\"https:\/\/blogdoere.com.br\/\",\"logo\":{\"@type\":\"ImageObject\",\"inLanguage\":\"pt-PT\",\"@id\":\"https:\/\/blogdoere.com.br\/#\/schema\/logo\/image\/\",\"url\":\"https:\/\/blogdoere.com.br\/wp-content\/uploads\/2021\/11\/Logo-Ere-1.png\",\"contentUrl\":\"https:\/\/blogdoere.com.br\/wp-content\/uploads\/2021\/11\/Logo-Ere-1.png\",\"width\":1261,\"height\":1330,\"caption\":\"Blog do Er\u00ea\"},\"image\":{\"@id\":\"https:\/\/blogdoere.com.br\/#\/schema\/logo\/image\/\"}},{\"@type\":\"Person\",\"@id\":\"https:\/\/blogdoere.com.br\/#\/schema\/person\/4b56ed2336cb28ae3415ce8ffe56742e\",\"name\":\"Ere\",\"image\":{\"@type\":\"ImageObject\",\"inLanguage\":\"pt-PT\",\"@id\":\"https:\/\/blogdoere.com.br\/#\/schema\/person\/image\/\",\"url\":\"https:\/\/secure.gravatar.com\/avatar\/?s=96&d=mm&r=g\",\"contentUrl\":\"https:\/\/secure.gravatar.com\/avatar\/?s=96&d=mm&r=g\",\"caption\":\"Ere\"}}]}<\/script>\n<!-- \/ Yoast SEO plugin. -->","yoast_head_json":{"title":"PROJETO QUE BENEFICIA OS ARTISTAS BAIANOS \u00c9 APROVADO POR UNANIMIDADE NA ALBA. - blog do er\u00ea","robots":{"index":"index","follow":"follow","max-snippet":"max-snippet:-1","max-image-preview":"max-image-preview:large","max-video-preview":"max-video-preview:-1"},"canonical":"https:\/\/blogdoere.com.br\/?p=26316","og_locale":"pt_PT","og_type":"article","og_title":"PROJETO QUE BENEFICIA OS ARTISTAS BAIANOS \u00c9 APROVADO POR UNANIMIDADE NA ALBA. - blog do er\u00ea","og_description":"O projeto de lei que prev\u00ea a cria\u00e7\u00e3o de 60% de cotas para os forrozeiros baianos se apresentarem durante o S\u00e3o Jo\u00e3o foi aprovado por unanimidade durante a sess\u00e3o desta...","og_url":"https:\/\/blogdoere.com.br\/?p=26316","og_site_name":"blog do er\u00ea","article_published_time":"2015-06-19T16:29:00+00:00","og_image":[{"url":"http:\/\/2.bp.blogspot.com\/-A-QBryRbfS4\/VYRBIzGO6tI\/AAAAAAAAFyM\/Xzex655aXvE\/s320\/forrrooo.jpg"}],"author":"Ere","twitter_card":"summary_large_image","twitter_misc":{"Escrito por":"Ere","Tempo estimado de leitura":"2 minutos"},"schema":{"@context":"https:\/\/schema.org","@graph":[{"@type":"Article","@id":"https:\/\/blogdoere.com.br\/?p=26316#article","isPartOf":{"@id":"https:\/\/blogdoere.com.br\/?p=26316"},"author":{"name":"Ere","@id":"https:\/\/blogdoere.com.br\/#\/schema\/person\/4b56ed2336cb28ae3415ce8ffe56742e"},"headline":"PROJETO QUE BENEFICIA OS ARTISTAS BAIANOS \u00c9 APROVADO POR UNANIMIDADE NA ALBA.","datePublished":"2015-06-19T16:29:00+00:00","dateModified":"2015-06-19T16:29:00+00:00","mainEntityOfPage":{"@id":"https:\/\/blogdoere.com.br\/?p=26316"},"wordCount":407,"commentCount":0,"publisher":{"@id":"https:\/\/blogdoere.com.br\/#organization"},"articleSection":["Destaques"],"inLanguage":"pt-PT","potentialAction":[{"@type":"CommentAction","name":"Comment","target":["https:\/\/blogdoere.com.br\/?p=26316#respond"]}]},{"@type":"WebPage","@id":"https:\/\/blogdoere.com.br\/?p=26316","url":"https:\/\/blogdoere.com.br\/?p=26316","name":"PROJETO QUE BENEFICIA OS ARTISTAS BAIANOS \u00c9 APROVADO POR UNANIMIDADE NA ALBA. - blog do er\u00ea","isPartOf":{"@id":"https:\/\/blogdoere.com.br\/#website"},"datePublished":"2015-06-19T16:29:00+00:00","dateModified":"2015-06-19T16:29:00+00:00","breadcrumb":{"@id":"https:\/\/blogdoere.com.br\/?p=26316#breadcrumb"},"inLanguage":"pt-PT","potentialAction":[{"@type":"ReadAction","target":["https:\/\/blogdoere.com.br\/?p=26316"]}]},{"@type":"BreadcrumbList","@id":"https:\/\/blogdoere.com.br\/?p=26316#breadcrumb","itemListElement":[{"@type":"ListItem","position":1,"name":"In\u00edcio","item":"https:\/\/blogdoere.com.br\/"},{"@type":"ListItem","position":2,"name":"PROJETO QUE BENEFICIA OS ARTISTAS BAIANOS \u00c9 APROVADO POR UNANIMIDADE NA ALBA."}]},{"@type":"WebSite","@id":"https:\/\/blogdoere.com.br\/#website","url":"https:\/\/blogdoere.com.br\/","name":"blog do er\u00ea","description":"","publisher":{"@id":"https:\/\/blogdoere.com.br\/#organization"},"potentialAction":[{"@type":"SearchAction","target":{"@type":"EntryPoint","urlTemplate":"https:\/\/blogdoere.com.br\/?s={search_term_string}"},"query-input":"required name=search_term_string"}],"inLanguage":"pt-PT"},{"@type":"Organization","@id":"https:\/\/blogdoere.com.br\/#organization","name":"Blog do Er\u00ea","url":"https:\/\/blogdoere.com.br\/","logo":{"@type":"ImageObject","inLanguage":"pt-PT","@id":"https:\/\/blogdoere.com.br\/#\/schema\/logo\/image\/","url":"https:\/\/blogdoere.com.br\/wp-content\/uploads\/2021\/11\/Logo-Ere-1.png","contentUrl":"https:\/\/blogdoere.com.br\/wp-content\/uploads\/2021\/11\/Logo-Ere-1.png","width":1261,"height":1330,"caption":"Blog do Er\u00ea"},"image":{"@id":"https:\/\/blogdoere.com.br\/#\/schema\/logo\/image\/"}},{"@type":"Person","@id":"https:\/\/blogdoere.com.br\/#\/schema\/person\/4b56ed2336cb28ae3415ce8ffe56742e","name":"Ere","image":{"@type":"ImageObject","inLanguage":"pt-PT","@id":"https:\/\/blogdoere.com.br\/#\/schema\/person\/image\/","url":"https:\/\/secure.gravatar.com\/avatar\/?s=96&d=mm&r=g","contentUrl":"https:\/\/secure.gravatar.com\/avatar\/?s=96&d=mm&r=g","caption":"Ere"}}]}},"featured_image_urls":{"full":"","thumbnail":"","medium":"","medium_large":"","large":"","1536x1536":"","2048x2048":""},"author_info":{"display_name":"Ere","author_link":"https:\/\/blogdoere.com.br\/?author=2"},"category_info":"<a href=\"https:\/\/blogdoere.com.br\/?cat=1\" rel=\"category\">Destaques<\/a>","tag_info":"Destaques","comment_count":"0","_links":{"self":[{"href":"https:\/\/blogdoere.com.br\/index.php?rest_route=\/wp\/v2\/posts\/26316","targetHints":{"allow":["GET"]}}],"collection":[{"href":"https:\/\/blogdoere.com.br\/index.php?rest_route=\/wp\/v2\/posts"}],"about":[{"href":"https:\/\/blogdoere.com.br\/index.php?rest_route=\/wp\/v2\/types\/post"}],"author":[{"embeddable":true,"href":"https:\/\/blogdoere.com.br\/index.php?rest_route=\/wp\/v2\/users\/2"}],"replies":[{"embeddable":true,"href":"https:\/\/blogdoere.com.br\/index.php?rest_route=%2Fwp%2Fv2%2Fcomments&post=26316"}],"version-history":[{"count":0,"href":"https:\/\/blogdoere.com.br\/index.php?rest_route=\/wp\/v2\/posts\/26316\/revisions"}],"wp:attachment":[{"href":"https:\/\/blogdoere.com.br\/index.php?rest_route=%2Fwp%2Fv2%2Fmedia&parent=26316"}],"wp:term":[{"taxonomy":"category","embeddable":true,"href":"https:\/\/blogdoere.com.br\/index.php?rest_route=%2Fwp%2Fv2%2Fcategories&post=26316"},{"taxonomy":"post_tag","embeddable":true,"href":"https:\/\/blogdoere.com.br\/index.php?rest_route=%2Fwp%2Fv2%2Ftags&post=26316"}],"curies":[{"name":"wp","href":"https:\/\/api.w.org\/{rel}","templated":true}]}}