{"id":26320,"date":"2015-06-11T21:36:00","date_gmt":"2015-06-11T21:36:00","guid":{"rendered":"http:\/\/blogdoere.com.br\/?p=26320"},"modified":"2015-06-11T21:36:00","modified_gmt":"2015-06-11T21:36:00","slug":"itajuipe-festa-ao-sagrado-coracao-de-jesus-encerra-jubileu-dos-90-anos","status":"publish","type":"post","link":"https:\/\/blogdoere.com.br\/?p=26320","title":{"rendered":"ITAJU\u00cdPE: FESTA AO SAGRADO CORA\u00c7\u00c3O DE JESUS ENCERRA  JUBILEU DOS 90 ANOS."},"content":{"rendered":"<div style=\"text-align: justify;\"><span style=\"font-family: &quot;Arial&quot;,&quot;sans-serif&quot;; font-size: 12.0pt; line-height: 115%;\"><br \/><\/span><\/div>\n<div style=\"text-align: justify;\"><span style=\"font-family: &quot;Arial&quot;,&quot;sans-serif&quot;; font-size: 12.0pt; line-height: 115%;\"><br \/><\/span><\/div>\n<div style=\"clear: both; text-align: center;\"><a href=\"http:\/\/2.bp.blogspot.com\/-0XvqiFewRHc\/VXn-mE9r1wI\/AAAAAAAAFxo\/YKpRMQj13Oc\/s1600\/iiiiiiiiii.png\" style=\"margin-left: 1em; margin-right: 1em;\"><img decoding=\"async\" border=\"0\" height=\"191\" src=\"http:\/\/2.bp.blogspot.com\/-0XvqiFewRHc\/VXn-mE9r1wI\/AAAAAAAAFxo\/YKpRMQj13Oc\/s320\/iiiiiiiiii.png\" width=\"320\" \/><\/a><\/div>\n<div style=\"text-align: justify;\"><span style=\"font-family: &quot;Arial&quot;,&quot;sans-serif&quot;; font-size: 12.0pt; line-height: 115%;\"><br \/><\/span><\/div>\n<div style=\"text-align: justify;\"><span style=\"font-family: &quot;Arial&quot;,&quot;sans-serif&quot;; font-size: 12.0pt; line-height: 115%;\"><br \/><\/span><\/div>\n<div style=\"text-align: justify;\"><span style=\"font-family: &quot;Arial&quot;,&quot;sans-serif&quot;; font-size: 12.0pt; line-height: 115%;\">A Par\u00f3quia de Itaju\u00edpe, com a Festa do Sagrado Cora\u00e7\u00e3o de Jesus, padroeiro da cidade, encerra nesta sexta-feira (12) o ano Jubilar em comemora\u00e7\u00e3o aos 90 anos de funda\u00e7\u00e3o da Par\u00f3quia. As festividades, que ao longo de dez dias&nbsp; movimentou a comunidade cat\u00f3lica de Itaju\u00edpe e da regi\u00e3o, confirma o grande movimento de renova\u00e7\u00e3o e de reflex\u00e3o sobre o papel da Igreja no momento atual.<o:p><\/o:p><\/span><\/div>\n<div style=\"text-align: justify;\"><span style=\"font-family: &quot;Arial&quot;,&quot;sans-serif&quot;; font-size: 12.0pt; line-height: 115%;\"><br \/><\/span><\/div>\n<div style=\"text-align: justify;\"><span style=\"font-family: &quot;Arial&quot;,&quot;sans-serif&quot;; font-size: 12.0pt; line-height: 115%;\">A cada dia, um tema refletindo parte dos ensinamentos trazidos pelo tema geral &#8220;A Igreja \u00e0 Luz do Conc\u00edlio Vaticano II&#8221;, mobilizou todos os grupos, pastorais, comunidade e institui\u00e7\u00f5es &nbsp;na celebra\u00e7\u00e3o dos 90 anos da Consagra\u00e7\u00e3o de Itaju\u00edpe ao Sagrado Cora\u00e7\u00e3o de Jesus.<o:p><\/o:p><\/span><\/div>\n<div style=\"text-align: justify;\"><span style=\"font-family: &quot;Arial&quot;,&quot;sans-serif&quot;; font-size: 12.0pt; line-height: 115%;\"><br \/><\/span><\/div>\n<div style=\"text-align: justify;\"><span style=\"font-family: &quot;Arial&quot;,&quot;sans-serif&quot;; font-size: 12.0pt; line-height: 115%;\">O \u00faltimo dia das festividades, dia 12, contar\u00e1 com mais um momento de aprofundamento deste compromisso, com a Missa Solene na qual ser\u00e1 renovada a Consagra\u00e7\u00e3o de nossa cidade ao Divino Cora\u00e7\u00e3o de Jesus. Ainda no per\u00edodo da tarde, \u00e0s 18 horas, uma prociss\u00e3o saindo do Marco dos 90 anos, no Bosque, encerrando a Prociss\u00e3o, a Festa e o Ano Jubilar.<o:p><\/o:p><\/span><\/div>\n<div style=\"text-align: justify;\"><span style=\"font-family: &quot;Arial&quot;,&quot;sans-serif&quot;; font-size: 12.0pt; line-height: 115%;\"><br \/><\/span><\/div>\n<div style=\"text-align: justify;\"><span style=\"font-family: &quot;Arial&quot;,&quot;sans-serif&quot;; font-size: 12.0pt; line-height: 115%;\"><br \/><\/span><\/div>\n<div style=\"text-align: justify;\"><b><span style=\"font-family: &quot;Arial&quot;,&quot;sans-serif&quot;; font-size: 12.0pt; line-height: 115%;\">Os Cantores de Deus<o:p><\/o:p><\/span><\/b><\/div>\n<div style=\"text-align: justify;\"><b><span style=\"font-family: &quot;Arial&quot;,&quot;sans-serif&quot;; font-size: 12.0pt; line-height: 115%;\"><br \/><\/span><\/b><\/div>\n<div style=\"text-align: justify;\"><span style=\"font-family: Arial, sans-serif; font-size: 12pt; line-height: 115%;\">O grupo Cantores de Deus nasceu do desejo do Pe. Zezinho, scj, de criar um grupo vocal que o acompanhasse em suas viagens. S\u00e3o 18 anos de hist\u00f3ria, 9 CDs gravados, 1 DVD ao vivo e centenas de viagens por todo o Brasil e fora! Durante o ano de 2000 a 2002, o grupo apresentou o programa de TV Palavras que n\u00e3o passam na Rede Vida de Televis\u00e3o, Juntamente com o Pe. Zezinho, scj. Pouco tempo depois o CD<\/span><span style=\"font-family: Arial, sans-serif; font-size: 16px; line-height: 18.3999996185303px;\">D<\/span><span style=\"font-family: Arial, sans-serif; font-size: 12pt; line-height: 115%;\">&nbsp;ganhou seu pr\u00f3prio programa de TV, o Universo em Can\u00e7\u00e3o, tamb\u00e9m exibido pela Rede Vida.<\/span><\/div>\n<div style=\"text-align: justify;\"><span style=\"font-family: Arial, sans-serif; font-size: 12pt; line-height: 115%;\"><br \/><\/span><\/div>\n<div style=\"text-align: justify;\"><span style=\"font-family: Arial, sans-serif; font-size: 12pt; line-height: 115%;\">O Grupo se apresenta pela primeira vez em Itaju\u00edpe em um show aberto ao p\u00fablico, \u00e0s 19 horas, em um palco montado ao lado da Igreja Matriz, fechando um ano inteiro de comemora\u00e7\u00f5es aos 90 anos da funda\u00e7\u00e3o da Par\u00f3quia do Sagrado Cora\u00e7\u00e3o de Jesus. <o:p><\/o:p><\/span><\/div>\n<p><\/p>\n<div style=\"text-align: justify;\"><span style=\"font-family: Arial, sans-serif; font-size: 12pt; line-height: 115%;\">De acordo com Padre Edson, p\u00e1roco da Igreja, &#8221; esta Festa e o Show s\u00e3o a culmin\u00e2ncia do trabalho de evangeliza\u00e7\u00e3o, renova\u00e7\u00e3o e participa\u00e7\u00e3o dos fieis neste tempo de Gra\u00e7a&#8221;, disse.<o:p><\/o:p><\/span><\/div>\n","protected":false},"excerpt":{"rendered":"<p>A Par\u00f3quia de Itaju\u00edpe, com a Festa do Sagrado Cora\u00e7\u00e3o de Jesus, padroeiro da cidade, encerra nesta sexta-feira (12) o ano Jubilar em comemora\u00e7\u00e3o aos 90 anos de funda\u00e7\u00e3o da&#8230;<\/p>\n","protected":false},"author":2,"featured_media":0,"comment_status":"open","ping_status":"open","sticky":false,"template":"","format":"standard","meta":{"_editorskit_title_hidden":false,"_editorskit_reading_time":0,"_editorskit_is_block_options_detached":false,"_editorskit_block_options_position":"{}","om_disable_all_campaigns":false,"_mi_skip_tracking":false,"_kad_post_transparent":"","_kad_post_title":"","_kad_post_layout":"","_kad_post_sidebar_id":"","_kad_post_content_style":"","_kad_post_vertical_padding":"","_kad_post_feature":"","_kad_post_feature_position":"","_kad_post_header":false,"_kad_post_footer":false,"footnotes":""},"categories":[1],"tags":[],"class_list":["post-26320","post","type-post","status-publish","format-standard","hentry","category-destaques"],"yoast_head":"<!-- This site is optimized with the Yoast SEO plugin v20.5 - https:\/\/yoast.com\/wordpress\/plugins\/seo\/ -->\n<title>ITAJU\u00cdPE: FESTA AO SAGRADO CORA\u00c7\u00c3O DE JESUS ENCERRA JUBILEU DOS 90 ANOS. - blog do er\u00ea<\/title>\n<meta name=\"robots\" content=\"index, follow, max-snippet:-1, max-image-preview:large, max-video-preview:-1\" \/>\n<link rel=\"canonical\" href=\"https:\/\/blogdoere.com.br\/?p=26320\" \/>\n<meta property=\"og:locale\" content=\"pt_PT\" \/>\n<meta property=\"og:type\" content=\"article\" \/>\n<meta property=\"og:title\" content=\"ITAJU\u00cdPE: FESTA AO SAGRADO CORA\u00c7\u00c3O DE JESUS ENCERRA JUBILEU DOS 90 ANOS. - blog do er\u00ea\" \/>\n<meta property=\"og:description\" content=\"A Par\u00f3quia de Itaju\u00edpe, com a Festa do Sagrado Cora\u00e7\u00e3o de Jesus, padroeiro da cidade, encerra nesta sexta-feira (12) o ano Jubilar em comemora\u00e7\u00e3o aos 90 anos de funda\u00e7\u00e3o da...\" \/>\n<meta property=\"og:url\" content=\"https:\/\/blogdoere.com.br\/?p=26320\" \/>\n<meta property=\"og:site_name\" content=\"blog do er\u00ea\" \/>\n<meta property=\"article:published_time\" content=\"2015-06-11T21:36:00+00:00\" \/>\n<meta property=\"og:image\" content=\"http:\/\/2.bp.blogspot.com\/-0XvqiFewRHc\/VXn-mE9r1wI\/AAAAAAAAFxo\/YKpRMQj13Oc\/s320\/iiiiiiiiii.png\" \/>\n<meta name=\"author\" content=\"Ere\" \/>\n<meta name=\"twitter:card\" content=\"summary_large_image\" \/>\n<meta name=\"twitter:label1\" content=\"Escrito por\" \/>\n\t<meta name=\"twitter:data1\" content=\"Ere\" \/>\n\t<meta name=\"twitter:label2\" content=\"Tempo estimado de leitura\" \/>\n\t<meta name=\"twitter:data2\" content=\"2 minutos\" \/>\n<script type=\"application\/ld+json\" class=\"yoast-schema-graph\">{\"@context\":\"https:\/\/schema.org\",\"@graph\":[{\"@type\":\"Article\",\"@id\":\"https:\/\/blogdoere.com.br\/?p=26320#article\",\"isPartOf\":{\"@id\":\"https:\/\/blogdoere.com.br\/?p=26320\"},\"author\":{\"name\":\"Ere\",\"@id\":\"https:\/\/blogdoere.com.br\/#\/schema\/person\/4b56ed2336cb28ae3415ce8ffe56742e\"},\"headline\":\"ITAJU\u00cdPE: FESTA AO SAGRADO CORA\u00c7\u00c3O DE JESUS ENCERRA JUBILEU DOS 90 ANOS.\",\"datePublished\":\"2015-06-11T21:36:00+00:00\",\"dateModified\":\"2015-06-11T21:36:00+00:00\",\"mainEntityOfPage\":{\"@id\":\"https:\/\/blogdoere.com.br\/?p=26320\"},\"wordCount\":387,\"commentCount\":0,\"publisher\":{\"@id\":\"https:\/\/blogdoere.com.br\/#organization\"},\"articleSection\":[\"Destaques\"],\"inLanguage\":\"pt-PT\",\"potentialAction\":[{\"@type\":\"CommentAction\",\"name\":\"Comment\",\"target\":[\"https:\/\/blogdoere.com.br\/?p=26320#respond\"]}]},{\"@type\":\"WebPage\",\"@id\":\"https:\/\/blogdoere.com.br\/?p=26320\",\"url\":\"https:\/\/blogdoere.com.br\/?p=26320\",\"name\":\"ITAJU\u00cdPE: FESTA AO SAGRADO CORA\u00c7\u00c3O DE JESUS ENCERRA JUBILEU DOS 90 ANOS. - blog do er\u00ea\",\"isPartOf\":{\"@id\":\"https:\/\/blogdoere.com.br\/#website\"},\"datePublished\":\"2015-06-11T21:36:00+00:00\",\"dateModified\":\"2015-06-11T21:36:00+00:00\",\"breadcrumb\":{\"@id\":\"https:\/\/blogdoere.com.br\/?p=26320#breadcrumb\"},\"inLanguage\":\"pt-PT\",\"potentialAction\":[{\"@type\":\"ReadAction\",\"target\":[\"https:\/\/blogdoere.com.br\/?p=26320\"]}]},{\"@type\":\"BreadcrumbList\",\"@id\":\"https:\/\/blogdoere.com.br\/?p=26320#breadcrumb\",\"itemListElement\":[{\"@type\":\"ListItem\",\"position\":1,\"name\":\"In\u00edcio\",\"item\":\"https:\/\/blogdoere.com.br\/\"},{\"@type\":\"ListItem\",\"position\":2,\"name\":\"ITAJU\u00cdPE: FESTA AO SAGRADO CORA\u00c7\u00c3O DE JESUS ENCERRA JUBILEU DOS 90 ANOS.\"}]},{\"@type\":\"WebSite\",\"@id\":\"https:\/\/blogdoere.com.br\/#website\",\"url\":\"https:\/\/blogdoere.com.br\/\",\"name\":\"blog do er\u00ea\",\"description\":\"\",\"publisher\":{\"@id\":\"https:\/\/blogdoere.com.br\/#organization\"},\"potentialAction\":[{\"@type\":\"SearchAction\",\"target\":{\"@type\":\"EntryPoint\",\"urlTemplate\":\"https:\/\/blogdoere.com.br\/?s={search_term_string}\"},\"query-input\":\"required name=search_term_string\"}],\"inLanguage\":\"pt-PT\"},{\"@type\":\"Organization\",\"@id\":\"https:\/\/blogdoere.com.br\/#organization\",\"name\":\"Blog do Er\u00ea\",\"url\":\"https:\/\/blogdoere.com.br\/\",\"logo\":{\"@type\":\"ImageObject\",\"inLanguage\":\"pt-PT\",\"@id\":\"https:\/\/blogdoere.com.br\/#\/schema\/logo\/image\/\",\"url\":\"https:\/\/blogdoere.com.br\/wp-content\/uploads\/2021\/11\/Logo-Ere-1.png\",\"contentUrl\":\"https:\/\/blogdoere.com.br\/wp-content\/uploads\/2021\/11\/Logo-Ere-1.png\",\"width\":1261,\"height\":1330,\"caption\":\"Blog do Er\u00ea\"},\"image\":{\"@id\":\"https:\/\/blogdoere.com.br\/#\/schema\/logo\/image\/\"}},{\"@type\":\"Person\",\"@id\":\"https:\/\/blogdoere.com.br\/#\/schema\/person\/4b56ed2336cb28ae3415ce8ffe56742e\",\"name\":\"Ere\",\"image\":{\"@type\":\"ImageObject\",\"inLanguage\":\"pt-PT\",\"@id\":\"https:\/\/blogdoere.com.br\/#\/schema\/person\/image\/\",\"url\":\"https:\/\/secure.gravatar.com\/avatar\/?s=96&d=mm&r=g\",\"contentUrl\":\"https:\/\/secure.gravatar.com\/avatar\/?s=96&d=mm&r=g\",\"caption\":\"Ere\"}}]}<\/script>\n<!-- \/ Yoast SEO plugin. -->","yoast_head_json":{"title":"ITAJU\u00cdPE: FESTA AO SAGRADO CORA\u00c7\u00c3O DE JESUS ENCERRA JUBILEU DOS 90 ANOS. - blog do er\u00ea","robots":{"index":"index","follow":"follow","max-snippet":"max-snippet:-1","max-image-preview":"max-image-preview:large","max-video-preview":"max-video-preview:-1"},"canonical":"https:\/\/blogdoere.com.br\/?p=26320","og_locale":"pt_PT","og_type":"article","og_title":"ITAJU\u00cdPE: FESTA AO SAGRADO CORA\u00c7\u00c3O DE JESUS ENCERRA JUBILEU DOS 90 ANOS. - blog do er\u00ea","og_description":"A Par\u00f3quia de Itaju\u00edpe, com a Festa do Sagrado Cora\u00e7\u00e3o de Jesus, padroeiro da cidade, encerra nesta sexta-feira (12) o ano Jubilar em comemora\u00e7\u00e3o aos 90 anos de funda\u00e7\u00e3o da...","og_url":"https:\/\/blogdoere.com.br\/?p=26320","og_site_name":"blog do er\u00ea","article_published_time":"2015-06-11T21:36:00+00:00","og_image":[{"url":"http:\/\/2.bp.blogspot.com\/-0XvqiFewRHc\/VXn-mE9r1wI\/AAAAAAAAFxo\/YKpRMQj13Oc\/s320\/iiiiiiiiii.png"}],"author":"Ere","twitter_card":"summary_large_image","twitter_misc":{"Escrito por":"Ere","Tempo estimado de leitura":"2 minutos"},"schema":{"@context":"https:\/\/schema.org","@graph":[{"@type":"Article","@id":"https:\/\/blogdoere.com.br\/?p=26320#article","isPartOf":{"@id":"https:\/\/blogdoere.com.br\/?p=26320"},"author":{"name":"Ere","@id":"https:\/\/blogdoere.com.br\/#\/schema\/person\/4b56ed2336cb28ae3415ce8ffe56742e"},"headline":"ITAJU\u00cdPE: FESTA AO SAGRADO CORA\u00c7\u00c3O DE JESUS ENCERRA JUBILEU DOS 90 ANOS.","datePublished":"2015-06-11T21:36:00+00:00","dateModified":"2015-06-11T21:36:00+00:00","mainEntityOfPage":{"@id":"https:\/\/blogdoere.com.br\/?p=26320"},"wordCount":387,"commentCount":0,"publisher":{"@id":"https:\/\/blogdoere.com.br\/#organization"},"articleSection":["Destaques"],"inLanguage":"pt-PT","potentialAction":[{"@type":"CommentAction","name":"Comment","target":["https:\/\/blogdoere.com.br\/?p=26320#respond"]}]},{"@type":"WebPage","@id":"https:\/\/blogdoere.com.br\/?p=26320","url":"https:\/\/blogdoere.com.br\/?p=26320","name":"ITAJU\u00cdPE: FESTA AO SAGRADO CORA\u00c7\u00c3O DE JESUS ENCERRA JUBILEU DOS 90 ANOS. - blog do er\u00ea","isPartOf":{"@id":"https:\/\/blogdoere.com.br\/#website"},"datePublished":"2015-06-11T21:36:00+00:00","dateModified":"2015-06-11T21:36:00+00:00","breadcrumb":{"@id":"https:\/\/blogdoere.com.br\/?p=26320#breadcrumb"},"inLanguage":"pt-PT","potentialAction":[{"@type":"ReadAction","target":["https:\/\/blogdoere.com.br\/?p=26320"]}]},{"@type":"BreadcrumbList","@id":"https:\/\/blogdoere.com.br\/?p=26320#breadcrumb","itemListElement":[{"@type":"ListItem","position":1,"name":"In\u00edcio","item":"https:\/\/blogdoere.com.br\/"},{"@type":"ListItem","position":2,"name":"ITAJU\u00cdPE: FESTA AO SAGRADO CORA\u00c7\u00c3O DE JESUS ENCERRA JUBILEU DOS 90 ANOS."}]},{"@type":"WebSite","@id":"https:\/\/blogdoere.com.br\/#website","url":"https:\/\/blogdoere.com.br\/","name":"blog do er\u00ea","description":"","publisher":{"@id":"https:\/\/blogdoere.com.br\/#organization"},"potentialAction":[{"@type":"SearchAction","target":{"@type":"EntryPoint","urlTemplate":"https:\/\/blogdoere.com.br\/?s={search_term_string}"},"query-input":"required name=search_term_string"}],"inLanguage":"pt-PT"},{"@type":"Organization","@id":"https:\/\/blogdoere.com.br\/#organization","name":"Blog do Er\u00ea","url":"https:\/\/blogdoere.com.br\/","logo":{"@type":"ImageObject","inLanguage":"pt-PT","@id":"https:\/\/blogdoere.com.br\/#\/schema\/logo\/image\/","url":"https:\/\/blogdoere.com.br\/wp-content\/uploads\/2021\/11\/Logo-Ere-1.png","contentUrl":"https:\/\/blogdoere.com.br\/wp-content\/uploads\/2021\/11\/Logo-Ere-1.png","width":1261,"height":1330,"caption":"Blog do Er\u00ea"},"image":{"@id":"https:\/\/blogdoere.com.br\/#\/schema\/logo\/image\/"}},{"@type":"Person","@id":"https:\/\/blogdoere.com.br\/#\/schema\/person\/4b56ed2336cb28ae3415ce8ffe56742e","name":"Ere","image":{"@type":"ImageObject","inLanguage":"pt-PT","@id":"https:\/\/blogdoere.com.br\/#\/schema\/person\/image\/","url":"https:\/\/secure.gravatar.com\/avatar\/?s=96&d=mm&r=g","contentUrl":"https:\/\/secure.gravatar.com\/avatar\/?s=96&d=mm&r=g","caption":"Ere"}}]}},"featured_image_urls":{"full":"","thumbnail":"","medium":"","medium_large":"","large":"","1536x1536":"","2048x2048":""},"author_info":{"display_name":"Ere","author_link":"https:\/\/blogdoere.com.br\/?author=2"},"category_info":"<a href=\"https:\/\/blogdoere.com.br\/?cat=1\" rel=\"category\">Destaques<\/a>","tag_info":"Destaques","comment_count":"0","_links":{"self":[{"href":"https:\/\/blogdoere.com.br\/index.php?rest_route=\/wp\/v2\/posts\/26320","targetHints":{"allow":["GET"]}}],"collection":[{"href":"https:\/\/blogdoere.com.br\/index.php?rest_route=\/wp\/v2\/posts"}],"about":[{"href":"https:\/\/blogdoere.com.br\/index.php?rest_route=\/wp\/v2\/types\/post"}],"author":[{"embeddable":true,"href":"https:\/\/blogdoere.com.br\/index.php?rest_route=\/wp\/v2\/users\/2"}],"replies":[{"embeddable":true,"href":"https:\/\/blogdoere.com.br\/index.php?rest_route=%2Fwp%2Fv2%2Fcomments&post=26320"}],"version-history":[{"count":0,"href":"https:\/\/blogdoere.com.br\/index.php?rest_route=\/wp\/v2\/posts\/26320\/revisions"}],"wp:attachment":[{"href":"https:\/\/blogdoere.com.br\/index.php?rest_route=%2Fwp%2Fv2%2Fmedia&parent=26320"}],"wp:term":[{"taxonomy":"category","embeddable":true,"href":"https:\/\/blogdoere.com.br\/index.php?rest_route=%2Fwp%2Fv2%2Fcategories&post=26320"},{"taxonomy":"post_tag","embeddable":true,"href":"https:\/\/blogdoere.com.br\/index.php?rest_route=%2Fwp%2Fv2%2Ftags&post=26320"}],"curies":[{"name":"wp","href":"https:\/\/api.w.org\/{rel}","templated":true}]}}