{"id":26321,"date":"2015-06-09T00:53:00","date_gmt":"2015-06-09T00:53:00","guid":{"rendered":"http:\/\/blogdoere.com.br\/?p=26321"},"modified":"2015-06-09T00:53:00","modified_gmt":"2015-06-09T00:53:00","slug":"pgr-ingressa-no-stf-contra-pensao-vitalicia-de-governadores","status":"publish","type":"post","link":"https:\/\/blogdoere.com.br\/?p=26321","title":{"rendered":"PGR INGRESSA NO STF CONTRA PENS\u00c3O VITAL\u00cdCIA DE GOVERNADORES."},"content":{"rendered":"<div style=\"text-align: justify;\"><span style=\"background-color: white; color: #333333; font-family: Tahoma, Geneva, sans-serif; line-height: 17.142858505249px;\"><br \/><\/span><\/div>\n<div style=\"text-align: center;\"><img decoding=\"async\" alt=\"PGR ingressa no STF contra pens\u00e3o vital\u00edcia de governadores baianos\" src=\"http:\/\/www.bahianoticias.com.br\/fotos\/principal_noticias\/173612\/xIMAGEM_NOTICIA_5.jpg.pagespeed.ic.lvKo7gQCmk.jpg\" \/><\/div>\n<div style=\"text-align: justify;\"><span style=\"background-color: white; color: #333333; font-family: Tahoma, Geneva, sans-serif; line-height: 17.142858505249px;\"><br \/><\/span><\/div>\n<div style=\"text-align: justify;\"><span style=\"background-color: white; color: #333333; font-family: Tahoma, Geneva, sans-serif; line-height: 17.142858505249px;\"><br \/><\/span><\/div>\n<div style=\"text-align: justify;\"><span style=\"background-color: white; color: #333333; font-family: Tahoma, Geneva, sans-serif; line-height: 17.142858505249px;\">A Procuradoria-Geral da Rep\u00fablica (PGR) entrou com uma a\u00e7\u00e3o no Supremo Tribunal Federal (STF) contra o pagamento de pens\u00e3o vital\u00edcia a ex-governadores da Bahia. A concess\u00e3o do benef\u00edcio \u00e9 garantida por um artigo da Constitui\u00e7\u00e3o do Estado. No entendimento da procuradoria, a norma confere tratamento privilegiado a ex-governadores. De acordo com o Artigo 104-A, ap\u00f3s o fim do mandato, os governadores ter\u00e3o direito ao pagamento de subs\u00eddio integral e vital\u00edcio, desde que tenham contribu\u00eddo para previd\u00eancia oficial por 30 anos. Na A\u00e7\u00e3o Direta de Inconstitucionalidade (Adin), o procurador-geral da Rep\u00fablica, Rodrigo Janot, considera que o pagamento n\u00e3o tem fundamento jur\u00eddico e ofende o princ\u00edpio constitucional da isonomia, por configurar tratamento privilegiado sem fundamento leg\u00edtimo. \u201cO diploma normativo impugnado, ao criar pens\u00e3o especial, de natureza vital\u00edcia, paga sob forma de subs\u00eddio pelos cofres estaduais, em benef\u00edcio de ex-governadores do estado da Bahia, ofende frontalmente os princ\u00edpios republicanos, da igualdade, da moralidade, da razoabilidade e da impessoalidade\u201d, argumenta Janot, de acordo com a PGR. Em abril, o STF considerou inconstitucional o pagamento de pens\u00e3o vital\u00edcia a ex-governadores do Par\u00e1. A legalidade dos pagamentos tamb\u00e9m \u00e9 questionada pela Ordem dos Advogados do Brasil (OAB) nos estados do Acre, Mato Grosso, da Para\u00edba, Paran\u00e1, Piau\u00ed, Rio de Janeiro, Rio Grande do Sul, de Rond\u00f4nia e Sergipe.<\/span><\/div>\n","protected":false},"excerpt":{"rendered":"<p>A Procuradoria-Geral da Rep\u00fablica (PGR) entrou com uma a\u00e7\u00e3o no Supremo Tribunal Federal (STF) contra o pagamento de pens\u00e3o vital\u00edcia a ex-governadores da Bahia. A concess\u00e3o do benef\u00edcio \u00e9 garantida&#8230;<\/p>\n","protected":false},"author":2,"featured_media":0,"comment_status":"open","ping_status":"open","sticky":false,"template":"","format":"standard","meta":{"_editorskit_title_hidden":false,"_editorskit_reading_time":0,"_editorskit_is_block_options_detached":false,"_editorskit_block_options_position":"{}","om_disable_all_campaigns":false,"_mi_skip_tracking":false,"_kad_post_transparent":"","_kad_post_title":"","_kad_post_layout":"","_kad_post_sidebar_id":"","_kad_post_content_style":"","_kad_post_vertical_padding":"","_kad_post_feature":"","_kad_post_feature_position":"","_kad_post_header":false,"_kad_post_footer":false,"footnotes":""},"categories":[1],"tags":[],"class_list":["post-26321","post","type-post","status-publish","format-standard","hentry","category-destaques"],"yoast_head":"<!-- This site is optimized with the Yoast SEO plugin v20.5 - https:\/\/yoast.com\/wordpress\/plugins\/seo\/ -->\n<title>PGR INGRESSA NO STF CONTRA PENS\u00c3O VITAL\u00cdCIA DE GOVERNADORES. - blog do er\u00ea<\/title>\n<meta name=\"robots\" content=\"index, follow, max-snippet:-1, max-image-preview:large, max-video-preview:-1\" \/>\n<link rel=\"canonical\" href=\"https:\/\/blogdoere.com.br\/?p=26321\" \/>\n<meta property=\"og:locale\" content=\"pt_PT\" \/>\n<meta property=\"og:type\" content=\"article\" \/>\n<meta property=\"og:title\" content=\"PGR INGRESSA NO STF CONTRA PENS\u00c3O VITAL\u00cdCIA DE GOVERNADORES. - blog do er\u00ea\" \/>\n<meta property=\"og:description\" content=\"A Procuradoria-Geral da Rep\u00fablica (PGR) entrou com uma a\u00e7\u00e3o no Supremo Tribunal Federal (STF) contra o pagamento de pens\u00e3o vital\u00edcia a ex-governadores da Bahia. A concess\u00e3o do benef\u00edcio \u00e9 garantida...\" \/>\n<meta property=\"og:url\" content=\"https:\/\/blogdoere.com.br\/?p=26321\" \/>\n<meta property=\"og:site_name\" content=\"blog do er\u00ea\" \/>\n<meta property=\"article:published_time\" content=\"2015-06-09T00:53:00+00:00\" \/>\n<meta property=\"og:image\" content=\"http:\/\/www.bahianoticias.com.br\/fotos\/principal_noticias\/173612\/xIMAGEM_NOTICIA_5.jpg.pagespeed.ic.lvKo7gQCmk.jpg\" \/>\n<meta name=\"author\" content=\"Ere\" \/>\n<meta name=\"twitter:card\" content=\"summary_large_image\" \/>\n<meta name=\"twitter:label1\" content=\"Escrito por\" \/>\n\t<meta name=\"twitter:data1\" content=\"Ere\" \/>\n\t<meta name=\"twitter:label2\" content=\"Tempo estimado de leitura\" \/>\n\t<meta name=\"twitter:data2\" content=\"1 minuto\" \/>\n<script type=\"application\/ld+json\" class=\"yoast-schema-graph\">{\"@context\":\"https:\/\/schema.org\",\"@graph\":[{\"@type\":\"Article\",\"@id\":\"https:\/\/blogdoere.com.br\/?p=26321#article\",\"isPartOf\":{\"@id\":\"https:\/\/blogdoere.com.br\/?p=26321\"},\"author\":{\"name\":\"Ere\",\"@id\":\"https:\/\/blogdoere.com.br\/#\/schema\/person\/4b56ed2336cb28ae3415ce8ffe56742e\"},\"headline\":\"PGR INGRESSA NO STF CONTRA PENS\u00c3O VITAL\u00cdCIA DE GOVERNADORES.\",\"datePublished\":\"2015-06-09T00:53:00+00:00\",\"dateModified\":\"2015-06-09T00:53:00+00:00\",\"mainEntityOfPage\":{\"@id\":\"https:\/\/blogdoere.com.br\/?p=26321\"},\"wordCount\":249,\"commentCount\":0,\"publisher\":{\"@id\":\"https:\/\/blogdoere.com.br\/#organization\"},\"articleSection\":[\"Destaques\"],\"inLanguage\":\"pt-PT\",\"potentialAction\":[{\"@type\":\"CommentAction\",\"name\":\"Comment\",\"target\":[\"https:\/\/blogdoere.com.br\/?p=26321#respond\"]}]},{\"@type\":\"WebPage\",\"@id\":\"https:\/\/blogdoere.com.br\/?p=26321\",\"url\":\"https:\/\/blogdoere.com.br\/?p=26321\",\"name\":\"PGR INGRESSA NO STF CONTRA PENS\u00c3O VITAL\u00cdCIA DE GOVERNADORES. - blog do er\u00ea\",\"isPartOf\":{\"@id\":\"https:\/\/blogdoere.com.br\/#website\"},\"datePublished\":\"2015-06-09T00:53:00+00:00\",\"dateModified\":\"2015-06-09T00:53:00+00:00\",\"breadcrumb\":{\"@id\":\"https:\/\/blogdoere.com.br\/?p=26321#breadcrumb\"},\"inLanguage\":\"pt-PT\",\"potentialAction\":[{\"@type\":\"ReadAction\",\"target\":[\"https:\/\/blogdoere.com.br\/?p=26321\"]}]},{\"@type\":\"BreadcrumbList\",\"@id\":\"https:\/\/blogdoere.com.br\/?p=26321#breadcrumb\",\"itemListElement\":[{\"@type\":\"ListItem\",\"position\":1,\"name\":\"In\u00edcio\",\"item\":\"https:\/\/blogdoere.com.br\/\"},{\"@type\":\"ListItem\",\"position\":2,\"name\":\"PGR INGRESSA NO STF CONTRA PENS\u00c3O VITAL\u00cdCIA DE GOVERNADORES.\"}]},{\"@type\":\"WebSite\",\"@id\":\"https:\/\/blogdoere.com.br\/#website\",\"url\":\"https:\/\/blogdoere.com.br\/\",\"name\":\"blog do er\u00ea\",\"description\":\"\",\"publisher\":{\"@id\":\"https:\/\/blogdoere.com.br\/#organization\"},\"potentialAction\":[{\"@type\":\"SearchAction\",\"target\":{\"@type\":\"EntryPoint\",\"urlTemplate\":\"https:\/\/blogdoere.com.br\/?s={search_term_string}\"},\"query-input\":\"required name=search_term_string\"}],\"inLanguage\":\"pt-PT\"},{\"@type\":\"Organization\",\"@id\":\"https:\/\/blogdoere.com.br\/#organization\",\"name\":\"Blog do Er\u00ea\",\"url\":\"https:\/\/blogdoere.com.br\/\",\"logo\":{\"@type\":\"ImageObject\",\"inLanguage\":\"pt-PT\",\"@id\":\"https:\/\/blogdoere.com.br\/#\/schema\/logo\/image\/\",\"url\":\"https:\/\/blogdoere.com.br\/wp-content\/uploads\/2021\/11\/Logo-Ere-1.png\",\"contentUrl\":\"https:\/\/blogdoere.com.br\/wp-content\/uploads\/2021\/11\/Logo-Ere-1.png\",\"width\":1261,\"height\":1330,\"caption\":\"Blog do Er\u00ea\"},\"image\":{\"@id\":\"https:\/\/blogdoere.com.br\/#\/schema\/logo\/image\/\"}},{\"@type\":\"Person\",\"@id\":\"https:\/\/blogdoere.com.br\/#\/schema\/person\/4b56ed2336cb28ae3415ce8ffe56742e\",\"name\":\"Ere\",\"image\":{\"@type\":\"ImageObject\",\"inLanguage\":\"pt-PT\",\"@id\":\"https:\/\/blogdoere.com.br\/#\/schema\/person\/image\/\",\"url\":\"https:\/\/secure.gravatar.com\/avatar\/?s=96&d=mm&r=g\",\"contentUrl\":\"https:\/\/secure.gravatar.com\/avatar\/?s=96&d=mm&r=g\",\"caption\":\"Ere\"}}]}<\/script>\n<!-- \/ Yoast SEO plugin. -->","yoast_head_json":{"title":"PGR INGRESSA NO STF CONTRA PENS\u00c3O VITAL\u00cdCIA DE GOVERNADORES. - blog do er\u00ea","robots":{"index":"index","follow":"follow","max-snippet":"max-snippet:-1","max-image-preview":"max-image-preview:large","max-video-preview":"max-video-preview:-1"},"canonical":"https:\/\/blogdoere.com.br\/?p=26321","og_locale":"pt_PT","og_type":"article","og_title":"PGR INGRESSA NO STF CONTRA PENS\u00c3O VITAL\u00cdCIA DE GOVERNADORES. - blog do er\u00ea","og_description":"A Procuradoria-Geral da Rep\u00fablica (PGR) entrou com uma a\u00e7\u00e3o no Supremo Tribunal Federal (STF) contra o pagamento de pens\u00e3o vital\u00edcia a ex-governadores da Bahia. A concess\u00e3o do benef\u00edcio \u00e9 garantida...","og_url":"https:\/\/blogdoere.com.br\/?p=26321","og_site_name":"blog do er\u00ea","article_published_time":"2015-06-09T00:53:00+00:00","og_image":[{"url":"http:\/\/www.bahianoticias.com.br\/fotos\/principal_noticias\/173612\/xIMAGEM_NOTICIA_5.jpg.pagespeed.ic.lvKo7gQCmk.jpg"}],"author":"Ere","twitter_card":"summary_large_image","twitter_misc":{"Escrito por":"Ere","Tempo estimado de leitura":"1 minuto"},"schema":{"@context":"https:\/\/schema.org","@graph":[{"@type":"Article","@id":"https:\/\/blogdoere.com.br\/?p=26321#article","isPartOf":{"@id":"https:\/\/blogdoere.com.br\/?p=26321"},"author":{"name":"Ere","@id":"https:\/\/blogdoere.com.br\/#\/schema\/person\/4b56ed2336cb28ae3415ce8ffe56742e"},"headline":"PGR INGRESSA NO STF CONTRA PENS\u00c3O VITAL\u00cdCIA DE GOVERNADORES.","datePublished":"2015-06-09T00:53:00+00:00","dateModified":"2015-06-09T00:53:00+00:00","mainEntityOfPage":{"@id":"https:\/\/blogdoere.com.br\/?p=26321"},"wordCount":249,"commentCount":0,"publisher":{"@id":"https:\/\/blogdoere.com.br\/#organization"},"articleSection":["Destaques"],"inLanguage":"pt-PT","potentialAction":[{"@type":"CommentAction","name":"Comment","target":["https:\/\/blogdoere.com.br\/?p=26321#respond"]}]},{"@type":"WebPage","@id":"https:\/\/blogdoere.com.br\/?p=26321","url":"https:\/\/blogdoere.com.br\/?p=26321","name":"PGR INGRESSA NO STF CONTRA PENS\u00c3O VITAL\u00cdCIA DE GOVERNADORES. - blog do er\u00ea","isPartOf":{"@id":"https:\/\/blogdoere.com.br\/#website"},"datePublished":"2015-06-09T00:53:00+00:00","dateModified":"2015-06-09T00:53:00+00:00","breadcrumb":{"@id":"https:\/\/blogdoere.com.br\/?p=26321#breadcrumb"},"inLanguage":"pt-PT","potentialAction":[{"@type":"ReadAction","target":["https:\/\/blogdoere.com.br\/?p=26321"]}]},{"@type":"BreadcrumbList","@id":"https:\/\/blogdoere.com.br\/?p=26321#breadcrumb","itemListElement":[{"@type":"ListItem","position":1,"name":"In\u00edcio","item":"https:\/\/blogdoere.com.br\/"},{"@type":"ListItem","position":2,"name":"PGR INGRESSA NO STF CONTRA PENS\u00c3O VITAL\u00cdCIA DE GOVERNADORES."}]},{"@type":"WebSite","@id":"https:\/\/blogdoere.com.br\/#website","url":"https:\/\/blogdoere.com.br\/","name":"blog do er\u00ea","description":"","publisher":{"@id":"https:\/\/blogdoere.com.br\/#organization"},"potentialAction":[{"@type":"SearchAction","target":{"@type":"EntryPoint","urlTemplate":"https:\/\/blogdoere.com.br\/?s={search_term_string}"},"query-input":"required name=search_term_string"}],"inLanguage":"pt-PT"},{"@type":"Organization","@id":"https:\/\/blogdoere.com.br\/#organization","name":"Blog do Er\u00ea","url":"https:\/\/blogdoere.com.br\/","logo":{"@type":"ImageObject","inLanguage":"pt-PT","@id":"https:\/\/blogdoere.com.br\/#\/schema\/logo\/image\/","url":"https:\/\/blogdoere.com.br\/wp-content\/uploads\/2021\/11\/Logo-Ere-1.png","contentUrl":"https:\/\/blogdoere.com.br\/wp-content\/uploads\/2021\/11\/Logo-Ere-1.png","width":1261,"height":1330,"caption":"Blog do Er\u00ea"},"image":{"@id":"https:\/\/blogdoere.com.br\/#\/schema\/logo\/image\/"}},{"@type":"Person","@id":"https:\/\/blogdoere.com.br\/#\/schema\/person\/4b56ed2336cb28ae3415ce8ffe56742e","name":"Ere","image":{"@type":"ImageObject","inLanguage":"pt-PT","@id":"https:\/\/blogdoere.com.br\/#\/schema\/person\/image\/","url":"https:\/\/secure.gravatar.com\/avatar\/?s=96&d=mm&r=g","contentUrl":"https:\/\/secure.gravatar.com\/avatar\/?s=96&d=mm&r=g","caption":"Ere"}}]}},"featured_image_urls":{"full":"","thumbnail":"","medium":"","medium_large":"","large":"","1536x1536":"","2048x2048":""},"author_info":{"display_name":"Ere","author_link":"https:\/\/blogdoere.com.br\/?author=2"},"category_info":"<a href=\"https:\/\/blogdoere.com.br\/?cat=1\" rel=\"category\">Destaques<\/a>","tag_info":"Destaques","comment_count":"0","_links":{"self":[{"href":"https:\/\/blogdoere.com.br\/index.php?rest_route=\/wp\/v2\/posts\/26321","targetHints":{"allow":["GET"]}}],"collection":[{"href":"https:\/\/blogdoere.com.br\/index.php?rest_route=\/wp\/v2\/posts"}],"about":[{"href":"https:\/\/blogdoere.com.br\/index.php?rest_route=\/wp\/v2\/types\/post"}],"author":[{"embeddable":true,"href":"https:\/\/blogdoere.com.br\/index.php?rest_route=\/wp\/v2\/users\/2"}],"replies":[{"embeddable":true,"href":"https:\/\/blogdoere.com.br\/index.php?rest_route=%2Fwp%2Fv2%2Fcomments&post=26321"}],"version-history":[{"count":0,"href":"https:\/\/blogdoere.com.br\/index.php?rest_route=\/wp\/v2\/posts\/26321\/revisions"}],"wp:attachment":[{"href":"https:\/\/blogdoere.com.br\/index.php?rest_route=%2Fwp%2Fv2%2Fmedia&parent=26321"}],"wp:term":[{"taxonomy":"category","embeddable":true,"href":"https:\/\/blogdoere.com.br\/index.php?rest_route=%2Fwp%2Fv2%2Fcategories&post=26321"},{"taxonomy":"post_tag","embeddable":true,"href":"https:\/\/blogdoere.com.br\/index.php?rest_route=%2Fwp%2Fv2%2Ftags&post=26321"}],"curies":[{"name":"wp","href":"https:\/\/api.w.org\/{rel}","templated":true}]}}