{"id":26325,"date":"2015-05-28T15:30:00","date_gmt":"2015-05-28T15:30:00","guid":{"rendered":"http:\/\/blogdoere.com.br\/?p=26325"},"modified":"2015-05-28T15:30:00","modified_gmt":"2015-05-28T15:30:00","slug":"felix-pede-desculpas-e-diz-que-so-tratara-com-nilo-na-justica","status":"publish","type":"post","link":"https:\/\/blogdoere.com.br\/?p=26325","title":{"rendered":"F\u00c9LIX PEDE DESCULPAS E DIZ QUE S\u00d3 TRATAR\u00c1 COM NILO NA JUSTI\u00c7A"},"content":{"rendered":"<div style=\"text-align: justify;\"><span style=\"background-color: #fcfcfc; color: #666666; font-family: Arial, sans-serif; line-height: 22.399999618530273px;\"><br \/><\/span><\/div>\n<div style=\"text-align: center;\"><img decoding=\"async\" src=\"http:\/\/www.politicalivre.com.br\/wp-content\/thumbgen_cache\/3280c714b93c37b4e245a7ddb3380d9e.jpg\" \/><\/div>\n<div style=\"text-align: justify;\"><span style=\"background-color: #fcfcfc; color: #666666; font-family: Arial, sans-serif; line-height: 22.399999618530273px;\"><br \/><\/span><\/div>\n<div style=\"text-align: justify;\"><span style=\"background-color: #fcfcfc; color: #666666; font-family: Arial, sans-serif; line-height: 22.399999618530273px;\"><br \/><\/span><\/div>\n<div style=\"text-align: justify;\"><span style=\"background-color: #fcfcfc; color: #666666; font-family: Arial, sans-serif; line-height: 22.399999618530273px;\">Em post feito ontem em sua p\u00e1gina no Facebook, o deputado federal F\u00e9lix Mendon\u00e7a Jr. pediu desculpas aos eleitores por causa do bate-boca que recentemente protagonizou com o presidente da Assembleia Legislativa do Estado, Marcelo Nilo, com quem disputa o comando do PDT na Bahia. Ele tamb\u00e9m antecipou que, de sua parte, o debate entre eles est\u00e1 encerrado, afirmando que, a partir de agora, preferir\u00e1 responder a \u201cofensas e provoca\u00e7\u00f5es\u201d pela Justi\u00e7a. \u201cQuero pedir desculpas a todos pelas discuss\u00f5es improdutivas que tenho tido em p\u00fablico com o senhor Marcelo Nilo. Ningu\u00e9m tem obriga\u00e7\u00e3o de aguentar uma briga que s\u00f3 diz respeito a n\u00f3s dois. Pe\u00e7o desculpas \u00e0s fam\u00edlias da Bahia por esse bate-boca. De agora em diante, considero este assunto encerrado. N\u00e3o responderei em p\u00fablico a mais nenhuma ofensa ou provoca\u00e7\u00e3o de quem faz da Pol\u00edtica um atividade menor e repulsiva. Para gente assim \u00e9 que existe a Justi\u00e7a e \u00e9 l\u00e1 que irei acion\u00e1-lo para resolver nossas diferen\u00e7as. E vamos deixar a Pol\u00edtica para cumprir sua miss\u00e3o maior, que \u00e9 cuidar do bem comum, que \u00e9 do interesse de todos\u201d, disse F\u00e9lix Jr. O deputado federal, que disputa a reelei\u00e7\u00e3o para presidente do PDT baiano com Nilo, motivo maior dos desentendimento entre eles, protagoniza o enfrentamento mais acirrado j\u00e1 registrado pelo comando da legenda na Bahia. Devido ao clima existente entre os dois, j\u00e1 se d\u00e1 como certo que, quem perder, ser\u00e1 obrigado a deixar a agremia\u00e7\u00e3o por absoluta incapacidade de manterem a conviv\u00eancia sob o mesmo teto. Informa\u00e7\u00f5es Politica Livre.<\/span><\/div>\n","protected":false},"excerpt":{"rendered":"<p>Em post feito ontem em sua p\u00e1gina no Facebook, o deputado federal F\u00e9lix Mendon\u00e7a Jr. pediu desculpas aos eleitores por causa do bate-boca que recentemente protagonizou com o presidente da&#8230;<\/p>\n","protected":false},"author":2,"featured_media":0,"comment_status":"open","ping_status":"open","sticky":false,"template":"","format":"standard","meta":{"_editorskit_title_hidden":false,"_editorskit_reading_time":0,"_editorskit_is_block_options_detached":false,"_editorskit_block_options_position":"{}","om_disable_all_campaigns":false,"_mi_skip_tracking":false,"_kad_post_transparent":"","_kad_post_title":"","_kad_post_layout":"","_kad_post_sidebar_id":"","_kad_post_content_style":"","_kad_post_vertical_padding":"","_kad_post_feature":"","_kad_post_feature_position":"","_kad_post_header":false,"_kad_post_footer":false,"footnotes":""},"categories":[1],"tags":[],"class_list":["post-26325","post","type-post","status-publish","format-standard","hentry","category-destaques"],"yoast_head":"<!-- This site is optimized with the Yoast SEO plugin v20.5 - https:\/\/yoast.com\/wordpress\/plugins\/seo\/ -->\n<title>F\u00c9LIX PEDE DESCULPAS E DIZ QUE S\u00d3 TRATAR\u00c1 COM NILO NA JUSTI\u00c7A - blog do er\u00ea<\/title>\n<meta name=\"robots\" content=\"index, follow, max-snippet:-1, max-image-preview:large, max-video-preview:-1\" \/>\n<link rel=\"canonical\" href=\"https:\/\/blogdoere.com.br\/?p=26325\" \/>\n<meta property=\"og:locale\" content=\"pt_PT\" \/>\n<meta property=\"og:type\" content=\"article\" \/>\n<meta property=\"og:title\" content=\"F\u00c9LIX PEDE DESCULPAS E DIZ QUE S\u00d3 TRATAR\u00c1 COM NILO NA JUSTI\u00c7A - blog do er\u00ea\" \/>\n<meta property=\"og:description\" content=\"Em post feito ontem em sua p\u00e1gina no Facebook, o deputado federal F\u00e9lix Mendon\u00e7a Jr. pediu desculpas aos eleitores por causa do bate-boca que recentemente protagonizou com o presidente da...\" \/>\n<meta property=\"og:url\" content=\"https:\/\/blogdoere.com.br\/?p=26325\" \/>\n<meta property=\"og:site_name\" content=\"blog do er\u00ea\" \/>\n<meta property=\"article:published_time\" content=\"2015-05-28T15:30:00+00:00\" \/>\n<meta property=\"og:image\" content=\"http:\/\/www.politicalivre.com.br\/wp-content\/thumbgen_cache\/3280c714b93c37b4e245a7ddb3380d9e.jpg\" \/>\n<meta name=\"author\" content=\"Ere\" \/>\n<meta name=\"twitter:card\" content=\"summary_large_image\" \/>\n<meta name=\"twitter:label1\" content=\"Escrito por\" \/>\n\t<meta name=\"twitter:data1\" content=\"Ere\" \/>\n\t<meta name=\"twitter:label2\" content=\"Tempo estimado de leitura\" \/>\n\t<meta name=\"twitter:data2\" content=\"1 minuto\" \/>\n<script type=\"application\/ld+json\" class=\"yoast-schema-graph\">{\"@context\":\"https:\/\/schema.org\",\"@graph\":[{\"@type\":\"Article\",\"@id\":\"https:\/\/blogdoere.com.br\/?p=26325#article\",\"isPartOf\":{\"@id\":\"https:\/\/blogdoere.com.br\/?p=26325\"},\"author\":{\"name\":\"Ere\",\"@id\":\"https:\/\/blogdoere.com.br\/#\/schema\/person\/4b56ed2336cb28ae3415ce8ffe56742e\"},\"headline\":\"F\u00c9LIX PEDE DESCULPAS E DIZ QUE S\u00d3 TRATAR\u00c1 COM NILO NA JUSTI\u00c7A\",\"datePublished\":\"2015-05-28T15:30:00+00:00\",\"dateModified\":\"2015-05-28T15:30:00+00:00\",\"mainEntityOfPage\":{\"@id\":\"https:\/\/blogdoere.com.br\/?p=26325\"},\"wordCount\":289,\"commentCount\":0,\"publisher\":{\"@id\":\"https:\/\/blogdoere.com.br\/#organization\"},\"articleSection\":[\"Destaques\"],\"inLanguage\":\"pt-PT\",\"potentialAction\":[{\"@type\":\"CommentAction\",\"name\":\"Comment\",\"target\":[\"https:\/\/blogdoere.com.br\/?p=26325#respond\"]}]},{\"@type\":\"WebPage\",\"@id\":\"https:\/\/blogdoere.com.br\/?p=26325\",\"url\":\"https:\/\/blogdoere.com.br\/?p=26325\",\"name\":\"F\u00c9LIX PEDE DESCULPAS E DIZ QUE S\u00d3 TRATAR\u00c1 COM NILO NA JUSTI\u00c7A - blog do er\u00ea\",\"isPartOf\":{\"@id\":\"https:\/\/blogdoere.com.br\/#website\"},\"datePublished\":\"2015-05-28T15:30:00+00:00\",\"dateModified\":\"2015-05-28T15:30:00+00:00\",\"breadcrumb\":{\"@id\":\"https:\/\/blogdoere.com.br\/?p=26325#breadcrumb\"},\"inLanguage\":\"pt-PT\",\"potentialAction\":[{\"@type\":\"ReadAction\",\"target\":[\"https:\/\/blogdoere.com.br\/?p=26325\"]}]},{\"@type\":\"BreadcrumbList\",\"@id\":\"https:\/\/blogdoere.com.br\/?p=26325#breadcrumb\",\"itemListElement\":[{\"@type\":\"ListItem\",\"position\":1,\"name\":\"In\u00edcio\",\"item\":\"https:\/\/blogdoere.com.br\/\"},{\"@type\":\"ListItem\",\"position\":2,\"name\":\"F\u00c9LIX PEDE DESCULPAS E DIZ QUE S\u00d3 TRATAR\u00c1 COM NILO NA JUSTI\u00c7A\"}]},{\"@type\":\"WebSite\",\"@id\":\"https:\/\/blogdoere.com.br\/#website\",\"url\":\"https:\/\/blogdoere.com.br\/\",\"name\":\"blog do er\u00ea\",\"description\":\"\",\"publisher\":{\"@id\":\"https:\/\/blogdoere.com.br\/#organization\"},\"potentialAction\":[{\"@type\":\"SearchAction\",\"target\":{\"@type\":\"EntryPoint\",\"urlTemplate\":\"https:\/\/blogdoere.com.br\/?s={search_term_string}\"},\"query-input\":\"required name=search_term_string\"}],\"inLanguage\":\"pt-PT\"},{\"@type\":\"Organization\",\"@id\":\"https:\/\/blogdoere.com.br\/#organization\",\"name\":\"Blog do Er\u00ea\",\"url\":\"https:\/\/blogdoere.com.br\/\",\"logo\":{\"@type\":\"ImageObject\",\"inLanguage\":\"pt-PT\",\"@id\":\"https:\/\/blogdoere.com.br\/#\/schema\/logo\/image\/\",\"url\":\"https:\/\/blogdoere.com.br\/wp-content\/uploads\/2021\/11\/Logo-Ere-1.png\",\"contentUrl\":\"https:\/\/blogdoere.com.br\/wp-content\/uploads\/2021\/11\/Logo-Ere-1.png\",\"width\":1261,\"height\":1330,\"caption\":\"Blog do Er\u00ea\"},\"image\":{\"@id\":\"https:\/\/blogdoere.com.br\/#\/schema\/logo\/image\/\"}},{\"@type\":\"Person\",\"@id\":\"https:\/\/blogdoere.com.br\/#\/schema\/person\/4b56ed2336cb28ae3415ce8ffe56742e\",\"name\":\"Ere\",\"image\":{\"@type\":\"ImageObject\",\"inLanguage\":\"pt-PT\",\"@id\":\"https:\/\/blogdoere.com.br\/#\/schema\/person\/image\/\",\"url\":\"https:\/\/secure.gravatar.com\/avatar\/?s=96&d=mm&r=g\",\"contentUrl\":\"https:\/\/secure.gravatar.com\/avatar\/?s=96&d=mm&r=g\",\"caption\":\"Ere\"}}]}<\/script>\n<!-- \/ Yoast SEO plugin. -->","yoast_head_json":{"title":"F\u00c9LIX PEDE DESCULPAS E DIZ QUE S\u00d3 TRATAR\u00c1 COM NILO NA JUSTI\u00c7A - blog do er\u00ea","robots":{"index":"index","follow":"follow","max-snippet":"max-snippet:-1","max-image-preview":"max-image-preview:large","max-video-preview":"max-video-preview:-1"},"canonical":"https:\/\/blogdoere.com.br\/?p=26325","og_locale":"pt_PT","og_type":"article","og_title":"F\u00c9LIX PEDE DESCULPAS E DIZ QUE S\u00d3 TRATAR\u00c1 COM NILO NA JUSTI\u00c7A - blog do er\u00ea","og_description":"Em post feito ontem em sua p\u00e1gina no Facebook, o deputado federal F\u00e9lix Mendon\u00e7a Jr. pediu desculpas aos eleitores por causa do bate-boca que recentemente protagonizou com o presidente da...","og_url":"https:\/\/blogdoere.com.br\/?p=26325","og_site_name":"blog do er\u00ea","article_published_time":"2015-05-28T15:30:00+00:00","og_image":[{"url":"http:\/\/www.politicalivre.com.br\/wp-content\/thumbgen_cache\/3280c714b93c37b4e245a7ddb3380d9e.jpg"}],"author":"Ere","twitter_card":"summary_large_image","twitter_misc":{"Escrito por":"Ere","Tempo estimado de leitura":"1 minuto"},"schema":{"@context":"https:\/\/schema.org","@graph":[{"@type":"Article","@id":"https:\/\/blogdoere.com.br\/?p=26325#article","isPartOf":{"@id":"https:\/\/blogdoere.com.br\/?p=26325"},"author":{"name":"Ere","@id":"https:\/\/blogdoere.com.br\/#\/schema\/person\/4b56ed2336cb28ae3415ce8ffe56742e"},"headline":"F\u00c9LIX PEDE DESCULPAS E DIZ QUE S\u00d3 TRATAR\u00c1 COM NILO NA JUSTI\u00c7A","datePublished":"2015-05-28T15:30:00+00:00","dateModified":"2015-05-28T15:30:00+00:00","mainEntityOfPage":{"@id":"https:\/\/blogdoere.com.br\/?p=26325"},"wordCount":289,"commentCount":0,"publisher":{"@id":"https:\/\/blogdoere.com.br\/#organization"},"articleSection":["Destaques"],"inLanguage":"pt-PT","potentialAction":[{"@type":"CommentAction","name":"Comment","target":["https:\/\/blogdoere.com.br\/?p=26325#respond"]}]},{"@type":"WebPage","@id":"https:\/\/blogdoere.com.br\/?p=26325","url":"https:\/\/blogdoere.com.br\/?p=26325","name":"F\u00c9LIX PEDE DESCULPAS E DIZ QUE S\u00d3 TRATAR\u00c1 COM NILO NA JUSTI\u00c7A - blog do er\u00ea","isPartOf":{"@id":"https:\/\/blogdoere.com.br\/#website"},"datePublished":"2015-05-28T15:30:00+00:00","dateModified":"2015-05-28T15:30:00+00:00","breadcrumb":{"@id":"https:\/\/blogdoere.com.br\/?p=26325#breadcrumb"},"inLanguage":"pt-PT","potentialAction":[{"@type":"ReadAction","target":["https:\/\/blogdoere.com.br\/?p=26325"]}]},{"@type":"BreadcrumbList","@id":"https:\/\/blogdoere.com.br\/?p=26325#breadcrumb","itemListElement":[{"@type":"ListItem","position":1,"name":"In\u00edcio","item":"https:\/\/blogdoere.com.br\/"},{"@type":"ListItem","position":2,"name":"F\u00c9LIX PEDE DESCULPAS E DIZ QUE S\u00d3 TRATAR\u00c1 COM NILO NA JUSTI\u00c7A"}]},{"@type":"WebSite","@id":"https:\/\/blogdoere.com.br\/#website","url":"https:\/\/blogdoere.com.br\/","name":"blog do er\u00ea","description":"","publisher":{"@id":"https:\/\/blogdoere.com.br\/#organization"},"potentialAction":[{"@type":"SearchAction","target":{"@type":"EntryPoint","urlTemplate":"https:\/\/blogdoere.com.br\/?s={search_term_string}"},"query-input":"required name=search_term_string"}],"inLanguage":"pt-PT"},{"@type":"Organization","@id":"https:\/\/blogdoere.com.br\/#organization","name":"Blog do Er\u00ea","url":"https:\/\/blogdoere.com.br\/","logo":{"@type":"ImageObject","inLanguage":"pt-PT","@id":"https:\/\/blogdoere.com.br\/#\/schema\/logo\/image\/","url":"https:\/\/blogdoere.com.br\/wp-content\/uploads\/2021\/11\/Logo-Ere-1.png","contentUrl":"https:\/\/blogdoere.com.br\/wp-content\/uploads\/2021\/11\/Logo-Ere-1.png","width":1261,"height":1330,"caption":"Blog do Er\u00ea"},"image":{"@id":"https:\/\/blogdoere.com.br\/#\/schema\/logo\/image\/"}},{"@type":"Person","@id":"https:\/\/blogdoere.com.br\/#\/schema\/person\/4b56ed2336cb28ae3415ce8ffe56742e","name":"Ere","image":{"@type":"ImageObject","inLanguage":"pt-PT","@id":"https:\/\/blogdoere.com.br\/#\/schema\/person\/image\/","url":"https:\/\/secure.gravatar.com\/avatar\/?s=96&d=mm&r=g","contentUrl":"https:\/\/secure.gravatar.com\/avatar\/?s=96&d=mm&r=g","caption":"Ere"}}]}},"featured_image_urls":{"full":"","thumbnail":"","medium":"","medium_large":"","large":"","1536x1536":"","2048x2048":""},"author_info":{"display_name":"Ere","author_link":"https:\/\/blogdoere.com.br\/?author=2"},"category_info":"<a href=\"https:\/\/blogdoere.com.br\/?cat=1\" rel=\"category\">Destaques<\/a>","tag_info":"Destaques","comment_count":"0","_links":{"self":[{"href":"https:\/\/blogdoere.com.br\/index.php?rest_route=\/wp\/v2\/posts\/26325","targetHints":{"allow":["GET"]}}],"collection":[{"href":"https:\/\/blogdoere.com.br\/index.php?rest_route=\/wp\/v2\/posts"}],"about":[{"href":"https:\/\/blogdoere.com.br\/index.php?rest_route=\/wp\/v2\/types\/post"}],"author":[{"embeddable":true,"href":"https:\/\/blogdoere.com.br\/index.php?rest_route=\/wp\/v2\/users\/2"}],"replies":[{"embeddable":true,"href":"https:\/\/blogdoere.com.br\/index.php?rest_route=%2Fwp%2Fv2%2Fcomments&post=26325"}],"version-history":[{"count":0,"href":"https:\/\/blogdoere.com.br\/index.php?rest_route=\/wp\/v2\/posts\/26325\/revisions"}],"wp:attachment":[{"href":"https:\/\/blogdoere.com.br\/index.php?rest_route=%2Fwp%2Fv2%2Fmedia&parent=26325"}],"wp:term":[{"taxonomy":"category","embeddable":true,"href":"https:\/\/blogdoere.com.br\/index.php?rest_route=%2Fwp%2Fv2%2Fcategories&post=26325"},{"taxonomy":"post_tag","embeddable":true,"href":"https:\/\/blogdoere.com.br\/index.php?rest_route=%2Fwp%2Fv2%2Ftags&post=26325"}],"curies":[{"name":"wp","href":"https:\/\/api.w.org\/{rel}","templated":true}]}}