{"id":26328,"date":"2015-05-25T00:43:00","date_gmt":"2015-05-25T00:43:00","guid":{"rendered":"http:\/\/blogdoere.com.br\/?p=26328"},"modified":"2015-05-25T00:43:00","modified_gmt":"2015-05-25T00:43:00","slug":"psb-discute-reforma-politica-com-liderancas-da-rms","status":"publish","type":"post","link":"https:\/\/blogdoere.com.br\/?p=26328","title":{"rendered":"PSB DISCUTE REFORMA POL\u00cdTICA COM LIDERAN\u00c7AS DA RMS"},"content":{"rendered":"<div style=\"clear: both; text-align: center;\"><a href=\"http:\/\/3.bp.blogspot.com\/-SrvnWycYDfw\/VWJv3pLdPfI\/AAAAAAAAFw4\/qcBURQdnXxU\/s1600\/PSB%2Bcone.jpg\" style=\"margin-left: 1em; margin-right: 1em;\"><img decoding=\"async\" border=\"0\" height=\"240\" src=\"http:\/\/3.bp.blogspot.com\/-SrvnWycYDfw\/VWJv3pLdPfI\/AAAAAAAAFw4\/qcBURQdnXxU\/s320\/PSB%2Bcone.jpg\" width=\"320\" \/><\/a><\/div>\n<div align=\"center\" style=\"background-color: white; color: #444444; font-family: Calibri, sans-serif; font-size: 15px; line-height: 21.299999237060547px; margin-bottom: 1.35em; text-align: center;\"><\/div>\n<div style=\"background-color: white; color: #444444; font-family: Calibri, sans-serif; font-size: 15px; line-height: 21.299999237060547px; margin-bottom: 1.35em; text-align: justify;\">Cerca de 300 pessoas participaram neste s\u00e1bado (23), do Encontro Regional do PSB, em S\u00e3o Francisco do Conde, a 80 km de Salvador. O evento, liderado pela presidente do partido no Estado, senadora L\u00eddice da Mata, contou com a presen\u00e7a de representantes de 18 munic\u00edpios, incluindo os que fazem parte da Regi\u00e3o Metropolitana e outros como Mutu\u00edpe, Amargosa e Guanambi.&nbsp; Tamb\u00e9m participaram do encontro os deputados Bebeto Galv\u00e3o (federal) e Fab\u00edola Mansur (estadual), al\u00e9m de diversos integrantes do partido como vereadores, secret\u00e1rios municipais e o ex-deputado estadual Tadeu Fernandes.<\/div>\n<div style=\"background-color: white; color: #444444; font-family: Calibri, sans-serif; font-size: 15px; line-height: 21.299999237060547px; margin-bottom: 1.35em; text-align: justify;\">A senadora L\u00eddice da Mata ressaltou a import\u00e2ncia da organiza\u00e7\u00e3o do partido em todo o Estado e falou sobre a Reforma Pol\u00edtica. Ela criticou a polariza\u00e7\u00e3o PT x PSDB e disse que a vida dos brasileiros n\u00e3o pode ficar a reboque de rivalidades pol\u00edticas. \u201cTemos posi\u00e7\u00f5es claras contra o Voto Distrital e pelo fim das coliga\u00e7\u00f5es nas elei\u00e7\u00f5es proporcionais, al\u00e9m do financiamento empresarial de campanha\u201d, disse.<\/div>\n<div style=\"background-color: white; color: #444444; font-family: Calibri, sans-serif; font-size: 15px; line-height: 21.299999237060547px; margin-bottom: 1.35em; text-align: justify;\">L\u00eddice tamb\u00e9m reafirmou a posi\u00e7\u00e3o contr\u00e1ria do partido no Senado ao projeto da Terceiriza\u00e7\u00e3o e \u00e0s medidas provis\u00f3rias 664 e 665, que tratam da altera\u00e7\u00e3o do prazo da car\u00eancia para o acesso ao abono salarial, aux\u00edlio doen\u00e7a, dentre outras demandas relacionadas ao direito da classe trabalhadora.<\/div>\n<div style=\"background-color: white; color: #444444; font-family: Calibri, sans-serif; font-size: 15px; line-height: 21.299999237060547px; margin-bottom: 1.35em; text-align: justify;\">O deputado federal Bebeto Galv\u00e3o falou sobre a import\u00e2ncia da retomada dos investimentos na ind\u00fastria naval, o que garantir\u00e1 a movimenta\u00e7\u00e3o da economia e o desenvolvimento do Rec\u00f4ncavo e Regi\u00e3o Metropolitana de Salvador. Sobre o partido, Bebeto ressaltou as caracter\u00edsticas da legenda, que s\u00e3o baseadas na \u00e9tica e na defesa dos trabalhadores. A deputada estadual Fab\u00edola Mansur ressaltou um projeto de L\u00eddice no Senado Federal que prev\u00ea uma cota de 30% para a presen\u00e7a de mulheres no Poder Legislativo.<\/div>\n<div style=\"background-color: white; color: #444444; font-family: Calibri, sans-serif; font-size: 15px; line-height: 21.299999237060547px; margin-bottom: 1.35em; text-align: justify;\">J\u00e1 o ex-deputado estadual Tadeu Fernandes defendeu que os integrantes do partido sejam fieis \u00e0 sigla n\u00e3o apenas no per\u00edodo das elei\u00e7\u00f5es municipais, como tamb\u00e9m durante as elei\u00e7\u00f5es estaduais.<\/div>\n<div style=\"background-color: white; color: #444444; font-family: Calibri, sans-serif; font-size: 15px; line-height: 21.299999237060547px; margin-bottom: 1.35em; text-align: justify;\">Fonte: Ascom PSB<\/div>\n<div><\/div>\n","protected":false},"excerpt":{"rendered":"<p>Cerca de 300 pessoas participaram neste s\u00e1bado (23), do Encontro Regional do PSB, em S\u00e3o Francisco do Conde, a 80 km de Salvador. O evento, liderado pela presidente do partido&#8230;<\/p>\n","protected":false},"author":2,"featured_media":0,"comment_status":"open","ping_status":"open","sticky":false,"template":"","format":"standard","meta":{"_editorskit_title_hidden":false,"_editorskit_reading_time":0,"_editorskit_is_block_options_detached":false,"_editorskit_block_options_position":"{}","om_disable_all_campaigns":false,"_mi_skip_tracking":false,"_kad_post_transparent":"","_kad_post_title":"","_kad_post_layout":"","_kad_post_sidebar_id":"","_kad_post_content_style":"","_kad_post_vertical_padding":"","_kad_post_feature":"","_kad_post_feature_position":"","_kad_post_header":false,"_kad_post_footer":false,"footnotes":""},"categories":[1],"tags":[],"class_list":["post-26328","post","type-post","status-publish","format-standard","hentry","category-destaques"],"yoast_head":"<!-- This site is optimized with the Yoast SEO plugin v20.5 - https:\/\/yoast.com\/wordpress\/plugins\/seo\/ -->\n<title>PSB DISCUTE REFORMA POL\u00cdTICA COM LIDERAN\u00c7AS DA RMS - blog do er\u00ea<\/title>\n<meta name=\"robots\" content=\"index, follow, max-snippet:-1, max-image-preview:large, max-video-preview:-1\" \/>\n<link rel=\"canonical\" href=\"https:\/\/blogdoere.com.br\/?p=26328\" \/>\n<meta property=\"og:locale\" content=\"pt_PT\" \/>\n<meta property=\"og:type\" content=\"article\" \/>\n<meta property=\"og:title\" content=\"PSB DISCUTE REFORMA POL\u00cdTICA COM LIDERAN\u00c7AS DA RMS - blog do er\u00ea\" \/>\n<meta property=\"og:description\" content=\"Cerca de 300 pessoas participaram neste s\u00e1bado (23), do Encontro Regional do PSB, em S\u00e3o Francisco do Conde, a 80 km de Salvador. O evento, liderado pela presidente do partido...\" \/>\n<meta property=\"og:url\" content=\"https:\/\/blogdoere.com.br\/?p=26328\" \/>\n<meta property=\"og:site_name\" content=\"blog do er\u00ea\" \/>\n<meta property=\"article:published_time\" content=\"2015-05-25T00:43:00+00:00\" \/>\n<meta property=\"og:image\" content=\"http:\/\/3.bp.blogspot.com\/-SrvnWycYDfw\/VWJv3pLdPfI\/AAAAAAAAFw4\/qcBURQdnXxU\/s320\/PSB%2Bcone.jpg\" \/>\n<meta name=\"author\" content=\"Ere\" \/>\n<meta name=\"twitter:card\" content=\"summary_large_image\" \/>\n<meta name=\"twitter:label1\" content=\"Escrito por\" \/>\n\t<meta name=\"twitter:data1\" content=\"Ere\" \/>\n\t<meta name=\"twitter:label2\" content=\"Tempo estimado de leitura\" \/>\n\t<meta name=\"twitter:data2\" content=\"2 minutos\" \/>\n<script type=\"application\/ld+json\" class=\"yoast-schema-graph\">{\"@context\":\"https:\/\/schema.org\",\"@graph\":[{\"@type\":\"Article\",\"@id\":\"https:\/\/blogdoere.com.br\/?p=26328#article\",\"isPartOf\":{\"@id\":\"https:\/\/blogdoere.com.br\/?p=26328\"},\"author\":{\"name\":\"Ere\",\"@id\":\"https:\/\/blogdoere.com.br\/#\/schema\/person\/4b56ed2336cb28ae3415ce8ffe56742e\"},\"headline\":\"PSB DISCUTE REFORMA POL\u00cdTICA COM LIDERAN\u00c7AS DA RMS\",\"datePublished\":\"2015-05-25T00:43:00+00:00\",\"dateModified\":\"2015-05-25T00:43:00+00:00\",\"mainEntityOfPage\":{\"@id\":\"https:\/\/blogdoere.com.br\/?p=26328\"},\"wordCount\":364,\"commentCount\":0,\"publisher\":{\"@id\":\"https:\/\/blogdoere.com.br\/#organization\"},\"articleSection\":[\"Destaques\"],\"inLanguage\":\"pt-PT\",\"potentialAction\":[{\"@type\":\"CommentAction\",\"name\":\"Comment\",\"target\":[\"https:\/\/blogdoere.com.br\/?p=26328#respond\"]}]},{\"@type\":\"WebPage\",\"@id\":\"https:\/\/blogdoere.com.br\/?p=26328\",\"url\":\"https:\/\/blogdoere.com.br\/?p=26328\",\"name\":\"PSB DISCUTE REFORMA POL\u00cdTICA COM LIDERAN\u00c7AS DA RMS - blog do er\u00ea\",\"isPartOf\":{\"@id\":\"https:\/\/blogdoere.com.br\/#website\"},\"datePublished\":\"2015-05-25T00:43:00+00:00\",\"dateModified\":\"2015-05-25T00:43:00+00:00\",\"breadcrumb\":{\"@id\":\"https:\/\/blogdoere.com.br\/?p=26328#breadcrumb\"},\"inLanguage\":\"pt-PT\",\"potentialAction\":[{\"@type\":\"ReadAction\",\"target\":[\"https:\/\/blogdoere.com.br\/?p=26328\"]}]},{\"@type\":\"BreadcrumbList\",\"@id\":\"https:\/\/blogdoere.com.br\/?p=26328#breadcrumb\",\"itemListElement\":[{\"@type\":\"ListItem\",\"position\":1,\"name\":\"In\u00edcio\",\"item\":\"https:\/\/blogdoere.com.br\/\"},{\"@type\":\"ListItem\",\"position\":2,\"name\":\"PSB DISCUTE REFORMA POL\u00cdTICA COM LIDERAN\u00c7AS DA RMS\"}]},{\"@type\":\"WebSite\",\"@id\":\"https:\/\/blogdoere.com.br\/#website\",\"url\":\"https:\/\/blogdoere.com.br\/\",\"name\":\"blog do er\u00ea\",\"description\":\"\",\"publisher\":{\"@id\":\"https:\/\/blogdoere.com.br\/#organization\"},\"potentialAction\":[{\"@type\":\"SearchAction\",\"target\":{\"@type\":\"EntryPoint\",\"urlTemplate\":\"https:\/\/blogdoere.com.br\/?s={search_term_string}\"},\"query-input\":\"required name=search_term_string\"}],\"inLanguage\":\"pt-PT\"},{\"@type\":\"Organization\",\"@id\":\"https:\/\/blogdoere.com.br\/#organization\",\"name\":\"Blog do Er\u00ea\",\"url\":\"https:\/\/blogdoere.com.br\/\",\"logo\":{\"@type\":\"ImageObject\",\"inLanguage\":\"pt-PT\",\"@id\":\"https:\/\/blogdoere.com.br\/#\/schema\/logo\/image\/\",\"url\":\"https:\/\/blogdoere.com.br\/wp-content\/uploads\/2021\/11\/Logo-Ere-1.png\",\"contentUrl\":\"https:\/\/blogdoere.com.br\/wp-content\/uploads\/2021\/11\/Logo-Ere-1.png\",\"width\":1261,\"height\":1330,\"caption\":\"Blog do Er\u00ea\"},\"image\":{\"@id\":\"https:\/\/blogdoere.com.br\/#\/schema\/logo\/image\/\"}},{\"@type\":\"Person\",\"@id\":\"https:\/\/blogdoere.com.br\/#\/schema\/person\/4b56ed2336cb28ae3415ce8ffe56742e\",\"name\":\"Ere\",\"image\":{\"@type\":\"ImageObject\",\"inLanguage\":\"pt-PT\",\"@id\":\"https:\/\/blogdoere.com.br\/#\/schema\/person\/image\/\",\"url\":\"https:\/\/secure.gravatar.com\/avatar\/?s=96&d=mm&r=g\",\"contentUrl\":\"https:\/\/secure.gravatar.com\/avatar\/?s=96&d=mm&r=g\",\"caption\":\"Ere\"}}]}<\/script>\n<!-- \/ Yoast SEO plugin. -->","yoast_head_json":{"title":"PSB DISCUTE REFORMA POL\u00cdTICA COM LIDERAN\u00c7AS DA RMS - blog do er\u00ea","robots":{"index":"index","follow":"follow","max-snippet":"max-snippet:-1","max-image-preview":"max-image-preview:large","max-video-preview":"max-video-preview:-1"},"canonical":"https:\/\/blogdoere.com.br\/?p=26328","og_locale":"pt_PT","og_type":"article","og_title":"PSB DISCUTE REFORMA POL\u00cdTICA COM LIDERAN\u00c7AS DA RMS - blog do er\u00ea","og_description":"Cerca de 300 pessoas participaram neste s\u00e1bado (23), do Encontro Regional do PSB, em S\u00e3o Francisco do Conde, a 80 km de Salvador. O evento, liderado pela presidente do partido...","og_url":"https:\/\/blogdoere.com.br\/?p=26328","og_site_name":"blog do er\u00ea","article_published_time":"2015-05-25T00:43:00+00:00","og_image":[{"url":"http:\/\/3.bp.blogspot.com\/-SrvnWycYDfw\/VWJv3pLdPfI\/AAAAAAAAFw4\/qcBURQdnXxU\/s320\/PSB%2Bcone.jpg"}],"author":"Ere","twitter_card":"summary_large_image","twitter_misc":{"Escrito por":"Ere","Tempo estimado de leitura":"2 minutos"},"schema":{"@context":"https:\/\/schema.org","@graph":[{"@type":"Article","@id":"https:\/\/blogdoere.com.br\/?p=26328#article","isPartOf":{"@id":"https:\/\/blogdoere.com.br\/?p=26328"},"author":{"name":"Ere","@id":"https:\/\/blogdoere.com.br\/#\/schema\/person\/4b56ed2336cb28ae3415ce8ffe56742e"},"headline":"PSB DISCUTE REFORMA POL\u00cdTICA COM LIDERAN\u00c7AS DA RMS","datePublished":"2015-05-25T00:43:00+00:00","dateModified":"2015-05-25T00:43:00+00:00","mainEntityOfPage":{"@id":"https:\/\/blogdoere.com.br\/?p=26328"},"wordCount":364,"commentCount":0,"publisher":{"@id":"https:\/\/blogdoere.com.br\/#organization"},"articleSection":["Destaques"],"inLanguage":"pt-PT","potentialAction":[{"@type":"CommentAction","name":"Comment","target":["https:\/\/blogdoere.com.br\/?p=26328#respond"]}]},{"@type":"WebPage","@id":"https:\/\/blogdoere.com.br\/?p=26328","url":"https:\/\/blogdoere.com.br\/?p=26328","name":"PSB DISCUTE REFORMA POL\u00cdTICA COM LIDERAN\u00c7AS DA RMS - blog do er\u00ea","isPartOf":{"@id":"https:\/\/blogdoere.com.br\/#website"},"datePublished":"2015-05-25T00:43:00+00:00","dateModified":"2015-05-25T00:43:00+00:00","breadcrumb":{"@id":"https:\/\/blogdoere.com.br\/?p=26328#breadcrumb"},"inLanguage":"pt-PT","potentialAction":[{"@type":"ReadAction","target":["https:\/\/blogdoere.com.br\/?p=26328"]}]},{"@type":"BreadcrumbList","@id":"https:\/\/blogdoere.com.br\/?p=26328#breadcrumb","itemListElement":[{"@type":"ListItem","position":1,"name":"In\u00edcio","item":"https:\/\/blogdoere.com.br\/"},{"@type":"ListItem","position":2,"name":"PSB DISCUTE REFORMA POL\u00cdTICA COM LIDERAN\u00c7AS DA RMS"}]},{"@type":"WebSite","@id":"https:\/\/blogdoere.com.br\/#website","url":"https:\/\/blogdoere.com.br\/","name":"blog do er\u00ea","description":"","publisher":{"@id":"https:\/\/blogdoere.com.br\/#organization"},"potentialAction":[{"@type":"SearchAction","target":{"@type":"EntryPoint","urlTemplate":"https:\/\/blogdoere.com.br\/?s={search_term_string}"},"query-input":"required name=search_term_string"}],"inLanguage":"pt-PT"},{"@type":"Organization","@id":"https:\/\/blogdoere.com.br\/#organization","name":"Blog do Er\u00ea","url":"https:\/\/blogdoere.com.br\/","logo":{"@type":"ImageObject","inLanguage":"pt-PT","@id":"https:\/\/blogdoere.com.br\/#\/schema\/logo\/image\/","url":"https:\/\/blogdoere.com.br\/wp-content\/uploads\/2021\/11\/Logo-Ere-1.png","contentUrl":"https:\/\/blogdoere.com.br\/wp-content\/uploads\/2021\/11\/Logo-Ere-1.png","width":1261,"height":1330,"caption":"Blog do Er\u00ea"},"image":{"@id":"https:\/\/blogdoere.com.br\/#\/schema\/logo\/image\/"}},{"@type":"Person","@id":"https:\/\/blogdoere.com.br\/#\/schema\/person\/4b56ed2336cb28ae3415ce8ffe56742e","name":"Ere","image":{"@type":"ImageObject","inLanguage":"pt-PT","@id":"https:\/\/blogdoere.com.br\/#\/schema\/person\/image\/","url":"https:\/\/secure.gravatar.com\/avatar\/?s=96&d=mm&r=g","contentUrl":"https:\/\/secure.gravatar.com\/avatar\/?s=96&d=mm&r=g","caption":"Ere"}}]}},"featured_image_urls":{"full":"","thumbnail":"","medium":"","medium_large":"","large":"","1536x1536":"","2048x2048":""},"author_info":{"display_name":"Ere","author_link":"https:\/\/blogdoere.com.br\/?author=2"},"category_info":"<a href=\"https:\/\/blogdoere.com.br\/?cat=1\" rel=\"category\">Destaques<\/a>","tag_info":"Destaques","comment_count":"0","_links":{"self":[{"href":"https:\/\/blogdoere.com.br\/index.php?rest_route=\/wp\/v2\/posts\/26328","targetHints":{"allow":["GET"]}}],"collection":[{"href":"https:\/\/blogdoere.com.br\/index.php?rest_route=\/wp\/v2\/posts"}],"about":[{"href":"https:\/\/blogdoere.com.br\/index.php?rest_route=\/wp\/v2\/types\/post"}],"author":[{"embeddable":true,"href":"https:\/\/blogdoere.com.br\/index.php?rest_route=\/wp\/v2\/users\/2"}],"replies":[{"embeddable":true,"href":"https:\/\/blogdoere.com.br\/index.php?rest_route=%2Fwp%2Fv2%2Fcomments&post=26328"}],"version-history":[{"count":0,"href":"https:\/\/blogdoere.com.br\/index.php?rest_route=\/wp\/v2\/posts\/26328\/revisions"}],"wp:attachment":[{"href":"https:\/\/blogdoere.com.br\/index.php?rest_route=%2Fwp%2Fv2%2Fmedia&parent=26328"}],"wp:term":[{"taxonomy":"category","embeddable":true,"href":"https:\/\/blogdoere.com.br\/index.php?rest_route=%2Fwp%2Fv2%2Fcategories&post=26328"},{"taxonomy":"post_tag","embeddable":true,"href":"https:\/\/blogdoere.com.br\/index.php?rest_route=%2Fwp%2Fv2%2Ftags&post=26328"}],"curies":[{"name":"wp","href":"https:\/\/api.w.org\/{rel}","templated":true}]}}