{"id":26332,"date":"2015-05-14T23:39:00","date_gmt":"2015-05-14T23:39:00","guid":{"rendered":"http:\/\/blogdoere.com.br\/?p=26332"},"modified":"2015-05-14T23:39:00","modified_gmt":"2015-05-14T23:39:00","slug":"taxa-de-inscricao-do-enem-aumenta-de-r-35-para-r-63","status":"publish","type":"post","link":"https:\/\/blogdoere.com.br\/?p=26332","title":{"rendered":"TAXA DE INSCRI\u00c7\u00c3O DO ENEM AUMENTA DE R$ 35 PARA R$ 63"},"content":{"rendered":"<div style=\"text-align: justify;\"><span style=\"background-color: white; color: #333333; font-family: Tahoma, Geneva, sans-serif; line-height: 17.142858505249023px;\"><br \/><\/span><\/div>\n<div style=\"text-align: center;\"><img decoding=\"async\" alt=\"Taxa de inscri\u00e7\u00e3o do Enem aumenta de R$ 35 para R$ 63\" src=\"http:\/\/www.bahianoticias.com.br\/fotos\/principal_noticias\/172350\/xIMAGEM_NOTICIA_5.jpg.pagespeed.ic.pWv_Rqu6IS.jpg\" \/><\/div>\n<div style=\"text-align: justify;\"><span style=\"background-color: white; color: #333333; font-family: Tahoma, Geneva, sans-serif; line-height: 17.142858505249023px;\"><br \/><\/span><\/div>\n<div style=\"text-align: justify;\"><span style=\"background-color: white; color: #333333; font-family: Tahoma, Geneva, sans-serif; line-height: 17.142858505249023px;\"><br \/><\/span><\/div>\n<div style=\"text-align: justify;\"><span style=\"background-color: white; color: #333333; font-family: Tahoma, Geneva, sans-serif; line-height: 17.142858505249023px;\">O reajuste da taxa de inscri\u00e7\u00e3o do Exame Nacional do Ensino M\u00e9dio (Enem), que passa de R$ 35 para R$ 63, foi confirmado nesta quinta-feira (14) pelo Minist\u00e9rio da Educa\u00e7\u00e3o (MEC). Segundo informa\u00e7\u00f5es do jornal Folha de S. Paulo, o valor anterior \u00e0 mudan\u00e7a se mantinha desde 2004 \u2013 e a diferen\u00e7a corresponde \u00e0 infla\u00e7\u00e3o acumulada no per\u00edodo. As inscri\u00e7\u00f5es para as provas come\u00e7am no dia 5 de junho, na p\u00e1gina espec\u00edfica e o pagamento da taxa poder\u00e1 ser feito at\u00e9 o dia 10 do mesmo m\u00eas, e a avalia\u00e7\u00e3o ser\u00e1 realizada em outubro, de acordo com as regras divulgadas pelo MEC. No ano passado, 8,7 milh\u00f5es dos candidatos eram pagantes, o equivalente a 26,48% dos inscritos. Em entrevista coletiva, o ministro da Educa\u00e7\u00e3o, Renato Janine Ribeiro afirmou que \u201cainda \u00e9 uma taxa barata, e ainda h\u00e1 um grande conjunto de isen\u00e7\u00f5es\u201d. Estudantes que cursam o 3\u00ba ano do Ensino M\u00e9dio na rede p\u00fablica ou que comprovem renda familiar de at\u00e9 1,5 sal\u00e1rio m\u00ednimo (R$ 1.182) tem direito a isen\u00e7\u00e3o da taxa. As regras divulgadas nesta quinta tamb\u00e9m afetam os faltosos: se o candidato faltar aos dois dias de prova, ter\u00e1 que pagar a inscri\u00e7\u00e3o, mesmo que seja beneficiado pela isen\u00e7\u00e3o. Em 2015, quase 29% dos inscritos n\u00e3o compareceram aos locais de avalia\u00e7\u00e3o. Informa\u00e7\u00f5es BN<\/span><\/div>\n","protected":false},"excerpt":{"rendered":"<p>O reajuste da taxa de inscri\u00e7\u00e3o do Exame Nacional do Ensino M\u00e9dio (Enem), que passa de R$ 35 para R$ 63, foi confirmado nesta quinta-feira (14) pelo Minist\u00e9rio da Educa\u00e7\u00e3o&#8230;<\/p>\n","protected":false},"author":2,"featured_media":0,"comment_status":"open","ping_status":"open","sticky":false,"template":"","format":"standard","meta":{"_editorskit_title_hidden":false,"_editorskit_reading_time":0,"_editorskit_is_block_options_detached":false,"_editorskit_block_options_position":"{}","om_disable_all_campaigns":false,"_mi_skip_tracking":false,"_kad_post_transparent":"","_kad_post_title":"","_kad_post_layout":"","_kad_post_sidebar_id":"","_kad_post_content_style":"","_kad_post_vertical_padding":"","_kad_post_feature":"","_kad_post_feature_position":"","_kad_post_header":false,"_kad_post_footer":false,"footnotes":""},"categories":[1],"tags":[],"class_list":["post-26332","post","type-post","status-publish","format-standard","hentry","category-destaques"],"yoast_head":"<!-- This site is optimized with the Yoast SEO plugin v20.5 - https:\/\/yoast.com\/wordpress\/plugins\/seo\/ -->\n<title>TAXA DE INSCRI\u00c7\u00c3O DO ENEM AUMENTA DE R$ 35 PARA R$ 63 - blog do er\u00ea<\/title>\n<meta name=\"robots\" content=\"index, follow, max-snippet:-1, max-image-preview:large, max-video-preview:-1\" \/>\n<link rel=\"canonical\" href=\"https:\/\/blogdoere.com.br\/?p=26332\" \/>\n<meta property=\"og:locale\" content=\"pt_PT\" \/>\n<meta property=\"og:type\" content=\"article\" \/>\n<meta property=\"og:title\" content=\"TAXA DE INSCRI\u00c7\u00c3O DO ENEM AUMENTA DE R$ 35 PARA R$ 63 - blog do er\u00ea\" \/>\n<meta property=\"og:description\" content=\"O reajuste da taxa de inscri\u00e7\u00e3o do Exame Nacional do Ensino M\u00e9dio (Enem), que passa de R$ 35 para R$ 63, foi confirmado nesta quinta-feira (14) pelo Minist\u00e9rio da Educa\u00e7\u00e3o...\" \/>\n<meta property=\"og:url\" content=\"https:\/\/blogdoere.com.br\/?p=26332\" \/>\n<meta property=\"og:site_name\" content=\"blog do er\u00ea\" \/>\n<meta property=\"article:published_time\" content=\"2015-05-14T23:39:00+00:00\" \/>\n<meta property=\"og:image\" content=\"http:\/\/www.bahianoticias.com.br\/fotos\/principal_noticias\/172350\/xIMAGEM_NOTICIA_5.jpg.pagespeed.ic.pWv_Rqu6IS.jpg\" \/>\n<meta name=\"author\" content=\"Ere\" \/>\n<meta name=\"twitter:card\" content=\"summary_large_image\" \/>\n<meta name=\"twitter:label1\" content=\"Escrito por\" \/>\n\t<meta name=\"twitter:data1\" content=\"Ere\" \/>\n\t<meta name=\"twitter:label2\" content=\"Tempo estimado de leitura\" \/>\n\t<meta name=\"twitter:data2\" content=\"1 minuto\" \/>\n<script type=\"application\/ld+json\" class=\"yoast-schema-graph\">{\"@context\":\"https:\/\/schema.org\",\"@graph\":[{\"@type\":\"Article\",\"@id\":\"https:\/\/blogdoere.com.br\/?p=26332#article\",\"isPartOf\":{\"@id\":\"https:\/\/blogdoere.com.br\/?p=26332\"},\"author\":{\"name\":\"Ere\",\"@id\":\"https:\/\/blogdoere.com.br\/#\/schema\/person\/4b56ed2336cb28ae3415ce8ffe56742e\"},\"headline\":\"TAXA DE INSCRI\u00c7\u00c3O DO ENEM AUMENTA DE R$ 35 PARA R$ 63\",\"datePublished\":\"2015-05-14T23:39:00+00:00\",\"dateModified\":\"2015-05-14T23:39:00+00:00\",\"mainEntityOfPage\":{\"@id\":\"https:\/\/blogdoere.com.br\/?p=26332\"},\"wordCount\":238,\"commentCount\":0,\"publisher\":{\"@id\":\"https:\/\/blogdoere.com.br\/#organization\"},\"articleSection\":[\"Destaques\"],\"inLanguage\":\"pt-PT\",\"potentialAction\":[{\"@type\":\"CommentAction\",\"name\":\"Comment\",\"target\":[\"https:\/\/blogdoere.com.br\/?p=26332#respond\"]}]},{\"@type\":\"WebPage\",\"@id\":\"https:\/\/blogdoere.com.br\/?p=26332\",\"url\":\"https:\/\/blogdoere.com.br\/?p=26332\",\"name\":\"TAXA DE INSCRI\u00c7\u00c3O DO ENEM AUMENTA DE R$ 35 PARA R$ 63 - blog do er\u00ea\",\"isPartOf\":{\"@id\":\"https:\/\/blogdoere.com.br\/#website\"},\"datePublished\":\"2015-05-14T23:39:00+00:00\",\"dateModified\":\"2015-05-14T23:39:00+00:00\",\"breadcrumb\":{\"@id\":\"https:\/\/blogdoere.com.br\/?p=26332#breadcrumb\"},\"inLanguage\":\"pt-PT\",\"potentialAction\":[{\"@type\":\"ReadAction\",\"target\":[\"https:\/\/blogdoere.com.br\/?p=26332\"]}]},{\"@type\":\"BreadcrumbList\",\"@id\":\"https:\/\/blogdoere.com.br\/?p=26332#breadcrumb\",\"itemListElement\":[{\"@type\":\"ListItem\",\"position\":1,\"name\":\"In\u00edcio\",\"item\":\"https:\/\/blogdoere.com.br\/\"},{\"@type\":\"ListItem\",\"position\":2,\"name\":\"TAXA DE INSCRI\u00c7\u00c3O DO ENEM AUMENTA DE R$ 35 PARA R$ 63\"}]},{\"@type\":\"WebSite\",\"@id\":\"https:\/\/blogdoere.com.br\/#website\",\"url\":\"https:\/\/blogdoere.com.br\/\",\"name\":\"blog do er\u00ea\",\"description\":\"\",\"publisher\":{\"@id\":\"https:\/\/blogdoere.com.br\/#organization\"},\"potentialAction\":[{\"@type\":\"SearchAction\",\"target\":{\"@type\":\"EntryPoint\",\"urlTemplate\":\"https:\/\/blogdoere.com.br\/?s={search_term_string}\"},\"query-input\":\"required name=search_term_string\"}],\"inLanguage\":\"pt-PT\"},{\"@type\":\"Organization\",\"@id\":\"https:\/\/blogdoere.com.br\/#organization\",\"name\":\"Blog do Er\u00ea\",\"url\":\"https:\/\/blogdoere.com.br\/\",\"logo\":{\"@type\":\"ImageObject\",\"inLanguage\":\"pt-PT\",\"@id\":\"https:\/\/blogdoere.com.br\/#\/schema\/logo\/image\/\",\"url\":\"https:\/\/blogdoere.com.br\/wp-content\/uploads\/2021\/11\/Logo-Ere-1.png\",\"contentUrl\":\"https:\/\/blogdoere.com.br\/wp-content\/uploads\/2021\/11\/Logo-Ere-1.png\",\"width\":1261,\"height\":1330,\"caption\":\"Blog do Er\u00ea\"},\"image\":{\"@id\":\"https:\/\/blogdoere.com.br\/#\/schema\/logo\/image\/\"}},{\"@type\":\"Person\",\"@id\":\"https:\/\/blogdoere.com.br\/#\/schema\/person\/4b56ed2336cb28ae3415ce8ffe56742e\",\"name\":\"Ere\",\"image\":{\"@type\":\"ImageObject\",\"inLanguage\":\"pt-PT\",\"@id\":\"https:\/\/blogdoere.com.br\/#\/schema\/person\/image\/\",\"url\":\"https:\/\/secure.gravatar.com\/avatar\/?s=96&d=mm&r=g\",\"contentUrl\":\"https:\/\/secure.gravatar.com\/avatar\/?s=96&d=mm&r=g\",\"caption\":\"Ere\"}}]}<\/script>\n<!-- \/ Yoast SEO plugin. -->","yoast_head_json":{"title":"TAXA DE INSCRI\u00c7\u00c3O DO ENEM AUMENTA DE R$ 35 PARA R$ 63 - blog do er\u00ea","robots":{"index":"index","follow":"follow","max-snippet":"max-snippet:-1","max-image-preview":"max-image-preview:large","max-video-preview":"max-video-preview:-1"},"canonical":"https:\/\/blogdoere.com.br\/?p=26332","og_locale":"pt_PT","og_type":"article","og_title":"TAXA DE INSCRI\u00c7\u00c3O DO ENEM AUMENTA DE R$ 35 PARA R$ 63 - blog do er\u00ea","og_description":"O reajuste da taxa de inscri\u00e7\u00e3o do Exame Nacional do Ensino M\u00e9dio (Enem), que passa de R$ 35 para R$ 63, foi confirmado nesta quinta-feira (14) pelo Minist\u00e9rio da Educa\u00e7\u00e3o...","og_url":"https:\/\/blogdoere.com.br\/?p=26332","og_site_name":"blog do er\u00ea","article_published_time":"2015-05-14T23:39:00+00:00","og_image":[{"url":"http:\/\/www.bahianoticias.com.br\/fotos\/principal_noticias\/172350\/xIMAGEM_NOTICIA_5.jpg.pagespeed.ic.pWv_Rqu6IS.jpg"}],"author":"Ere","twitter_card":"summary_large_image","twitter_misc":{"Escrito por":"Ere","Tempo estimado de leitura":"1 minuto"},"schema":{"@context":"https:\/\/schema.org","@graph":[{"@type":"Article","@id":"https:\/\/blogdoere.com.br\/?p=26332#article","isPartOf":{"@id":"https:\/\/blogdoere.com.br\/?p=26332"},"author":{"name":"Ere","@id":"https:\/\/blogdoere.com.br\/#\/schema\/person\/4b56ed2336cb28ae3415ce8ffe56742e"},"headline":"TAXA DE INSCRI\u00c7\u00c3O DO ENEM AUMENTA DE R$ 35 PARA R$ 63","datePublished":"2015-05-14T23:39:00+00:00","dateModified":"2015-05-14T23:39:00+00:00","mainEntityOfPage":{"@id":"https:\/\/blogdoere.com.br\/?p=26332"},"wordCount":238,"commentCount":0,"publisher":{"@id":"https:\/\/blogdoere.com.br\/#organization"},"articleSection":["Destaques"],"inLanguage":"pt-PT","potentialAction":[{"@type":"CommentAction","name":"Comment","target":["https:\/\/blogdoere.com.br\/?p=26332#respond"]}]},{"@type":"WebPage","@id":"https:\/\/blogdoere.com.br\/?p=26332","url":"https:\/\/blogdoere.com.br\/?p=26332","name":"TAXA DE INSCRI\u00c7\u00c3O DO ENEM AUMENTA DE R$ 35 PARA R$ 63 - blog do er\u00ea","isPartOf":{"@id":"https:\/\/blogdoere.com.br\/#website"},"datePublished":"2015-05-14T23:39:00+00:00","dateModified":"2015-05-14T23:39:00+00:00","breadcrumb":{"@id":"https:\/\/blogdoere.com.br\/?p=26332#breadcrumb"},"inLanguage":"pt-PT","potentialAction":[{"@type":"ReadAction","target":["https:\/\/blogdoere.com.br\/?p=26332"]}]},{"@type":"BreadcrumbList","@id":"https:\/\/blogdoere.com.br\/?p=26332#breadcrumb","itemListElement":[{"@type":"ListItem","position":1,"name":"In\u00edcio","item":"https:\/\/blogdoere.com.br\/"},{"@type":"ListItem","position":2,"name":"TAXA DE INSCRI\u00c7\u00c3O DO ENEM AUMENTA DE R$ 35 PARA R$ 63"}]},{"@type":"WebSite","@id":"https:\/\/blogdoere.com.br\/#website","url":"https:\/\/blogdoere.com.br\/","name":"blog do er\u00ea","description":"","publisher":{"@id":"https:\/\/blogdoere.com.br\/#organization"},"potentialAction":[{"@type":"SearchAction","target":{"@type":"EntryPoint","urlTemplate":"https:\/\/blogdoere.com.br\/?s={search_term_string}"},"query-input":"required name=search_term_string"}],"inLanguage":"pt-PT"},{"@type":"Organization","@id":"https:\/\/blogdoere.com.br\/#organization","name":"Blog do Er\u00ea","url":"https:\/\/blogdoere.com.br\/","logo":{"@type":"ImageObject","inLanguage":"pt-PT","@id":"https:\/\/blogdoere.com.br\/#\/schema\/logo\/image\/","url":"https:\/\/blogdoere.com.br\/wp-content\/uploads\/2021\/11\/Logo-Ere-1.png","contentUrl":"https:\/\/blogdoere.com.br\/wp-content\/uploads\/2021\/11\/Logo-Ere-1.png","width":1261,"height":1330,"caption":"Blog do Er\u00ea"},"image":{"@id":"https:\/\/blogdoere.com.br\/#\/schema\/logo\/image\/"}},{"@type":"Person","@id":"https:\/\/blogdoere.com.br\/#\/schema\/person\/4b56ed2336cb28ae3415ce8ffe56742e","name":"Ere","image":{"@type":"ImageObject","inLanguage":"pt-PT","@id":"https:\/\/blogdoere.com.br\/#\/schema\/person\/image\/","url":"https:\/\/secure.gravatar.com\/avatar\/?s=96&d=mm&r=g","contentUrl":"https:\/\/secure.gravatar.com\/avatar\/?s=96&d=mm&r=g","caption":"Ere"}}]}},"featured_image_urls":{"full":"","thumbnail":"","medium":"","medium_large":"","large":"","1536x1536":"","2048x2048":""},"author_info":{"display_name":"Ere","author_link":"https:\/\/blogdoere.com.br\/?author=2"},"category_info":"<a href=\"https:\/\/blogdoere.com.br\/?cat=1\" rel=\"category\">Destaques<\/a>","tag_info":"Destaques","comment_count":"0","_links":{"self":[{"href":"https:\/\/blogdoere.com.br\/index.php?rest_route=\/wp\/v2\/posts\/26332","targetHints":{"allow":["GET"]}}],"collection":[{"href":"https:\/\/blogdoere.com.br\/index.php?rest_route=\/wp\/v2\/posts"}],"about":[{"href":"https:\/\/blogdoere.com.br\/index.php?rest_route=\/wp\/v2\/types\/post"}],"author":[{"embeddable":true,"href":"https:\/\/blogdoere.com.br\/index.php?rest_route=\/wp\/v2\/users\/2"}],"replies":[{"embeddable":true,"href":"https:\/\/blogdoere.com.br\/index.php?rest_route=%2Fwp%2Fv2%2Fcomments&post=26332"}],"version-history":[{"count":0,"href":"https:\/\/blogdoere.com.br\/index.php?rest_route=\/wp\/v2\/posts\/26332\/revisions"}],"wp:attachment":[{"href":"https:\/\/blogdoere.com.br\/index.php?rest_route=%2Fwp%2Fv2%2Fmedia&parent=26332"}],"wp:term":[{"taxonomy":"category","embeddable":true,"href":"https:\/\/blogdoere.com.br\/index.php?rest_route=%2Fwp%2Fv2%2Fcategories&post=26332"},{"taxonomy":"post_tag","embeddable":true,"href":"https:\/\/blogdoere.com.br\/index.php?rest_route=%2Fwp%2Fv2%2Ftags&post=26332"}],"curies":[{"name":"wp","href":"https:\/\/api.w.org\/{rel}","templated":true}]}}