{"id":26335,"date":"2015-05-05T17:13:00","date_gmt":"2015-05-05T17:13:00","guid":{"rendered":"http:\/\/blogdoere.com.br\/?p=26335"},"modified":"2015-05-05T17:13:00","modified_gmt":"2015-05-05T17:13:00","slug":"lidice-reafirma-posicao-contra-a-reducao-da-maioridade-penal","status":"publish","type":"post","link":"https:\/\/blogdoere.com.br\/?p=26335","title":{"rendered":"L\u00cdDICE REAFIRMA POSI\u00c7\u00c3O CONTRA A REDU\u00c7\u00c3O DA MAIORIDADE PENAL"},"content":{"rendered":"<div style=\"box-sizing: border-box; margin-bottom: 1em; margin-top: 1em; text-align: justify;\"><span style=\"font-family: Arial, Helvetica, sans-serif;\"><br \/><\/span><\/div>\n<div style=\"box-sizing: border-box; margin-bottom: 1em; margin-top: 1em; text-align: center;\"><img decoding=\"async\" alt=\"FullSizeRender (5)\" src=\"http:\/\/lidice.com.br\/gerenciador\/wp-content\/uploads\/2015\/05\/FullSizeRender-5-300x199.jpg\" \/><\/div>\n<div style=\"box-sizing: border-box; margin-bottom: 1em; margin-top: 1em; text-align: justify;\"><span style=\"font-family: Arial, Helvetica, sans-serif;\">A senadora L\u00eddice da Mata (PSB-BA) reafirmou sua posi\u00e7\u00e3o contr\u00e1ria \u00e0 redu\u00e7\u00e3o da maioridade penal, durante debate realizado, nesta segunda-feira (4), na Faculdade de Direito da Universidade Federal da Bahia, em Salvador. O evento, organizado pela professora Cristiana Santos, reuniu 200 participantes entre juristas, professores e estudantes.<\/span><\/div>\n<div style=\"box-sizing: border-box; margin-bottom: 1em; margin-top: 1em; text-align: justify;\"><span style=\"font-family: Arial, Helvetica, sans-serif;\">Integrante da Frente Parlamentar Progressista do Senado Federal, L\u00eddice disse que \u00e9 preciso debater mais o tema, pois a discuss\u00e3o \u2013 segundo a senadora \u2013 est\u00e1 emocionalizada.&nbsp;Outra quest\u00e3o apontada pela baiana foi a massifica\u00e7\u00e3o de dados falsos, sobretudo na internet para justificar a redu\u00e7\u00e3o da maioridade penal. \u201cA partir de alguns crimes, muitos formadores de opini\u00e3o tentam levar \u00e0 sociedade que a redu\u00e7\u00e3o da maioridade penal vai diminuir a viol\u00eancia\u201d, disse.<\/span><\/div>\n<div style=\"box-sizing: border-box; margin-bottom: 1em; margin-top: 1em; text-align: justify;\"><span style=\"font-family: Arial, Helvetica, sans-serif;\">A proposta da chamada Bancada da Bala prev\u00ea a criminaliza\u00e7\u00e3o de jovens a partir dos 16 anos, contra os atuais 18. \u201cHoje vemos crian\u00e7as de 12 e 13 anos armadas com fuzis e pistolas. Esse problema n\u00e3o passa pela redu\u00e7\u00e3o da maioridade penal, mas pela implementa\u00e7\u00e3o de pol\u00edticas sociais e de educa\u00e7\u00e3o com qualidade, al\u00e9m de muitos outros fatores. \u00c9 algo complexo que n\u00e3o se resolver\u00e1 colocando os adolescentes na cadeia\u201d, disse.<\/span><\/div>\n<div style=\"box-sizing: border-box; margin-bottom: 1em; margin-top: 1em; text-align: justify;\"><span style=\"font-family: Arial, Helvetica, sans-serif;\">Para L\u00eddice da Mata, a escola p\u00fablica precisa oferecer mais oportunidades. A senadora, que tamb\u00e9m \u00e9 defensora do Ensino em Tempo Integral, disse que as unidades educacionais precisam acolher as crian\u00e7as e adolescentes, o que n\u00e3o ocorre atualmente nas m\u00e9dias e grandes cidades brasileiras. \u201cHoje a escola p\u00fablica \u00e9 um ambiente hostil, cercado do tr\u00e1fico de drogas\u201d, resumiu.<a href=\"http:\/\/lidice.com.br\/noticias\/lidice-reafirma-posicao-contra-a-reducao-da-maioridade-penal\/\">Leia mais aqui<\/a><\/span><\/div>\n<div style=\"box-sizing: border-box; margin-bottom: 1em; margin-top: 1em; text-align: justify;\"><strong style=\"box-sizing: border-box; font-family: Arial, Helvetica, sans-serif;\">Enquete &#8211;<\/strong><span style=\"font-family: Arial, Helvetica, sans-serif;\">&nbsp;<\/span><span style=\"font-family: Arial, Helvetica, sans-serif;\">Paralelo ao debate, foi realizada uma enquete com os 201 presentes sobre a opini\u00e3o relacionada \u00e0 redu\u00e7\u00e3o da maioridade penal. Dos estudantes ouvidos, 77% s\u00e3o contra, 14% a favor e 9% preferiram n\u00e3o opinar.<\/span><\/div>\n<div style=\"text-align: justify;\"><\/div>\n<div style=\"text-align: justify;\"><\/div>\n","protected":false},"excerpt":{"rendered":"<p>A senadora L\u00eddice da Mata (PSB-BA) reafirmou sua posi\u00e7\u00e3o contr\u00e1ria \u00e0 redu\u00e7\u00e3o da maioridade penal, durante debate realizado, nesta segunda-feira (4), na Faculdade de Direito da Universidade Federal da Bahia,&#8230;<\/p>\n","protected":false},"author":2,"featured_media":0,"comment_status":"open","ping_status":"open","sticky":false,"template":"","format":"standard","meta":{"_editorskit_title_hidden":false,"_editorskit_reading_time":0,"_editorskit_is_block_options_detached":false,"_editorskit_block_options_position":"{}","om_disable_all_campaigns":false,"_mi_skip_tracking":false,"_kad_post_transparent":"","_kad_post_title":"","_kad_post_layout":"","_kad_post_sidebar_id":"","_kad_post_content_style":"","_kad_post_vertical_padding":"","_kad_post_feature":"","_kad_post_feature_position":"","_kad_post_header":false,"_kad_post_footer":false,"footnotes":""},"categories":[1],"tags":[],"class_list":["post-26335","post","type-post","status-publish","format-standard","hentry","category-destaques"],"yoast_head":"<!-- This site is optimized with the Yoast SEO plugin v20.5 - https:\/\/yoast.com\/wordpress\/plugins\/seo\/ -->\n<title>L\u00cdDICE REAFIRMA POSI\u00c7\u00c3O CONTRA A REDU\u00c7\u00c3O DA MAIORIDADE PENAL - blog do er\u00ea<\/title>\n<meta name=\"robots\" content=\"index, follow, max-snippet:-1, max-image-preview:large, max-video-preview:-1\" \/>\n<link rel=\"canonical\" href=\"https:\/\/blogdoere.com.br\/?p=26335\" \/>\n<meta property=\"og:locale\" content=\"pt_PT\" \/>\n<meta property=\"og:type\" content=\"article\" \/>\n<meta property=\"og:title\" content=\"L\u00cdDICE REAFIRMA POSI\u00c7\u00c3O CONTRA A REDU\u00c7\u00c3O DA MAIORIDADE PENAL - blog do er\u00ea\" \/>\n<meta property=\"og:description\" content=\"A senadora L\u00eddice da Mata (PSB-BA) reafirmou sua posi\u00e7\u00e3o contr\u00e1ria \u00e0 redu\u00e7\u00e3o da maioridade penal, durante debate realizado, nesta segunda-feira (4), na Faculdade de Direito da Universidade Federal da Bahia,...\" \/>\n<meta property=\"og:url\" content=\"https:\/\/blogdoere.com.br\/?p=26335\" \/>\n<meta property=\"og:site_name\" content=\"blog do er\u00ea\" \/>\n<meta property=\"article:published_time\" content=\"2015-05-05T17:13:00+00:00\" \/>\n<meta property=\"og:image\" content=\"http:\/\/lidice.com.br\/gerenciador\/wp-content\/uploads\/2015\/05\/FullSizeRender-5-300x199.jpg\" \/>\n<meta name=\"author\" content=\"Ere\" \/>\n<meta name=\"twitter:card\" content=\"summary_large_image\" \/>\n<meta name=\"twitter:label1\" content=\"Escrito por\" \/>\n\t<meta name=\"twitter:data1\" content=\"Ere\" \/>\n\t<meta name=\"twitter:label2\" content=\"Tempo estimado de leitura\" \/>\n\t<meta name=\"twitter:data2\" content=\"2 minutos\" \/>\n<script type=\"application\/ld+json\" class=\"yoast-schema-graph\">{\"@context\":\"https:\/\/schema.org\",\"@graph\":[{\"@type\":\"Article\",\"@id\":\"https:\/\/blogdoere.com.br\/?p=26335#article\",\"isPartOf\":{\"@id\":\"https:\/\/blogdoere.com.br\/?p=26335\"},\"author\":{\"name\":\"Ere\",\"@id\":\"https:\/\/blogdoere.com.br\/#\/schema\/person\/4b56ed2336cb28ae3415ce8ffe56742e\"},\"headline\":\"L\u00cdDICE REAFIRMA POSI\u00c7\u00c3O CONTRA A REDU\u00c7\u00c3O DA MAIORIDADE PENAL\",\"datePublished\":\"2015-05-05T17:13:00+00:00\",\"dateModified\":\"2015-05-05T17:13:00+00:00\",\"mainEntityOfPage\":{\"@id\":\"https:\/\/blogdoere.com.br\/?p=26335\"},\"wordCount\":316,\"commentCount\":0,\"publisher\":{\"@id\":\"https:\/\/blogdoere.com.br\/#organization\"},\"articleSection\":[\"Destaques\"],\"inLanguage\":\"pt-PT\",\"potentialAction\":[{\"@type\":\"CommentAction\",\"name\":\"Comment\",\"target\":[\"https:\/\/blogdoere.com.br\/?p=26335#respond\"]}]},{\"@type\":\"WebPage\",\"@id\":\"https:\/\/blogdoere.com.br\/?p=26335\",\"url\":\"https:\/\/blogdoere.com.br\/?p=26335\",\"name\":\"L\u00cdDICE REAFIRMA POSI\u00c7\u00c3O CONTRA A REDU\u00c7\u00c3O DA MAIORIDADE PENAL - blog do er\u00ea\",\"isPartOf\":{\"@id\":\"https:\/\/blogdoere.com.br\/#website\"},\"datePublished\":\"2015-05-05T17:13:00+00:00\",\"dateModified\":\"2015-05-05T17:13:00+00:00\",\"breadcrumb\":{\"@id\":\"https:\/\/blogdoere.com.br\/?p=26335#breadcrumb\"},\"inLanguage\":\"pt-PT\",\"potentialAction\":[{\"@type\":\"ReadAction\",\"target\":[\"https:\/\/blogdoere.com.br\/?p=26335\"]}]},{\"@type\":\"BreadcrumbList\",\"@id\":\"https:\/\/blogdoere.com.br\/?p=26335#breadcrumb\",\"itemListElement\":[{\"@type\":\"ListItem\",\"position\":1,\"name\":\"In\u00edcio\",\"item\":\"https:\/\/blogdoere.com.br\/\"},{\"@type\":\"ListItem\",\"position\":2,\"name\":\"L\u00cdDICE REAFIRMA POSI\u00c7\u00c3O CONTRA A REDU\u00c7\u00c3O DA MAIORIDADE PENAL\"}]},{\"@type\":\"WebSite\",\"@id\":\"https:\/\/blogdoere.com.br\/#website\",\"url\":\"https:\/\/blogdoere.com.br\/\",\"name\":\"blog do er\u00ea\",\"description\":\"\",\"publisher\":{\"@id\":\"https:\/\/blogdoere.com.br\/#organization\"},\"potentialAction\":[{\"@type\":\"SearchAction\",\"target\":{\"@type\":\"EntryPoint\",\"urlTemplate\":\"https:\/\/blogdoere.com.br\/?s={search_term_string}\"},\"query-input\":\"required name=search_term_string\"}],\"inLanguage\":\"pt-PT\"},{\"@type\":\"Organization\",\"@id\":\"https:\/\/blogdoere.com.br\/#organization\",\"name\":\"Blog do Er\u00ea\",\"url\":\"https:\/\/blogdoere.com.br\/\",\"logo\":{\"@type\":\"ImageObject\",\"inLanguage\":\"pt-PT\",\"@id\":\"https:\/\/blogdoere.com.br\/#\/schema\/logo\/image\/\",\"url\":\"https:\/\/blogdoere.com.br\/wp-content\/uploads\/2021\/11\/Logo-Ere-1.png\",\"contentUrl\":\"https:\/\/blogdoere.com.br\/wp-content\/uploads\/2021\/11\/Logo-Ere-1.png\",\"width\":1261,\"height\":1330,\"caption\":\"Blog do Er\u00ea\"},\"image\":{\"@id\":\"https:\/\/blogdoere.com.br\/#\/schema\/logo\/image\/\"}},{\"@type\":\"Person\",\"@id\":\"https:\/\/blogdoere.com.br\/#\/schema\/person\/4b56ed2336cb28ae3415ce8ffe56742e\",\"name\":\"Ere\",\"image\":{\"@type\":\"ImageObject\",\"inLanguage\":\"pt-PT\",\"@id\":\"https:\/\/blogdoere.com.br\/#\/schema\/person\/image\/\",\"url\":\"https:\/\/secure.gravatar.com\/avatar\/?s=96&d=mm&r=g\",\"contentUrl\":\"https:\/\/secure.gravatar.com\/avatar\/?s=96&d=mm&r=g\",\"caption\":\"Ere\"}}]}<\/script>\n<!-- \/ Yoast SEO plugin. -->","yoast_head_json":{"title":"L\u00cdDICE REAFIRMA POSI\u00c7\u00c3O CONTRA A REDU\u00c7\u00c3O DA MAIORIDADE PENAL - blog do er\u00ea","robots":{"index":"index","follow":"follow","max-snippet":"max-snippet:-1","max-image-preview":"max-image-preview:large","max-video-preview":"max-video-preview:-1"},"canonical":"https:\/\/blogdoere.com.br\/?p=26335","og_locale":"pt_PT","og_type":"article","og_title":"L\u00cdDICE REAFIRMA POSI\u00c7\u00c3O CONTRA A REDU\u00c7\u00c3O DA MAIORIDADE PENAL - blog do er\u00ea","og_description":"A senadora L\u00eddice da Mata (PSB-BA) reafirmou sua posi\u00e7\u00e3o contr\u00e1ria \u00e0 redu\u00e7\u00e3o da maioridade penal, durante debate realizado, nesta segunda-feira (4), na Faculdade de Direito da Universidade Federal da Bahia,...","og_url":"https:\/\/blogdoere.com.br\/?p=26335","og_site_name":"blog do er\u00ea","article_published_time":"2015-05-05T17:13:00+00:00","og_image":[{"url":"http:\/\/lidice.com.br\/gerenciador\/wp-content\/uploads\/2015\/05\/FullSizeRender-5-300x199.jpg"}],"author":"Ere","twitter_card":"summary_large_image","twitter_misc":{"Escrito por":"Ere","Tempo estimado de leitura":"2 minutos"},"schema":{"@context":"https:\/\/schema.org","@graph":[{"@type":"Article","@id":"https:\/\/blogdoere.com.br\/?p=26335#article","isPartOf":{"@id":"https:\/\/blogdoere.com.br\/?p=26335"},"author":{"name":"Ere","@id":"https:\/\/blogdoere.com.br\/#\/schema\/person\/4b56ed2336cb28ae3415ce8ffe56742e"},"headline":"L\u00cdDICE REAFIRMA POSI\u00c7\u00c3O CONTRA A REDU\u00c7\u00c3O DA MAIORIDADE PENAL","datePublished":"2015-05-05T17:13:00+00:00","dateModified":"2015-05-05T17:13:00+00:00","mainEntityOfPage":{"@id":"https:\/\/blogdoere.com.br\/?p=26335"},"wordCount":316,"commentCount":0,"publisher":{"@id":"https:\/\/blogdoere.com.br\/#organization"},"articleSection":["Destaques"],"inLanguage":"pt-PT","potentialAction":[{"@type":"CommentAction","name":"Comment","target":["https:\/\/blogdoere.com.br\/?p=26335#respond"]}]},{"@type":"WebPage","@id":"https:\/\/blogdoere.com.br\/?p=26335","url":"https:\/\/blogdoere.com.br\/?p=26335","name":"L\u00cdDICE REAFIRMA POSI\u00c7\u00c3O CONTRA A REDU\u00c7\u00c3O DA MAIORIDADE PENAL - blog do er\u00ea","isPartOf":{"@id":"https:\/\/blogdoere.com.br\/#website"},"datePublished":"2015-05-05T17:13:00+00:00","dateModified":"2015-05-05T17:13:00+00:00","breadcrumb":{"@id":"https:\/\/blogdoere.com.br\/?p=26335#breadcrumb"},"inLanguage":"pt-PT","potentialAction":[{"@type":"ReadAction","target":["https:\/\/blogdoere.com.br\/?p=26335"]}]},{"@type":"BreadcrumbList","@id":"https:\/\/blogdoere.com.br\/?p=26335#breadcrumb","itemListElement":[{"@type":"ListItem","position":1,"name":"In\u00edcio","item":"https:\/\/blogdoere.com.br\/"},{"@type":"ListItem","position":2,"name":"L\u00cdDICE REAFIRMA POSI\u00c7\u00c3O CONTRA A REDU\u00c7\u00c3O DA MAIORIDADE PENAL"}]},{"@type":"WebSite","@id":"https:\/\/blogdoere.com.br\/#website","url":"https:\/\/blogdoere.com.br\/","name":"blog do er\u00ea","description":"","publisher":{"@id":"https:\/\/blogdoere.com.br\/#organization"},"potentialAction":[{"@type":"SearchAction","target":{"@type":"EntryPoint","urlTemplate":"https:\/\/blogdoere.com.br\/?s={search_term_string}"},"query-input":"required name=search_term_string"}],"inLanguage":"pt-PT"},{"@type":"Organization","@id":"https:\/\/blogdoere.com.br\/#organization","name":"Blog do Er\u00ea","url":"https:\/\/blogdoere.com.br\/","logo":{"@type":"ImageObject","inLanguage":"pt-PT","@id":"https:\/\/blogdoere.com.br\/#\/schema\/logo\/image\/","url":"https:\/\/blogdoere.com.br\/wp-content\/uploads\/2021\/11\/Logo-Ere-1.png","contentUrl":"https:\/\/blogdoere.com.br\/wp-content\/uploads\/2021\/11\/Logo-Ere-1.png","width":1261,"height":1330,"caption":"Blog do Er\u00ea"},"image":{"@id":"https:\/\/blogdoere.com.br\/#\/schema\/logo\/image\/"}},{"@type":"Person","@id":"https:\/\/blogdoere.com.br\/#\/schema\/person\/4b56ed2336cb28ae3415ce8ffe56742e","name":"Ere","image":{"@type":"ImageObject","inLanguage":"pt-PT","@id":"https:\/\/blogdoere.com.br\/#\/schema\/person\/image\/","url":"https:\/\/secure.gravatar.com\/avatar\/?s=96&d=mm&r=g","contentUrl":"https:\/\/secure.gravatar.com\/avatar\/?s=96&d=mm&r=g","caption":"Ere"}}]}},"featured_image_urls":{"full":"","thumbnail":"","medium":"","medium_large":"","large":"","1536x1536":"","2048x2048":""},"author_info":{"display_name":"Ere","author_link":"https:\/\/blogdoere.com.br\/?author=2"},"category_info":"<a href=\"https:\/\/blogdoere.com.br\/?cat=1\" rel=\"category\">Destaques<\/a>","tag_info":"Destaques","comment_count":"0","_links":{"self":[{"href":"https:\/\/blogdoere.com.br\/index.php?rest_route=\/wp\/v2\/posts\/26335","targetHints":{"allow":["GET"]}}],"collection":[{"href":"https:\/\/blogdoere.com.br\/index.php?rest_route=\/wp\/v2\/posts"}],"about":[{"href":"https:\/\/blogdoere.com.br\/index.php?rest_route=\/wp\/v2\/types\/post"}],"author":[{"embeddable":true,"href":"https:\/\/blogdoere.com.br\/index.php?rest_route=\/wp\/v2\/users\/2"}],"replies":[{"embeddable":true,"href":"https:\/\/blogdoere.com.br\/index.php?rest_route=%2Fwp%2Fv2%2Fcomments&post=26335"}],"version-history":[{"count":0,"href":"https:\/\/blogdoere.com.br\/index.php?rest_route=\/wp\/v2\/posts\/26335\/revisions"}],"wp:attachment":[{"href":"https:\/\/blogdoere.com.br\/index.php?rest_route=%2Fwp%2Fv2%2Fmedia&parent=26335"}],"wp:term":[{"taxonomy":"category","embeddable":true,"href":"https:\/\/blogdoere.com.br\/index.php?rest_route=%2Fwp%2Fv2%2Fcategories&post=26335"},{"taxonomy":"post_tag","embeddable":true,"href":"https:\/\/blogdoere.com.br\/index.php?rest_route=%2Fwp%2Fv2%2Ftags&post=26335"}],"curies":[{"name":"wp","href":"https:\/\/api.w.org\/{rel}","templated":true}]}}