{"id":26338,"date":"2015-04-29T15:19:00","date_gmt":"2015-04-29T15:19:00","guid":{"rendered":"http:\/\/blogdoere.com.br\/?p=26338"},"modified":"2015-04-29T15:19:00","modified_gmt":"2015-04-29T15:19:00","slug":"itajuipe-tudo-pronto-para-a-11a-romaria-da-terra-e-das-aguas","status":"publish","type":"post","link":"https:\/\/blogdoere.com.br\/?p=26338","title":{"rendered":"ITAJU\u00cdPE: TUDO PRONTO PARA A 11\u00aa ROMARIA DA TERRA E DAS \u00c1GUAS."},"content":{"rendered":"<div style=\"text-align: justify; text-indent: 35.4pt;\"><\/div>\n<div style=\"text-align: justify; text-indent: 35.4pt;\"><span style=\"font-family: &quot;Arial&quot;,&quot;sans-serif&quot;; font-size: 12.0pt; line-height: 115%;\"><br \/><\/span><\/div>\n<div style=\"clear: both; text-align: center;\"><a href=\"http:\/\/1.bp.blogspot.com\/-I8i3sOX3EdM\/VUD1z_QaP0I\/AAAAAAAAFwA\/fIeKbNrZ_tE\/s1600\/TERRAO.jpg\" style=\"margin-left: 1em; margin-right: 1em;\"><img decoding=\"async\" border=\"0\" src=\"http:\/\/1.bp.blogspot.com\/-I8i3sOX3EdM\/VUD1z_QaP0I\/AAAAAAAAFwA\/fIeKbNrZ_tE\/s1600\/TERRAO.jpg\" \/><\/a><\/div>\n<div style=\"clear: both; text-align: center;\"><\/div>\n<div style=\"clear: both; text-align: center;\"><\/div>\n<div style=\"clear: both; text-align: center;\"><\/div>\n<div style=\"text-align: justify;\"><span style=\"font-family: &quot;Arial&quot;,&quot;sans-serif&quot;; font-size: 12.0pt; line-height: 115%;\">No cen\u00e1rio da maior crise h\u00eddrica que o Brasil j\u00e1 viveu, a 11\u00aa Romaria da Terra e das \u00c1guas que acontecer\u00e1 em Itaju\u00edpe-Ba, no pr\u00f3ximo dia 03 de maio chama \u00e0 discuss\u00e3o sobre a responsabilidade de todos no cuidado ao meio ambiente e \u00e1gua para a qualidade de vida, como a constru\u00e7\u00e3o de pol\u00edticas p\u00fablicas que atendam as necessidades de toda a popula\u00e7\u00e3o.<o:p><\/o:p><\/span><\/div>\n<div style=\"text-align: justify;\"><\/div>\n<div style=\"text-align: justify;\"><span style=\"font-family: &quot;Arial&quot;,&quot;sans-serif&quot;; font-size: 12.0pt; line-height: 115%;\">A 11\u00aa Romaria da Terra e das \u00c1guas \u00e9 uma realiza\u00e7\u00e3o da Diocese de Ilh\u00e9us, Articula\u00e7\u00e3o Diocesana CEB\u2019s e da Par\u00f3quia do Sagrado Cora\u00e7\u00e3o de Jesus. A Romaria tamb\u00e9m coincide com as comemora\u00e7\u00f5es do ano jubilar, dos 90 anos de cria\u00e7\u00e3o da Par\u00f3quia do Sagrado Cora\u00e7\u00e3o de Jesus em Itaju\u00edpe.<o:p><\/o:p><\/span><\/div>\n<div style=\"text-align: justify;\"><\/div>\n<div style=\"text-align: justify;\"><span style=\"font-family: &quot;Arial&quot;,&quot;sans-serif&quot;; font-size: 12.0pt; line-height: 115%;\">\u201cA Diocese de Ilh\u00e9us desde 1986 atrav\u00e9s das pastorais sociais vem chamando aten\u00e7\u00e3o para a preserva\u00e7\u00e3o ambiental na regi\u00e3o cacaueira, focando a discuss\u00e3o nas quest\u00f5es das \u00e1guas e das terras. A Romaria \u00e9 um modo educativo, reflexivo e celebrativo de chamar os homens e mulheres, jovens e crian\u00e7as para o exerc\u00edcio da cidadania que promova a vida das pessoas e do meio ambiente e isto \u00e9 um compromisso de toda a fam\u00edlia humana, afirma Pe. Edson Hagge.<o:p><\/o:p><\/span><\/div>\n<div style=\"text-align: justify;\"><\/div>\n<div style=\"text-align: justify;\"><span style=\"font-family: &quot;Arial&quot;,&quot;sans-serif&quot;; font-size: 12.0pt; line-height: 115%;\">Este ano o tema; \u201cE Deus viu que tudo era muito bom!\u201d E Voc\u00ea? (Cf. Gn1, 31), tratar\u00e1 a \u00e1gua como um direito humano, e n\u00e3o uma mercadoria. Falar\u00e1 tamb\u00e9m da necessidade de pol\u00edticas p\u00fablicas que promovam a vida e o direito dos mais pobres, assim como a responsabilidade com o meio ambiente e a qualidade de vida na cidade. Participar\u00e3o do evento par\u00f3quias das cidades vizinhas com grupos de minist\u00e9rio de m\u00fasica, dan\u00e7a, teatro e Show com Pe. Valmir Neves de Vit\u00f3ria da Conquista. Na programa\u00e7\u00e3o est\u00e1 previsto al\u00e9m das apresenta\u00e7\u00f5es art\u00edsticas a celebra\u00e7\u00e3o da Eucaristia que ter\u00e1 a presen\u00e7a de v\u00e1rios padres e ser\u00e1 presidida pelo Bispo diocesano D. Mauro. Na mesma celebra\u00e7\u00e3o ser\u00e3o distribu\u00eddas para cada cidade, mudas de Pau Brasil e \u00c1gua Benta.<o:p><\/o:p><\/span><\/div>\n<div style=\"text-align: justify;\"><\/div>\n<div style=\"text-align: justify;\"><span style=\"font-family: &quot;Arial&quot;,&quot;sans-serif&quot;; font-size: 12.0pt; line-height: 115%;\">O evento come\u00e7a a partir das 08:00h da manh\u00e3 com a recep\u00e7\u00e3o aos romeiros, na entrada da cidade. As 09:00h ora\u00e7\u00e3o inicial e caminhada, onde ser\u00e3o percorridas as ruas da cidade com paradas para discuss\u00e3o dos temas propostos; 11:30h apresenta\u00e7\u00f5es art\u00edsticas; 13:00h show com Pe. Valmir Neves; 14:00 celebra\u00e7\u00e3o Eucar\u00edstica e encerrando \u00e1s 16:00 com a ben\u00e7\u00e3o final.<o:p><\/o:p><\/span><\/div>\n<div style=\"text-align: justify;\"><\/div>\n<div style=\"text-align: justify;\"><span style=\"font-family: &quot;Arial&quot;,&quot;sans-serif&quot;; font-size: 12.0pt; line-height: 115%;\">&nbsp;<\/span><span style=\"font-family: Arial, sans-serif; font-size: 12pt; line-height: 115%;\">Fonte: Pascom- Pastoral de Comunica\u00e7\u00e3o da Par\u00f3quia do Sagrado Cora\u00e7\u00e3o de Jesus<\/span><\/div>\n","protected":false},"excerpt":{"rendered":"<p>No cen\u00e1rio da maior crise h\u00eddrica que o Brasil j\u00e1 viveu, a 11\u00aa Romaria da Terra e das \u00c1guas que acontecer\u00e1 em Itaju\u00edpe-Ba, no pr\u00f3ximo dia 03 de maio chama&#8230;<\/p>\n","protected":false},"author":2,"featured_media":0,"comment_status":"open","ping_status":"open","sticky":false,"template":"","format":"standard","meta":{"_editorskit_title_hidden":false,"_editorskit_reading_time":0,"_editorskit_is_block_options_detached":false,"_editorskit_block_options_position":"{}","om_disable_all_campaigns":false,"_mi_skip_tracking":false,"_kad_post_transparent":"","_kad_post_title":"","_kad_post_layout":"","_kad_post_sidebar_id":"","_kad_post_content_style":"","_kad_post_vertical_padding":"","_kad_post_feature":"","_kad_post_feature_position":"","_kad_post_header":false,"_kad_post_footer":false,"footnotes":""},"categories":[1],"tags":[],"class_list":["post-26338","post","type-post","status-publish","format-standard","hentry","category-destaques"],"yoast_head":"<!-- This site is optimized with the Yoast SEO plugin v20.5 - https:\/\/yoast.com\/wordpress\/plugins\/seo\/ -->\n<title>ITAJU\u00cdPE: TUDO PRONTO PARA A 11\u00aa ROMARIA DA TERRA E DAS \u00c1GUAS. - blog do er\u00ea<\/title>\n<meta name=\"robots\" content=\"index, follow, max-snippet:-1, max-image-preview:large, max-video-preview:-1\" \/>\n<link rel=\"canonical\" href=\"https:\/\/blogdoere.com.br\/?p=26338\" \/>\n<meta property=\"og:locale\" content=\"pt_PT\" \/>\n<meta property=\"og:type\" content=\"article\" \/>\n<meta property=\"og:title\" content=\"ITAJU\u00cdPE: TUDO PRONTO PARA A 11\u00aa ROMARIA DA TERRA E DAS \u00c1GUAS. - blog do er\u00ea\" \/>\n<meta property=\"og:description\" content=\"No cen\u00e1rio da maior crise h\u00eddrica que o Brasil j\u00e1 viveu, a 11\u00aa Romaria da Terra e das \u00c1guas que acontecer\u00e1 em Itaju\u00edpe-Ba, no pr\u00f3ximo dia 03 de maio chama...\" \/>\n<meta property=\"og:url\" content=\"https:\/\/blogdoere.com.br\/?p=26338\" \/>\n<meta property=\"og:site_name\" content=\"blog do er\u00ea\" \/>\n<meta property=\"article:published_time\" content=\"2015-04-29T15:19:00+00:00\" \/>\n<meta property=\"og:image\" content=\"http:\/\/1.bp.blogspot.com\/-I8i3sOX3EdM\/VUD1z_QaP0I\/AAAAAAAAFwA\/fIeKbNrZ_tE\/s1600\/TERRAO.jpg\" \/>\n<meta name=\"author\" content=\"Ere\" \/>\n<meta name=\"twitter:card\" content=\"summary_large_image\" \/>\n<meta name=\"twitter:label1\" content=\"Escrito por\" \/>\n\t<meta name=\"twitter:data1\" content=\"Ere\" \/>\n\t<meta name=\"twitter:label2\" content=\"Tempo estimado de leitura\" \/>\n\t<meta name=\"twitter:data2\" content=\"2 minutos\" \/>\n<script type=\"application\/ld+json\" class=\"yoast-schema-graph\">{\"@context\":\"https:\/\/schema.org\",\"@graph\":[{\"@type\":\"Article\",\"@id\":\"https:\/\/blogdoere.com.br\/?p=26338#article\",\"isPartOf\":{\"@id\":\"https:\/\/blogdoere.com.br\/?p=26338\"},\"author\":{\"name\":\"Ere\",\"@id\":\"https:\/\/blogdoere.com.br\/#\/schema\/person\/4b56ed2336cb28ae3415ce8ffe56742e\"},\"headline\":\"ITAJU\u00cdPE: TUDO PRONTO PARA A 11\u00aa ROMARIA DA TERRA E DAS \u00c1GUAS.\",\"datePublished\":\"2015-04-29T15:19:00+00:00\",\"dateModified\":\"2015-04-29T15:19:00+00:00\",\"mainEntityOfPage\":{\"@id\":\"https:\/\/blogdoere.com.br\/?p=26338\"},\"wordCount\":452,\"commentCount\":0,\"publisher\":{\"@id\":\"https:\/\/blogdoere.com.br\/#organization\"},\"articleSection\":[\"Destaques\"],\"inLanguage\":\"pt-PT\",\"potentialAction\":[{\"@type\":\"CommentAction\",\"name\":\"Comment\",\"target\":[\"https:\/\/blogdoere.com.br\/?p=26338#respond\"]}]},{\"@type\":\"WebPage\",\"@id\":\"https:\/\/blogdoere.com.br\/?p=26338\",\"url\":\"https:\/\/blogdoere.com.br\/?p=26338\",\"name\":\"ITAJU\u00cdPE: TUDO PRONTO PARA A 11\u00aa ROMARIA DA TERRA E DAS \u00c1GUAS. - blog do er\u00ea\",\"isPartOf\":{\"@id\":\"https:\/\/blogdoere.com.br\/#website\"},\"datePublished\":\"2015-04-29T15:19:00+00:00\",\"dateModified\":\"2015-04-29T15:19:00+00:00\",\"breadcrumb\":{\"@id\":\"https:\/\/blogdoere.com.br\/?p=26338#breadcrumb\"},\"inLanguage\":\"pt-PT\",\"potentialAction\":[{\"@type\":\"ReadAction\",\"target\":[\"https:\/\/blogdoere.com.br\/?p=26338\"]}]},{\"@type\":\"BreadcrumbList\",\"@id\":\"https:\/\/blogdoere.com.br\/?p=26338#breadcrumb\",\"itemListElement\":[{\"@type\":\"ListItem\",\"position\":1,\"name\":\"In\u00edcio\",\"item\":\"https:\/\/blogdoere.com.br\/\"},{\"@type\":\"ListItem\",\"position\":2,\"name\":\"ITAJU\u00cdPE: TUDO PRONTO PARA A 11\u00aa ROMARIA DA TERRA E DAS \u00c1GUAS.\"}]},{\"@type\":\"WebSite\",\"@id\":\"https:\/\/blogdoere.com.br\/#website\",\"url\":\"https:\/\/blogdoere.com.br\/\",\"name\":\"blog do er\u00ea\",\"description\":\"\",\"publisher\":{\"@id\":\"https:\/\/blogdoere.com.br\/#organization\"},\"potentialAction\":[{\"@type\":\"SearchAction\",\"target\":{\"@type\":\"EntryPoint\",\"urlTemplate\":\"https:\/\/blogdoere.com.br\/?s={search_term_string}\"},\"query-input\":\"required name=search_term_string\"}],\"inLanguage\":\"pt-PT\"},{\"@type\":\"Organization\",\"@id\":\"https:\/\/blogdoere.com.br\/#organization\",\"name\":\"Blog do Er\u00ea\",\"url\":\"https:\/\/blogdoere.com.br\/\",\"logo\":{\"@type\":\"ImageObject\",\"inLanguage\":\"pt-PT\",\"@id\":\"https:\/\/blogdoere.com.br\/#\/schema\/logo\/image\/\",\"url\":\"https:\/\/blogdoere.com.br\/wp-content\/uploads\/2021\/11\/Logo-Ere-1.png\",\"contentUrl\":\"https:\/\/blogdoere.com.br\/wp-content\/uploads\/2021\/11\/Logo-Ere-1.png\",\"width\":1261,\"height\":1330,\"caption\":\"Blog do Er\u00ea\"},\"image\":{\"@id\":\"https:\/\/blogdoere.com.br\/#\/schema\/logo\/image\/\"}},{\"@type\":\"Person\",\"@id\":\"https:\/\/blogdoere.com.br\/#\/schema\/person\/4b56ed2336cb28ae3415ce8ffe56742e\",\"name\":\"Ere\",\"image\":{\"@type\":\"ImageObject\",\"inLanguage\":\"pt-PT\",\"@id\":\"https:\/\/blogdoere.com.br\/#\/schema\/person\/image\/\",\"url\":\"https:\/\/secure.gravatar.com\/avatar\/?s=96&d=mm&r=g\",\"contentUrl\":\"https:\/\/secure.gravatar.com\/avatar\/?s=96&d=mm&r=g\",\"caption\":\"Ere\"}}]}<\/script>\n<!-- \/ Yoast SEO plugin. -->","yoast_head_json":{"title":"ITAJU\u00cdPE: TUDO PRONTO PARA A 11\u00aa ROMARIA DA TERRA E DAS \u00c1GUAS. - blog do er\u00ea","robots":{"index":"index","follow":"follow","max-snippet":"max-snippet:-1","max-image-preview":"max-image-preview:large","max-video-preview":"max-video-preview:-1"},"canonical":"https:\/\/blogdoere.com.br\/?p=26338","og_locale":"pt_PT","og_type":"article","og_title":"ITAJU\u00cdPE: TUDO PRONTO PARA A 11\u00aa ROMARIA DA TERRA E DAS \u00c1GUAS. - blog do er\u00ea","og_description":"No cen\u00e1rio da maior crise h\u00eddrica que o Brasil j\u00e1 viveu, a 11\u00aa Romaria da Terra e das \u00c1guas que acontecer\u00e1 em Itaju\u00edpe-Ba, no pr\u00f3ximo dia 03 de maio chama...","og_url":"https:\/\/blogdoere.com.br\/?p=26338","og_site_name":"blog do er\u00ea","article_published_time":"2015-04-29T15:19:00+00:00","og_image":[{"url":"http:\/\/1.bp.blogspot.com\/-I8i3sOX3EdM\/VUD1z_QaP0I\/AAAAAAAAFwA\/fIeKbNrZ_tE\/s1600\/TERRAO.jpg"}],"author":"Ere","twitter_card":"summary_large_image","twitter_misc":{"Escrito por":"Ere","Tempo estimado de leitura":"2 minutos"},"schema":{"@context":"https:\/\/schema.org","@graph":[{"@type":"Article","@id":"https:\/\/blogdoere.com.br\/?p=26338#article","isPartOf":{"@id":"https:\/\/blogdoere.com.br\/?p=26338"},"author":{"name":"Ere","@id":"https:\/\/blogdoere.com.br\/#\/schema\/person\/4b56ed2336cb28ae3415ce8ffe56742e"},"headline":"ITAJU\u00cdPE: TUDO PRONTO PARA A 11\u00aa ROMARIA DA TERRA E DAS \u00c1GUAS.","datePublished":"2015-04-29T15:19:00+00:00","dateModified":"2015-04-29T15:19:00+00:00","mainEntityOfPage":{"@id":"https:\/\/blogdoere.com.br\/?p=26338"},"wordCount":452,"commentCount":0,"publisher":{"@id":"https:\/\/blogdoere.com.br\/#organization"},"articleSection":["Destaques"],"inLanguage":"pt-PT","potentialAction":[{"@type":"CommentAction","name":"Comment","target":["https:\/\/blogdoere.com.br\/?p=26338#respond"]}]},{"@type":"WebPage","@id":"https:\/\/blogdoere.com.br\/?p=26338","url":"https:\/\/blogdoere.com.br\/?p=26338","name":"ITAJU\u00cdPE: TUDO PRONTO PARA A 11\u00aa ROMARIA DA TERRA E DAS \u00c1GUAS. - blog do er\u00ea","isPartOf":{"@id":"https:\/\/blogdoere.com.br\/#website"},"datePublished":"2015-04-29T15:19:00+00:00","dateModified":"2015-04-29T15:19:00+00:00","breadcrumb":{"@id":"https:\/\/blogdoere.com.br\/?p=26338#breadcrumb"},"inLanguage":"pt-PT","potentialAction":[{"@type":"ReadAction","target":["https:\/\/blogdoere.com.br\/?p=26338"]}]},{"@type":"BreadcrumbList","@id":"https:\/\/blogdoere.com.br\/?p=26338#breadcrumb","itemListElement":[{"@type":"ListItem","position":1,"name":"In\u00edcio","item":"https:\/\/blogdoere.com.br\/"},{"@type":"ListItem","position":2,"name":"ITAJU\u00cdPE: TUDO PRONTO PARA A 11\u00aa ROMARIA DA TERRA E DAS \u00c1GUAS."}]},{"@type":"WebSite","@id":"https:\/\/blogdoere.com.br\/#website","url":"https:\/\/blogdoere.com.br\/","name":"blog do er\u00ea","description":"","publisher":{"@id":"https:\/\/blogdoere.com.br\/#organization"},"potentialAction":[{"@type":"SearchAction","target":{"@type":"EntryPoint","urlTemplate":"https:\/\/blogdoere.com.br\/?s={search_term_string}"},"query-input":"required name=search_term_string"}],"inLanguage":"pt-PT"},{"@type":"Organization","@id":"https:\/\/blogdoere.com.br\/#organization","name":"Blog do Er\u00ea","url":"https:\/\/blogdoere.com.br\/","logo":{"@type":"ImageObject","inLanguage":"pt-PT","@id":"https:\/\/blogdoere.com.br\/#\/schema\/logo\/image\/","url":"https:\/\/blogdoere.com.br\/wp-content\/uploads\/2021\/11\/Logo-Ere-1.png","contentUrl":"https:\/\/blogdoere.com.br\/wp-content\/uploads\/2021\/11\/Logo-Ere-1.png","width":1261,"height":1330,"caption":"Blog do Er\u00ea"},"image":{"@id":"https:\/\/blogdoere.com.br\/#\/schema\/logo\/image\/"}},{"@type":"Person","@id":"https:\/\/blogdoere.com.br\/#\/schema\/person\/4b56ed2336cb28ae3415ce8ffe56742e","name":"Ere","image":{"@type":"ImageObject","inLanguage":"pt-PT","@id":"https:\/\/blogdoere.com.br\/#\/schema\/person\/image\/","url":"https:\/\/secure.gravatar.com\/avatar\/?s=96&d=mm&r=g","contentUrl":"https:\/\/secure.gravatar.com\/avatar\/?s=96&d=mm&r=g","caption":"Ere"}}]}},"featured_image_urls":{"full":"","thumbnail":"","medium":"","medium_large":"","large":"","1536x1536":"","2048x2048":""},"author_info":{"display_name":"Ere","author_link":"https:\/\/blogdoere.com.br\/?author=2"},"category_info":"<a href=\"https:\/\/blogdoere.com.br\/?cat=1\" rel=\"category\">Destaques<\/a>","tag_info":"Destaques","comment_count":"0","_links":{"self":[{"href":"https:\/\/blogdoere.com.br\/index.php?rest_route=\/wp\/v2\/posts\/26338","targetHints":{"allow":["GET"]}}],"collection":[{"href":"https:\/\/blogdoere.com.br\/index.php?rest_route=\/wp\/v2\/posts"}],"about":[{"href":"https:\/\/blogdoere.com.br\/index.php?rest_route=\/wp\/v2\/types\/post"}],"author":[{"embeddable":true,"href":"https:\/\/blogdoere.com.br\/index.php?rest_route=\/wp\/v2\/users\/2"}],"replies":[{"embeddable":true,"href":"https:\/\/blogdoere.com.br\/index.php?rest_route=%2Fwp%2Fv2%2Fcomments&post=26338"}],"version-history":[{"count":0,"href":"https:\/\/blogdoere.com.br\/index.php?rest_route=\/wp\/v2\/posts\/26338\/revisions"}],"wp:attachment":[{"href":"https:\/\/blogdoere.com.br\/index.php?rest_route=%2Fwp%2Fv2%2Fmedia&parent=26338"}],"wp:term":[{"taxonomy":"category","embeddable":true,"href":"https:\/\/blogdoere.com.br\/index.php?rest_route=%2Fwp%2Fv2%2Fcategories&post=26338"},{"taxonomy":"post_tag","embeddable":true,"href":"https:\/\/blogdoere.com.br\/index.php?rest_route=%2Fwp%2Fv2%2Ftags&post=26338"}],"curies":[{"name":"wp","href":"https:\/\/api.w.org\/{rel}","templated":true}]}}