{"id":26340,"date":"2015-04-22T15:32:00","date_gmt":"2015-04-22T15:32:00","guid":{"rendered":"http:\/\/blogdoere.com.br\/?p=26340"},"modified":"2015-04-22T15:32:00","modified_gmt":"2015-04-22T15:32:00","slug":"deputado-manasses-e-premiado-por-trabalho-em-recuperar-drogados","status":"publish","type":"post","link":"https:\/\/blogdoere.com.br\/?p=26340","title":{"rendered":"DEPUTADO MANASS\u00c9S \u00c9 PREMIADO POR TRABALHO EM RECUPERAR DROGADOS"},"content":{"rendered":"<div style=\"background-color: white; font-family: 'PT Sans', sans-serif; text-align: justify;\"><\/div>\n<div style=\"background-color: white; font-family: 'PT Sans', sans-serif; text-align: justify;\"><\/div>\n<div style=\"background-color: white; font-family: 'PT Sans', sans-serif; text-align: center;\"><img decoding=\"async\" src=\"http:\/\/www.bahiaja.com.br\/include\/foto.php?file=2015-04-17_n-81148_142322.jpg\" \/><\/div>\n<div style=\"background-color: white; font-family: 'PT Sans', sans-serif; text-align: justify;\"><\/div>\n<div style=\"background-color: white; font-family: 'PT Sans', sans-serif; text-align: justify;\"><\/div>\n<div style=\"background-color: white; font-family: 'PT Sans', sans-serif; text-align: justify;\">O trabalho social realizado pelo deputado Marcos Ant\u00f4nio Novais, conhecido como Manass\u00e9s (PSB), obteve reconhecimento fora das fronteiras da Bahia, que ele comemorou com uma mo\u00e7\u00e3o de agradecimentos \u00e0 C\u00e2mara Municipal de Curitiba, onde foi homenageado com um Certificado de Honra ao M\u00e9rito Pessoal. A distin\u00e7\u00e3o se deve ao seu empenho na recupera\u00e7\u00e3o de viciados em drogas que realiza de forma sistem\u00e1tica h\u00e1 quase duas d\u00e9cadas.<\/div>\n<div style=\"background-color: white; font-family: 'PT Sans', sans-serif; text-align: justify;\"><\/div>\n<div style=\"background-color: white; font-family: 'PT Sans', sans-serif; text-align: justify;\">O deputado do Partido Socialista Brasileiro cumpre o seu primeiro mandato no Legislativo Estadual e \u00e9 respons\u00e1vel, junto com as equipes multidisciplinares que atendem aos usu\u00e1rios, pelo tratamento de mais de 15 mil pessoas. A solenidade de entrega do diploma de Honra ao M\u00e9rito Pessoal e placa alusiva ocorreu na \u00faltima quarta-feira, no plen\u00e1rio da C\u00e2mara Municipal de Curitiba.&nbsp;<\/div>\n<div style=\"background-color: white; font-family: 'PT Sans', sans-serif; text-align: justify;\"><\/div>\n<div style=\"background-color: white; font-family: 'PT Sans', sans-serif; text-align: justify;\">RESPONSABILIDADE<\/div>\n<div style=\"background-color: white; font-family: 'PT Sans', sans-serif; text-align: justify;\"><\/div>\n<div style=\"background-color: white; font-family: 'PT Sans', sans-serif; text-align: justify;\">A homenagem representa o agradecimento dos curitibanos pelos relevantes servi\u00e7os que ele prestou ao munic\u00edpio, atrav\u00e9s da Institui\u00e7\u00e3o Manass\u00e9s, que atua ali desde 2000. Fundada h\u00e1 18 anos esse organismo \u00e9 respons\u00e1vel pela reabilita\u00e7\u00e3o de mais de 15 mil pessoas, conta com 30 unidades, e est\u00e1 distribu\u00edda em quase todo o pa\u00eds. Na capital do Paran\u00e1 atualmente s\u00e3o atendidos cerca de 200 internos, dependentes qu\u00edmicos.&nbsp;<\/div>\n<div style=\"background-color: white; font-family: 'PT Sans', sans-serif; text-align: justify;\"><\/div>\n<div style=\"background-color: white; font-family: 'PT Sans', sans-serif; text-align: justify;\"><\/div>\n<div style=\"background-color: white; font-family: 'PT Sans', sans-serif; text-align: justify;\">O deputado Manass\u00e9s ficou honrado e surpreso com a manifesta\u00e7\u00e3o un\u00e2nime dos vereadores curitibanos. Disse que a importante distin\u00e7\u00e3o aumenta sua responsabilidade, al\u00e9m de servir de est\u00edmulo para prosseguir com vigora a luta por pol\u00edticas p\u00fablicas voltadas para a preven\u00e7\u00e3o e tratamento dos usu\u00e1rios de drogas. \u201cEsse trabalho executado pela Institui\u00e7\u00e3o Manass\u00e9s resgata vidas e a dignidade de p\u00fablico colossal\u201d.<\/div>\n<div style=\"background-color: white; font-family: 'PT Sans', sans-serif; text-align: justify;\"><\/div>\n<div style=\"background-color: white; font-family: 'PT Sans', sans-serif; text-align: justify;\">Para ele trata-se de uma praga social que infelicita um p\u00fablico diversifica, mas com incid\u00eancia maior entre os jovens, de grande dimens\u00e3o social porque n\u00e3o afeta apenas o usu\u00e1rio infelicitando fam\u00edlias inteiras: m\u00e3es, pais, c\u00f4njuges, irm\u00e3os, primos, amigos numa espiral imensa. Manass\u00e9s entende que o problema com as drogas \u00e9 uma realidade que precisa ser enfrentada com mais rigor pelo poder p\u00fablico, pela comunidade, escolas \u2013 em suam por todos os brasileiros.<\/div>\n<div style=\"background-color: white; font-family: 'PT Sans', sans-serif; text-align: justify;\"><\/div>\n<div style=\"background-color: white; font-family: 'PT Sans', sans-serif; text-align: justify;\">Acredita que a solu\u00e7\u00e3o para diminuir as estat\u00edsticas atuais e a nossa realidade passa por essa uni\u00e3o de for\u00e7as e pela amplia\u00e7\u00e3o do investimento p\u00fablico em a\u00e7\u00f5es de preven\u00e7\u00e3o e repress\u00e3o, pela ado\u00e7\u00e3o de medidas socioeducativas nas escolas das redes p\u00fablica e (tamb\u00e9m) privada, em conjunto com outras atividades pedag\u00f3gicas e pelo incentivo da pr\u00e1tica do esporte \u2013 uma ferramenta essencial para prender a aten\u00e7\u00e3o dos jovens.&nbsp;<\/div>\n<div style=\"background-color: white;\">\n<div style=\"text-align: justify;\"><span style=\"font-family: 'PT Sans', sans-serif;\"><br \/><\/span><\/div>\n<div style=\"text-align: justify;\"><\/div>\n<\/div>\n<div style=\"background-color: white; font-family: 'PT Sans', sans-serif; text-align: justify;\">A experi\u00eancia de uma luta de duas d\u00e9cadas o autoriza a afirmar que \u00e9 poss\u00edvel vencer a guerra com o empenho de todos, saendo muito importante, n\u00e3o por vaidade pessoal, mas para funcionar como est\u00edmulo a todos os envolvidos com o instituto que leva seu nome, sejam apoiadores, funcion\u00e1rios, internos ou colaboradores com quem ele \u201cdivide a distin\u00e7\u00e3o\u201d. E lembrou que a honraria ganha \u201cpeso\u201d ainda maior, por ser conferida pelos representantes da popula\u00e7\u00e3o de Curitiba, uma cidade modelo em gest\u00e3o e boas pr\u00e1ticas. \u201c\u00c9 realmente muito gratificante&#8221;, concluiu.&nbsp;<\/div>\n<div style=\"background-color: white; font-family: 'PT Sans', sans-serif; text-align: justify;\"><\/div>\n<div style=\"background-color: white; font-family: 'PT Sans', sans-serif; text-align: justify;\"><\/div>\n<div style=\"background-color: white; font-family: 'PT Sans', sans-serif; text-align: justify;\">A iniciativa dessa homenagem foi do vereador Cristiano Santos(PV), que ressaltou a import\u00e2ncia do trabalho realizado pela Institui\u00e7\u00e3o Manass\u00e9s, \u201cdigna de aplauso e do reconhecimento p\u00fablicos\u201d, por desenvolver um leque de a\u00e7\u00f5es que salvam vidas jovens. Ele conhece outros centros de reabilita\u00e7\u00e3o, mas ressalvando que n\u00e3o pretende desmerecer nenhum deles, considera como \u201cdiferencial a import\u00e2ncia da religiosidade e do poder da palavra de Deus\u201d, que se soma a um trabalho de preven\u00e7\u00e3o que utiliza o esporte como arma para apoiar aqueles que lutam para abandonar o v\u00edcio.<\/div>\n","protected":false},"excerpt":{"rendered":"<p>O trabalho social realizado pelo deputado Marcos Ant\u00f4nio Novais, conhecido como Manass\u00e9s (PSB), obteve reconhecimento fora das fronteiras da Bahia, que ele comemorou com uma mo\u00e7\u00e3o de agradecimentos \u00e0 C\u00e2mara&#8230;<\/p>\n","protected":false},"author":2,"featured_media":0,"comment_status":"open","ping_status":"open","sticky":false,"template":"","format":"standard","meta":{"_editorskit_title_hidden":false,"_editorskit_reading_time":0,"_editorskit_is_block_options_detached":false,"_editorskit_block_options_position":"{}","om_disable_all_campaigns":false,"_mi_skip_tracking":false,"_kad_post_transparent":"","_kad_post_title":"","_kad_post_layout":"","_kad_post_sidebar_id":"","_kad_post_content_style":"","_kad_post_vertical_padding":"","_kad_post_feature":"","_kad_post_feature_position":"","_kad_post_header":false,"_kad_post_footer":false,"footnotes":""},"categories":[1],"tags":[],"class_list":["post-26340","post","type-post","status-publish","format-standard","hentry","category-destaques"],"yoast_head":"<!-- This site is optimized with the Yoast SEO plugin v20.5 - https:\/\/yoast.com\/wordpress\/plugins\/seo\/ -->\n<title>DEPUTADO MANASS\u00c9S \u00c9 PREMIADO POR TRABALHO EM RECUPERAR DROGADOS - blog do er\u00ea<\/title>\n<meta name=\"robots\" content=\"index, follow, max-snippet:-1, max-image-preview:large, max-video-preview:-1\" \/>\n<link rel=\"canonical\" href=\"https:\/\/blogdoere.com.br\/?p=26340\" \/>\n<meta property=\"og:locale\" content=\"pt_PT\" \/>\n<meta property=\"og:type\" content=\"article\" \/>\n<meta property=\"og:title\" content=\"DEPUTADO MANASS\u00c9S \u00c9 PREMIADO POR TRABALHO EM RECUPERAR DROGADOS - blog do er\u00ea\" \/>\n<meta property=\"og:description\" content=\"O trabalho social realizado pelo deputado Marcos Ant\u00f4nio Novais, conhecido como Manass\u00e9s (PSB), obteve reconhecimento fora das fronteiras da Bahia, que ele comemorou com uma mo\u00e7\u00e3o de agradecimentos \u00e0 C\u00e2mara...\" \/>\n<meta property=\"og:url\" content=\"https:\/\/blogdoere.com.br\/?p=26340\" \/>\n<meta property=\"og:site_name\" content=\"blog do er\u00ea\" \/>\n<meta property=\"article:published_time\" content=\"2015-04-22T15:32:00+00:00\" \/>\n<meta property=\"og:image\" content=\"http:\/\/www.bahiaja.com.br\/include\/foto.php?file=2015-04-17_n-81148_142322.jpg\" \/>\n<meta name=\"author\" content=\"Ere\" \/>\n<meta name=\"twitter:card\" content=\"summary_large_image\" \/>\n<meta name=\"twitter:label1\" content=\"Escrito por\" \/>\n\t<meta name=\"twitter:data1\" content=\"Ere\" \/>\n\t<meta name=\"twitter:label2\" content=\"Tempo estimado de leitura\" \/>\n\t<meta name=\"twitter:data2\" content=\"3 minutos\" \/>\n<script type=\"application\/ld+json\" class=\"yoast-schema-graph\">{\"@context\":\"https:\/\/schema.org\",\"@graph\":[{\"@type\":\"Article\",\"@id\":\"https:\/\/blogdoere.com.br\/?p=26340#article\",\"isPartOf\":{\"@id\":\"https:\/\/blogdoere.com.br\/?p=26340\"},\"author\":{\"name\":\"Ere\",\"@id\":\"https:\/\/blogdoere.com.br\/#\/schema\/person\/4b56ed2336cb28ae3415ce8ffe56742e\"},\"headline\":\"DEPUTADO MANASS\u00c9S \u00c9 PREMIADO POR TRABALHO EM RECUPERAR DROGADOS\",\"datePublished\":\"2015-04-22T15:32:00+00:00\",\"dateModified\":\"2015-04-22T15:32:00+00:00\",\"mainEntityOfPage\":{\"@id\":\"https:\/\/blogdoere.com.br\/?p=26340\"},\"wordCount\":650,\"commentCount\":0,\"publisher\":{\"@id\":\"https:\/\/blogdoere.com.br\/#organization\"},\"articleSection\":[\"Destaques\"],\"inLanguage\":\"pt-PT\",\"potentialAction\":[{\"@type\":\"CommentAction\",\"name\":\"Comment\",\"target\":[\"https:\/\/blogdoere.com.br\/?p=26340#respond\"]}]},{\"@type\":\"WebPage\",\"@id\":\"https:\/\/blogdoere.com.br\/?p=26340\",\"url\":\"https:\/\/blogdoere.com.br\/?p=26340\",\"name\":\"DEPUTADO MANASS\u00c9S \u00c9 PREMIADO POR TRABALHO EM RECUPERAR DROGADOS - blog do er\u00ea\",\"isPartOf\":{\"@id\":\"https:\/\/blogdoere.com.br\/#website\"},\"datePublished\":\"2015-04-22T15:32:00+00:00\",\"dateModified\":\"2015-04-22T15:32:00+00:00\",\"breadcrumb\":{\"@id\":\"https:\/\/blogdoere.com.br\/?p=26340#breadcrumb\"},\"inLanguage\":\"pt-PT\",\"potentialAction\":[{\"@type\":\"ReadAction\",\"target\":[\"https:\/\/blogdoere.com.br\/?p=26340\"]}]},{\"@type\":\"BreadcrumbList\",\"@id\":\"https:\/\/blogdoere.com.br\/?p=26340#breadcrumb\",\"itemListElement\":[{\"@type\":\"ListItem\",\"position\":1,\"name\":\"In\u00edcio\",\"item\":\"https:\/\/blogdoere.com.br\/\"},{\"@type\":\"ListItem\",\"position\":2,\"name\":\"DEPUTADO MANASS\u00c9S \u00c9 PREMIADO POR TRABALHO EM RECUPERAR DROGADOS\"}]},{\"@type\":\"WebSite\",\"@id\":\"https:\/\/blogdoere.com.br\/#website\",\"url\":\"https:\/\/blogdoere.com.br\/\",\"name\":\"blog do er\u00ea\",\"description\":\"\",\"publisher\":{\"@id\":\"https:\/\/blogdoere.com.br\/#organization\"},\"potentialAction\":[{\"@type\":\"SearchAction\",\"target\":{\"@type\":\"EntryPoint\",\"urlTemplate\":\"https:\/\/blogdoere.com.br\/?s={search_term_string}\"},\"query-input\":\"required name=search_term_string\"}],\"inLanguage\":\"pt-PT\"},{\"@type\":\"Organization\",\"@id\":\"https:\/\/blogdoere.com.br\/#organization\",\"name\":\"Blog do Er\u00ea\",\"url\":\"https:\/\/blogdoere.com.br\/\",\"logo\":{\"@type\":\"ImageObject\",\"inLanguage\":\"pt-PT\",\"@id\":\"https:\/\/blogdoere.com.br\/#\/schema\/logo\/image\/\",\"url\":\"https:\/\/blogdoere.com.br\/wp-content\/uploads\/2021\/11\/Logo-Ere-1.png\",\"contentUrl\":\"https:\/\/blogdoere.com.br\/wp-content\/uploads\/2021\/11\/Logo-Ere-1.png\",\"width\":1261,\"height\":1330,\"caption\":\"Blog do Er\u00ea\"},\"image\":{\"@id\":\"https:\/\/blogdoere.com.br\/#\/schema\/logo\/image\/\"}},{\"@type\":\"Person\",\"@id\":\"https:\/\/blogdoere.com.br\/#\/schema\/person\/4b56ed2336cb28ae3415ce8ffe56742e\",\"name\":\"Ere\",\"image\":{\"@type\":\"ImageObject\",\"inLanguage\":\"pt-PT\",\"@id\":\"https:\/\/blogdoere.com.br\/#\/schema\/person\/image\/\",\"url\":\"https:\/\/secure.gravatar.com\/avatar\/?s=96&d=mm&r=g\",\"contentUrl\":\"https:\/\/secure.gravatar.com\/avatar\/?s=96&d=mm&r=g\",\"caption\":\"Ere\"}}]}<\/script>\n<!-- \/ Yoast SEO plugin. -->","yoast_head_json":{"title":"DEPUTADO MANASS\u00c9S \u00c9 PREMIADO POR TRABALHO EM RECUPERAR DROGADOS - blog do er\u00ea","robots":{"index":"index","follow":"follow","max-snippet":"max-snippet:-1","max-image-preview":"max-image-preview:large","max-video-preview":"max-video-preview:-1"},"canonical":"https:\/\/blogdoere.com.br\/?p=26340","og_locale":"pt_PT","og_type":"article","og_title":"DEPUTADO MANASS\u00c9S \u00c9 PREMIADO POR TRABALHO EM RECUPERAR DROGADOS - blog do er\u00ea","og_description":"O trabalho social realizado pelo deputado Marcos Ant\u00f4nio Novais, conhecido como Manass\u00e9s (PSB), obteve reconhecimento fora das fronteiras da Bahia, que ele comemorou com uma mo\u00e7\u00e3o de agradecimentos \u00e0 C\u00e2mara...","og_url":"https:\/\/blogdoere.com.br\/?p=26340","og_site_name":"blog do er\u00ea","article_published_time":"2015-04-22T15:32:00+00:00","og_image":[{"url":"http:\/\/www.bahiaja.com.br\/include\/foto.php?file=2015-04-17_n-81148_142322.jpg"}],"author":"Ere","twitter_card":"summary_large_image","twitter_misc":{"Escrito por":"Ere","Tempo estimado de leitura":"3 minutos"},"schema":{"@context":"https:\/\/schema.org","@graph":[{"@type":"Article","@id":"https:\/\/blogdoere.com.br\/?p=26340#article","isPartOf":{"@id":"https:\/\/blogdoere.com.br\/?p=26340"},"author":{"name":"Ere","@id":"https:\/\/blogdoere.com.br\/#\/schema\/person\/4b56ed2336cb28ae3415ce8ffe56742e"},"headline":"DEPUTADO MANASS\u00c9S \u00c9 PREMIADO POR TRABALHO EM RECUPERAR DROGADOS","datePublished":"2015-04-22T15:32:00+00:00","dateModified":"2015-04-22T15:32:00+00:00","mainEntityOfPage":{"@id":"https:\/\/blogdoere.com.br\/?p=26340"},"wordCount":650,"commentCount":0,"publisher":{"@id":"https:\/\/blogdoere.com.br\/#organization"},"articleSection":["Destaques"],"inLanguage":"pt-PT","potentialAction":[{"@type":"CommentAction","name":"Comment","target":["https:\/\/blogdoere.com.br\/?p=26340#respond"]}]},{"@type":"WebPage","@id":"https:\/\/blogdoere.com.br\/?p=26340","url":"https:\/\/blogdoere.com.br\/?p=26340","name":"DEPUTADO MANASS\u00c9S \u00c9 PREMIADO POR TRABALHO EM RECUPERAR DROGADOS - blog do er\u00ea","isPartOf":{"@id":"https:\/\/blogdoere.com.br\/#website"},"datePublished":"2015-04-22T15:32:00+00:00","dateModified":"2015-04-22T15:32:00+00:00","breadcrumb":{"@id":"https:\/\/blogdoere.com.br\/?p=26340#breadcrumb"},"inLanguage":"pt-PT","potentialAction":[{"@type":"ReadAction","target":["https:\/\/blogdoere.com.br\/?p=26340"]}]},{"@type":"BreadcrumbList","@id":"https:\/\/blogdoere.com.br\/?p=26340#breadcrumb","itemListElement":[{"@type":"ListItem","position":1,"name":"In\u00edcio","item":"https:\/\/blogdoere.com.br\/"},{"@type":"ListItem","position":2,"name":"DEPUTADO MANASS\u00c9S \u00c9 PREMIADO POR TRABALHO EM RECUPERAR DROGADOS"}]},{"@type":"WebSite","@id":"https:\/\/blogdoere.com.br\/#website","url":"https:\/\/blogdoere.com.br\/","name":"blog do er\u00ea","description":"","publisher":{"@id":"https:\/\/blogdoere.com.br\/#organization"},"potentialAction":[{"@type":"SearchAction","target":{"@type":"EntryPoint","urlTemplate":"https:\/\/blogdoere.com.br\/?s={search_term_string}"},"query-input":"required name=search_term_string"}],"inLanguage":"pt-PT"},{"@type":"Organization","@id":"https:\/\/blogdoere.com.br\/#organization","name":"Blog do Er\u00ea","url":"https:\/\/blogdoere.com.br\/","logo":{"@type":"ImageObject","inLanguage":"pt-PT","@id":"https:\/\/blogdoere.com.br\/#\/schema\/logo\/image\/","url":"https:\/\/blogdoere.com.br\/wp-content\/uploads\/2021\/11\/Logo-Ere-1.png","contentUrl":"https:\/\/blogdoere.com.br\/wp-content\/uploads\/2021\/11\/Logo-Ere-1.png","width":1261,"height":1330,"caption":"Blog do Er\u00ea"},"image":{"@id":"https:\/\/blogdoere.com.br\/#\/schema\/logo\/image\/"}},{"@type":"Person","@id":"https:\/\/blogdoere.com.br\/#\/schema\/person\/4b56ed2336cb28ae3415ce8ffe56742e","name":"Ere","image":{"@type":"ImageObject","inLanguage":"pt-PT","@id":"https:\/\/blogdoere.com.br\/#\/schema\/person\/image\/","url":"https:\/\/secure.gravatar.com\/avatar\/?s=96&d=mm&r=g","contentUrl":"https:\/\/secure.gravatar.com\/avatar\/?s=96&d=mm&r=g","caption":"Ere"}}]}},"featured_image_urls":{"full":"","thumbnail":"","medium":"","medium_large":"","large":"","1536x1536":"","2048x2048":""},"author_info":{"display_name":"Ere","author_link":"https:\/\/blogdoere.com.br\/?author=2"},"category_info":"<a href=\"https:\/\/blogdoere.com.br\/?cat=1\" rel=\"category\">Destaques<\/a>","tag_info":"Destaques","comment_count":"0","_links":{"self":[{"href":"https:\/\/blogdoere.com.br\/index.php?rest_route=\/wp\/v2\/posts\/26340","targetHints":{"allow":["GET"]}}],"collection":[{"href":"https:\/\/blogdoere.com.br\/index.php?rest_route=\/wp\/v2\/posts"}],"about":[{"href":"https:\/\/blogdoere.com.br\/index.php?rest_route=\/wp\/v2\/types\/post"}],"author":[{"embeddable":true,"href":"https:\/\/blogdoere.com.br\/index.php?rest_route=\/wp\/v2\/users\/2"}],"replies":[{"embeddable":true,"href":"https:\/\/blogdoere.com.br\/index.php?rest_route=%2Fwp%2Fv2%2Fcomments&post=26340"}],"version-history":[{"count":0,"href":"https:\/\/blogdoere.com.br\/index.php?rest_route=\/wp\/v2\/posts\/26340\/revisions"}],"wp:attachment":[{"href":"https:\/\/blogdoere.com.br\/index.php?rest_route=%2Fwp%2Fv2%2Fmedia&parent=26340"}],"wp:term":[{"taxonomy":"category","embeddable":true,"href":"https:\/\/blogdoere.com.br\/index.php?rest_route=%2Fwp%2Fv2%2Fcategories&post=26340"},{"taxonomy":"post_tag","embeddable":true,"href":"https:\/\/blogdoere.com.br\/index.php?rest_route=%2Fwp%2Fv2%2Ftags&post=26340"}],"curies":[{"name":"wp","href":"https:\/\/api.w.org\/{rel}","templated":true}]}}