{"id":26342,"date":"2015-04-21T02:39:00","date_gmt":"2015-04-21T02:39:00","guid":{"rendered":"http:\/\/blogdoere.com.br\/?p=26342"},"modified":"2015-04-21T02:39:00","modified_gmt":"2015-04-21T02:39:00","slug":"titulos-de-eleitor-irregulares-serao-cancelados-a-partir-do-dia-4-de-maio","status":"publish","type":"post","link":"https:\/\/blogdoere.com.br\/?p=26342","title":{"rendered":"T\u00cdTULOS DE ELEITOR IRREGULARES SER\u00c3O CANCELADOS A PARTIR DO DIA 4 DE MAIO."},"content":{"rendered":"<div style=\"text-align: justify;\"><span style=\"background-color: white; color: #333333; font-family: Tahoma, Geneva, sans-serif; line-height: 17.142858505249023px;\"><br \/><\/span><\/div>\n<div style=\"text-align: justify;\"><span style=\"background-color: white; color: #333333; font-family: Tahoma, Geneva, sans-serif; line-height: 17.142858505249023px;\"><br \/><\/span><\/div>\n<div style=\"text-align: center;\"><img decoding=\"async\" alt=\"T\u00edtulos de eleitor irregulares ser\u00e3o cancelados a partir do dia 4 de maio\" src=\"http:\/\/www.bahianoticias.com.br\/fotos\/principal_noticias\/170981\/xIMAGEM_NOTICIA_5.jpg.pagespeed.ic.QKbFUqIb_v.jpg\" \/><\/div>\n<div style=\"text-align: justify;\"><span style=\"background-color: white; color: #333333; font-family: Tahoma, Geneva, sans-serif; line-height: 17.142858505249023px;\"><br \/><\/span><\/div>\n<div style=\"text-align: justify;\"><span style=\"background-color: white; color: #333333; font-family: Tahoma, Geneva, sans-serif; line-height: 17.142858505249023px;\"><br \/><\/span><\/div>\n<div style=\"text-align: justify;\"><span style=\"background-color: white; color: #333333; font-family: Tahoma, Geneva, sans-serif; line-height: 17.142858505249023px;\">Eleitores em situa\u00e7\u00e3o irregular na Justi\u00e7a Eleitoral ter\u00e3o o t\u00edtulo cancelado ap\u00f3s o dia 4 de maio, caso n\u00e3o compare\u00e7am ao cart\u00f3rio eleitoral. S\u00e3o considerados irregulares cidad\u00e3os que n\u00e3o votaram nas tr\u00eas \u00faltimas elei\u00e7\u00f5es, o que corresponde aos tr\u00eas \u00faltimos turno para a Justi\u00e7a Eleitoral. \u00c9 poss\u00edvel verificar a situa\u00e7\u00e3o do t\u00edtulo por meio do<\/span><a href=\"http:\/\/www.tse.jus.br\/eleitor\/servicos\/situacao-eleitoral\" style=\"background-color: white; box-sizing: border-box; color: #333333; font-family: Tahoma, Geneva, sans-serif; line-height: 17.142858505249023px; text-decoration: none;\" target=\"_blank\" rel=\"noopener\"><span style=\"box-sizing: border-box; color: green;\"><strong style=\"box-sizing: border-box;\">&nbsp;site do Tribunal Superior Eleitoral<\/strong><\/span><\/a><span style=\"background-color: white; color: #333333; font-family: Tahoma, Geneva, sans-serif; line-height: 17.142858505249023px;\">. Em caso de irregularidade, \u00e9 necess\u00e1rio comparecer a um cart\u00f3rio com documento oficial com foto. Al\u00e9m do impedimento de votar, cidad\u00e3os irregulares n\u00e3o podem obter passaporte, ser empossado em cargo p\u00fablico ou renovar matr\u00edcula em estabelecimento de ensino oficial ou fiscalizado pelo governo, al\u00e9m da dificuldade para obter empr\u00e9stimos em bancos oficiais e participar de concorr\u00eancia p\u00fablica ou administrativa. Informa\u00e7\u00f5es BN.<\/span><\/div>\n","protected":false},"excerpt":{"rendered":"<p>Eleitores em situa\u00e7\u00e3o irregular na Justi\u00e7a Eleitoral ter\u00e3o o t\u00edtulo cancelado ap\u00f3s o dia 4 de maio, caso n\u00e3o compare\u00e7am ao cart\u00f3rio eleitoral. S\u00e3o considerados irregulares cidad\u00e3os que n\u00e3o votaram&#8230;<\/p>\n","protected":false},"author":2,"featured_media":0,"comment_status":"open","ping_status":"open","sticky":false,"template":"","format":"standard","meta":{"_editorskit_title_hidden":false,"_editorskit_reading_time":0,"_editorskit_is_block_options_detached":false,"_editorskit_block_options_position":"{}","om_disable_all_campaigns":false,"_mi_skip_tracking":false,"_kad_post_transparent":"","_kad_post_title":"","_kad_post_layout":"","_kad_post_sidebar_id":"","_kad_post_content_style":"","_kad_post_vertical_padding":"","_kad_post_feature":"","_kad_post_feature_position":"","_kad_post_header":false,"_kad_post_footer":false,"footnotes":""},"categories":[1],"tags":[],"class_list":["post-26342","post","type-post","status-publish","format-standard","hentry","category-destaques"],"yoast_head":"<!-- This site is optimized with the Yoast SEO plugin v20.5 - https:\/\/yoast.com\/wordpress\/plugins\/seo\/ -->\n<title>T\u00cdTULOS DE ELEITOR IRREGULARES SER\u00c3O CANCELADOS A PARTIR DO DIA 4 DE MAIO. - blog do er\u00ea<\/title>\n<meta name=\"robots\" content=\"index, follow, max-snippet:-1, max-image-preview:large, max-video-preview:-1\" \/>\n<link rel=\"canonical\" href=\"https:\/\/blogdoere.com.br\/?p=26342\" \/>\n<meta property=\"og:locale\" content=\"pt_PT\" \/>\n<meta property=\"og:type\" content=\"article\" \/>\n<meta property=\"og:title\" content=\"T\u00cdTULOS DE ELEITOR IRREGULARES SER\u00c3O CANCELADOS A PARTIR DO DIA 4 DE MAIO. - blog do er\u00ea\" \/>\n<meta property=\"og:description\" content=\"Eleitores em situa\u00e7\u00e3o irregular na Justi\u00e7a Eleitoral ter\u00e3o o t\u00edtulo cancelado ap\u00f3s o dia 4 de maio, caso n\u00e3o compare\u00e7am ao cart\u00f3rio eleitoral. S\u00e3o considerados irregulares cidad\u00e3os que n\u00e3o votaram...\" \/>\n<meta property=\"og:url\" content=\"https:\/\/blogdoere.com.br\/?p=26342\" \/>\n<meta property=\"og:site_name\" content=\"blog do er\u00ea\" \/>\n<meta property=\"article:published_time\" content=\"2015-04-21T02:39:00+00:00\" \/>\n<meta property=\"og:image\" content=\"http:\/\/www.bahianoticias.com.br\/fotos\/principal_noticias\/170981\/xIMAGEM_NOTICIA_5.jpg.pagespeed.ic.QKbFUqIb_v.jpg\" \/>\n<meta name=\"author\" content=\"Ere\" \/>\n<meta name=\"twitter:card\" content=\"summary_large_image\" \/>\n<meta name=\"twitter:label1\" content=\"Escrito por\" \/>\n\t<meta name=\"twitter:data1\" content=\"Ere\" \/>\n\t<meta name=\"twitter:label2\" content=\"Tempo estimado de leitura\" \/>\n\t<meta name=\"twitter:data2\" content=\"1 minuto\" \/>\n<script type=\"application\/ld+json\" class=\"yoast-schema-graph\">{\"@context\":\"https:\/\/schema.org\",\"@graph\":[{\"@type\":\"Article\",\"@id\":\"https:\/\/blogdoere.com.br\/?p=26342#article\",\"isPartOf\":{\"@id\":\"https:\/\/blogdoere.com.br\/?p=26342\"},\"author\":{\"name\":\"Ere\",\"@id\":\"https:\/\/blogdoere.com.br\/#\/schema\/person\/4b56ed2336cb28ae3415ce8ffe56742e\"},\"headline\":\"T\u00cdTULOS DE ELEITOR IRREGULARES SER\u00c3O CANCELADOS A PARTIR DO DIA 4 DE MAIO.\",\"datePublished\":\"2015-04-21T02:39:00+00:00\",\"dateModified\":\"2015-04-21T02:39:00+00:00\",\"mainEntityOfPage\":{\"@id\":\"https:\/\/blogdoere.com.br\/?p=26342\"},\"wordCount\":163,\"commentCount\":0,\"publisher\":{\"@id\":\"https:\/\/blogdoere.com.br\/#organization\"},\"articleSection\":[\"Destaques\"],\"inLanguage\":\"pt-PT\",\"potentialAction\":[{\"@type\":\"CommentAction\",\"name\":\"Comment\",\"target\":[\"https:\/\/blogdoere.com.br\/?p=26342#respond\"]}]},{\"@type\":\"WebPage\",\"@id\":\"https:\/\/blogdoere.com.br\/?p=26342\",\"url\":\"https:\/\/blogdoere.com.br\/?p=26342\",\"name\":\"T\u00cdTULOS DE ELEITOR IRREGULARES SER\u00c3O CANCELADOS A PARTIR DO DIA 4 DE MAIO. - blog do er\u00ea\",\"isPartOf\":{\"@id\":\"https:\/\/blogdoere.com.br\/#website\"},\"datePublished\":\"2015-04-21T02:39:00+00:00\",\"dateModified\":\"2015-04-21T02:39:00+00:00\",\"breadcrumb\":{\"@id\":\"https:\/\/blogdoere.com.br\/?p=26342#breadcrumb\"},\"inLanguage\":\"pt-PT\",\"potentialAction\":[{\"@type\":\"ReadAction\",\"target\":[\"https:\/\/blogdoere.com.br\/?p=26342\"]}]},{\"@type\":\"BreadcrumbList\",\"@id\":\"https:\/\/blogdoere.com.br\/?p=26342#breadcrumb\",\"itemListElement\":[{\"@type\":\"ListItem\",\"position\":1,\"name\":\"In\u00edcio\",\"item\":\"https:\/\/blogdoere.com.br\/\"},{\"@type\":\"ListItem\",\"position\":2,\"name\":\"T\u00cdTULOS DE ELEITOR IRREGULARES SER\u00c3O CANCELADOS A PARTIR DO DIA 4 DE MAIO.\"}]},{\"@type\":\"WebSite\",\"@id\":\"https:\/\/blogdoere.com.br\/#website\",\"url\":\"https:\/\/blogdoere.com.br\/\",\"name\":\"blog do er\u00ea\",\"description\":\"\",\"publisher\":{\"@id\":\"https:\/\/blogdoere.com.br\/#organization\"},\"potentialAction\":[{\"@type\":\"SearchAction\",\"target\":{\"@type\":\"EntryPoint\",\"urlTemplate\":\"https:\/\/blogdoere.com.br\/?s={search_term_string}\"},\"query-input\":\"required name=search_term_string\"}],\"inLanguage\":\"pt-PT\"},{\"@type\":\"Organization\",\"@id\":\"https:\/\/blogdoere.com.br\/#organization\",\"name\":\"Blog do Er\u00ea\",\"url\":\"https:\/\/blogdoere.com.br\/\",\"logo\":{\"@type\":\"ImageObject\",\"inLanguage\":\"pt-PT\",\"@id\":\"https:\/\/blogdoere.com.br\/#\/schema\/logo\/image\/\",\"url\":\"https:\/\/blogdoere.com.br\/wp-content\/uploads\/2021\/11\/Logo-Ere-1.png\",\"contentUrl\":\"https:\/\/blogdoere.com.br\/wp-content\/uploads\/2021\/11\/Logo-Ere-1.png\",\"width\":1261,\"height\":1330,\"caption\":\"Blog do Er\u00ea\"},\"image\":{\"@id\":\"https:\/\/blogdoere.com.br\/#\/schema\/logo\/image\/\"}},{\"@type\":\"Person\",\"@id\":\"https:\/\/blogdoere.com.br\/#\/schema\/person\/4b56ed2336cb28ae3415ce8ffe56742e\",\"name\":\"Ere\",\"image\":{\"@type\":\"ImageObject\",\"inLanguage\":\"pt-PT\",\"@id\":\"https:\/\/blogdoere.com.br\/#\/schema\/person\/image\/\",\"url\":\"https:\/\/secure.gravatar.com\/avatar\/?s=96&d=mm&r=g\",\"contentUrl\":\"https:\/\/secure.gravatar.com\/avatar\/?s=96&d=mm&r=g\",\"caption\":\"Ere\"}}]}<\/script>\n<!-- \/ Yoast SEO plugin. -->","yoast_head_json":{"title":"T\u00cdTULOS DE ELEITOR IRREGULARES SER\u00c3O CANCELADOS A PARTIR DO DIA 4 DE MAIO. - blog do er\u00ea","robots":{"index":"index","follow":"follow","max-snippet":"max-snippet:-1","max-image-preview":"max-image-preview:large","max-video-preview":"max-video-preview:-1"},"canonical":"https:\/\/blogdoere.com.br\/?p=26342","og_locale":"pt_PT","og_type":"article","og_title":"T\u00cdTULOS DE ELEITOR IRREGULARES SER\u00c3O CANCELADOS A PARTIR DO DIA 4 DE MAIO. - blog do er\u00ea","og_description":"Eleitores em situa\u00e7\u00e3o irregular na Justi\u00e7a Eleitoral ter\u00e3o o t\u00edtulo cancelado ap\u00f3s o dia 4 de maio, caso n\u00e3o compare\u00e7am ao cart\u00f3rio eleitoral. S\u00e3o considerados irregulares cidad\u00e3os que n\u00e3o votaram...","og_url":"https:\/\/blogdoere.com.br\/?p=26342","og_site_name":"blog do er\u00ea","article_published_time":"2015-04-21T02:39:00+00:00","og_image":[{"url":"http:\/\/www.bahianoticias.com.br\/fotos\/principal_noticias\/170981\/xIMAGEM_NOTICIA_5.jpg.pagespeed.ic.QKbFUqIb_v.jpg"}],"author":"Ere","twitter_card":"summary_large_image","twitter_misc":{"Escrito por":"Ere","Tempo estimado de leitura":"1 minuto"},"schema":{"@context":"https:\/\/schema.org","@graph":[{"@type":"Article","@id":"https:\/\/blogdoere.com.br\/?p=26342#article","isPartOf":{"@id":"https:\/\/blogdoere.com.br\/?p=26342"},"author":{"name":"Ere","@id":"https:\/\/blogdoere.com.br\/#\/schema\/person\/4b56ed2336cb28ae3415ce8ffe56742e"},"headline":"T\u00cdTULOS DE ELEITOR IRREGULARES SER\u00c3O CANCELADOS A PARTIR DO DIA 4 DE MAIO.","datePublished":"2015-04-21T02:39:00+00:00","dateModified":"2015-04-21T02:39:00+00:00","mainEntityOfPage":{"@id":"https:\/\/blogdoere.com.br\/?p=26342"},"wordCount":163,"commentCount":0,"publisher":{"@id":"https:\/\/blogdoere.com.br\/#organization"},"articleSection":["Destaques"],"inLanguage":"pt-PT","potentialAction":[{"@type":"CommentAction","name":"Comment","target":["https:\/\/blogdoere.com.br\/?p=26342#respond"]}]},{"@type":"WebPage","@id":"https:\/\/blogdoere.com.br\/?p=26342","url":"https:\/\/blogdoere.com.br\/?p=26342","name":"T\u00cdTULOS DE ELEITOR IRREGULARES SER\u00c3O CANCELADOS A PARTIR DO DIA 4 DE MAIO. - blog do er\u00ea","isPartOf":{"@id":"https:\/\/blogdoere.com.br\/#website"},"datePublished":"2015-04-21T02:39:00+00:00","dateModified":"2015-04-21T02:39:00+00:00","breadcrumb":{"@id":"https:\/\/blogdoere.com.br\/?p=26342#breadcrumb"},"inLanguage":"pt-PT","potentialAction":[{"@type":"ReadAction","target":["https:\/\/blogdoere.com.br\/?p=26342"]}]},{"@type":"BreadcrumbList","@id":"https:\/\/blogdoere.com.br\/?p=26342#breadcrumb","itemListElement":[{"@type":"ListItem","position":1,"name":"In\u00edcio","item":"https:\/\/blogdoere.com.br\/"},{"@type":"ListItem","position":2,"name":"T\u00cdTULOS DE ELEITOR IRREGULARES SER\u00c3O CANCELADOS A PARTIR DO DIA 4 DE MAIO."}]},{"@type":"WebSite","@id":"https:\/\/blogdoere.com.br\/#website","url":"https:\/\/blogdoere.com.br\/","name":"blog do er\u00ea","description":"","publisher":{"@id":"https:\/\/blogdoere.com.br\/#organization"},"potentialAction":[{"@type":"SearchAction","target":{"@type":"EntryPoint","urlTemplate":"https:\/\/blogdoere.com.br\/?s={search_term_string}"},"query-input":"required name=search_term_string"}],"inLanguage":"pt-PT"},{"@type":"Organization","@id":"https:\/\/blogdoere.com.br\/#organization","name":"Blog do Er\u00ea","url":"https:\/\/blogdoere.com.br\/","logo":{"@type":"ImageObject","inLanguage":"pt-PT","@id":"https:\/\/blogdoere.com.br\/#\/schema\/logo\/image\/","url":"https:\/\/blogdoere.com.br\/wp-content\/uploads\/2021\/11\/Logo-Ere-1.png","contentUrl":"https:\/\/blogdoere.com.br\/wp-content\/uploads\/2021\/11\/Logo-Ere-1.png","width":1261,"height":1330,"caption":"Blog do Er\u00ea"},"image":{"@id":"https:\/\/blogdoere.com.br\/#\/schema\/logo\/image\/"}},{"@type":"Person","@id":"https:\/\/blogdoere.com.br\/#\/schema\/person\/4b56ed2336cb28ae3415ce8ffe56742e","name":"Ere","image":{"@type":"ImageObject","inLanguage":"pt-PT","@id":"https:\/\/blogdoere.com.br\/#\/schema\/person\/image\/","url":"https:\/\/secure.gravatar.com\/avatar\/?s=96&d=mm&r=g","contentUrl":"https:\/\/secure.gravatar.com\/avatar\/?s=96&d=mm&r=g","caption":"Ere"}}]}},"featured_image_urls":{"full":"","thumbnail":"","medium":"","medium_large":"","large":"","1536x1536":"","2048x2048":""},"author_info":{"display_name":"Ere","author_link":"https:\/\/blogdoere.com.br\/?author=2"},"category_info":"<a href=\"https:\/\/blogdoere.com.br\/?cat=1\" rel=\"category\">Destaques<\/a>","tag_info":"Destaques","comment_count":"0","_links":{"self":[{"href":"https:\/\/blogdoere.com.br\/index.php?rest_route=\/wp\/v2\/posts\/26342","targetHints":{"allow":["GET"]}}],"collection":[{"href":"https:\/\/blogdoere.com.br\/index.php?rest_route=\/wp\/v2\/posts"}],"about":[{"href":"https:\/\/blogdoere.com.br\/index.php?rest_route=\/wp\/v2\/types\/post"}],"author":[{"embeddable":true,"href":"https:\/\/blogdoere.com.br\/index.php?rest_route=\/wp\/v2\/users\/2"}],"replies":[{"embeddable":true,"href":"https:\/\/blogdoere.com.br\/index.php?rest_route=%2Fwp%2Fv2%2Fcomments&post=26342"}],"version-history":[{"count":0,"href":"https:\/\/blogdoere.com.br\/index.php?rest_route=\/wp\/v2\/posts\/26342\/revisions"}],"wp:attachment":[{"href":"https:\/\/blogdoere.com.br\/index.php?rest_route=%2Fwp%2Fv2%2Fmedia&parent=26342"}],"wp:term":[{"taxonomy":"category","embeddable":true,"href":"https:\/\/blogdoere.com.br\/index.php?rest_route=%2Fwp%2Fv2%2Fcategories&post=26342"},{"taxonomy":"post_tag","embeddable":true,"href":"https:\/\/blogdoere.com.br\/index.php?rest_route=%2Fwp%2Fv2%2Ftags&post=26342"}],"curies":[{"name":"wp","href":"https:\/\/api.w.org\/{rel}","templated":true}]}}