{"id":26352,"date":"2015-03-18T03:21:00","date_gmt":"2015-03-18T03:21:00","guid":{"rendered":"http:\/\/blogdoere.com.br\/?p=26352"},"modified":"2015-03-18T03:21:00","modified_gmt":"2015-03-18T03:21:00","slug":"ferrovia-de-integracao-oeste-leste-demite-trabalhadores-em-massa","status":"publish","type":"post","link":"https:\/\/blogdoere.com.br\/?p=26352","title":{"rendered":"FERROVIA DE INTEGRA\u00c7\u00c3O OESTE-LESTE DEMITE TRABALHADORES EM MASSA"},"content":{"rendered":"<div style=\"text-align: center;\"><img decoding=\"async\" height=\"213\" src=\"https:\/\/scontent-gru.xx.fbcdn.net\/hphotos-xpf1\/v\/t1.0-9\/11070266_725942384195642_2065213965695643363_n.jpg?oh=f608887b6aed2fe1eb23c8ede1fc9db0&amp;oe=55854593\" width=\"320\" \/><\/div>\n<div style=\"background-color: white; color: #141823; font-family: Helvetica, Arial, 'lucida grande', tahoma, verdana, arial, sans-serif; line-height: 15.455999374389648px; margin-bottom: 6px; margin-top: 6px;\"><\/p>\n<div style=\"line-height: 150%; margin-bottom: .0001pt; margin-bottom: 0cm; text-align: justify;\"><\/div>\n<div style=\"line-height: 150%; margin-bottom: .0001pt; margin-bottom: 0cm; text-align: justify;\"><span style=\"font-family: &quot;Arial&quot;,&quot;sans-serif&quot;;\">O Sindicato dos Trabalhadores da Constru\u00e7\u00e3o Pesada e Montagem Industrial do Estado da Bahia (Sintepav-BA) lamenta as demiss\u00f5es em massa que ocorrem na Ferrovia de Integra\u00e7\u00e3o Oeste-Leste (FIOL). O presidente do Sintepav-BA e deputado federal, Bebeto Galv\u00e3o (PSB-BA), preocupado com a crise na ferrovia, reuniu-se em Bras\u00edlia no \u00faltimo dia 11 de mar\u00e7o, com a dire\u00e7\u00e3o da Valec Engenharia Constru\u00e7\u00f5es e Ferrovias para cobrar agilidade no andamento das obras que apresentam problemas, expressando ainda preocupa\u00e7\u00f5es com as demiss\u00f5es que afetam os trabalhadores. A Valec reconheceu dificuldades, mas com a cren\u00e7a de super\u00e1-los.<o:p><\/o:p><\/span><\/div>\n<div style=\"line-height: 150%; margin-bottom: .0001pt; margin-bottom: 0cm; text-align: justify;\"><span style=\"font-family: Arial, sans-serif; line-height: 150%;\">Na segunda-feira (16), diante de sua face mais cruel, o desemprego, o sindicato foi notificado da intensidade da crise em todos os lotes da FIOL, estampado da seguinte forma:<\/span><\/div>\n<p><\/p>\n<div style=\"line-height: 150%; margin-bottom: .0001pt; margin-bottom: 0cm; text-align: justify;\"><span style=\"font-family: &quot;Arial&quot;,&quot;sans-serif&quot;;\">Todos os lotes sofrem um processo de inseguran\u00e7a e passam por problemas que podem gerar a demiss\u00e3o total dos 5.868 trabalhadores da FIOL, devido aos atrasos nos repasses da Valec e \u00e0 falta de responsabilidade dos governos Federal e Estadual com as obras, tidas como a joia do PAC, o que sacrificar\u00e1 mais uma vez a Bahia. As empresas informam que est\u00e3o em desequil\u00edbrio econ\u00f4mico-financeiro, pois a Valec n\u00e3o realiza os pagamentos, e o governo n\u00e3o adota medidas necess\u00e1rias para a supera\u00e7\u00e3o da crise. Milhares de trabalhadores poder\u00e3o ser demitidos e o cen\u00e1rio indica que muitos n\u00e3o ter\u00e3o a possibilidade de receber, inclusive, as parcelas rescis\u00f3rias. Fonte: Ascom PSB.<o:p><\/o:p><\/span><\/div>\n<\/div>\n","protected":false},"excerpt":{"rendered":"<p>O Sindicato dos Trabalhadores da Constru\u00e7\u00e3o Pesada e Montagem Industrial do Estado da Bahia (Sintepav-BA) lamenta as demiss\u00f5es em massa que ocorrem na Ferrovia de Integra\u00e7\u00e3o Oeste-Leste (FIOL). O presidente&#8230;<\/p>\n","protected":false},"author":2,"featured_media":0,"comment_status":"open","ping_status":"open","sticky":false,"template":"","format":"standard","meta":{"_editorskit_title_hidden":false,"_editorskit_reading_time":0,"_editorskit_is_block_options_detached":false,"_editorskit_block_options_position":"{}","om_disable_all_campaigns":false,"_mi_skip_tracking":false,"_kad_post_transparent":"","_kad_post_title":"","_kad_post_layout":"","_kad_post_sidebar_id":"","_kad_post_content_style":"","_kad_post_vertical_padding":"","_kad_post_feature":"","_kad_post_feature_position":"","_kad_post_header":false,"_kad_post_footer":false,"footnotes":""},"categories":[1],"tags":[],"class_list":["post-26352","post","type-post","status-publish","format-standard","hentry","category-destaques"],"yoast_head":"<!-- This site is optimized with the Yoast SEO plugin v20.5 - https:\/\/yoast.com\/wordpress\/plugins\/seo\/ -->\n<title>FERROVIA DE INTEGRA\u00c7\u00c3O OESTE-LESTE DEMITE TRABALHADORES EM MASSA - blog do er\u00ea<\/title>\n<meta name=\"robots\" content=\"index, follow, max-snippet:-1, max-image-preview:large, max-video-preview:-1\" \/>\n<link rel=\"canonical\" href=\"https:\/\/blogdoere.com.br\/?p=26352\" \/>\n<meta property=\"og:locale\" content=\"pt_PT\" \/>\n<meta property=\"og:type\" content=\"article\" \/>\n<meta property=\"og:title\" content=\"FERROVIA DE INTEGRA\u00c7\u00c3O OESTE-LESTE DEMITE TRABALHADORES EM MASSA - blog do er\u00ea\" \/>\n<meta property=\"og:description\" content=\"O Sindicato dos Trabalhadores da Constru\u00e7\u00e3o Pesada e Montagem Industrial do Estado da Bahia (Sintepav-BA) lamenta as demiss\u00f5es em massa que ocorrem na Ferrovia de Integra\u00e7\u00e3o Oeste-Leste (FIOL). O presidente...\" \/>\n<meta property=\"og:url\" content=\"https:\/\/blogdoere.com.br\/?p=26352\" \/>\n<meta property=\"og:site_name\" content=\"blog do er\u00ea\" \/>\n<meta property=\"article:published_time\" content=\"2015-03-18T03:21:00+00:00\" \/>\n<meta property=\"og:image\" content=\"https:\/\/scontent-gru.xx.fbcdn.net\/hphotos-xpf1\/v\/t1.0-9\/11070266_725942384195642_2065213965695643363_n.jpg?oh=f608887b6aed2fe1eb23c8ede1fc9db0&amp;oe=55854593\" \/>\n<meta name=\"author\" content=\"Ere\" \/>\n<meta name=\"twitter:card\" content=\"summary_large_image\" \/>\n<meta name=\"twitter:label1\" content=\"Escrito por\" \/>\n\t<meta name=\"twitter:data1\" content=\"Ere\" \/>\n\t<meta name=\"twitter:label2\" content=\"Tempo estimado de leitura\" \/>\n\t<meta name=\"twitter:data2\" content=\"1 minuto\" \/>\n<script type=\"application\/ld+json\" class=\"yoast-schema-graph\">{\"@context\":\"https:\/\/schema.org\",\"@graph\":[{\"@type\":\"Article\",\"@id\":\"https:\/\/blogdoere.com.br\/?p=26352#article\",\"isPartOf\":{\"@id\":\"https:\/\/blogdoere.com.br\/?p=26352\"},\"author\":{\"name\":\"Ere\",\"@id\":\"https:\/\/blogdoere.com.br\/#\/schema\/person\/4b56ed2336cb28ae3415ce8ffe56742e\"},\"headline\":\"FERROVIA DE INTEGRA\u00c7\u00c3O OESTE-LESTE DEMITE TRABALHADORES EM MASSA\",\"datePublished\":\"2015-03-18T03:21:00+00:00\",\"dateModified\":\"2015-03-18T03:21:00+00:00\",\"mainEntityOfPage\":{\"@id\":\"https:\/\/blogdoere.com.br\/?p=26352\"},\"wordCount\":261,\"commentCount\":0,\"publisher\":{\"@id\":\"https:\/\/blogdoere.com.br\/#organization\"},\"articleSection\":[\"Destaques\"],\"inLanguage\":\"pt-PT\",\"potentialAction\":[{\"@type\":\"CommentAction\",\"name\":\"Comment\",\"target\":[\"https:\/\/blogdoere.com.br\/?p=26352#respond\"]}]},{\"@type\":\"WebPage\",\"@id\":\"https:\/\/blogdoere.com.br\/?p=26352\",\"url\":\"https:\/\/blogdoere.com.br\/?p=26352\",\"name\":\"FERROVIA DE INTEGRA\u00c7\u00c3O OESTE-LESTE DEMITE TRABALHADORES EM MASSA - blog do er\u00ea\",\"isPartOf\":{\"@id\":\"https:\/\/blogdoere.com.br\/#website\"},\"datePublished\":\"2015-03-18T03:21:00+00:00\",\"dateModified\":\"2015-03-18T03:21:00+00:00\",\"breadcrumb\":{\"@id\":\"https:\/\/blogdoere.com.br\/?p=26352#breadcrumb\"},\"inLanguage\":\"pt-PT\",\"potentialAction\":[{\"@type\":\"ReadAction\",\"target\":[\"https:\/\/blogdoere.com.br\/?p=26352\"]}]},{\"@type\":\"BreadcrumbList\",\"@id\":\"https:\/\/blogdoere.com.br\/?p=26352#breadcrumb\",\"itemListElement\":[{\"@type\":\"ListItem\",\"position\":1,\"name\":\"In\u00edcio\",\"item\":\"https:\/\/blogdoere.com.br\/\"},{\"@type\":\"ListItem\",\"position\":2,\"name\":\"FERROVIA DE INTEGRA\u00c7\u00c3O OESTE-LESTE DEMITE TRABALHADORES EM MASSA\"}]},{\"@type\":\"WebSite\",\"@id\":\"https:\/\/blogdoere.com.br\/#website\",\"url\":\"https:\/\/blogdoere.com.br\/\",\"name\":\"blog do er\u00ea\",\"description\":\"\",\"publisher\":{\"@id\":\"https:\/\/blogdoere.com.br\/#organization\"},\"potentialAction\":[{\"@type\":\"SearchAction\",\"target\":{\"@type\":\"EntryPoint\",\"urlTemplate\":\"https:\/\/blogdoere.com.br\/?s={search_term_string}\"},\"query-input\":\"required name=search_term_string\"}],\"inLanguage\":\"pt-PT\"},{\"@type\":\"Organization\",\"@id\":\"https:\/\/blogdoere.com.br\/#organization\",\"name\":\"Blog do Er\u00ea\",\"url\":\"https:\/\/blogdoere.com.br\/\",\"logo\":{\"@type\":\"ImageObject\",\"inLanguage\":\"pt-PT\",\"@id\":\"https:\/\/blogdoere.com.br\/#\/schema\/logo\/image\/\",\"url\":\"https:\/\/blogdoere.com.br\/wp-content\/uploads\/2021\/11\/Logo-Ere-1.png\",\"contentUrl\":\"https:\/\/blogdoere.com.br\/wp-content\/uploads\/2021\/11\/Logo-Ere-1.png\",\"width\":1261,\"height\":1330,\"caption\":\"Blog do Er\u00ea\"},\"image\":{\"@id\":\"https:\/\/blogdoere.com.br\/#\/schema\/logo\/image\/\"}},{\"@type\":\"Person\",\"@id\":\"https:\/\/blogdoere.com.br\/#\/schema\/person\/4b56ed2336cb28ae3415ce8ffe56742e\",\"name\":\"Ere\",\"image\":{\"@type\":\"ImageObject\",\"inLanguage\":\"pt-PT\",\"@id\":\"https:\/\/blogdoere.com.br\/#\/schema\/person\/image\/\",\"url\":\"https:\/\/secure.gravatar.com\/avatar\/?s=96&d=mm&r=g\",\"contentUrl\":\"https:\/\/secure.gravatar.com\/avatar\/?s=96&d=mm&r=g\",\"caption\":\"Ere\"}}]}<\/script>\n<!-- \/ Yoast SEO plugin. -->","yoast_head_json":{"title":"FERROVIA DE INTEGRA\u00c7\u00c3O OESTE-LESTE DEMITE TRABALHADORES EM MASSA - blog do er\u00ea","robots":{"index":"index","follow":"follow","max-snippet":"max-snippet:-1","max-image-preview":"max-image-preview:large","max-video-preview":"max-video-preview:-1"},"canonical":"https:\/\/blogdoere.com.br\/?p=26352","og_locale":"pt_PT","og_type":"article","og_title":"FERROVIA DE INTEGRA\u00c7\u00c3O OESTE-LESTE DEMITE TRABALHADORES EM MASSA - blog do er\u00ea","og_description":"O Sindicato dos Trabalhadores da Constru\u00e7\u00e3o Pesada e Montagem Industrial do Estado da Bahia (Sintepav-BA) lamenta as demiss\u00f5es em massa que ocorrem na Ferrovia de Integra\u00e7\u00e3o Oeste-Leste (FIOL). O presidente...","og_url":"https:\/\/blogdoere.com.br\/?p=26352","og_site_name":"blog do er\u00ea","article_published_time":"2015-03-18T03:21:00+00:00","og_image":[{"url":"https:\/\/scontent-gru.xx.fbcdn.net\/hphotos-xpf1\/v\/t1.0-9\/11070266_725942384195642_2065213965695643363_n.jpg?oh=f608887b6aed2fe1eb23c8ede1fc9db0&amp;oe=55854593"}],"author":"Ere","twitter_card":"summary_large_image","twitter_misc":{"Escrito por":"Ere","Tempo estimado de leitura":"1 minuto"},"schema":{"@context":"https:\/\/schema.org","@graph":[{"@type":"Article","@id":"https:\/\/blogdoere.com.br\/?p=26352#article","isPartOf":{"@id":"https:\/\/blogdoere.com.br\/?p=26352"},"author":{"name":"Ere","@id":"https:\/\/blogdoere.com.br\/#\/schema\/person\/4b56ed2336cb28ae3415ce8ffe56742e"},"headline":"FERROVIA DE INTEGRA\u00c7\u00c3O OESTE-LESTE DEMITE TRABALHADORES EM MASSA","datePublished":"2015-03-18T03:21:00+00:00","dateModified":"2015-03-18T03:21:00+00:00","mainEntityOfPage":{"@id":"https:\/\/blogdoere.com.br\/?p=26352"},"wordCount":261,"commentCount":0,"publisher":{"@id":"https:\/\/blogdoere.com.br\/#organization"},"articleSection":["Destaques"],"inLanguage":"pt-PT","potentialAction":[{"@type":"CommentAction","name":"Comment","target":["https:\/\/blogdoere.com.br\/?p=26352#respond"]}]},{"@type":"WebPage","@id":"https:\/\/blogdoere.com.br\/?p=26352","url":"https:\/\/blogdoere.com.br\/?p=26352","name":"FERROVIA DE INTEGRA\u00c7\u00c3O OESTE-LESTE DEMITE TRABALHADORES EM MASSA - blog do er\u00ea","isPartOf":{"@id":"https:\/\/blogdoere.com.br\/#website"},"datePublished":"2015-03-18T03:21:00+00:00","dateModified":"2015-03-18T03:21:00+00:00","breadcrumb":{"@id":"https:\/\/blogdoere.com.br\/?p=26352#breadcrumb"},"inLanguage":"pt-PT","potentialAction":[{"@type":"ReadAction","target":["https:\/\/blogdoere.com.br\/?p=26352"]}]},{"@type":"BreadcrumbList","@id":"https:\/\/blogdoere.com.br\/?p=26352#breadcrumb","itemListElement":[{"@type":"ListItem","position":1,"name":"In\u00edcio","item":"https:\/\/blogdoere.com.br\/"},{"@type":"ListItem","position":2,"name":"FERROVIA DE INTEGRA\u00c7\u00c3O OESTE-LESTE DEMITE TRABALHADORES EM MASSA"}]},{"@type":"WebSite","@id":"https:\/\/blogdoere.com.br\/#website","url":"https:\/\/blogdoere.com.br\/","name":"blog do er\u00ea","description":"","publisher":{"@id":"https:\/\/blogdoere.com.br\/#organization"},"potentialAction":[{"@type":"SearchAction","target":{"@type":"EntryPoint","urlTemplate":"https:\/\/blogdoere.com.br\/?s={search_term_string}"},"query-input":"required name=search_term_string"}],"inLanguage":"pt-PT"},{"@type":"Organization","@id":"https:\/\/blogdoere.com.br\/#organization","name":"Blog do Er\u00ea","url":"https:\/\/blogdoere.com.br\/","logo":{"@type":"ImageObject","inLanguage":"pt-PT","@id":"https:\/\/blogdoere.com.br\/#\/schema\/logo\/image\/","url":"https:\/\/blogdoere.com.br\/wp-content\/uploads\/2021\/11\/Logo-Ere-1.png","contentUrl":"https:\/\/blogdoere.com.br\/wp-content\/uploads\/2021\/11\/Logo-Ere-1.png","width":1261,"height":1330,"caption":"Blog do Er\u00ea"},"image":{"@id":"https:\/\/blogdoere.com.br\/#\/schema\/logo\/image\/"}},{"@type":"Person","@id":"https:\/\/blogdoere.com.br\/#\/schema\/person\/4b56ed2336cb28ae3415ce8ffe56742e","name":"Ere","image":{"@type":"ImageObject","inLanguage":"pt-PT","@id":"https:\/\/blogdoere.com.br\/#\/schema\/person\/image\/","url":"https:\/\/secure.gravatar.com\/avatar\/?s=96&d=mm&r=g","contentUrl":"https:\/\/secure.gravatar.com\/avatar\/?s=96&d=mm&r=g","caption":"Ere"}}]}},"featured_image_urls":{"full":"","thumbnail":"","medium":"","medium_large":"","large":"","1536x1536":"","2048x2048":""},"author_info":{"display_name":"Ere","author_link":"https:\/\/blogdoere.com.br\/?author=2"},"category_info":"<a href=\"https:\/\/blogdoere.com.br\/?cat=1\" rel=\"category\">Destaques<\/a>","tag_info":"Destaques","comment_count":"0","_links":{"self":[{"href":"https:\/\/blogdoere.com.br\/index.php?rest_route=\/wp\/v2\/posts\/26352","targetHints":{"allow":["GET"]}}],"collection":[{"href":"https:\/\/blogdoere.com.br\/index.php?rest_route=\/wp\/v2\/posts"}],"about":[{"href":"https:\/\/blogdoere.com.br\/index.php?rest_route=\/wp\/v2\/types\/post"}],"author":[{"embeddable":true,"href":"https:\/\/blogdoere.com.br\/index.php?rest_route=\/wp\/v2\/users\/2"}],"replies":[{"embeddable":true,"href":"https:\/\/blogdoere.com.br\/index.php?rest_route=%2Fwp%2Fv2%2Fcomments&post=26352"}],"version-history":[{"count":0,"href":"https:\/\/blogdoere.com.br\/index.php?rest_route=\/wp\/v2\/posts\/26352\/revisions"}],"wp:attachment":[{"href":"https:\/\/blogdoere.com.br\/index.php?rest_route=%2Fwp%2Fv2%2Fmedia&parent=26352"}],"wp:term":[{"taxonomy":"category","embeddable":true,"href":"https:\/\/blogdoere.com.br\/index.php?rest_route=%2Fwp%2Fv2%2Fcategories&post=26352"},{"taxonomy":"post_tag","embeddable":true,"href":"https:\/\/blogdoere.com.br\/index.php?rest_route=%2Fwp%2Fv2%2Ftags&post=26352"}],"curies":[{"name":"wp","href":"https:\/\/api.w.org\/{rel}","templated":true}]}}