{"id":26353,"date":"2015-03-16T13:37:00","date_gmt":"2015-03-16T13:37:00","guid":{"rendered":"http:\/\/blogdoere.com.br\/?p=26353"},"modified":"2015-03-16T13:37:00","modified_gmt":"2015-03-16T13:37:00","slug":"itajuipe-festa-jubilar-90-anos-da-paroquia","status":"publish","type":"post","link":"https:\/\/blogdoere.com.br\/?p=26353","title":{"rendered":"ITAJU\u00cdPE: FESTA JUBILAR, 90 ANOS DA PAR\u00d3QUIA."},"content":{"rendered":"<div style=\"text-align: justify;\"><span style=\"background-color: white; color: #141823; font-family: Helvetica, Arial, 'lucida grande', tahoma, verdana, arial, sans-serif; line-height: 15.455999374389648px;\"><br \/><\/span><\/div>\n<div style=\"text-align: justify;\"><span style=\"background-color: white; color: #141823; font-family: Helvetica, Arial, 'lucida grande', tahoma, verdana, arial, sans-serif; line-height: 15.455999374389648px;\"><br \/><\/span><\/div>\n<div style=\"text-align: center;\"><img decoding=\"async\" height=\"213\" src=\"https:\/\/fbcdn-sphotos-a-a.akamaihd.net\/hphotos-ak-xfp1\/v\/t1.0-9\/10639608_953602184651639_3209973206641187426_n.jpg?oh=ffffca22159404be5dc93f5a55fa5bee&amp;oe=55864571&amp;__gda__=1434132472_f181cc4114d5f7e69496b635e5709862\" width=\"320\" \/><\/div>\n<div style=\"text-align: justify;\"><span style=\"background-color: white; color: #141823; font-family: Helvetica, Arial, 'lucida grande', tahoma, verdana, arial, sans-serif; line-height: 15.455999374389648px;\"><br \/><\/span><\/div>\n<div style=\"text-align: justify;\"><span style=\"background-color: white; color: #141823; font-family: Helvetica, Arial, 'lucida grande', tahoma, verdana, arial, sans-serif; line-height: 15.455999374389648px;\"><br \/><\/span><\/div>\n<div style=\"text-align: justify;\"><span style=\"background-color: white; color: #141823; font-family: Helvetica, Arial, 'lucida grande', tahoma, verdana, arial, sans-serif; line-height: 15.455999374389648px;\">A Par\u00f3quia do Sagrado Cora\u00e7\u00e3o de Jesus, ao celebrar 90 anos de evangeliza\u00e7\u00e3o, hist\u00f3ria e consagra\u00e7\u00e3o realizou neste domingo(15), carreata pelas ruas da cidade e crisma de 56 fi\u00e9is na Igreja Matriz celebrada pelo bispo D.Mauro Montagnoli. A programa\u00e7\u00e3o festiva (<a href=\"http:\/\/www.blogdoere.com\/2015\/03\/itajuipe-grande-show-com-adriana-arydes.html\">veja a programa\u00e7\u00e3o aqui<\/a>),&nbsp;segue at\u00e9 dia 21 deste m\u00eas com mega show da cantora cat\u00f3lica Adriana Arydes no clube Kamu\u00e1. Participe!<a href=\"https:\/\/www.facebook.com\/ere.eventos\/media_set?set=a.953590524652805.1073741862.100000055988448&amp;type=1&amp;pnref=story\">Veja as fotos.<\/a><\/span><\/div>\n","protected":false},"excerpt":{"rendered":"<p>A Par\u00f3quia do Sagrado Cora\u00e7\u00e3o de Jesus, ao celebrar 90 anos de evangeliza\u00e7\u00e3o, hist\u00f3ria e consagra\u00e7\u00e3o realizou neste domingo(15), carreata pelas ruas da cidade e crisma de 56 fi\u00e9is na&#8230;<\/p>\n","protected":false},"author":2,"featured_media":0,"comment_status":"open","ping_status":"open","sticky":false,"template":"","format":"standard","meta":{"_editorskit_title_hidden":false,"_editorskit_reading_time":0,"_editorskit_is_block_options_detached":false,"_editorskit_block_options_position":"{}","om_disable_all_campaigns":false,"_mi_skip_tracking":false,"_kad_post_transparent":"","_kad_post_title":"","_kad_post_layout":"","_kad_post_sidebar_id":"","_kad_post_content_style":"","_kad_post_vertical_padding":"","_kad_post_feature":"","_kad_post_feature_position":"","_kad_post_header":false,"_kad_post_footer":false,"footnotes":""},"categories":[1],"tags":[],"class_list":["post-26353","post","type-post","status-publish","format-standard","hentry","category-destaques"],"yoast_head":"<!-- This site is optimized with the Yoast SEO plugin v20.5 - https:\/\/yoast.com\/wordpress\/plugins\/seo\/ -->\n<title>ITAJU\u00cdPE: FESTA JUBILAR, 90 ANOS DA PAR\u00d3QUIA. - blog do er\u00ea<\/title>\n<meta name=\"robots\" content=\"index, follow, max-snippet:-1, max-image-preview:large, max-video-preview:-1\" \/>\n<link rel=\"canonical\" href=\"https:\/\/blogdoere.com.br\/?p=26353\" \/>\n<meta property=\"og:locale\" content=\"pt_PT\" \/>\n<meta property=\"og:type\" content=\"article\" \/>\n<meta property=\"og:title\" content=\"ITAJU\u00cdPE: FESTA JUBILAR, 90 ANOS DA PAR\u00d3QUIA. - blog do er\u00ea\" \/>\n<meta property=\"og:description\" content=\"A Par\u00f3quia do Sagrado Cora\u00e7\u00e3o de Jesus, ao celebrar 90 anos de evangeliza\u00e7\u00e3o, hist\u00f3ria e consagra\u00e7\u00e3o realizou neste domingo(15), carreata pelas ruas da cidade e crisma de 56 fi\u00e9is na...\" \/>\n<meta property=\"og:url\" content=\"https:\/\/blogdoere.com.br\/?p=26353\" \/>\n<meta property=\"og:site_name\" content=\"blog do er\u00ea\" \/>\n<meta property=\"article:published_time\" content=\"2015-03-16T13:37:00+00:00\" \/>\n<meta property=\"og:image\" content=\"https:\/\/fbcdn-sphotos-a-a.akamaihd.net\/hphotos-ak-xfp1\/v\/t1.0-9\/10639608_953602184651639_3209973206641187426_n.jpg?oh=ffffca22159404be5dc93f5a55fa5bee&amp;oe=55864571&amp;__gda__=1434132472_f181cc4114d5f7e69496b635e5709862\" \/>\n<meta name=\"author\" content=\"Ere\" \/>\n<meta name=\"twitter:card\" content=\"summary_large_image\" \/>\n<meta name=\"twitter:label1\" content=\"Escrito por\" \/>\n\t<meta name=\"twitter:data1\" content=\"Ere\" \/>\n<script type=\"application\/ld+json\" class=\"yoast-schema-graph\">{\"@context\":\"https:\/\/schema.org\",\"@graph\":[{\"@type\":\"Article\",\"@id\":\"https:\/\/blogdoere.com.br\/?p=26353#article\",\"isPartOf\":{\"@id\":\"https:\/\/blogdoere.com.br\/?p=26353\"},\"author\":{\"name\":\"Ere\",\"@id\":\"https:\/\/blogdoere.com.br\/#\/schema\/person\/4b56ed2336cb28ae3415ce8ffe56742e\"},\"headline\":\"ITAJU\u00cdPE: FESTA JUBILAR, 90 ANOS DA PAR\u00d3QUIA.\",\"datePublished\":\"2015-03-16T13:37:00+00:00\",\"dateModified\":\"2015-03-16T13:37:00+00:00\",\"mainEntityOfPage\":{\"@id\":\"https:\/\/blogdoere.com.br\/?p=26353\"},\"wordCount\":82,\"commentCount\":0,\"publisher\":{\"@id\":\"https:\/\/blogdoere.com.br\/#organization\"},\"articleSection\":[\"Destaques\"],\"inLanguage\":\"pt-PT\",\"potentialAction\":[{\"@type\":\"CommentAction\",\"name\":\"Comment\",\"target\":[\"https:\/\/blogdoere.com.br\/?p=26353#respond\"]}]},{\"@type\":\"WebPage\",\"@id\":\"https:\/\/blogdoere.com.br\/?p=26353\",\"url\":\"https:\/\/blogdoere.com.br\/?p=26353\",\"name\":\"ITAJU\u00cdPE: FESTA JUBILAR, 90 ANOS DA PAR\u00d3QUIA. - blog do er\u00ea\",\"isPartOf\":{\"@id\":\"https:\/\/blogdoere.com.br\/#website\"},\"datePublished\":\"2015-03-16T13:37:00+00:00\",\"dateModified\":\"2015-03-16T13:37:00+00:00\",\"breadcrumb\":{\"@id\":\"https:\/\/blogdoere.com.br\/?p=26353#breadcrumb\"},\"inLanguage\":\"pt-PT\",\"potentialAction\":[{\"@type\":\"ReadAction\",\"target\":[\"https:\/\/blogdoere.com.br\/?p=26353\"]}]},{\"@type\":\"BreadcrumbList\",\"@id\":\"https:\/\/blogdoere.com.br\/?p=26353#breadcrumb\",\"itemListElement\":[{\"@type\":\"ListItem\",\"position\":1,\"name\":\"In\u00edcio\",\"item\":\"https:\/\/blogdoere.com.br\/\"},{\"@type\":\"ListItem\",\"position\":2,\"name\":\"ITAJU\u00cdPE: FESTA JUBILAR, 90 ANOS DA PAR\u00d3QUIA.\"}]},{\"@type\":\"WebSite\",\"@id\":\"https:\/\/blogdoere.com.br\/#website\",\"url\":\"https:\/\/blogdoere.com.br\/\",\"name\":\"blog do er\u00ea\",\"description\":\"\",\"publisher\":{\"@id\":\"https:\/\/blogdoere.com.br\/#organization\"},\"potentialAction\":[{\"@type\":\"SearchAction\",\"target\":{\"@type\":\"EntryPoint\",\"urlTemplate\":\"https:\/\/blogdoere.com.br\/?s={search_term_string}\"},\"query-input\":\"required name=search_term_string\"}],\"inLanguage\":\"pt-PT\"},{\"@type\":\"Organization\",\"@id\":\"https:\/\/blogdoere.com.br\/#organization\",\"name\":\"Blog do Er\u00ea\",\"url\":\"https:\/\/blogdoere.com.br\/\",\"logo\":{\"@type\":\"ImageObject\",\"inLanguage\":\"pt-PT\",\"@id\":\"https:\/\/blogdoere.com.br\/#\/schema\/logo\/image\/\",\"url\":\"https:\/\/blogdoere.com.br\/wp-content\/uploads\/2021\/11\/Logo-Ere-1.png\",\"contentUrl\":\"https:\/\/blogdoere.com.br\/wp-content\/uploads\/2021\/11\/Logo-Ere-1.png\",\"width\":1261,\"height\":1330,\"caption\":\"Blog do Er\u00ea\"},\"image\":{\"@id\":\"https:\/\/blogdoere.com.br\/#\/schema\/logo\/image\/\"}},{\"@type\":\"Person\",\"@id\":\"https:\/\/blogdoere.com.br\/#\/schema\/person\/4b56ed2336cb28ae3415ce8ffe56742e\",\"name\":\"Ere\",\"image\":{\"@type\":\"ImageObject\",\"inLanguage\":\"pt-PT\",\"@id\":\"https:\/\/blogdoere.com.br\/#\/schema\/person\/image\/\",\"url\":\"https:\/\/secure.gravatar.com\/avatar\/?s=96&d=mm&r=g\",\"contentUrl\":\"https:\/\/secure.gravatar.com\/avatar\/?s=96&d=mm&r=g\",\"caption\":\"Ere\"}}]}<\/script>\n<!-- \/ Yoast SEO plugin. -->","yoast_head_json":{"title":"ITAJU\u00cdPE: FESTA JUBILAR, 90 ANOS DA PAR\u00d3QUIA. - blog do er\u00ea","robots":{"index":"index","follow":"follow","max-snippet":"max-snippet:-1","max-image-preview":"max-image-preview:large","max-video-preview":"max-video-preview:-1"},"canonical":"https:\/\/blogdoere.com.br\/?p=26353","og_locale":"pt_PT","og_type":"article","og_title":"ITAJU\u00cdPE: FESTA JUBILAR, 90 ANOS DA PAR\u00d3QUIA. - blog do er\u00ea","og_description":"A Par\u00f3quia do Sagrado Cora\u00e7\u00e3o de Jesus, ao celebrar 90 anos de evangeliza\u00e7\u00e3o, hist\u00f3ria e consagra\u00e7\u00e3o realizou neste domingo(15), carreata pelas ruas da cidade e crisma de 56 fi\u00e9is na...","og_url":"https:\/\/blogdoere.com.br\/?p=26353","og_site_name":"blog do er\u00ea","article_published_time":"2015-03-16T13:37:00+00:00","og_image":[{"url":"https:\/\/fbcdn-sphotos-a-a.akamaihd.net\/hphotos-ak-xfp1\/v\/t1.0-9\/10639608_953602184651639_3209973206641187426_n.jpg?oh=ffffca22159404be5dc93f5a55fa5bee&amp;oe=55864571&amp;__gda__=1434132472_f181cc4114d5f7e69496b635e5709862"}],"author":"Ere","twitter_card":"summary_large_image","twitter_misc":{"Escrito por":"Ere"},"schema":{"@context":"https:\/\/schema.org","@graph":[{"@type":"Article","@id":"https:\/\/blogdoere.com.br\/?p=26353#article","isPartOf":{"@id":"https:\/\/blogdoere.com.br\/?p=26353"},"author":{"name":"Ere","@id":"https:\/\/blogdoere.com.br\/#\/schema\/person\/4b56ed2336cb28ae3415ce8ffe56742e"},"headline":"ITAJU\u00cdPE: FESTA JUBILAR, 90 ANOS DA PAR\u00d3QUIA.","datePublished":"2015-03-16T13:37:00+00:00","dateModified":"2015-03-16T13:37:00+00:00","mainEntityOfPage":{"@id":"https:\/\/blogdoere.com.br\/?p=26353"},"wordCount":82,"commentCount":0,"publisher":{"@id":"https:\/\/blogdoere.com.br\/#organization"},"articleSection":["Destaques"],"inLanguage":"pt-PT","potentialAction":[{"@type":"CommentAction","name":"Comment","target":["https:\/\/blogdoere.com.br\/?p=26353#respond"]}]},{"@type":"WebPage","@id":"https:\/\/blogdoere.com.br\/?p=26353","url":"https:\/\/blogdoere.com.br\/?p=26353","name":"ITAJU\u00cdPE: FESTA JUBILAR, 90 ANOS DA PAR\u00d3QUIA. - blog do er\u00ea","isPartOf":{"@id":"https:\/\/blogdoere.com.br\/#website"},"datePublished":"2015-03-16T13:37:00+00:00","dateModified":"2015-03-16T13:37:00+00:00","breadcrumb":{"@id":"https:\/\/blogdoere.com.br\/?p=26353#breadcrumb"},"inLanguage":"pt-PT","potentialAction":[{"@type":"ReadAction","target":["https:\/\/blogdoere.com.br\/?p=26353"]}]},{"@type":"BreadcrumbList","@id":"https:\/\/blogdoere.com.br\/?p=26353#breadcrumb","itemListElement":[{"@type":"ListItem","position":1,"name":"In\u00edcio","item":"https:\/\/blogdoere.com.br\/"},{"@type":"ListItem","position":2,"name":"ITAJU\u00cdPE: FESTA JUBILAR, 90 ANOS DA PAR\u00d3QUIA."}]},{"@type":"WebSite","@id":"https:\/\/blogdoere.com.br\/#website","url":"https:\/\/blogdoere.com.br\/","name":"blog do er\u00ea","description":"","publisher":{"@id":"https:\/\/blogdoere.com.br\/#organization"},"potentialAction":[{"@type":"SearchAction","target":{"@type":"EntryPoint","urlTemplate":"https:\/\/blogdoere.com.br\/?s={search_term_string}"},"query-input":"required name=search_term_string"}],"inLanguage":"pt-PT"},{"@type":"Organization","@id":"https:\/\/blogdoere.com.br\/#organization","name":"Blog do Er\u00ea","url":"https:\/\/blogdoere.com.br\/","logo":{"@type":"ImageObject","inLanguage":"pt-PT","@id":"https:\/\/blogdoere.com.br\/#\/schema\/logo\/image\/","url":"https:\/\/blogdoere.com.br\/wp-content\/uploads\/2021\/11\/Logo-Ere-1.png","contentUrl":"https:\/\/blogdoere.com.br\/wp-content\/uploads\/2021\/11\/Logo-Ere-1.png","width":1261,"height":1330,"caption":"Blog do Er\u00ea"},"image":{"@id":"https:\/\/blogdoere.com.br\/#\/schema\/logo\/image\/"}},{"@type":"Person","@id":"https:\/\/blogdoere.com.br\/#\/schema\/person\/4b56ed2336cb28ae3415ce8ffe56742e","name":"Ere","image":{"@type":"ImageObject","inLanguage":"pt-PT","@id":"https:\/\/blogdoere.com.br\/#\/schema\/person\/image\/","url":"https:\/\/secure.gravatar.com\/avatar\/?s=96&d=mm&r=g","contentUrl":"https:\/\/secure.gravatar.com\/avatar\/?s=96&d=mm&r=g","caption":"Ere"}}]}},"featured_image_urls":{"full":"","thumbnail":"","medium":"","medium_large":"","large":"","1536x1536":"","2048x2048":""},"author_info":{"display_name":"Ere","author_link":"https:\/\/blogdoere.com.br\/?author=2"},"category_info":"<a href=\"https:\/\/blogdoere.com.br\/?cat=1\" rel=\"category\">Destaques<\/a>","tag_info":"Destaques","comment_count":"0","_links":{"self":[{"href":"https:\/\/blogdoere.com.br\/index.php?rest_route=\/wp\/v2\/posts\/26353","targetHints":{"allow":["GET"]}}],"collection":[{"href":"https:\/\/blogdoere.com.br\/index.php?rest_route=\/wp\/v2\/posts"}],"about":[{"href":"https:\/\/blogdoere.com.br\/index.php?rest_route=\/wp\/v2\/types\/post"}],"author":[{"embeddable":true,"href":"https:\/\/blogdoere.com.br\/index.php?rest_route=\/wp\/v2\/users\/2"}],"replies":[{"embeddable":true,"href":"https:\/\/blogdoere.com.br\/index.php?rest_route=%2Fwp%2Fv2%2Fcomments&post=26353"}],"version-history":[{"count":0,"href":"https:\/\/blogdoere.com.br\/index.php?rest_route=\/wp\/v2\/posts\/26353\/revisions"}],"wp:attachment":[{"href":"https:\/\/blogdoere.com.br\/index.php?rest_route=%2Fwp%2Fv2%2Fmedia&parent=26353"}],"wp:term":[{"taxonomy":"category","embeddable":true,"href":"https:\/\/blogdoere.com.br\/index.php?rest_route=%2Fwp%2Fv2%2Fcategories&post=26353"},{"taxonomy":"post_tag","embeddable":true,"href":"https:\/\/blogdoere.com.br\/index.php?rest_route=%2Fwp%2Fv2%2Ftags&post=26353"}],"curies":[{"name":"wp","href":"https:\/\/api.w.org\/{rel}","templated":true}]}}