{"id":26357,"date":"2015-03-11T14:31:00","date_gmt":"2015-03-11T14:31:00","guid":{"rendered":"http:\/\/blogdoere.com.br\/?p=26357"},"modified":"2015-03-11T14:31:00","modified_gmt":"2015-03-11T14:31:00","slug":"dias-toffoli-deve-presidir-julgamentos-de-politicos-envolvidos-na-lava-jato","status":"publish","type":"post","link":"https:\/\/blogdoere.com.br\/?p=26357","title":{"rendered":"DIAS TOFFOLI DEVE PRESIDIR JULGAMENTOS DE POL\u00cdTICOS ENVOLVIDOS NA LAVA JATO"},"content":{"rendered":"<div style=\"text-align: justify;\"><span style=\"color: #444444; font-family: Tahoma, Geneva, sans-serif; line-height: 18px; text-align: left;\"><br \/><\/span><\/div>\n<div style=\"text-align: justify;\"><span style=\"color: #444444; font-family: Tahoma, Geneva, sans-serif; line-height: 18px; text-align: left;\"><br \/><\/span><\/div>\n<div style=\"text-align: center;\"><img decoding=\"async\" alt=\"Ex-advogado do PT, Dias Toffoli deve presidir julgamentos de pol\u00edticos envolvidos na Lava Jato\" src=\"http:\/\/www.bahianoticias.com.br\/fotos\/principal_noticias\/168898\/xIMAGEM_NOTICIA_5.jpg.pagespeed.ic.rIEOSX0Mc8.jpg\" \/><\/div>\n<div style=\"text-align: justify;\"><span style=\"color: #444444; font-family: Tahoma, Geneva, sans-serif; line-height: 18px; text-align: left;\"><br \/><\/span><\/div>\n<div style=\"text-align: justify;\"><span style=\"color: #444444; font-family: Tahoma, Geneva, sans-serif; line-height: 18px; text-align: left;\">Para suprir a falta do 11\u00ba integrante do Supremo Tribunal Federal, ainda n\u00e3o indicado pela presidente Dilma Rousseff (PT), o ministro Dias Toffoli se disp\u00f4s a compor a Segunda Turma da corte, respons\u00e1vel pelos julgamentos dos pol\u00edticos envolvidos no esquema de corrup\u00e7\u00e3o na Petrobras, revelado pela Opera\u00e7\u00e3o Lava Jato da Pol\u00edcia Federal. A formaliza\u00e7\u00e3o da proposta de Toffoli ocorreu na noite desta ter\u00e7a-feira (10), ap\u00f3s sugest\u00e3o do ministro Gilmar Mendes para que houvesse transfer\u00eancia de um nome da Primeira para a Segunda Turma, de modo a evitar empates nas vota\u00e7\u00f5es. &#8220;Estamos h\u00e1 quase oito meses com a composi\u00e7\u00e3o incompleta, o que afeta o funcionamento do tribunal, especialmente neste momento. Essa composi\u00e7\u00e3o incompleta apresenta inconvenientes, especialmente agora, que come\u00e7aremos a analisar in\u00fameros inqu\u00e9ritos nesta turma&#8221;, explicou Mendes. O requerimento de transfer\u00eancia de Toffoli foi encaminhado ao presidente do STF, Ricardo Lewandowski. Os demais integrantes da Segunda Turma s\u00e3o Teori Zavascki, Celso de Mello, Gilmar Mendes e C\u00e1rmen L\u00facia. Antes de assumir a vaga deixada pelo&nbsp;falecimento do ministro Carlos Alberto Menezes Direito, Toffoli atuou como advogado eleitoral do Partido dos Trabalhadores e como assessor da Casa Civil no governo Lula. Sua indica\u00e7\u00e3o ao STF pelo presidente Lula foi alvo de cr\u00edticas dos partidos de oposi\u00e7\u00e3o, sob a acusa\u00e7\u00e3o de que atuaria na corte em favor do governo petista. Agora, \u00e0 frente da Segunda Turma o ministro presidir\u00e1 inqu\u00e9ritos contra pol\u00edticos do PT, PMDB, PP, PSDB e PTB.<\/span><\/div>\n","protected":false},"excerpt":{"rendered":"<p>Para suprir a falta do 11\u00ba integrante do Supremo Tribunal Federal, ainda n\u00e3o indicado pela presidente Dilma Rousseff (PT), o ministro Dias Toffoli se disp\u00f4s a compor a Segunda Turma&#8230;<\/p>\n","protected":false},"author":2,"featured_media":0,"comment_status":"open","ping_status":"open","sticky":false,"template":"","format":"standard","meta":{"_editorskit_title_hidden":false,"_editorskit_reading_time":0,"_editorskit_is_block_options_detached":false,"_editorskit_block_options_position":"{}","om_disable_all_campaigns":false,"_mi_skip_tracking":false,"_kad_post_transparent":"","_kad_post_title":"","_kad_post_layout":"","_kad_post_sidebar_id":"","_kad_post_content_style":"","_kad_post_vertical_padding":"","_kad_post_feature":"","_kad_post_feature_position":"","_kad_post_header":false,"_kad_post_footer":false,"footnotes":""},"categories":[1],"tags":[],"class_list":["post-26357","post","type-post","status-publish","format-standard","hentry","category-destaques"],"yoast_head":"<!-- This site is optimized with the Yoast SEO plugin v20.5 - https:\/\/yoast.com\/wordpress\/plugins\/seo\/ -->\n<title>DIAS TOFFOLI DEVE PRESIDIR JULGAMENTOS DE POL\u00cdTICOS ENVOLVIDOS NA LAVA JATO - blog do er\u00ea<\/title>\n<meta name=\"robots\" content=\"index, follow, max-snippet:-1, max-image-preview:large, max-video-preview:-1\" \/>\n<link rel=\"canonical\" href=\"https:\/\/blogdoere.com.br\/?p=26357\" \/>\n<meta property=\"og:locale\" content=\"pt_PT\" \/>\n<meta property=\"og:type\" content=\"article\" \/>\n<meta property=\"og:title\" content=\"DIAS TOFFOLI DEVE PRESIDIR JULGAMENTOS DE POL\u00cdTICOS ENVOLVIDOS NA LAVA JATO - blog do er\u00ea\" \/>\n<meta property=\"og:description\" content=\"Para suprir a falta do 11\u00ba integrante do Supremo Tribunal Federal, ainda n\u00e3o indicado pela presidente Dilma Rousseff (PT), o ministro Dias Toffoli se disp\u00f4s a compor a Segunda Turma...\" \/>\n<meta property=\"og:url\" content=\"https:\/\/blogdoere.com.br\/?p=26357\" \/>\n<meta property=\"og:site_name\" content=\"blog do er\u00ea\" \/>\n<meta property=\"article:published_time\" content=\"2015-03-11T14:31:00+00:00\" \/>\n<meta property=\"og:image\" content=\"http:\/\/www.bahianoticias.com.br\/fotos\/principal_noticias\/168898\/xIMAGEM_NOTICIA_5.jpg.pagespeed.ic.rIEOSX0Mc8.jpg\" \/>\n<meta name=\"author\" content=\"Ere\" \/>\n<meta name=\"twitter:card\" content=\"summary_large_image\" \/>\n<meta name=\"twitter:label1\" content=\"Escrito por\" \/>\n\t<meta name=\"twitter:data1\" content=\"Ere\" \/>\n\t<meta name=\"twitter:label2\" content=\"Tempo estimado de leitura\" \/>\n\t<meta name=\"twitter:data2\" content=\"1 minuto\" \/>\n<script type=\"application\/ld+json\" class=\"yoast-schema-graph\">{\"@context\":\"https:\/\/schema.org\",\"@graph\":[{\"@type\":\"Article\",\"@id\":\"https:\/\/blogdoere.com.br\/?p=26357#article\",\"isPartOf\":{\"@id\":\"https:\/\/blogdoere.com.br\/?p=26357\"},\"author\":{\"name\":\"Ere\",\"@id\":\"https:\/\/blogdoere.com.br\/#\/schema\/person\/4b56ed2336cb28ae3415ce8ffe56742e\"},\"headline\":\"DIAS TOFFOLI DEVE PRESIDIR JULGAMENTOS DE POL\u00cdTICOS ENVOLVIDOS NA LAVA JATO\",\"datePublished\":\"2015-03-11T14:31:00+00:00\",\"dateModified\":\"2015-03-11T14:31:00+00:00\",\"mainEntityOfPage\":{\"@id\":\"https:\/\/blogdoere.com.br\/?p=26357\"},\"wordCount\":274,\"commentCount\":0,\"publisher\":{\"@id\":\"https:\/\/blogdoere.com.br\/#organization\"},\"articleSection\":[\"Destaques\"],\"inLanguage\":\"pt-PT\",\"potentialAction\":[{\"@type\":\"CommentAction\",\"name\":\"Comment\",\"target\":[\"https:\/\/blogdoere.com.br\/?p=26357#respond\"]}]},{\"@type\":\"WebPage\",\"@id\":\"https:\/\/blogdoere.com.br\/?p=26357\",\"url\":\"https:\/\/blogdoere.com.br\/?p=26357\",\"name\":\"DIAS TOFFOLI DEVE PRESIDIR JULGAMENTOS DE POL\u00cdTICOS ENVOLVIDOS NA LAVA JATO - blog do er\u00ea\",\"isPartOf\":{\"@id\":\"https:\/\/blogdoere.com.br\/#website\"},\"datePublished\":\"2015-03-11T14:31:00+00:00\",\"dateModified\":\"2015-03-11T14:31:00+00:00\",\"breadcrumb\":{\"@id\":\"https:\/\/blogdoere.com.br\/?p=26357#breadcrumb\"},\"inLanguage\":\"pt-PT\",\"potentialAction\":[{\"@type\":\"ReadAction\",\"target\":[\"https:\/\/blogdoere.com.br\/?p=26357\"]}]},{\"@type\":\"BreadcrumbList\",\"@id\":\"https:\/\/blogdoere.com.br\/?p=26357#breadcrumb\",\"itemListElement\":[{\"@type\":\"ListItem\",\"position\":1,\"name\":\"In\u00edcio\",\"item\":\"https:\/\/blogdoere.com.br\/\"},{\"@type\":\"ListItem\",\"position\":2,\"name\":\"DIAS TOFFOLI DEVE PRESIDIR JULGAMENTOS DE POL\u00cdTICOS ENVOLVIDOS NA LAVA JATO\"}]},{\"@type\":\"WebSite\",\"@id\":\"https:\/\/blogdoere.com.br\/#website\",\"url\":\"https:\/\/blogdoere.com.br\/\",\"name\":\"blog do er\u00ea\",\"description\":\"\",\"publisher\":{\"@id\":\"https:\/\/blogdoere.com.br\/#organization\"},\"potentialAction\":[{\"@type\":\"SearchAction\",\"target\":{\"@type\":\"EntryPoint\",\"urlTemplate\":\"https:\/\/blogdoere.com.br\/?s={search_term_string}\"},\"query-input\":\"required name=search_term_string\"}],\"inLanguage\":\"pt-PT\"},{\"@type\":\"Organization\",\"@id\":\"https:\/\/blogdoere.com.br\/#organization\",\"name\":\"Blog do Er\u00ea\",\"url\":\"https:\/\/blogdoere.com.br\/\",\"logo\":{\"@type\":\"ImageObject\",\"inLanguage\":\"pt-PT\",\"@id\":\"https:\/\/blogdoere.com.br\/#\/schema\/logo\/image\/\",\"url\":\"https:\/\/blogdoere.com.br\/wp-content\/uploads\/2021\/11\/Logo-Ere-1.png\",\"contentUrl\":\"https:\/\/blogdoere.com.br\/wp-content\/uploads\/2021\/11\/Logo-Ere-1.png\",\"width\":1261,\"height\":1330,\"caption\":\"Blog do Er\u00ea\"},\"image\":{\"@id\":\"https:\/\/blogdoere.com.br\/#\/schema\/logo\/image\/\"}},{\"@type\":\"Person\",\"@id\":\"https:\/\/blogdoere.com.br\/#\/schema\/person\/4b56ed2336cb28ae3415ce8ffe56742e\",\"name\":\"Ere\",\"image\":{\"@type\":\"ImageObject\",\"inLanguage\":\"pt-PT\",\"@id\":\"https:\/\/blogdoere.com.br\/#\/schema\/person\/image\/\",\"url\":\"https:\/\/secure.gravatar.com\/avatar\/?s=96&d=mm&r=g\",\"contentUrl\":\"https:\/\/secure.gravatar.com\/avatar\/?s=96&d=mm&r=g\",\"caption\":\"Ere\"}}]}<\/script>\n<!-- \/ Yoast SEO plugin. -->","yoast_head_json":{"title":"DIAS TOFFOLI DEVE PRESIDIR JULGAMENTOS DE POL\u00cdTICOS ENVOLVIDOS NA LAVA JATO - blog do er\u00ea","robots":{"index":"index","follow":"follow","max-snippet":"max-snippet:-1","max-image-preview":"max-image-preview:large","max-video-preview":"max-video-preview:-1"},"canonical":"https:\/\/blogdoere.com.br\/?p=26357","og_locale":"pt_PT","og_type":"article","og_title":"DIAS TOFFOLI DEVE PRESIDIR JULGAMENTOS DE POL\u00cdTICOS ENVOLVIDOS NA LAVA JATO - blog do er\u00ea","og_description":"Para suprir a falta do 11\u00ba integrante do Supremo Tribunal Federal, ainda n\u00e3o indicado pela presidente Dilma Rousseff (PT), o ministro Dias Toffoli se disp\u00f4s a compor a Segunda Turma...","og_url":"https:\/\/blogdoere.com.br\/?p=26357","og_site_name":"blog do er\u00ea","article_published_time":"2015-03-11T14:31:00+00:00","og_image":[{"url":"http:\/\/www.bahianoticias.com.br\/fotos\/principal_noticias\/168898\/xIMAGEM_NOTICIA_5.jpg.pagespeed.ic.rIEOSX0Mc8.jpg"}],"author":"Ere","twitter_card":"summary_large_image","twitter_misc":{"Escrito por":"Ere","Tempo estimado de leitura":"1 minuto"},"schema":{"@context":"https:\/\/schema.org","@graph":[{"@type":"Article","@id":"https:\/\/blogdoere.com.br\/?p=26357#article","isPartOf":{"@id":"https:\/\/blogdoere.com.br\/?p=26357"},"author":{"name":"Ere","@id":"https:\/\/blogdoere.com.br\/#\/schema\/person\/4b56ed2336cb28ae3415ce8ffe56742e"},"headline":"DIAS TOFFOLI DEVE PRESIDIR JULGAMENTOS DE POL\u00cdTICOS ENVOLVIDOS NA LAVA JATO","datePublished":"2015-03-11T14:31:00+00:00","dateModified":"2015-03-11T14:31:00+00:00","mainEntityOfPage":{"@id":"https:\/\/blogdoere.com.br\/?p=26357"},"wordCount":274,"commentCount":0,"publisher":{"@id":"https:\/\/blogdoere.com.br\/#organization"},"articleSection":["Destaques"],"inLanguage":"pt-PT","potentialAction":[{"@type":"CommentAction","name":"Comment","target":["https:\/\/blogdoere.com.br\/?p=26357#respond"]}]},{"@type":"WebPage","@id":"https:\/\/blogdoere.com.br\/?p=26357","url":"https:\/\/blogdoere.com.br\/?p=26357","name":"DIAS TOFFOLI DEVE PRESIDIR JULGAMENTOS DE POL\u00cdTICOS ENVOLVIDOS NA LAVA JATO - blog do er\u00ea","isPartOf":{"@id":"https:\/\/blogdoere.com.br\/#website"},"datePublished":"2015-03-11T14:31:00+00:00","dateModified":"2015-03-11T14:31:00+00:00","breadcrumb":{"@id":"https:\/\/blogdoere.com.br\/?p=26357#breadcrumb"},"inLanguage":"pt-PT","potentialAction":[{"@type":"ReadAction","target":["https:\/\/blogdoere.com.br\/?p=26357"]}]},{"@type":"BreadcrumbList","@id":"https:\/\/blogdoere.com.br\/?p=26357#breadcrumb","itemListElement":[{"@type":"ListItem","position":1,"name":"In\u00edcio","item":"https:\/\/blogdoere.com.br\/"},{"@type":"ListItem","position":2,"name":"DIAS TOFFOLI DEVE PRESIDIR JULGAMENTOS DE POL\u00cdTICOS ENVOLVIDOS NA LAVA JATO"}]},{"@type":"WebSite","@id":"https:\/\/blogdoere.com.br\/#website","url":"https:\/\/blogdoere.com.br\/","name":"blog do er\u00ea","description":"","publisher":{"@id":"https:\/\/blogdoere.com.br\/#organization"},"potentialAction":[{"@type":"SearchAction","target":{"@type":"EntryPoint","urlTemplate":"https:\/\/blogdoere.com.br\/?s={search_term_string}"},"query-input":"required name=search_term_string"}],"inLanguage":"pt-PT"},{"@type":"Organization","@id":"https:\/\/blogdoere.com.br\/#organization","name":"Blog do Er\u00ea","url":"https:\/\/blogdoere.com.br\/","logo":{"@type":"ImageObject","inLanguage":"pt-PT","@id":"https:\/\/blogdoere.com.br\/#\/schema\/logo\/image\/","url":"https:\/\/blogdoere.com.br\/wp-content\/uploads\/2021\/11\/Logo-Ere-1.png","contentUrl":"https:\/\/blogdoere.com.br\/wp-content\/uploads\/2021\/11\/Logo-Ere-1.png","width":1261,"height":1330,"caption":"Blog do Er\u00ea"},"image":{"@id":"https:\/\/blogdoere.com.br\/#\/schema\/logo\/image\/"}},{"@type":"Person","@id":"https:\/\/blogdoere.com.br\/#\/schema\/person\/4b56ed2336cb28ae3415ce8ffe56742e","name":"Ere","image":{"@type":"ImageObject","inLanguage":"pt-PT","@id":"https:\/\/blogdoere.com.br\/#\/schema\/person\/image\/","url":"https:\/\/secure.gravatar.com\/avatar\/?s=96&d=mm&r=g","contentUrl":"https:\/\/secure.gravatar.com\/avatar\/?s=96&d=mm&r=g","caption":"Ere"}}]}},"featured_image_urls":{"full":"","thumbnail":"","medium":"","medium_large":"","large":"","1536x1536":"","2048x2048":""},"author_info":{"display_name":"Ere","author_link":"https:\/\/blogdoere.com.br\/?author=2"},"category_info":"<a href=\"https:\/\/blogdoere.com.br\/?cat=1\" rel=\"category\">Destaques<\/a>","tag_info":"Destaques","comment_count":"0","_links":{"self":[{"href":"https:\/\/blogdoere.com.br\/index.php?rest_route=\/wp\/v2\/posts\/26357","targetHints":{"allow":["GET"]}}],"collection":[{"href":"https:\/\/blogdoere.com.br\/index.php?rest_route=\/wp\/v2\/posts"}],"about":[{"href":"https:\/\/blogdoere.com.br\/index.php?rest_route=\/wp\/v2\/types\/post"}],"author":[{"embeddable":true,"href":"https:\/\/blogdoere.com.br\/index.php?rest_route=\/wp\/v2\/users\/2"}],"replies":[{"embeddable":true,"href":"https:\/\/blogdoere.com.br\/index.php?rest_route=%2Fwp%2Fv2%2Fcomments&post=26357"}],"version-history":[{"count":0,"href":"https:\/\/blogdoere.com.br\/index.php?rest_route=\/wp\/v2\/posts\/26357\/revisions"}],"wp:attachment":[{"href":"https:\/\/blogdoere.com.br\/index.php?rest_route=%2Fwp%2Fv2%2Fmedia&parent=26357"}],"wp:term":[{"taxonomy":"category","embeddable":true,"href":"https:\/\/blogdoere.com.br\/index.php?rest_route=%2Fwp%2Fv2%2Fcategories&post=26357"},{"taxonomy":"post_tag","embeddable":true,"href":"https:\/\/blogdoere.com.br\/index.php?rest_route=%2Fwp%2Fv2%2Ftags&post=26357"}],"curies":[{"name":"wp","href":"https:\/\/api.w.org\/{rel}","templated":true}]}}