{"id":26358,"date":"2015-03-11T14:26:00","date_gmt":"2015-03-11T14:26:00","guid":{"rendered":"http:\/\/blogdoere.com.br\/?p=26358"},"modified":"2015-03-11T14:26:00","modified_gmt":"2015-03-11T14:26:00","slug":"deputado-pede-saida-de-negromonte-do-tcm-colocaram-um-bandido-no-tribunal-de-contas","status":"publish","type":"post","link":"https:\/\/blogdoere.com.br\/?p=26358","title":{"rendered":"DEPUTADO PEDE SA\u00cdDA DE NEGROMONTE DO TCM: &#8216;COLOCARAM UM BANDIDO NO TRIBUNAL DE CONTAS&#8217;"},"content":{"rendered":"<div style=\"text-align: center;\"><img decoding=\"async\" alt=\"Deputado pede sa\u00edda de Negromonte do TCM: 'colocaram um bandido no Tribunal de Contas'\" src=\"http:\/\/www.bahianoticias.com.br\/fotos\/principal_noticias\/168902\/xIMAGEM_NOTICIA_5.jpg.pagespeed.ic.Q1-7H9t8po.jpg\" \/><\/div>\n<div style=\"text-align: center;\"><\/div>\n<div style=\"text-align: center;\"><span style=\"color: #444444; font-family: Tahoma, Geneva, sans-serif; font-size: 12.222222328186035px; line-height: 18px; text-align: left;\"><br \/><\/span><\/div>\n<div style=\"text-align: justify;\"><span style=\"text-align: left;\"><span style=\"color: #444444; font-family: Tahoma, Geneva, sans-serif;\"><span style=\"font-size: 12.222222328186035px; line-height: 18px;\">Impossibilitado de ir \u00e0 tribuna da Assembleia Legislativa da Bahia (Al-Ba) por conta de uma&nbsp;<\/span><span style=\"font-size: 12px; line-height: 18px;\">cirurgia<\/span><span style=\"font-size: 12.222222328186035px; line-height: 18px;\">&nbsp;realizada no cora\u00e7\u00e3o, o&nbsp;deputado Estadual Targino Machado (DEM) escreveu um artigo, na internet, em que pede a sa\u00edda de conselheiro M\u00e1rio Negromonte, investigado na Opera\u00e7\u00e3o Lava Jato, do Tribunal de Contas dos Munic\u00edpios da Bahia (TCM-BA). No artigo, o Machado lembra que foi o \u00fanico deputado &#8220;a se pronunciar contr\u00e1rio&#8221; \u00e0 indica\u00e7\u00e3o de Negromonte, pelo ent\u00e3o governador Jaques Wagner, para compor a corte. &#8220;Cheguei a chamar a aten\u00e7\u00e3o dos senhores deputados, que seria como nomear vampiro para administrar banco de sangue. Fui voto vencido. Nomearam raposa para tomar conta de galinheiro&#8221;, escreveu. Negromonte \u00e9 chamado de &#8220;bandido&#8221; e acusado de achacar prefeitos &#8220;para vender pareceres favor\u00e1veis \u00e0 aprova\u00e7\u00e3o das suas contas&#8221;. O conselheiro do TCM \u00e9 investigado pela Pol\u00edcia Federal por envolvimento no esquema de corrup\u00e7\u00e3o na Petrobras, descoberto pela Opera\u00e7\u00e3o Lava Jato. Em resposta, o conselheiro criticou o tom verborr\u00e1gico do deputado. &#8221; Todos da Bahia conhecem o car\u00e1ter e a vida pregressa do deputado Targino Machado. O que ele est\u00e1 falando a meu respeito, vai ter que provar na Justi\u00e7a&#8221;, rebateu.<\/span><\/span><\/span><\/div>\n","protected":false},"excerpt":{"rendered":"<p>Impossibilitado de ir \u00e0 tribuna da Assembleia Legislativa da Bahia (Al-Ba) por conta de uma&nbsp;cirurgia&nbsp;realizada no cora\u00e7\u00e3o, o&nbsp;deputado Estadual Targino Machado (DEM) escreveu um artigo, na internet, em que pede&#8230;<\/p>\n","protected":false},"author":2,"featured_media":0,"comment_status":"open","ping_status":"open","sticky":false,"template":"","format":"standard","meta":{"_editorskit_title_hidden":false,"_editorskit_reading_time":0,"_editorskit_is_block_options_detached":false,"_editorskit_block_options_position":"{}","om_disable_all_campaigns":false,"_mi_skip_tracking":false,"_kad_post_transparent":"","_kad_post_title":"","_kad_post_layout":"","_kad_post_sidebar_id":"","_kad_post_content_style":"","_kad_post_vertical_padding":"","_kad_post_feature":"","_kad_post_feature_position":"","_kad_post_header":false,"_kad_post_footer":false,"footnotes":""},"categories":[1],"tags":[],"class_list":["post-26358","post","type-post","status-publish","format-standard","hentry","category-destaques"],"yoast_head":"<!-- This site is optimized with the Yoast SEO plugin v20.5 - https:\/\/yoast.com\/wordpress\/plugins\/seo\/ -->\n<title>DEPUTADO PEDE SA\u00cdDA DE NEGROMONTE DO TCM: &#039;COLOCARAM UM BANDIDO NO TRIBUNAL DE CONTAS&#039; - blog do er\u00ea<\/title>\n<meta name=\"robots\" content=\"index, follow, max-snippet:-1, max-image-preview:large, max-video-preview:-1\" \/>\n<link rel=\"canonical\" href=\"https:\/\/blogdoere.com.br\/?p=26358\" \/>\n<meta property=\"og:locale\" content=\"pt_PT\" \/>\n<meta property=\"og:type\" content=\"article\" \/>\n<meta property=\"og:title\" content=\"DEPUTADO PEDE SA\u00cdDA DE NEGROMONTE DO TCM: &#039;COLOCARAM UM BANDIDO NO TRIBUNAL DE CONTAS&#039; - blog do er\u00ea\" \/>\n<meta property=\"og:description\" content=\"Impossibilitado de ir \u00e0 tribuna da Assembleia Legislativa da Bahia (Al-Ba) por conta de uma&nbsp;cirurgia&nbsp;realizada no cora\u00e7\u00e3o, o&nbsp;deputado Estadual Targino Machado (DEM) escreveu um artigo, na internet, em que pede...\" \/>\n<meta property=\"og:url\" content=\"https:\/\/blogdoere.com.br\/?p=26358\" \/>\n<meta property=\"og:site_name\" content=\"blog do er\u00ea\" \/>\n<meta property=\"article:published_time\" content=\"2015-03-11T14:26:00+00:00\" \/>\n<meta property=\"og:image\" content=\"http:\/\/www.bahianoticias.com.br\/fotos\/principal_noticias\/168902\/xIMAGEM_NOTICIA_5.jpg.pagespeed.ic.Q1-7H9t8po.jpg\" \/>\n<meta name=\"author\" content=\"Ere\" \/>\n<meta name=\"twitter:card\" content=\"summary_large_image\" \/>\n<meta name=\"twitter:label1\" content=\"Escrito por\" \/>\n\t<meta name=\"twitter:data1\" content=\"Ere\" \/>\n\t<meta name=\"twitter:label2\" content=\"Tempo estimado de leitura\" \/>\n\t<meta name=\"twitter:data2\" content=\"1 minuto\" \/>\n<script type=\"application\/ld+json\" class=\"yoast-schema-graph\">{\"@context\":\"https:\/\/schema.org\",\"@graph\":[{\"@type\":\"Article\",\"@id\":\"https:\/\/blogdoere.com.br\/?p=26358#article\",\"isPartOf\":{\"@id\":\"https:\/\/blogdoere.com.br\/?p=26358\"},\"author\":{\"name\":\"Ere\",\"@id\":\"https:\/\/blogdoere.com.br\/#\/schema\/person\/4b56ed2336cb28ae3415ce8ffe56742e\"},\"headline\":\"DEPUTADO PEDE SA\u00cdDA DE NEGROMONTE DO TCM: &#8216;COLOCARAM UM BANDIDO NO TRIBUNAL DE CONTAS&#8217;\",\"datePublished\":\"2015-03-11T14:26:00+00:00\",\"dateModified\":\"2015-03-11T14:26:00+00:00\",\"mainEntityOfPage\":{\"@id\":\"https:\/\/blogdoere.com.br\/?p=26358\"},\"wordCount\":219,\"commentCount\":0,\"publisher\":{\"@id\":\"https:\/\/blogdoere.com.br\/#organization\"},\"articleSection\":[\"Destaques\"],\"inLanguage\":\"pt-PT\",\"potentialAction\":[{\"@type\":\"CommentAction\",\"name\":\"Comment\",\"target\":[\"https:\/\/blogdoere.com.br\/?p=26358#respond\"]}]},{\"@type\":\"WebPage\",\"@id\":\"https:\/\/blogdoere.com.br\/?p=26358\",\"url\":\"https:\/\/blogdoere.com.br\/?p=26358\",\"name\":\"DEPUTADO PEDE SA\u00cdDA DE NEGROMONTE DO TCM: 'COLOCARAM UM BANDIDO NO TRIBUNAL DE CONTAS' - blog do er\u00ea\",\"isPartOf\":{\"@id\":\"https:\/\/blogdoere.com.br\/#website\"},\"datePublished\":\"2015-03-11T14:26:00+00:00\",\"dateModified\":\"2015-03-11T14:26:00+00:00\",\"breadcrumb\":{\"@id\":\"https:\/\/blogdoere.com.br\/?p=26358#breadcrumb\"},\"inLanguage\":\"pt-PT\",\"potentialAction\":[{\"@type\":\"ReadAction\",\"target\":[\"https:\/\/blogdoere.com.br\/?p=26358\"]}]},{\"@type\":\"BreadcrumbList\",\"@id\":\"https:\/\/blogdoere.com.br\/?p=26358#breadcrumb\",\"itemListElement\":[{\"@type\":\"ListItem\",\"position\":1,\"name\":\"In\u00edcio\",\"item\":\"https:\/\/blogdoere.com.br\/\"},{\"@type\":\"ListItem\",\"position\":2,\"name\":\"DEPUTADO PEDE SA\u00cdDA DE NEGROMONTE DO TCM: &#8216;COLOCARAM UM BANDIDO NO TRIBUNAL DE CONTAS&#8217;\"}]},{\"@type\":\"WebSite\",\"@id\":\"https:\/\/blogdoere.com.br\/#website\",\"url\":\"https:\/\/blogdoere.com.br\/\",\"name\":\"blog do er\u00ea\",\"description\":\"\",\"publisher\":{\"@id\":\"https:\/\/blogdoere.com.br\/#organization\"},\"potentialAction\":[{\"@type\":\"SearchAction\",\"target\":{\"@type\":\"EntryPoint\",\"urlTemplate\":\"https:\/\/blogdoere.com.br\/?s={search_term_string}\"},\"query-input\":\"required name=search_term_string\"}],\"inLanguage\":\"pt-PT\"},{\"@type\":\"Organization\",\"@id\":\"https:\/\/blogdoere.com.br\/#organization\",\"name\":\"Blog do Er\u00ea\",\"url\":\"https:\/\/blogdoere.com.br\/\",\"logo\":{\"@type\":\"ImageObject\",\"inLanguage\":\"pt-PT\",\"@id\":\"https:\/\/blogdoere.com.br\/#\/schema\/logo\/image\/\",\"url\":\"https:\/\/blogdoere.com.br\/wp-content\/uploads\/2021\/11\/Logo-Ere-1.png\",\"contentUrl\":\"https:\/\/blogdoere.com.br\/wp-content\/uploads\/2021\/11\/Logo-Ere-1.png\",\"width\":1261,\"height\":1330,\"caption\":\"Blog do Er\u00ea\"},\"image\":{\"@id\":\"https:\/\/blogdoere.com.br\/#\/schema\/logo\/image\/\"}},{\"@type\":\"Person\",\"@id\":\"https:\/\/blogdoere.com.br\/#\/schema\/person\/4b56ed2336cb28ae3415ce8ffe56742e\",\"name\":\"Ere\",\"image\":{\"@type\":\"ImageObject\",\"inLanguage\":\"pt-PT\",\"@id\":\"https:\/\/blogdoere.com.br\/#\/schema\/person\/image\/\",\"url\":\"https:\/\/secure.gravatar.com\/avatar\/?s=96&d=mm&r=g\",\"contentUrl\":\"https:\/\/secure.gravatar.com\/avatar\/?s=96&d=mm&r=g\",\"caption\":\"Ere\"}}]}<\/script>\n<!-- \/ Yoast SEO plugin. -->","yoast_head_json":{"title":"DEPUTADO PEDE SA\u00cdDA DE NEGROMONTE DO TCM: 'COLOCARAM UM BANDIDO NO TRIBUNAL DE CONTAS' - blog do er\u00ea","robots":{"index":"index","follow":"follow","max-snippet":"max-snippet:-1","max-image-preview":"max-image-preview:large","max-video-preview":"max-video-preview:-1"},"canonical":"https:\/\/blogdoere.com.br\/?p=26358","og_locale":"pt_PT","og_type":"article","og_title":"DEPUTADO PEDE SA\u00cdDA DE NEGROMONTE DO TCM: 'COLOCARAM UM BANDIDO NO TRIBUNAL DE CONTAS' - blog do er\u00ea","og_description":"Impossibilitado de ir \u00e0 tribuna da Assembleia Legislativa da Bahia (Al-Ba) por conta de uma&nbsp;cirurgia&nbsp;realizada no cora\u00e7\u00e3o, o&nbsp;deputado Estadual Targino Machado (DEM) escreveu um artigo, na internet, em que pede...","og_url":"https:\/\/blogdoere.com.br\/?p=26358","og_site_name":"blog do er\u00ea","article_published_time":"2015-03-11T14:26:00+00:00","og_image":[{"url":"http:\/\/www.bahianoticias.com.br\/fotos\/principal_noticias\/168902\/xIMAGEM_NOTICIA_5.jpg.pagespeed.ic.Q1-7H9t8po.jpg"}],"author":"Ere","twitter_card":"summary_large_image","twitter_misc":{"Escrito por":"Ere","Tempo estimado de leitura":"1 minuto"},"schema":{"@context":"https:\/\/schema.org","@graph":[{"@type":"Article","@id":"https:\/\/blogdoere.com.br\/?p=26358#article","isPartOf":{"@id":"https:\/\/blogdoere.com.br\/?p=26358"},"author":{"name":"Ere","@id":"https:\/\/blogdoere.com.br\/#\/schema\/person\/4b56ed2336cb28ae3415ce8ffe56742e"},"headline":"DEPUTADO PEDE SA\u00cdDA DE NEGROMONTE DO TCM: &#8216;COLOCARAM UM BANDIDO NO TRIBUNAL DE CONTAS&#8217;","datePublished":"2015-03-11T14:26:00+00:00","dateModified":"2015-03-11T14:26:00+00:00","mainEntityOfPage":{"@id":"https:\/\/blogdoere.com.br\/?p=26358"},"wordCount":219,"commentCount":0,"publisher":{"@id":"https:\/\/blogdoere.com.br\/#organization"},"articleSection":["Destaques"],"inLanguage":"pt-PT","potentialAction":[{"@type":"CommentAction","name":"Comment","target":["https:\/\/blogdoere.com.br\/?p=26358#respond"]}]},{"@type":"WebPage","@id":"https:\/\/blogdoere.com.br\/?p=26358","url":"https:\/\/blogdoere.com.br\/?p=26358","name":"DEPUTADO PEDE SA\u00cdDA DE NEGROMONTE DO TCM: 'COLOCARAM UM BANDIDO NO TRIBUNAL DE CONTAS' - blog do er\u00ea","isPartOf":{"@id":"https:\/\/blogdoere.com.br\/#website"},"datePublished":"2015-03-11T14:26:00+00:00","dateModified":"2015-03-11T14:26:00+00:00","breadcrumb":{"@id":"https:\/\/blogdoere.com.br\/?p=26358#breadcrumb"},"inLanguage":"pt-PT","potentialAction":[{"@type":"ReadAction","target":["https:\/\/blogdoere.com.br\/?p=26358"]}]},{"@type":"BreadcrumbList","@id":"https:\/\/blogdoere.com.br\/?p=26358#breadcrumb","itemListElement":[{"@type":"ListItem","position":1,"name":"In\u00edcio","item":"https:\/\/blogdoere.com.br\/"},{"@type":"ListItem","position":2,"name":"DEPUTADO PEDE SA\u00cdDA DE NEGROMONTE DO TCM: &#8216;COLOCARAM UM BANDIDO NO TRIBUNAL DE CONTAS&#8217;"}]},{"@type":"WebSite","@id":"https:\/\/blogdoere.com.br\/#website","url":"https:\/\/blogdoere.com.br\/","name":"blog do er\u00ea","description":"","publisher":{"@id":"https:\/\/blogdoere.com.br\/#organization"},"potentialAction":[{"@type":"SearchAction","target":{"@type":"EntryPoint","urlTemplate":"https:\/\/blogdoere.com.br\/?s={search_term_string}"},"query-input":"required name=search_term_string"}],"inLanguage":"pt-PT"},{"@type":"Organization","@id":"https:\/\/blogdoere.com.br\/#organization","name":"Blog do Er\u00ea","url":"https:\/\/blogdoere.com.br\/","logo":{"@type":"ImageObject","inLanguage":"pt-PT","@id":"https:\/\/blogdoere.com.br\/#\/schema\/logo\/image\/","url":"https:\/\/blogdoere.com.br\/wp-content\/uploads\/2021\/11\/Logo-Ere-1.png","contentUrl":"https:\/\/blogdoere.com.br\/wp-content\/uploads\/2021\/11\/Logo-Ere-1.png","width":1261,"height":1330,"caption":"Blog do Er\u00ea"},"image":{"@id":"https:\/\/blogdoere.com.br\/#\/schema\/logo\/image\/"}},{"@type":"Person","@id":"https:\/\/blogdoere.com.br\/#\/schema\/person\/4b56ed2336cb28ae3415ce8ffe56742e","name":"Ere","image":{"@type":"ImageObject","inLanguage":"pt-PT","@id":"https:\/\/blogdoere.com.br\/#\/schema\/person\/image\/","url":"https:\/\/secure.gravatar.com\/avatar\/?s=96&d=mm&r=g","contentUrl":"https:\/\/secure.gravatar.com\/avatar\/?s=96&d=mm&r=g","caption":"Ere"}}]}},"featured_image_urls":{"full":"","thumbnail":"","medium":"","medium_large":"","large":"","1536x1536":"","2048x2048":""},"author_info":{"display_name":"Ere","author_link":"https:\/\/blogdoere.com.br\/?author=2"},"category_info":"<a href=\"https:\/\/blogdoere.com.br\/?cat=1\" rel=\"category\">Destaques<\/a>","tag_info":"Destaques","comment_count":"0","_links":{"self":[{"href":"https:\/\/blogdoere.com.br\/index.php?rest_route=\/wp\/v2\/posts\/26358","targetHints":{"allow":["GET"]}}],"collection":[{"href":"https:\/\/blogdoere.com.br\/index.php?rest_route=\/wp\/v2\/posts"}],"about":[{"href":"https:\/\/blogdoere.com.br\/index.php?rest_route=\/wp\/v2\/types\/post"}],"author":[{"embeddable":true,"href":"https:\/\/blogdoere.com.br\/index.php?rest_route=\/wp\/v2\/users\/2"}],"replies":[{"embeddable":true,"href":"https:\/\/blogdoere.com.br\/index.php?rest_route=%2Fwp%2Fv2%2Fcomments&post=26358"}],"version-history":[{"count":0,"href":"https:\/\/blogdoere.com.br\/index.php?rest_route=\/wp\/v2\/posts\/26358\/revisions"}],"wp:attachment":[{"href":"https:\/\/blogdoere.com.br\/index.php?rest_route=%2Fwp%2Fv2%2Fmedia&parent=26358"}],"wp:term":[{"taxonomy":"category","embeddable":true,"href":"https:\/\/blogdoere.com.br\/index.php?rest_route=%2Fwp%2Fv2%2Fcategories&post=26358"},{"taxonomy":"post_tag","embeddable":true,"href":"https:\/\/blogdoere.com.br\/index.php?rest_route=%2Fwp%2Fv2%2Ftags&post=26358"}],"curies":[{"name":"wp","href":"https:\/\/api.w.org\/{rel}","templated":true}]}}