{"id":26360,"date":"2015-03-04T15:59:00","date_gmt":"2015-03-04T15:59:00","guid":{"rendered":"http:\/\/blogdoere.com.br\/?p=26360"},"modified":"2015-03-04T15:59:00","modified_gmt":"2015-03-04T15:59:00","slug":"rui-costa-prega-seguranca-financeira-em-cafe-da-manha-com-deputados-da-base-do-governo","status":"publish","type":"post","link":"https:\/\/blogdoere.com.br\/?p=26360","title":{"rendered":"RUI COSTA PREGA SEGURAN\u00c7A FINANCEIRA EM CAF\u00c9 DA MANH\u00c3 COM DEPUTADOS DA BASE DO GOVERNO"},"content":{"rendered":"<div style=\"text-align: center;\"><img decoding=\"async\" alt=\"Rui Costa prega seguran\u00e7a financeira em caf\u00e9 da manh\u00e3 com deputados da base do governo\" src=\"http:\/\/www.bahianoticias.com.br\/fotos\/principal_noticias\/168566\/xIMAGEM_NOTICIA_5.jpg.pagespeed.ic.hDWWvXq8g5.jpg\" \/><\/div>\n<div style=\"text-align: center;\"><\/div>\n<div style=\"text-align: center;\"><\/div>\n<div style=\"text-align: justify;\"><span style=\"color: #444444; font-family: Tahoma, Geneva, sans-serif; line-height: 18px; text-align: left;\">O caf\u00e9 da manh\u00e3 do governador Rui Costa (PT) com os deputados da Assembleia Legislativa do Estado da Bahia (AL-BA) teve a presen\u00e7a de 39 deputados que comp\u00f5em a bancada governista na Casa, nesta quarta-feira (4). &#8220;Governador, quero registrar que estamos batendo um recorde na presen\u00e7a dos deputados&#8221;, disse o presidente da AL-BA, Marcelo Nilo (PDT), no sal\u00e3o Ondina do Othon Palace Hotel, em Salvador. Participaram do encontro, o vice-governador Jo\u00e3o Le\u00e3o (PP); o l\u00edder da bancada do governo na AL-BA, deputado Z\u00e9 Neto (PT); e os secret\u00e1rios de Estado, Josias Gomes (PT), C\u00edcero Monteiro, Manoel Vit\u00f3rio e Andr\u00e9 Curvello. O secret\u00e1rio da Fazenda, Manoel Vit\u00f3rio, aproveitou a oportunidade e destacou que recebeu a seguinte determina\u00e7\u00e3o de Rui: &#8220;temos que manter a seguran\u00e7a financeira do Estado&#8221;. O secret\u00e1rio disse que medidas duras est\u00e3o sendo tomadas e que a Bahia j\u00e1 sofre em virtude de alguns setores estarem arrecadando menos. Ainda afirmou que uma &#8220;luz quase vermelha&#8221; est\u00e1 piscando em virtude, por exemplo, do baixo crescimento do ICMS e do IPVA e da retra\u00e7\u00e3o do consumo das fam\u00edlias e destacou a redu\u00e7\u00e3o dos valores referentes \u00e0s transfer\u00eancias de conv\u00eanios. Informa\u00e7\u00f5es BN.<\/span><\/div>\n","protected":false},"excerpt":{"rendered":"<p>O caf\u00e9 da manh\u00e3 do governador Rui Costa (PT) com os deputados da Assembleia Legislativa do Estado da Bahia (AL-BA) teve a presen\u00e7a de 39 deputados que comp\u00f5em a bancada&#8230;<\/p>\n","protected":false},"author":2,"featured_media":0,"comment_status":"open","ping_status":"open","sticky":false,"template":"","format":"standard","meta":{"_editorskit_title_hidden":false,"_editorskit_reading_time":0,"_editorskit_is_block_options_detached":false,"_editorskit_block_options_position":"{}","om_disable_all_campaigns":false,"_mi_skip_tracking":false,"_kad_post_transparent":"","_kad_post_title":"","_kad_post_layout":"","_kad_post_sidebar_id":"","_kad_post_content_style":"","_kad_post_vertical_padding":"","_kad_post_feature":"","_kad_post_feature_position":"","_kad_post_header":false,"_kad_post_footer":false,"footnotes":""},"categories":[1],"tags":[],"class_list":["post-26360","post","type-post","status-publish","format-standard","hentry","category-destaques"],"yoast_head":"<!-- This site is optimized with the Yoast SEO plugin v20.5 - https:\/\/yoast.com\/wordpress\/plugins\/seo\/ -->\n<title>RUI COSTA PREGA SEGURAN\u00c7A FINANCEIRA EM CAF\u00c9 DA MANH\u00c3 COM DEPUTADOS DA BASE DO GOVERNO - blog do er\u00ea<\/title>\n<meta name=\"robots\" content=\"index, follow, max-snippet:-1, max-image-preview:large, max-video-preview:-1\" \/>\n<link rel=\"canonical\" href=\"https:\/\/blogdoere.com.br\/?p=26360\" \/>\n<meta property=\"og:locale\" content=\"pt_PT\" \/>\n<meta property=\"og:type\" content=\"article\" \/>\n<meta property=\"og:title\" content=\"RUI COSTA PREGA SEGURAN\u00c7A FINANCEIRA EM CAF\u00c9 DA MANH\u00c3 COM DEPUTADOS DA BASE DO GOVERNO - blog do er\u00ea\" \/>\n<meta property=\"og:description\" content=\"O caf\u00e9 da manh\u00e3 do governador Rui Costa (PT) com os deputados da Assembleia Legislativa do Estado da Bahia (AL-BA) teve a presen\u00e7a de 39 deputados que comp\u00f5em a bancada...\" \/>\n<meta property=\"og:url\" content=\"https:\/\/blogdoere.com.br\/?p=26360\" \/>\n<meta property=\"og:site_name\" content=\"blog do er\u00ea\" \/>\n<meta property=\"article:published_time\" content=\"2015-03-04T15:59:00+00:00\" \/>\n<meta property=\"og:image\" content=\"http:\/\/www.bahianoticias.com.br\/fotos\/principal_noticias\/168566\/xIMAGEM_NOTICIA_5.jpg.pagespeed.ic.hDWWvXq8g5.jpg\" \/>\n<meta name=\"author\" content=\"Ere\" \/>\n<meta name=\"twitter:card\" content=\"summary_large_image\" \/>\n<meta name=\"twitter:label1\" content=\"Escrito por\" \/>\n\t<meta name=\"twitter:data1\" content=\"Ere\" \/>\n\t<meta name=\"twitter:label2\" content=\"Tempo estimado de leitura\" \/>\n\t<meta name=\"twitter:data2\" content=\"1 minuto\" \/>\n<script type=\"application\/ld+json\" class=\"yoast-schema-graph\">{\"@context\":\"https:\/\/schema.org\",\"@graph\":[{\"@type\":\"Article\",\"@id\":\"https:\/\/blogdoere.com.br\/?p=26360#article\",\"isPartOf\":{\"@id\":\"https:\/\/blogdoere.com.br\/?p=26360\"},\"author\":{\"name\":\"Ere\",\"@id\":\"https:\/\/blogdoere.com.br\/#\/schema\/person\/4b56ed2336cb28ae3415ce8ffe56742e\"},\"headline\":\"RUI COSTA PREGA SEGURAN\u00c7A FINANCEIRA EM CAF\u00c9 DA MANH\u00c3 COM DEPUTADOS DA BASE DO GOVERNO\",\"datePublished\":\"2015-03-04T15:59:00+00:00\",\"dateModified\":\"2015-03-04T15:59:00+00:00\",\"mainEntityOfPage\":{\"@id\":\"https:\/\/blogdoere.com.br\/?p=26360\"},\"wordCount\":226,\"commentCount\":0,\"publisher\":{\"@id\":\"https:\/\/blogdoere.com.br\/#organization\"},\"articleSection\":[\"Destaques\"],\"inLanguage\":\"pt-PT\",\"potentialAction\":[{\"@type\":\"CommentAction\",\"name\":\"Comment\",\"target\":[\"https:\/\/blogdoere.com.br\/?p=26360#respond\"]}]},{\"@type\":\"WebPage\",\"@id\":\"https:\/\/blogdoere.com.br\/?p=26360\",\"url\":\"https:\/\/blogdoere.com.br\/?p=26360\",\"name\":\"RUI COSTA PREGA SEGURAN\u00c7A FINANCEIRA EM CAF\u00c9 DA MANH\u00c3 COM DEPUTADOS DA BASE DO GOVERNO - blog do er\u00ea\",\"isPartOf\":{\"@id\":\"https:\/\/blogdoere.com.br\/#website\"},\"datePublished\":\"2015-03-04T15:59:00+00:00\",\"dateModified\":\"2015-03-04T15:59:00+00:00\",\"breadcrumb\":{\"@id\":\"https:\/\/blogdoere.com.br\/?p=26360#breadcrumb\"},\"inLanguage\":\"pt-PT\",\"potentialAction\":[{\"@type\":\"ReadAction\",\"target\":[\"https:\/\/blogdoere.com.br\/?p=26360\"]}]},{\"@type\":\"BreadcrumbList\",\"@id\":\"https:\/\/blogdoere.com.br\/?p=26360#breadcrumb\",\"itemListElement\":[{\"@type\":\"ListItem\",\"position\":1,\"name\":\"In\u00edcio\",\"item\":\"https:\/\/blogdoere.com.br\/\"},{\"@type\":\"ListItem\",\"position\":2,\"name\":\"RUI COSTA PREGA SEGURAN\u00c7A FINANCEIRA EM CAF\u00c9 DA MANH\u00c3 COM DEPUTADOS DA BASE DO GOVERNO\"}]},{\"@type\":\"WebSite\",\"@id\":\"https:\/\/blogdoere.com.br\/#website\",\"url\":\"https:\/\/blogdoere.com.br\/\",\"name\":\"blog do er\u00ea\",\"description\":\"\",\"publisher\":{\"@id\":\"https:\/\/blogdoere.com.br\/#organization\"},\"potentialAction\":[{\"@type\":\"SearchAction\",\"target\":{\"@type\":\"EntryPoint\",\"urlTemplate\":\"https:\/\/blogdoere.com.br\/?s={search_term_string}\"},\"query-input\":\"required name=search_term_string\"}],\"inLanguage\":\"pt-PT\"},{\"@type\":\"Organization\",\"@id\":\"https:\/\/blogdoere.com.br\/#organization\",\"name\":\"Blog do Er\u00ea\",\"url\":\"https:\/\/blogdoere.com.br\/\",\"logo\":{\"@type\":\"ImageObject\",\"inLanguage\":\"pt-PT\",\"@id\":\"https:\/\/blogdoere.com.br\/#\/schema\/logo\/image\/\",\"url\":\"https:\/\/blogdoere.com.br\/wp-content\/uploads\/2021\/11\/Logo-Ere-1.png\",\"contentUrl\":\"https:\/\/blogdoere.com.br\/wp-content\/uploads\/2021\/11\/Logo-Ere-1.png\",\"width\":1261,\"height\":1330,\"caption\":\"Blog do Er\u00ea\"},\"image\":{\"@id\":\"https:\/\/blogdoere.com.br\/#\/schema\/logo\/image\/\"}},{\"@type\":\"Person\",\"@id\":\"https:\/\/blogdoere.com.br\/#\/schema\/person\/4b56ed2336cb28ae3415ce8ffe56742e\",\"name\":\"Ere\",\"image\":{\"@type\":\"ImageObject\",\"inLanguage\":\"pt-PT\",\"@id\":\"https:\/\/blogdoere.com.br\/#\/schema\/person\/image\/\",\"url\":\"https:\/\/secure.gravatar.com\/avatar\/?s=96&d=mm&r=g\",\"contentUrl\":\"https:\/\/secure.gravatar.com\/avatar\/?s=96&d=mm&r=g\",\"caption\":\"Ere\"}}]}<\/script>\n<!-- \/ Yoast SEO plugin. -->","yoast_head_json":{"title":"RUI COSTA PREGA SEGURAN\u00c7A FINANCEIRA EM CAF\u00c9 DA MANH\u00c3 COM DEPUTADOS DA BASE DO GOVERNO - blog do er\u00ea","robots":{"index":"index","follow":"follow","max-snippet":"max-snippet:-1","max-image-preview":"max-image-preview:large","max-video-preview":"max-video-preview:-1"},"canonical":"https:\/\/blogdoere.com.br\/?p=26360","og_locale":"pt_PT","og_type":"article","og_title":"RUI COSTA PREGA SEGURAN\u00c7A FINANCEIRA EM CAF\u00c9 DA MANH\u00c3 COM DEPUTADOS DA BASE DO GOVERNO - blog do er\u00ea","og_description":"O caf\u00e9 da manh\u00e3 do governador Rui Costa (PT) com os deputados da Assembleia Legislativa do Estado da Bahia (AL-BA) teve a presen\u00e7a de 39 deputados que comp\u00f5em a bancada...","og_url":"https:\/\/blogdoere.com.br\/?p=26360","og_site_name":"blog do er\u00ea","article_published_time":"2015-03-04T15:59:00+00:00","og_image":[{"url":"http:\/\/www.bahianoticias.com.br\/fotos\/principal_noticias\/168566\/xIMAGEM_NOTICIA_5.jpg.pagespeed.ic.hDWWvXq8g5.jpg"}],"author":"Ere","twitter_card":"summary_large_image","twitter_misc":{"Escrito por":"Ere","Tempo estimado de leitura":"1 minuto"},"schema":{"@context":"https:\/\/schema.org","@graph":[{"@type":"Article","@id":"https:\/\/blogdoere.com.br\/?p=26360#article","isPartOf":{"@id":"https:\/\/blogdoere.com.br\/?p=26360"},"author":{"name":"Ere","@id":"https:\/\/blogdoere.com.br\/#\/schema\/person\/4b56ed2336cb28ae3415ce8ffe56742e"},"headline":"RUI COSTA PREGA SEGURAN\u00c7A FINANCEIRA EM CAF\u00c9 DA MANH\u00c3 COM DEPUTADOS DA BASE DO GOVERNO","datePublished":"2015-03-04T15:59:00+00:00","dateModified":"2015-03-04T15:59:00+00:00","mainEntityOfPage":{"@id":"https:\/\/blogdoere.com.br\/?p=26360"},"wordCount":226,"commentCount":0,"publisher":{"@id":"https:\/\/blogdoere.com.br\/#organization"},"articleSection":["Destaques"],"inLanguage":"pt-PT","potentialAction":[{"@type":"CommentAction","name":"Comment","target":["https:\/\/blogdoere.com.br\/?p=26360#respond"]}]},{"@type":"WebPage","@id":"https:\/\/blogdoere.com.br\/?p=26360","url":"https:\/\/blogdoere.com.br\/?p=26360","name":"RUI COSTA PREGA SEGURAN\u00c7A FINANCEIRA EM CAF\u00c9 DA MANH\u00c3 COM DEPUTADOS DA BASE DO GOVERNO - blog do er\u00ea","isPartOf":{"@id":"https:\/\/blogdoere.com.br\/#website"},"datePublished":"2015-03-04T15:59:00+00:00","dateModified":"2015-03-04T15:59:00+00:00","breadcrumb":{"@id":"https:\/\/blogdoere.com.br\/?p=26360#breadcrumb"},"inLanguage":"pt-PT","potentialAction":[{"@type":"ReadAction","target":["https:\/\/blogdoere.com.br\/?p=26360"]}]},{"@type":"BreadcrumbList","@id":"https:\/\/blogdoere.com.br\/?p=26360#breadcrumb","itemListElement":[{"@type":"ListItem","position":1,"name":"In\u00edcio","item":"https:\/\/blogdoere.com.br\/"},{"@type":"ListItem","position":2,"name":"RUI COSTA PREGA SEGURAN\u00c7A FINANCEIRA EM CAF\u00c9 DA MANH\u00c3 COM DEPUTADOS DA BASE DO GOVERNO"}]},{"@type":"WebSite","@id":"https:\/\/blogdoere.com.br\/#website","url":"https:\/\/blogdoere.com.br\/","name":"blog do er\u00ea","description":"","publisher":{"@id":"https:\/\/blogdoere.com.br\/#organization"},"potentialAction":[{"@type":"SearchAction","target":{"@type":"EntryPoint","urlTemplate":"https:\/\/blogdoere.com.br\/?s={search_term_string}"},"query-input":"required name=search_term_string"}],"inLanguage":"pt-PT"},{"@type":"Organization","@id":"https:\/\/blogdoere.com.br\/#organization","name":"Blog do Er\u00ea","url":"https:\/\/blogdoere.com.br\/","logo":{"@type":"ImageObject","inLanguage":"pt-PT","@id":"https:\/\/blogdoere.com.br\/#\/schema\/logo\/image\/","url":"https:\/\/blogdoere.com.br\/wp-content\/uploads\/2021\/11\/Logo-Ere-1.png","contentUrl":"https:\/\/blogdoere.com.br\/wp-content\/uploads\/2021\/11\/Logo-Ere-1.png","width":1261,"height":1330,"caption":"Blog do Er\u00ea"},"image":{"@id":"https:\/\/blogdoere.com.br\/#\/schema\/logo\/image\/"}},{"@type":"Person","@id":"https:\/\/blogdoere.com.br\/#\/schema\/person\/4b56ed2336cb28ae3415ce8ffe56742e","name":"Ere","image":{"@type":"ImageObject","inLanguage":"pt-PT","@id":"https:\/\/blogdoere.com.br\/#\/schema\/person\/image\/","url":"https:\/\/secure.gravatar.com\/avatar\/?s=96&d=mm&r=g","contentUrl":"https:\/\/secure.gravatar.com\/avatar\/?s=96&d=mm&r=g","caption":"Ere"}}]}},"featured_image_urls":{"full":"","thumbnail":"","medium":"","medium_large":"","large":"","1536x1536":"","2048x2048":""},"author_info":{"display_name":"Ere","author_link":"https:\/\/blogdoere.com.br\/?author=2"},"category_info":"<a href=\"https:\/\/blogdoere.com.br\/?cat=1\" rel=\"category\">Destaques<\/a>","tag_info":"Destaques","comment_count":"0","_links":{"self":[{"href":"https:\/\/blogdoere.com.br\/index.php?rest_route=\/wp\/v2\/posts\/26360","targetHints":{"allow":["GET"]}}],"collection":[{"href":"https:\/\/blogdoere.com.br\/index.php?rest_route=\/wp\/v2\/posts"}],"about":[{"href":"https:\/\/blogdoere.com.br\/index.php?rest_route=\/wp\/v2\/types\/post"}],"author":[{"embeddable":true,"href":"https:\/\/blogdoere.com.br\/index.php?rest_route=\/wp\/v2\/users\/2"}],"replies":[{"embeddable":true,"href":"https:\/\/blogdoere.com.br\/index.php?rest_route=%2Fwp%2Fv2%2Fcomments&post=26360"}],"version-history":[{"count":0,"href":"https:\/\/blogdoere.com.br\/index.php?rest_route=\/wp\/v2\/posts\/26360\/revisions"}],"wp:attachment":[{"href":"https:\/\/blogdoere.com.br\/index.php?rest_route=%2Fwp%2Fv2%2Fmedia&parent=26360"}],"wp:term":[{"taxonomy":"category","embeddable":true,"href":"https:\/\/blogdoere.com.br\/index.php?rest_route=%2Fwp%2Fv2%2Fcategories&post=26360"},{"taxonomy":"post_tag","embeddable":true,"href":"https:\/\/blogdoere.com.br\/index.php?rest_route=%2Fwp%2Fv2%2Ftags&post=26360"}],"curies":[{"name":"wp","href":"https:\/\/api.w.org\/{rel}","templated":true}]}}