{"id":26362,"date":"2015-03-02T01:18:00","date_gmt":"2015-03-02T01:18:00","guid":{"rendered":"http:\/\/blogdoere.com.br\/?p=26362"},"modified":"2015-03-02T01:18:00","modified_gmt":"2015-03-02T01:18:00","slug":"itajuipe-grande-show-com-adriana-arydes-cantora-da-cancao-nova","status":"publish","type":"post","link":"https:\/\/blogdoere.com.br\/?p=26362","title":{"rendered":"ITAJU\u00cdPE: GRANDE SHOW COM  ADRIANA ARYDES, CANTORA DA  CAN\u00c7\u00c3O NOVA."},"content":{"rendered":"<div style=\"clear: both; text-align: center;\"><a href=\"http:\/\/3.bp.blogspot.com\/-bRsES0hgEds\/VPO6S6fKDGI\/AAAAAAAAFtQ\/Lgw7jDkRtUo\/s1600\/ayesss.jpg\" style=\"margin-left: 1em; margin-right: 1em;\"><img decoding=\"async\" border=\"0\" src=\"http:\/\/3.bp.blogspot.com\/-bRsES0hgEds\/VPO6S6fKDGI\/AAAAAAAAFtQ\/Lgw7jDkRtUo\/s1600\/ayesss.jpg\" height=\"212\" width=\"320\" \/><\/a><\/div>\n<div style=\"line-height: 150%; text-align: justify;\"><span style=\"font-family: &quot;Arial&quot;,&quot;sans-serif&quot;; font-size: 12.0pt; line-height: 150%;\"><br \/><\/span><\/div>\n<div style=\"line-height: 150%; text-align: justify;\"><\/div>\n<div style=\"line-height: 150%; text-align: justify;\"><span style=\"font-family: &quot;Arial&quot;,&quot;sans-serif&quot;; line-height: 150%;\">Os preparativos para a Celebra\u00e7\u00e3o dos 90 anos da Par\u00f3quia Sagrado Cora\u00e7\u00e3o de Jesus em Itaju\u00edpe tem alegrado os fi\u00e9is que em ritmo de comemora\u00e7\u00e3o, relembram o processo de constru\u00e7\u00e3o da Matriz e os desafios ainda encontrados para a conclus\u00e3o da reforma da par\u00f3quia.<o:p><\/o:p><\/span><\/div>\n<div style=\"line-height: 150%; text-align: justify;\"><span style=\"font-family: &quot;Arial&quot;,&quot;sans-serif&quot;; line-height: 150%;\"><br \/><\/span><\/div>\n<div style=\"line-height: 150%; text-align: justify;\"><span style=\"font-family: &quot;Arial&quot;,&quot;sans-serif&quot;; line-height: 150%;\">Estima-se al\u00e9m dos itajuipenses, um p\u00fablico cat\u00f3lico das cidades de Itabuna, Ilh\u00e9us, Almadina, Coaraci, Itapitanga, Lomanto Junior, Ubaitaba, Gad\u00fa, dentre outras comunidades, no grande show programado para o dia 21, \u00e0s 19h no Club Kamu\u00e1 com a participa\u00e7\u00e3o especial de Adriana Arydes, cantora e compositora pertencente a TV Can\u00e7\u00e3o Nova.<o:p><\/o:p><\/span><\/div>\n<div style=\"line-height: 150%; text-align: justify;\"><span style=\"font-family: &quot;Arial&quot;,&quot;sans-serif&quot;; line-height: 150%;\"><br \/><\/span><\/div>\n<p><\/p>\n<div style=\"line-height: 150%; text-align: justify;\"><span style=\"font-family: &quot;Arial&quot;,&quot;sans-serif&quot;; line-height: 150%;\">A comiss\u00e3o organizadora da Semana Jubilar, evento este que inicia suas atividades no dia 15 de mar\u00e7o com t\u00e9rmino no dia 21, informa que a quantidade de ingressos \u00e9 limitada e que os mesmos j\u00e1 encontram-se dispon\u00edveis \u00e0 venda. Para as comunidades que desejam formar caravana em virtude da participa\u00e7\u00e3o tamb\u00e9m da Missa Solene do dia 20 de mar\u00e7o \u00e9 necess\u00e1rio entrar em contato com a secretaria da par\u00f3quia, atrav\u00e9s do telefone: 73-3238-1744.&nbsp;<\/span><br \/><span style=\"font-family: &quot;Arial&quot;,&quot;sans-serif&quot;; line-height: 150%;\"><br \/><\/span><b><span style=\"font-family: &quot;Arial&quot;,&quot;sans-serif&quot;; line-height: 150%;\">Programa\u00e7\u00e3o&nbsp;<\/span><span style=\"font-family: 'Times New Roman', serif; line-height: 150%;\">d<\/span><span style=\"font-family: Arial, sans-serif; line-height: 150%;\">os Festejos<\/span><\/b><br \/><span style=\"font-family: 'Times New Roman', serif; line-height: 150%;\">A Par\u00f3quia de Itaju\u00edpe divulga programa\u00e7\u00e3o oficial da Semana Jubilar, cujo tema \u00e9: Cora\u00e7\u00e3o de <\/span><i style=\"font-family: 'Times New Roman', serif; line-height: 150%;\">Jesus, Rei e Centro de todos os cora\u00e7\u00f5es.<\/i><span style=\"font-family: 'Times New Roman', serif; line-height: 150%;\"> As festividades ter\u00e3o in\u00edcio no pr\u00f3ximo domingo (15) e prosseguem at\u00e9 s\u00e1bado (21), quando a comunidade e fi\u00e9is de cidades circunvizinhas, estes em caravanas participar\u00e3o de show cat\u00f3lico a ser realizado no Club Kamu\u00e1, as 19h, com a presen\u00e7a de banda regional, em especial, de Adriana Arydes, cantora da Can\u00e7\u00e3o Nova de S\u00e3o Paulo.<\/span><\/p>\n<div style=\"line-height: 150%; margin-bottom: 0.0001pt;\"><\/div>\n<div style=\"line-height: 150%; margin-bottom: 0.0001pt;\"><span style=\"font-family: &quot;Times New Roman&quot;,&quot;serif&quot;;\">Para a Abertura da Semana Jubilar, no domingo (15), \u00e0s 8h ser\u00e1 realizada Carreata e queima de fogos, em seguida as 10h Missa e Sacramento da Crisma com a presen\u00e7a de Dom &nbsp;Mauro Montagnoli.<o:p><\/o:p><\/span><\/div>\n<div style=\"line-height: 150%; margin-bottom: 0.0001pt;\"><\/div>\n<div style=\"line-height: 150%; margin-bottom: 0.0001pt;\"><span style=\"font-family: &quot;Times New Roman&quot;,&quot;serif&quot;;\">As festividades dos 90 anos da Par\u00f3quia Sagrado Cora\u00e7\u00e3o de Jesus ter\u00e1 sequ\u00eancia na segunda (16), com a participa\u00e7\u00e3o de Padres e Ministros Extraordin\u00e1rios da Comunh\u00e3o Eucar\u00edstica, em visitas aos Doentes e Idosos da cidade, bem como, \u00e0s 19h com Missa Festiva nas Comunidades do Divino Esp\u00edrito Santo, Santa Rita de C\u00e1ssia, S\u00e3o Francisco e da Avenida Itabuna, sob coordena\u00e7\u00e3o dos seguintes animadores: Renova\u00e7\u00e3o Carism\u00e1tica Cat\u00f3lica, Ordem Terceira Jufra, Mission\u00e1rias Santa Terezinha e Apostolado da Ora\u00e7\u00e3o.<o:p><\/o:p><\/span><\/div>\n<div style=\"line-height: 150%; margin-bottom: 0.0001pt;\"><\/div>\n<div style=\"line-height: 150%; margin-bottom: 0.0001pt;\"><span style=\"font-family: &quot;Times New Roman&quot;,&quot;serif&quot;;\">Na ter\u00e7a (17), as atividades iniciar\u00e3o com visitas \u00e0s Escolas e \u00e0s 19h com Missa Festiva nas Comunidades de S\u00e3o Jos\u00e9, de Nossa Senhora Aparecida, Nossa Senhora das Vit\u00f3rias e Bairro Sagrado Cora\u00e7\u00e3o de Jesus, agora com a anima\u00e7\u00e3o do grupo Ter\u00e7o dos Homens, Comunidade Nossa Senhora Aparecida, Renova\u00e7\u00e3o Carism\u00e1tica Cat\u00f3lica, Pastoral da Crian\u00e7a e Gressol.<o:p><\/o:p><\/span><\/div>\n<div style=\"line-height: 150%; margin-bottom: 0.0001pt;\"><\/div>\n<div style=\"line-height: 150%; margin-bottom: 0.0001pt;\"><span style=\"font-family: &quot;Times New Roman&quot;,&quot;serif&quot;;\">As 5h da quarta-feira (18), os festejos iniciam com Caminhada Penitencial e Missa em Mem\u00f3ria dos fi\u00e9is falecidos, a ser realizada no Cemit\u00e9rio do munic\u00edpio. Em seguida, de 07h \u00e0s 18h preparo para as Confiss\u00f5es. Termina-se as atividades do dia com Missas Festivas, iniciadas as 19h na Comunidade de Santo Ant\u00f4nio, Nossa Senhora da Concei\u00e7\u00e3o, S\u00e3o Sebasti\u00e3o e S\u00e3o Cristov\u00e3o, sob coordena\u00e7\u00e3o da Comunidade de Santo Antonio, EJC- Encontro de Jovens em Cristo, Comunidade de S\u00e3o Sebasti\u00e3o, Catequese e Evangeliza\u00e7\u00e3o Masculina.<o:p><\/o:p><\/span><\/div>\n<div style=\"line-height: 150%; margin-bottom: 0.0001pt;\"><\/div>\n<div style=\"line-height: 150%; margin-bottom: 0.0001pt;\"><span style=\"font-family: &quot;Times New Roman&quot;,&quot;serif&quot;;\">Na quinta (19), as atividades iniciam 06h 30min com Missa na Matriz em Solenidade a S\u00e3o Jos\u00e9, \u00e0s 7:30 Exposi\u00e7\u00e3o do Sant\u00edssimo na Pra\u00e7a Regis Pacheco, com anima\u00e7\u00e3o do Minist\u00e9rio de Coaraci e presen\u00e7a do cantor Artur Giovanni. A programa\u00e7\u00e3o voltada para o dia inteiro com demais outras atra\u00e7\u00f5es, tem t\u00e9rmino \u00e0s 18h com louvor e ben\u00e7\u00e3o do Sant\u00edssimo Sacramento.<o:p><\/o:p><\/span><\/div>\n<div style=\"line-height: 150%; margin-bottom: 0.0001pt;\"><span style=\"font-family: &quot;Times New Roman&quot;,&quot;serif&quot;;\">As 07h da sexta-feira (20) ser\u00e1 inaugurada Marco comemorativo dos 90 anos, com direito a queima de fogos, no Bosque da cidade. A data que representa o dia em que os itajuipenses celebram os 90 anos de evangeliza\u00e7\u00e3o, hist\u00f3ria e consagra\u00e7\u00e3o da Par\u00f3quia Sagrado Cora\u00e7\u00e3o de Jesus, as 19h realizar\u00e1 uma Missa em A\u00e7\u00e3o de Gra\u00e7as a data comemorativa, com direito a parab\u00e9ns e louvores entre os fi\u00e9is.<o:p><\/o:p><\/span><\/div>\n<div style=\"line-height: 150%; margin-bottom: 0.0001pt;\"><\/div>\n<div style=\"line-height: 150%; margin-bottom: 0.0001pt;\"><b><span style=\"font-family: &quot;Times New Roman&quot;,&quot;serif&quot;;\">Hist\u00f3ria<o:p><\/o:p><\/span><\/b><\/div>\n<div style=\"line-height: 150%; margin-bottom: 0.0001pt;\"><span style=\"font-family: &quot;Times New Roman&quot;,&quot;serif&quot;;\">A Par\u00f3quia de Itaju\u00edpe \u00e9 um patrim\u00f4nio de grande valor para o munic\u00edpio de Itaju\u00edpe e microrregi\u00e3o, n\u00e3o apenas para a popula\u00e7\u00e3o cat\u00f3lica, mas para todos os cidad\u00e3os que, de alguma forma tem origem, liga\u00e7\u00e3o e hist\u00f3ria de vida e fam\u00edlia em volta deste templo, ressalta o Pe. Edson Hagge. <o:p><\/o:p><\/span><\/div>\n<div style=\"line-height: 150%; margin-bottom: 0.0001pt;\"><\/div>\n<div style=\"line-height: 150%; margin-bottom: 0.0001pt;\"><span style=\"font-family: &quot;Times New Roman&quot;,&quot;serif&quot;;\">Conforme dados hist\u00f3ricos, a import\u00e2ncia da Igreja Matriz transcende a religi\u00e3o cat\u00f3lica, pois em 27 de dezembro do ano 2000 o prefeito, com a aprova\u00e7\u00e3o da C\u00e2mara de Vereadores, sancionou a lei municipal n\u00famero 646, tombando o im\u00f3vel como patrim\u00f4nio hist\u00f3rico, art\u00edstico e cultural do munic\u00edpio de Itaju\u00edpe.<o:p><\/o:p><\/span><\/div>\n<div style=\"line-height: 150%; margin-bottom: 0.0001pt;\"><\/div>\n<div style=\"line-height: 150%; margin-bottom: 0.0001pt;\"><span style=\"font-family: &quot;Times New Roman&quot;,&quot;serif&quot;;\">Passados mais de 89 anos, e em fun\u00e7\u00e3o do desgaste natural do tempo, a Igreja Matriz necessitava de uma grande restaura\u00e7\u00e3o. O que, por meio de projetos e interven\u00e7\u00e3o principalmente da sociedade, desde 2007 que a comunidade vem trabalhando com campanhas em prol das reformas no telhado, piso, bancos, vitrais e torre.<o:p><\/o:p><\/span><\/div>\n<div style=\"line-height: 150%; margin-bottom: 0.0001pt;\"><\/div>\n<div style=\"line-height: 150%; margin-bottom: 0.0001pt;\"><span style=\"font-family: &quot;Times New Roman&quot;,&quot;serif&quot;;\">Agora, j\u00e1 pr\u00f3ximo ao dia de 20 mar\u00e7o de 2015, com missa em a\u00e7\u00e3o de gra\u00e7a, os itajuipenses far-se-\u00e1 mem\u00f3ria da hist\u00f3ria destes 90 anos de an\u00fancio e testemunho do Evangelho nestas terras consagradas ao Cora\u00e7\u00e3o de Jesus, Rei e centro de todos os cora\u00e7\u00f5es. <o:p><\/o:p><\/span><\/div>\n<p><\/p>\n<div style=\"line-height: 150%; margin-bottom: 0.0001pt;\"><\/div>\n<p><b style=\"background-color: white; color: #444444; font-family: 'comic sans ms', sans-serif; line-height: 21.299999237060547px;\"><span style=\"color: #000099;\">Por:Alana Rodrigues&nbsp;<\/span><\/b><\/div>\n<p><span style=\"background-color: white; color: #000099; font-family: 'comic sans ms', sans-serif;\">Jornalista\/Assessora de Imprensa<\/span><\/p>\n","protected":false},"excerpt":{"rendered":"<p>Os preparativos para a Celebra\u00e7\u00e3o dos 90 anos da Par\u00f3quia Sagrado Cora\u00e7\u00e3o de Jesus em Itaju\u00edpe tem alegrado os fi\u00e9is que em ritmo de comemora\u00e7\u00e3o, relembram o processo de constru\u00e7\u00e3o&#8230;<\/p>\n","protected":false},"author":2,"featured_media":0,"comment_status":"open","ping_status":"open","sticky":false,"template":"","format":"standard","meta":{"_editorskit_title_hidden":false,"_editorskit_reading_time":0,"_editorskit_is_block_options_detached":false,"_editorskit_block_options_position":"{}","om_disable_all_campaigns":false,"_mi_skip_tracking":false,"_kad_post_transparent":"","_kad_post_title":"","_kad_post_layout":"","_kad_post_sidebar_id":"","_kad_post_content_style":"","_kad_post_vertical_padding":"","_kad_post_feature":"","_kad_post_feature_position":"","_kad_post_header":false,"_kad_post_footer":false,"footnotes":""},"categories":[1],"tags":[],"class_list":["post-26362","post","type-post","status-publish","format-standard","hentry","category-destaques"],"yoast_head":"<!-- This site is optimized with the Yoast SEO plugin v20.5 - https:\/\/yoast.com\/wordpress\/plugins\/seo\/ -->\n<title>ITAJU\u00cdPE: GRANDE SHOW COM ADRIANA ARYDES, CANTORA DA CAN\u00c7\u00c3O NOVA. - blog do er\u00ea<\/title>\n<meta name=\"robots\" content=\"index, follow, max-snippet:-1, max-image-preview:large, max-video-preview:-1\" \/>\n<link rel=\"canonical\" href=\"https:\/\/blogdoere.com.br\/?p=26362\" \/>\n<meta property=\"og:locale\" content=\"pt_PT\" \/>\n<meta property=\"og:type\" content=\"article\" \/>\n<meta property=\"og:title\" content=\"ITAJU\u00cdPE: GRANDE SHOW COM ADRIANA ARYDES, CANTORA DA CAN\u00c7\u00c3O NOVA. - blog do er\u00ea\" \/>\n<meta property=\"og:description\" content=\"Os preparativos para a Celebra\u00e7\u00e3o dos 90 anos da Par\u00f3quia Sagrado Cora\u00e7\u00e3o de Jesus em Itaju\u00edpe tem alegrado os fi\u00e9is que em ritmo de comemora\u00e7\u00e3o, relembram o processo de constru\u00e7\u00e3o...\" \/>\n<meta property=\"og:url\" content=\"https:\/\/blogdoere.com.br\/?p=26362\" \/>\n<meta property=\"og:site_name\" content=\"blog do er\u00ea\" \/>\n<meta property=\"article:published_time\" content=\"2015-03-02T01:18:00+00:00\" \/>\n<meta property=\"og:image\" content=\"http:\/\/3.bp.blogspot.com\/-bRsES0hgEds\/VPO6S6fKDGI\/AAAAAAAAFtQ\/Lgw7jDkRtUo\/s1600\/ayesss.jpg\" \/>\n<meta name=\"author\" content=\"Ere\" \/>\n<meta name=\"twitter:card\" content=\"summary_large_image\" \/>\n<meta name=\"twitter:label1\" content=\"Escrito por\" \/>\n\t<meta name=\"twitter:data1\" content=\"Ere\" \/>\n\t<meta name=\"twitter:label2\" content=\"Tempo estimado de leitura\" \/>\n\t<meta name=\"twitter:data2\" content=\"5 minutos\" \/>\n<script type=\"application\/ld+json\" class=\"yoast-schema-graph\">{\"@context\":\"https:\/\/schema.org\",\"@graph\":[{\"@type\":\"Article\",\"@id\":\"https:\/\/blogdoere.com.br\/?p=26362#article\",\"isPartOf\":{\"@id\":\"https:\/\/blogdoere.com.br\/?p=26362\"},\"author\":{\"name\":\"Ere\",\"@id\":\"https:\/\/blogdoere.com.br\/#\/schema\/person\/4b56ed2336cb28ae3415ce8ffe56742e\"},\"headline\":\"ITAJU\u00cdPE: GRANDE SHOW COM ADRIANA ARYDES, CANTORA DA CAN\u00c7\u00c3O NOVA.\",\"datePublished\":\"2015-03-02T01:18:00+00:00\",\"dateModified\":\"2015-03-02T01:18:00+00:00\",\"mainEntityOfPage\":{\"@id\":\"https:\/\/blogdoere.com.br\/?p=26362\"},\"wordCount\":957,\"commentCount\":0,\"publisher\":{\"@id\":\"https:\/\/blogdoere.com.br\/#organization\"},\"articleSection\":[\"Destaques\"],\"inLanguage\":\"pt-PT\",\"potentialAction\":[{\"@type\":\"CommentAction\",\"name\":\"Comment\",\"target\":[\"https:\/\/blogdoere.com.br\/?p=26362#respond\"]}]},{\"@type\":\"WebPage\",\"@id\":\"https:\/\/blogdoere.com.br\/?p=26362\",\"url\":\"https:\/\/blogdoere.com.br\/?p=26362\",\"name\":\"ITAJU\u00cdPE: GRANDE SHOW COM ADRIANA ARYDES, CANTORA DA CAN\u00c7\u00c3O NOVA. - blog do er\u00ea\",\"isPartOf\":{\"@id\":\"https:\/\/blogdoere.com.br\/#website\"},\"datePublished\":\"2015-03-02T01:18:00+00:00\",\"dateModified\":\"2015-03-02T01:18:00+00:00\",\"breadcrumb\":{\"@id\":\"https:\/\/blogdoere.com.br\/?p=26362#breadcrumb\"},\"inLanguage\":\"pt-PT\",\"potentialAction\":[{\"@type\":\"ReadAction\",\"target\":[\"https:\/\/blogdoere.com.br\/?p=26362\"]}]},{\"@type\":\"BreadcrumbList\",\"@id\":\"https:\/\/blogdoere.com.br\/?p=26362#breadcrumb\",\"itemListElement\":[{\"@type\":\"ListItem\",\"position\":1,\"name\":\"In\u00edcio\",\"item\":\"https:\/\/blogdoere.com.br\/\"},{\"@type\":\"ListItem\",\"position\":2,\"name\":\"ITAJU\u00cdPE: GRANDE SHOW COM ADRIANA ARYDES, CANTORA DA CAN\u00c7\u00c3O NOVA.\"}]},{\"@type\":\"WebSite\",\"@id\":\"https:\/\/blogdoere.com.br\/#website\",\"url\":\"https:\/\/blogdoere.com.br\/\",\"name\":\"blog do er\u00ea\",\"description\":\"\",\"publisher\":{\"@id\":\"https:\/\/blogdoere.com.br\/#organization\"},\"potentialAction\":[{\"@type\":\"SearchAction\",\"target\":{\"@type\":\"EntryPoint\",\"urlTemplate\":\"https:\/\/blogdoere.com.br\/?s={search_term_string}\"},\"query-input\":\"required name=search_term_string\"}],\"inLanguage\":\"pt-PT\"},{\"@type\":\"Organization\",\"@id\":\"https:\/\/blogdoere.com.br\/#organization\",\"name\":\"Blog do Er\u00ea\",\"url\":\"https:\/\/blogdoere.com.br\/\",\"logo\":{\"@type\":\"ImageObject\",\"inLanguage\":\"pt-PT\",\"@id\":\"https:\/\/blogdoere.com.br\/#\/schema\/logo\/image\/\",\"url\":\"https:\/\/blogdoere.com.br\/wp-content\/uploads\/2021\/11\/Logo-Ere-1.png\",\"contentUrl\":\"https:\/\/blogdoere.com.br\/wp-content\/uploads\/2021\/11\/Logo-Ere-1.png\",\"width\":1261,\"height\":1330,\"caption\":\"Blog do Er\u00ea\"},\"image\":{\"@id\":\"https:\/\/blogdoere.com.br\/#\/schema\/logo\/image\/\"}},{\"@type\":\"Person\",\"@id\":\"https:\/\/blogdoere.com.br\/#\/schema\/person\/4b56ed2336cb28ae3415ce8ffe56742e\",\"name\":\"Ere\",\"image\":{\"@type\":\"ImageObject\",\"inLanguage\":\"pt-PT\",\"@id\":\"https:\/\/blogdoere.com.br\/#\/schema\/person\/image\/\",\"url\":\"https:\/\/secure.gravatar.com\/avatar\/?s=96&d=mm&r=g\",\"contentUrl\":\"https:\/\/secure.gravatar.com\/avatar\/?s=96&d=mm&r=g\",\"caption\":\"Ere\"}}]}<\/script>\n<!-- \/ Yoast SEO plugin. -->","yoast_head_json":{"title":"ITAJU\u00cdPE: GRANDE SHOW COM ADRIANA ARYDES, CANTORA DA CAN\u00c7\u00c3O NOVA. - blog do er\u00ea","robots":{"index":"index","follow":"follow","max-snippet":"max-snippet:-1","max-image-preview":"max-image-preview:large","max-video-preview":"max-video-preview:-1"},"canonical":"https:\/\/blogdoere.com.br\/?p=26362","og_locale":"pt_PT","og_type":"article","og_title":"ITAJU\u00cdPE: GRANDE SHOW COM ADRIANA ARYDES, CANTORA DA CAN\u00c7\u00c3O NOVA. - blog do er\u00ea","og_description":"Os preparativos para a Celebra\u00e7\u00e3o dos 90 anos da Par\u00f3quia Sagrado Cora\u00e7\u00e3o de Jesus em Itaju\u00edpe tem alegrado os fi\u00e9is que em ritmo de comemora\u00e7\u00e3o, relembram o processo de constru\u00e7\u00e3o...","og_url":"https:\/\/blogdoere.com.br\/?p=26362","og_site_name":"blog do er\u00ea","article_published_time":"2015-03-02T01:18:00+00:00","og_image":[{"url":"http:\/\/3.bp.blogspot.com\/-bRsES0hgEds\/VPO6S6fKDGI\/AAAAAAAAFtQ\/Lgw7jDkRtUo\/s1600\/ayesss.jpg"}],"author":"Ere","twitter_card":"summary_large_image","twitter_misc":{"Escrito por":"Ere","Tempo estimado de leitura":"5 minutos"},"schema":{"@context":"https:\/\/schema.org","@graph":[{"@type":"Article","@id":"https:\/\/blogdoere.com.br\/?p=26362#article","isPartOf":{"@id":"https:\/\/blogdoere.com.br\/?p=26362"},"author":{"name":"Ere","@id":"https:\/\/blogdoere.com.br\/#\/schema\/person\/4b56ed2336cb28ae3415ce8ffe56742e"},"headline":"ITAJU\u00cdPE: GRANDE SHOW COM ADRIANA ARYDES, CANTORA DA CAN\u00c7\u00c3O NOVA.","datePublished":"2015-03-02T01:18:00+00:00","dateModified":"2015-03-02T01:18:00+00:00","mainEntityOfPage":{"@id":"https:\/\/blogdoere.com.br\/?p=26362"},"wordCount":957,"commentCount":0,"publisher":{"@id":"https:\/\/blogdoere.com.br\/#organization"},"articleSection":["Destaques"],"inLanguage":"pt-PT","potentialAction":[{"@type":"CommentAction","name":"Comment","target":["https:\/\/blogdoere.com.br\/?p=26362#respond"]}]},{"@type":"WebPage","@id":"https:\/\/blogdoere.com.br\/?p=26362","url":"https:\/\/blogdoere.com.br\/?p=26362","name":"ITAJU\u00cdPE: GRANDE SHOW COM ADRIANA ARYDES, CANTORA DA CAN\u00c7\u00c3O NOVA. - blog do er\u00ea","isPartOf":{"@id":"https:\/\/blogdoere.com.br\/#website"},"datePublished":"2015-03-02T01:18:00+00:00","dateModified":"2015-03-02T01:18:00+00:00","breadcrumb":{"@id":"https:\/\/blogdoere.com.br\/?p=26362#breadcrumb"},"inLanguage":"pt-PT","potentialAction":[{"@type":"ReadAction","target":["https:\/\/blogdoere.com.br\/?p=26362"]}]},{"@type":"BreadcrumbList","@id":"https:\/\/blogdoere.com.br\/?p=26362#breadcrumb","itemListElement":[{"@type":"ListItem","position":1,"name":"In\u00edcio","item":"https:\/\/blogdoere.com.br\/"},{"@type":"ListItem","position":2,"name":"ITAJU\u00cdPE: GRANDE SHOW COM ADRIANA ARYDES, CANTORA DA CAN\u00c7\u00c3O NOVA."}]},{"@type":"WebSite","@id":"https:\/\/blogdoere.com.br\/#website","url":"https:\/\/blogdoere.com.br\/","name":"blog do er\u00ea","description":"","publisher":{"@id":"https:\/\/blogdoere.com.br\/#organization"},"potentialAction":[{"@type":"SearchAction","target":{"@type":"EntryPoint","urlTemplate":"https:\/\/blogdoere.com.br\/?s={search_term_string}"},"query-input":"required name=search_term_string"}],"inLanguage":"pt-PT"},{"@type":"Organization","@id":"https:\/\/blogdoere.com.br\/#organization","name":"Blog do Er\u00ea","url":"https:\/\/blogdoere.com.br\/","logo":{"@type":"ImageObject","inLanguage":"pt-PT","@id":"https:\/\/blogdoere.com.br\/#\/schema\/logo\/image\/","url":"https:\/\/blogdoere.com.br\/wp-content\/uploads\/2021\/11\/Logo-Ere-1.png","contentUrl":"https:\/\/blogdoere.com.br\/wp-content\/uploads\/2021\/11\/Logo-Ere-1.png","width":1261,"height":1330,"caption":"Blog do Er\u00ea"},"image":{"@id":"https:\/\/blogdoere.com.br\/#\/schema\/logo\/image\/"}},{"@type":"Person","@id":"https:\/\/blogdoere.com.br\/#\/schema\/person\/4b56ed2336cb28ae3415ce8ffe56742e","name":"Ere","image":{"@type":"ImageObject","inLanguage":"pt-PT","@id":"https:\/\/blogdoere.com.br\/#\/schema\/person\/image\/","url":"https:\/\/secure.gravatar.com\/avatar\/?s=96&d=mm&r=g","contentUrl":"https:\/\/secure.gravatar.com\/avatar\/?s=96&d=mm&r=g","caption":"Ere"}}]}},"featured_image_urls":{"full":"","thumbnail":"","medium":"","medium_large":"","large":"","1536x1536":"","2048x2048":""},"author_info":{"display_name":"Ere","author_link":"https:\/\/blogdoere.com.br\/?author=2"},"category_info":"<a href=\"https:\/\/blogdoere.com.br\/?cat=1\" rel=\"category\">Destaques<\/a>","tag_info":"Destaques","comment_count":"0","_links":{"self":[{"href":"https:\/\/blogdoere.com.br\/index.php?rest_route=\/wp\/v2\/posts\/26362","targetHints":{"allow":["GET"]}}],"collection":[{"href":"https:\/\/blogdoere.com.br\/index.php?rest_route=\/wp\/v2\/posts"}],"about":[{"href":"https:\/\/blogdoere.com.br\/index.php?rest_route=\/wp\/v2\/types\/post"}],"author":[{"embeddable":true,"href":"https:\/\/blogdoere.com.br\/index.php?rest_route=\/wp\/v2\/users\/2"}],"replies":[{"embeddable":true,"href":"https:\/\/blogdoere.com.br\/index.php?rest_route=%2Fwp%2Fv2%2Fcomments&post=26362"}],"version-history":[{"count":0,"href":"https:\/\/blogdoere.com.br\/index.php?rest_route=\/wp\/v2\/posts\/26362\/revisions"}],"wp:attachment":[{"href":"https:\/\/blogdoere.com.br\/index.php?rest_route=%2Fwp%2Fv2%2Fmedia&parent=26362"}],"wp:term":[{"taxonomy":"category","embeddable":true,"href":"https:\/\/blogdoere.com.br\/index.php?rest_route=%2Fwp%2Fv2%2Fcategories&post=26362"},{"taxonomy":"post_tag","embeddable":true,"href":"https:\/\/blogdoere.com.br\/index.php?rest_route=%2Fwp%2Fv2%2Ftags&post=26362"}],"curies":[{"name":"wp","href":"https:\/\/api.w.org\/{rel}","templated":true}]}}