{"id":26366,"date":"2015-02-20T16:42:00","date_gmt":"2015-02-20T16:42:00","guid":{"rendered":"http:\/\/blogdoere.com.br\/?p=26366"},"modified":"2015-02-20T16:42:00","modified_gmt":"2015-02-20T16:42:00","slug":"nova-vicosa-idosa-e-presa-por-nao-pagar-pensao-alimenticia-a-netos","status":"publish","type":"post","link":"https:\/\/blogdoere.com.br\/?p=26366","title":{"rendered":"NOVA VI\u00c7OSA: IDOSA \u00c9 PRESA POR N\u00c3O PAGAR PENS\u00c3O ALIMENT\u00cdCIA A NETOS"},"content":{"rendered":"<div style=\"text-align: justify;\"><strong style=\"color: #444444; font-family: Tahoma, Geneva, sans-serif; font-size: 12.222222328186035px; line-height: 18px; margin: 0px; padding: 0px;\"><br \/><\/strong><\/div>\n<div style=\"text-align: center;\"><strong style=\"color: #444444; font-family: Tahoma, Geneva, sans-serif; font-size: 12.222222328186035px; line-height: 18px; margin: 0px; padding: 0px;\"><img decoding=\"async\" alt=\"Nova Vi\u00e7osa: Idosa \u00e9 presa por n\u00e3o pagar pens\u00e3o aliment\u00edcia a netos\" src=\"http:\/\/www.bahianoticias.com.br\/fotos\/municipios_noticias\/902\/xIMAGEM_NOTICIA_5.jpg.pagespeed.ic.NngVrKSwur.jpg\" \/><\/strong><\/div>\n<div style=\"text-align: justify;\"><strong style=\"color: #444444; font-family: Tahoma, Geneva, sans-serif; font-size: 12.222222328186035px; line-height: 18px; margin: 0px; padding: 0px;\"><br \/><\/strong><\/div>\n<div style=\"text-align: justify;\"><strong style=\"color: #444444; font-family: Tahoma, Geneva, sans-serif; font-size: 12.222222328186035px; line-height: 18px; margin: 0px; padding: 0px;\">Uma idosa, de 63 anos, foi presa por n\u00e3o pagar pens\u00e3o aliment\u00edcia a dois netos em Posto da Mata, povoado de Nova Vi\u00e7osa, no extremo sul baiano. De acordo com a delegacia local, Benedita Concei\u00e7\u00e3o dos Santos foi detida desde a quarta-feira (11) por acumular d\u00edvida de quase R$ 4,5 mil. A idosa ficou como respons\u00e1vel pelo fato de o pai da crian\u00e7a alegar estar desempregado. Caso n\u00e3o haja acordo, a mulher pode ficar presa por at\u00e9 dois meses. &#8220;H\u00e1 informa\u00e7\u00f5es de que um acordo est\u00e1 sendo negociado entre os familiares da idosa e a m\u00e3e das crian\u00e7as&#8221;, disse Adel\u00e2ndio Rodrigues, da unidade policial de Posto da Mata, ao Bahia Not\u00edcias. Ainda de acordo com a pol\u00edcia, o pai das crian\u00e7as mora atualmente no Rio de Janeiro e est\u00e1 em Nova Vi\u00e7osa para tentar resolver a situa\u00e7\u00e3o. Ele continua desempregado.&nbsp;<\/strong><\/div>\n","protected":false},"excerpt":{"rendered":"<p>Uma idosa, de 63 anos, foi presa por n\u00e3o pagar pens\u00e3o aliment\u00edcia a dois netos em Posto da Mata, povoado de Nova Vi\u00e7osa, no extremo sul baiano. De acordo com&#8230;<\/p>\n","protected":false},"author":2,"featured_media":0,"comment_status":"open","ping_status":"open","sticky":false,"template":"","format":"standard","meta":{"_editorskit_title_hidden":false,"_editorskit_reading_time":0,"_editorskit_is_block_options_detached":false,"_editorskit_block_options_position":"{}","om_disable_all_campaigns":false,"_mi_skip_tracking":false,"_kad_post_transparent":"","_kad_post_title":"","_kad_post_layout":"","_kad_post_sidebar_id":"","_kad_post_content_style":"","_kad_post_vertical_padding":"","_kad_post_feature":"","_kad_post_feature_position":"","_kad_post_header":false,"_kad_post_footer":false,"footnotes":""},"categories":[1],"tags":[],"class_list":["post-26366","post","type-post","status-publish","format-standard","hentry","category-destaques"],"yoast_head":"<!-- This site is optimized with the Yoast SEO plugin v20.5 - https:\/\/yoast.com\/wordpress\/plugins\/seo\/ -->\n<title>NOVA VI\u00c7OSA: IDOSA \u00c9 PRESA POR N\u00c3O PAGAR PENS\u00c3O ALIMENT\u00cdCIA A NETOS - blog do er\u00ea<\/title>\n<meta name=\"robots\" content=\"index, follow, max-snippet:-1, max-image-preview:large, max-video-preview:-1\" \/>\n<link rel=\"canonical\" href=\"https:\/\/blogdoere.com.br\/?p=26366\" \/>\n<meta property=\"og:locale\" content=\"pt_PT\" \/>\n<meta property=\"og:type\" content=\"article\" \/>\n<meta property=\"og:title\" content=\"NOVA VI\u00c7OSA: IDOSA \u00c9 PRESA POR N\u00c3O PAGAR PENS\u00c3O ALIMENT\u00cdCIA A NETOS - blog do er\u00ea\" \/>\n<meta property=\"og:description\" content=\"Uma idosa, de 63 anos, foi presa por n\u00e3o pagar pens\u00e3o aliment\u00edcia a dois netos em Posto da Mata, povoado de Nova Vi\u00e7osa, no extremo sul baiano. De acordo com...\" \/>\n<meta property=\"og:url\" content=\"https:\/\/blogdoere.com.br\/?p=26366\" \/>\n<meta property=\"og:site_name\" content=\"blog do er\u00ea\" \/>\n<meta property=\"article:published_time\" content=\"2015-02-20T16:42:00+00:00\" \/>\n<meta property=\"og:image\" content=\"http:\/\/www.bahianoticias.com.br\/fotos\/municipios_noticias\/902\/xIMAGEM_NOTICIA_5.jpg.pagespeed.ic.NngVrKSwur.jpg\" \/>\n<meta name=\"author\" content=\"Ere\" \/>\n<meta name=\"twitter:card\" content=\"summary_large_image\" \/>\n<meta name=\"twitter:label1\" content=\"Escrito por\" \/>\n\t<meta name=\"twitter:data1\" content=\"Ere\" \/>\n\t<meta name=\"twitter:label2\" content=\"Tempo estimado de leitura\" \/>\n\t<meta name=\"twitter:data2\" content=\"1 minuto\" \/>\n<script type=\"application\/ld+json\" class=\"yoast-schema-graph\">{\"@context\":\"https:\/\/schema.org\",\"@graph\":[{\"@type\":\"Article\",\"@id\":\"https:\/\/blogdoere.com.br\/?p=26366#article\",\"isPartOf\":{\"@id\":\"https:\/\/blogdoere.com.br\/?p=26366\"},\"author\":{\"name\":\"Ere\",\"@id\":\"https:\/\/blogdoere.com.br\/#\/schema\/person\/4b56ed2336cb28ae3415ce8ffe56742e\"},\"headline\":\"NOVA VI\u00c7OSA: IDOSA \u00c9 PRESA POR N\u00c3O PAGAR PENS\u00c3O ALIMENT\u00cdCIA A NETOS\",\"datePublished\":\"2015-02-20T16:42:00+00:00\",\"dateModified\":\"2015-02-20T16:42:00+00:00\",\"mainEntityOfPage\":{\"@id\":\"https:\/\/blogdoere.com.br\/?p=26366\"},\"wordCount\":171,\"commentCount\":0,\"publisher\":{\"@id\":\"https:\/\/blogdoere.com.br\/#organization\"},\"articleSection\":[\"Destaques\"],\"inLanguage\":\"pt-PT\",\"potentialAction\":[{\"@type\":\"CommentAction\",\"name\":\"Comment\",\"target\":[\"https:\/\/blogdoere.com.br\/?p=26366#respond\"]}]},{\"@type\":\"WebPage\",\"@id\":\"https:\/\/blogdoere.com.br\/?p=26366\",\"url\":\"https:\/\/blogdoere.com.br\/?p=26366\",\"name\":\"NOVA VI\u00c7OSA: IDOSA \u00c9 PRESA POR N\u00c3O PAGAR PENS\u00c3O ALIMENT\u00cdCIA A NETOS - blog do er\u00ea\",\"isPartOf\":{\"@id\":\"https:\/\/blogdoere.com.br\/#website\"},\"datePublished\":\"2015-02-20T16:42:00+00:00\",\"dateModified\":\"2015-02-20T16:42:00+00:00\",\"breadcrumb\":{\"@id\":\"https:\/\/blogdoere.com.br\/?p=26366#breadcrumb\"},\"inLanguage\":\"pt-PT\",\"potentialAction\":[{\"@type\":\"ReadAction\",\"target\":[\"https:\/\/blogdoere.com.br\/?p=26366\"]}]},{\"@type\":\"BreadcrumbList\",\"@id\":\"https:\/\/blogdoere.com.br\/?p=26366#breadcrumb\",\"itemListElement\":[{\"@type\":\"ListItem\",\"position\":1,\"name\":\"In\u00edcio\",\"item\":\"https:\/\/blogdoere.com.br\/\"},{\"@type\":\"ListItem\",\"position\":2,\"name\":\"NOVA VI\u00c7OSA: IDOSA \u00c9 PRESA POR N\u00c3O PAGAR PENS\u00c3O ALIMENT\u00cdCIA A NETOS\"}]},{\"@type\":\"WebSite\",\"@id\":\"https:\/\/blogdoere.com.br\/#website\",\"url\":\"https:\/\/blogdoere.com.br\/\",\"name\":\"blog do er\u00ea\",\"description\":\"\",\"publisher\":{\"@id\":\"https:\/\/blogdoere.com.br\/#organization\"},\"potentialAction\":[{\"@type\":\"SearchAction\",\"target\":{\"@type\":\"EntryPoint\",\"urlTemplate\":\"https:\/\/blogdoere.com.br\/?s={search_term_string}\"},\"query-input\":\"required name=search_term_string\"}],\"inLanguage\":\"pt-PT\"},{\"@type\":\"Organization\",\"@id\":\"https:\/\/blogdoere.com.br\/#organization\",\"name\":\"Blog do Er\u00ea\",\"url\":\"https:\/\/blogdoere.com.br\/\",\"logo\":{\"@type\":\"ImageObject\",\"inLanguage\":\"pt-PT\",\"@id\":\"https:\/\/blogdoere.com.br\/#\/schema\/logo\/image\/\",\"url\":\"https:\/\/blogdoere.com.br\/wp-content\/uploads\/2021\/11\/Logo-Ere-1.png\",\"contentUrl\":\"https:\/\/blogdoere.com.br\/wp-content\/uploads\/2021\/11\/Logo-Ere-1.png\",\"width\":1261,\"height\":1330,\"caption\":\"Blog do Er\u00ea\"},\"image\":{\"@id\":\"https:\/\/blogdoere.com.br\/#\/schema\/logo\/image\/\"}},{\"@type\":\"Person\",\"@id\":\"https:\/\/blogdoere.com.br\/#\/schema\/person\/4b56ed2336cb28ae3415ce8ffe56742e\",\"name\":\"Ere\",\"image\":{\"@type\":\"ImageObject\",\"inLanguage\":\"pt-PT\",\"@id\":\"https:\/\/blogdoere.com.br\/#\/schema\/person\/image\/\",\"url\":\"https:\/\/secure.gravatar.com\/avatar\/?s=96&d=mm&r=g\",\"contentUrl\":\"https:\/\/secure.gravatar.com\/avatar\/?s=96&d=mm&r=g\",\"caption\":\"Ere\"}}]}<\/script>\n<!-- \/ Yoast SEO plugin. -->","yoast_head_json":{"title":"NOVA VI\u00c7OSA: IDOSA \u00c9 PRESA POR N\u00c3O PAGAR PENS\u00c3O ALIMENT\u00cdCIA A NETOS - blog do er\u00ea","robots":{"index":"index","follow":"follow","max-snippet":"max-snippet:-1","max-image-preview":"max-image-preview:large","max-video-preview":"max-video-preview:-1"},"canonical":"https:\/\/blogdoere.com.br\/?p=26366","og_locale":"pt_PT","og_type":"article","og_title":"NOVA VI\u00c7OSA: IDOSA \u00c9 PRESA POR N\u00c3O PAGAR PENS\u00c3O ALIMENT\u00cdCIA A NETOS - blog do er\u00ea","og_description":"Uma idosa, de 63 anos, foi presa por n\u00e3o pagar pens\u00e3o aliment\u00edcia a dois netos em Posto da Mata, povoado de Nova Vi\u00e7osa, no extremo sul baiano. De acordo com...","og_url":"https:\/\/blogdoere.com.br\/?p=26366","og_site_name":"blog do er\u00ea","article_published_time":"2015-02-20T16:42:00+00:00","og_image":[{"url":"http:\/\/www.bahianoticias.com.br\/fotos\/municipios_noticias\/902\/xIMAGEM_NOTICIA_5.jpg.pagespeed.ic.NngVrKSwur.jpg"}],"author":"Ere","twitter_card":"summary_large_image","twitter_misc":{"Escrito por":"Ere","Tempo estimado de leitura":"1 minuto"},"schema":{"@context":"https:\/\/schema.org","@graph":[{"@type":"Article","@id":"https:\/\/blogdoere.com.br\/?p=26366#article","isPartOf":{"@id":"https:\/\/blogdoere.com.br\/?p=26366"},"author":{"name":"Ere","@id":"https:\/\/blogdoere.com.br\/#\/schema\/person\/4b56ed2336cb28ae3415ce8ffe56742e"},"headline":"NOVA VI\u00c7OSA: IDOSA \u00c9 PRESA POR N\u00c3O PAGAR PENS\u00c3O ALIMENT\u00cdCIA A NETOS","datePublished":"2015-02-20T16:42:00+00:00","dateModified":"2015-02-20T16:42:00+00:00","mainEntityOfPage":{"@id":"https:\/\/blogdoere.com.br\/?p=26366"},"wordCount":171,"commentCount":0,"publisher":{"@id":"https:\/\/blogdoere.com.br\/#organization"},"articleSection":["Destaques"],"inLanguage":"pt-PT","potentialAction":[{"@type":"CommentAction","name":"Comment","target":["https:\/\/blogdoere.com.br\/?p=26366#respond"]}]},{"@type":"WebPage","@id":"https:\/\/blogdoere.com.br\/?p=26366","url":"https:\/\/blogdoere.com.br\/?p=26366","name":"NOVA VI\u00c7OSA: IDOSA \u00c9 PRESA POR N\u00c3O PAGAR PENS\u00c3O ALIMENT\u00cdCIA A NETOS - blog do er\u00ea","isPartOf":{"@id":"https:\/\/blogdoere.com.br\/#website"},"datePublished":"2015-02-20T16:42:00+00:00","dateModified":"2015-02-20T16:42:00+00:00","breadcrumb":{"@id":"https:\/\/blogdoere.com.br\/?p=26366#breadcrumb"},"inLanguage":"pt-PT","potentialAction":[{"@type":"ReadAction","target":["https:\/\/blogdoere.com.br\/?p=26366"]}]},{"@type":"BreadcrumbList","@id":"https:\/\/blogdoere.com.br\/?p=26366#breadcrumb","itemListElement":[{"@type":"ListItem","position":1,"name":"In\u00edcio","item":"https:\/\/blogdoere.com.br\/"},{"@type":"ListItem","position":2,"name":"NOVA VI\u00c7OSA: IDOSA \u00c9 PRESA POR N\u00c3O PAGAR PENS\u00c3O ALIMENT\u00cdCIA A NETOS"}]},{"@type":"WebSite","@id":"https:\/\/blogdoere.com.br\/#website","url":"https:\/\/blogdoere.com.br\/","name":"blog do er\u00ea","description":"","publisher":{"@id":"https:\/\/blogdoere.com.br\/#organization"},"potentialAction":[{"@type":"SearchAction","target":{"@type":"EntryPoint","urlTemplate":"https:\/\/blogdoere.com.br\/?s={search_term_string}"},"query-input":"required name=search_term_string"}],"inLanguage":"pt-PT"},{"@type":"Organization","@id":"https:\/\/blogdoere.com.br\/#organization","name":"Blog do Er\u00ea","url":"https:\/\/blogdoere.com.br\/","logo":{"@type":"ImageObject","inLanguage":"pt-PT","@id":"https:\/\/blogdoere.com.br\/#\/schema\/logo\/image\/","url":"https:\/\/blogdoere.com.br\/wp-content\/uploads\/2021\/11\/Logo-Ere-1.png","contentUrl":"https:\/\/blogdoere.com.br\/wp-content\/uploads\/2021\/11\/Logo-Ere-1.png","width":1261,"height":1330,"caption":"Blog do Er\u00ea"},"image":{"@id":"https:\/\/blogdoere.com.br\/#\/schema\/logo\/image\/"}},{"@type":"Person","@id":"https:\/\/blogdoere.com.br\/#\/schema\/person\/4b56ed2336cb28ae3415ce8ffe56742e","name":"Ere","image":{"@type":"ImageObject","inLanguage":"pt-PT","@id":"https:\/\/blogdoere.com.br\/#\/schema\/person\/image\/","url":"https:\/\/secure.gravatar.com\/avatar\/?s=96&d=mm&r=g","contentUrl":"https:\/\/secure.gravatar.com\/avatar\/?s=96&d=mm&r=g","caption":"Ere"}}]}},"featured_image_urls":{"full":"","thumbnail":"","medium":"","medium_large":"","large":"","1536x1536":"","2048x2048":""},"author_info":{"display_name":"Ere","author_link":"https:\/\/blogdoere.com.br\/?author=2"},"category_info":"<a href=\"https:\/\/blogdoere.com.br\/?cat=1\" rel=\"category\">Destaques<\/a>","tag_info":"Destaques","comment_count":"0","_links":{"self":[{"href":"https:\/\/blogdoere.com.br\/index.php?rest_route=\/wp\/v2\/posts\/26366","targetHints":{"allow":["GET"]}}],"collection":[{"href":"https:\/\/blogdoere.com.br\/index.php?rest_route=\/wp\/v2\/posts"}],"about":[{"href":"https:\/\/blogdoere.com.br\/index.php?rest_route=\/wp\/v2\/types\/post"}],"author":[{"embeddable":true,"href":"https:\/\/blogdoere.com.br\/index.php?rest_route=\/wp\/v2\/users\/2"}],"replies":[{"embeddable":true,"href":"https:\/\/blogdoere.com.br\/index.php?rest_route=%2Fwp%2Fv2%2Fcomments&post=26366"}],"version-history":[{"count":0,"href":"https:\/\/blogdoere.com.br\/index.php?rest_route=\/wp\/v2\/posts\/26366\/revisions"}],"wp:attachment":[{"href":"https:\/\/blogdoere.com.br\/index.php?rest_route=%2Fwp%2Fv2%2Fmedia&parent=26366"}],"wp:term":[{"taxonomy":"category","embeddable":true,"href":"https:\/\/blogdoere.com.br\/index.php?rest_route=%2Fwp%2Fv2%2Fcategories&post=26366"},{"taxonomy":"post_tag","embeddable":true,"href":"https:\/\/blogdoere.com.br\/index.php?rest_route=%2Fwp%2Fv2%2Ftags&post=26366"}],"curies":[{"name":"wp","href":"https:\/\/api.w.org\/{rel}","templated":true}]}}