{"id":26374,"date":"2015-01-24T01:22:00","date_gmt":"2015-01-24T01:22:00","guid":{"rendered":"http:\/\/blogdoere.com.br\/?p=26374"},"modified":"2015-01-24T01:22:00","modified_gmt":"2015-01-24T01:22:00","slug":"psb-ficara-com-juceb-e-defesa-civil-ato-na-segunda-oficializa-entrada-na-base","status":"publish","type":"post","link":"https:\/\/blogdoere.com.br\/?p=26374","title":{"rendered":"PSB FICAR\u00c1 COM JUCEB E DEFESA CIVIL; ATO, NA SEGUNDA, OFICIALIZA ENTRADA NA BASE"},"content":{"rendered":"<div style=\"text-align: justify;\"><strong style=\"color: #444444; font-family: Tahoma, Geneva, sans-serif; line-height: 18px; margin: 0px; padding: 0px;\"><br \/><\/strong><\/div>\n<div style=\"text-align: center;\"><strong style=\"color: #444444; font-family: Tahoma, Geneva, sans-serif; line-height: 18px; margin: 0px; padding: 0px;\"><img decoding=\"async\" alt=\"PSB ficar\u00e1 com Juceb e Defesa Civil; ato, na segunda, oficializa entrada na base\" src=\"http:\/\/www.bahianoticias.com.br\/fotos\/principal_noticias\/166395\/xIMAGEM_NOTICIA_5.jpg.pagespeed.ic.afPJe1hUFl.jpg\" \/><\/strong><\/div>\n<div style=\"text-align: center;\"><strong style=\"color: #444444; font-family: Tahoma, Geneva, sans-serif; line-height: 18px; margin: 0px; padding: 0px;\"><br \/><\/strong><\/div>\n<div style=\"text-align: justify;\"><strong style=\"color: #444444; font-family: Tahoma, Geneva, sans-serif; line-height: 18px; margin: 0px; padding: 0px;\">Fora do primeiro escal\u00e3o do governo Rui Costa (PT), o PSB deve ocupar a Junta Comercial do Estado da Bahia (Juceb) e a Defesa Civil. A informa\u00e7\u00e3o foi confirmada ao Bahia Not\u00edcias por fontes ligadas \u00e0 senadora L\u00eddice da Mata, presidente estadual do partido. Especulado como chefe da Juceb, Ant\u00f4nio Carlos Tramm \u2013 que j\u00e1 foi secret\u00e1rio de Turismo na gest\u00e3o Jaques Wagner e coordenador pol\u00edtico da candidatura de L\u00eddice ao governo do Estado em 2014 \u2013 negou que seja o nome para o \u00f3rg\u00e3o. \u201cEu n\u00e3o sei. Voc\u00eas precisam conversar com dona L\u00eddice. \u00c9 ela que est\u00e1 conduzindo todas as negocia\u00e7\u00f5es\u201d, esquivou-se. Ainda de acordo com fontes ligadas \u00e0 senadora, na segunda-feira (26), \u00e0s 11h, um ato marcar\u00e1 a entrada oficial do PSB na base governista.<\/strong><\/div>\n","protected":false},"excerpt":{"rendered":"<p>Fora do primeiro escal\u00e3o do governo Rui Costa (PT), o PSB deve ocupar a Junta Comercial do Estado da Bahia (Juceb) e a Defesa Civil. A informa\u00e7\u00e3o foi confirmada ao&#8230;<\/p>\n","protected":false},"author":2,"featured_media":0,"comment_status":"open","ping_status":"open","sticky":false,"template":"","format":"standard","meta":{"_editorskit_title_hidden":false,"_editorskit_reading_time":0,"_editorskit_is_block_options_detached":false,"_editorskit_block_options_position":"{}","om_disable_all_campaigns":false,"_mi_skip_tracking":false,"_kad_post_transparent":"","_kad_post_title":"","_kad_post_layout":"","_kad_post_sidebar_id":"","_kad_post_content_style":"","_kad_post_vertical_padding":"","_kad_post_feature":"","_kad_post_feature_position":"","_kad_post_header":false,"_kad_post_footer":false,"footnotes":""},"categories":[1],"tags":[],"class_list":["post-26374","post","type-post","status-publish","format-standard","hentry","category-destaques"],"yoast_head":"<!-- This site is optimized with the Yoast SEO plugin v20.5 - https:\/\/yoast.com\/wordpress\/plugins\/seo\/ -->\n<title>PSB FICAR\u00c1 COM JUCEB E DEFESA CIVIL; ATO, NA SEGUNDA, OFICIALIZA ENTRADA NA BASE - blog do er\u00ea<\/title>\n<meta name=\"robots\" content=\"index, follow, max-snippet:-1, max-image-preview:large, max-video-preview:-1\" \/>\n<link rel=\"canonical\" href=\"https:\/\/blogdoere.com.br\/?p=26374\" \/>\n<meta property=\"og:locale\" content=\"pt_PT\" \/>\n<meta property=\"og:type\" content=\"article\" \/>\n<meta property=\"og:title\" content=\"PSB FICAR\u00c1 COM JUCEB E DEFESA CIVIL; ATO, NA SEGUNDA, OFICIALIZA ENTRADA NA BASE - blog do er\u00ea\" \/>\n<meta property=\"og:description\" content=\"Fora do primeiro escal\u00e3o do governo Rui Costa (PT), o PSB deve ocupar a Junta Comercial do Estado da Bahia (Juceb) e a Defesa Civil. A informa\u00e7\u00e3o foi confirmada ao...\" \/>\n<meta property=\"og:url\" content=\"https:\/\/blogdoere.com.br\/?p=26374\" \/>\n<meta property=\"og:site_name\" content=\"blog do er\u00ea\" \/>\n<meta property=\"article:published_time\" content=\"2015-01-24T01:22:00+00:00\" \/>\n<meta property=\"og:image\" content=\"http:\/\/www.bahianoticias.com.br\/fotos\/principal_noticias\/166395\/xIMAGEM_NOTICIA_5.jpg.pagespeed.ic.afPJe1hUFl.jpg\" \/>\n<meta name=\"author\" content=\"Ere\" \/>\n<meta name=\"twitter:card\" content=\"summary_large_image\" \/>\n<meta name=\"twitter:label1\" content=\"Escrito por\" \/>\n\t<meta name=\"twitter:data1\" content=\"Ere\" \/>\n\t<meta name=\"twitter:label2\" content=\"Tempo estimado de leitura\" \/>\n\t<meta name=\"twitter:data2\" content=\"1 minuto\" \/>\n<script type=\"application\/ld+json\" class=\"yoast-schema-graph\">{\"@context\":\"https:\/\/schema.org\",\"@graph\":[{\"@type\":\"Article\",\"@id\":\"https:\/\/blogdoere.com.br\/?p=26374#article\",\"isPartOf\":{\"@id\":\"https:\/\/blogdoere.com.br\/?p=26374\"},\"author\":{\"name\":\"Ere\",\"@id\":\"https:\/\/blogdoere.com.br\/#\/schema\/person\/4b56ed2336cb28ae3415ce8ffe56742e\"},\"headline\":\"PSB FICAR\u00c1 COM JUCEB E DEFESA CIVIL; ATO, NA SEGUNDA, OFICIALIZA ENTRADA NA BASE\",\"datePublished\":\"2015-01-24T01:22:00+00:00\",\"dateModified\":\"2015-01-24T01:22:00+00:00\",\"mainEntityOfPage\":{\"@id\":\"https:\/\/blogdoere.com.br\/?p=26374\"},\"wordCount\":148,\"commentCount\":0,\"publisher\":{\"@id\":\"https:\/\/blogdoere.com.br\/#organization\"},\"articleSection\":[\"Destaques\"],\"inLanguage\":\"pt-PT\",\"potentialAction\":[{\"@type\":\"CommentAction\",\"name\":\"Comment\",\"target\":[\"https:\/\/blogdoere.com.br\/?p=26374#respond\"]}]},{\"@type\":\"WebPage\",\"@id\":\"https:\/\/blogdoere.com.br\/?p=26374\",\"url\":\"https:\/\/blogdoere.com.br\/?p=26374\",\"name\":\"PSB FICAR\u00c1 COM JUCEB E DEFESA CIVIL; ATO, NA SEGUNDA, OFICIALIZA ENTRADA NA BASE - blog do er\u00ea\",\"isPartOf\":{\"@id\":\"https:\/\/blogdoere.com.br\/#website\"},\"datePublished\":\"2015-01-24T01:22:00+00:00\",\"dateModified\":\"2015-01-24T01:22:00+00:00\",\"breadcrumb\":{\"@id\":\"https:\/\/blogdoere.com.br\/?p=26374#breadcrumb\"},\"inLanguage\":\"pt-PT\",\"potentialAction\":[{\"@type\":\"ReadAction\",\"target\":[\"https:\/\/blogdoere.com.br\/?p=26374\"]}]},{\"@type\":\"BreadcrumbList\",\"@id\":\"https:\/\/blogdoere.com.br\/?p=26374#breadcrumb\",\"itemListElement\":[{\"@type\":\"ListItem\",\"position\":1,\"name\":\"In\u00edcio\",\"item\":\"https:\/\/blogdoere.com.br\/\"},{\"@type\":\"ListItem\",\"position\":2,\"name\":\"PSB FICAR\u00c1 COM JUCEB E DEFESA CIVIL; ATO, NA SEGUNDA, OFICIALIZA ENTRADA NA BASE\"}]},{\"@type\":\"WebSite\",\"@id\":\"https:\/\/blogdoere.com.br\/#website\",\"url\":\"https:\/\/blogdoere.com.br\/\",\"name\":\"blog do er\u00ea\",\"description\":\"\",\"publisher\":{\"@id\":\"https:\/\/blogdoere.com.br\/#organization\"},\"potentialAction\":[{\"@type\":\"SearchAction\",\"target\":{\"@type\":\"EntryPoint\",\"urlTemplate\":\"https:\/\/blogdoere.com.br\/?s={search_term_string}\"},\"query-input\":\"required name=search_term_string\"}],\"inLanguage\":\"pt-PT\"},{\"@type\":\"Organization\",\"@id\":\"https:\/\/blogdoere.com.br\/#organization\",\"name\":\"Blog do Er\u00ea\",\"url\":\"https:\/\/blogdoere.com.br\/\",\"logo\":{\"@type\":\"ImageObject\",\"inLanguage\":\"pt-PT\",\"@id\":\"https:\/\/blogdoere.com.br\/#\/schema\/logo\/image\/\",\"url\":\"https:\/\/blogdoere.com.br\/wp-content\/uploads\/2021\/11\/Logo-Ere-1.png\",\"contentUrl\":\"https:\/\/blogdoere.com.br\/wp-content\/uploads\/2021\/11\/Logo-Ere-1.png\",\"width\":1261,\"height\":1330,\"caption\":\"Blog do Er\u00ea\"},\"image\":{\"@id\":\"https:\/\/blogdoere.com.br\/#\/schema\/logo\/image\/\"}},{\"@type\":\"Person\",\"@id\":\"https:\/\/blogdoere.com.br\/#\/schema\/person\/4b56ed2336cb28ae3415ce8ffe56742e\",\"name\":\"Ere\",\"image\":{\"@type\":\"ImageObject\",\"inLanguage\":\"pt-PT\",\"@id\":\"https:\/\/blogdoere.com.br\/#\/schema\/person\/image\/\",\"url\":\"https:\/\/secure.gravatar.com\/avatar\/?s=96&d=mm&r=g\",\"contentUrl\":\"https:\/\/secure.gravatar.com\/avatar\/?s=96&d=mm&r=g\",\"caption\":\"Ere\"}}]}<\/script>\n<!-- \/ Yoast SEO plugin. -->","yoast_head_json":{"title":"PSB FICAR\u00c1 COM JUCEB E DEFESA CIVIL; ATO, NA SEGUNDA, OFICIALIZA ENTRADA NA BASE - blog do er\u00ea","robots":{"index":"index","follow":"follow","max-snippet":"max-snippet:-1","max-image-preview":"max-image-preview:large","max-video-preview":"max-video-preview:-1"},"canonical":"https:\/\/blogdoere.com.br\/?p=26374","og_locale":"pt_PT","og_type":"article","og_title":"PSB FICAR\u00c1 COM JUCEB E DEFESA CIVIL; ATO, NA SEGUNDA, OFICIALIZA ENTRADA NA BASE - blog do er\u00ea","og_description":"Fora do primeiro escal\u00e3o do governo Rui Costa (PT), o PSB deve ocupar a Junta Comercial do Estado da Bahia (Juceb) e a Defesa Civil. A informa\u00e7\u00e3o foi confirmada ao...","og_url":"https:\/\/blogdoere.com.br\/?p=26374","og_site_name":"blog do er\u00ea","article_published_time":"2015-01-24T01:22:00+00:00","og_image":[{"url":"http:\/\/www.bahianoticias.com.br\/fotos\/principal_noticias\/166395\/xIMAGEM_NOTICIA_5.jpg.pagespeed.ic.afPJe1hUFl.jpg"}],"author":"Ere","twitter_card":"summary_large_image","twitter_misc":{"Escrito por":"Ere","Tempo estimado de leitura":"1 minuto"},"schema":{"@context":"https:\/\/schema.org","@graph":[{"@type":"Article","@id":"https:\/\/blogdoere.com.br\/?p=26374#article","isPartOf":{"@id":"https:\/\/blogdoere.com.br\/?p=26374"},"author":{"name":"Ere","@id":"https:\/\/blogdoere.com.br\/#\/schema\/person\/4b56ed2336cb28ae3415ce8ffe56742e"},"headline":"PSB FICAR\u00c1 COM JUCEB E DEFESA CIVIL; ATO, NA SEGUNDA, OFICIALIZA ENTRADA NA BASE","datePublished":"2015-01-24T01:22:00+00:00","dateModified":"2015-01-24T01:22:00+00:00","mainEntityOfPage":{"@id":"https:\/\/blogdoere.com.br\/?p=26374"},"wordCount":148,"commentCount":0,"publisher":{"@id":"https:\/\/blogdoere.com.br\/#organization"},"articleSection":["Destaques"],"inLanguage":"pt-PT","potentialAction":[{"@type":"CommentAction","name":"Comment","target":["https:\/\/blogdoere.com.br\/?p=26374#respond"]}]},{"@type":"WebPage","@id":"https:\/\/blogdoere.com.br\/?p=26374","url":"https:\/\/blogdoere.com.br\/?p=26374","name":"PSB FICAR\u00c1 COM JUCEB E DEFESA CIVIL; ATO, NA SEGUNDA, OFICIALIZA ENTRADA NA BASE - blog do er\u00ea","isPartOf":{"@id":"https:\/\/blogdoere.com.br\/#website"},"datePublished":"2015-01-24T01:22:00+00:00","dateModified":"2015-01-24T01:22:00+00:00","breadcrumb":{"@id":"https:\/\/blogdoere.com.br\/?p=26374#breadcrumb"},"inLanguage":"pt-PT","potentialAction":[{"@type":"ReadAction","target":["https:\/\/blogdoere.com.br\/?p=26374"]}]},{"@type":"BreadcrumbList","@id":"https:\/\/blogdoere.com.br\/?p=26374#breadcrumb","itemListElement":[{"@type":"ListItem","position":1,"name":"In\u00edcio","item":"https:\/\/blogdoere.com.br\/"},{"@type":"ListItem","position":2,"name":"PSB FICAR\u00c1 COM JUCEB E DEFESA CIVIL; ATO, NA SEGUNDA, OFICIALIZA ENTRADA NA BASE"}]},{"@type":"WebSite","@id":"https:\/\/blogdoere.com.br\/#website","url":"https:\/\/blogdoere.com.br\/","name":"blog do er\u00ea","description":"","publisher":{"@id":"https:\/\/blogdoere.com.br\/#organization"},"potentialAction":[{"@type":"SearchAction","target":{"@type":"EntryPoint","urlTemplate":"https:\/\/blogdoere.com.br\/?s={search_term_string}"},"query-input":"required name=search_term_string"}],"inLanguage":"pt-PT"},{"@type":"Organization","@id":"https:\/\/blogdoere.com.br\/#organization","name":"Blog do Er\u00ea","url":"https:\/\/blogdoere.com.br\/","logo":{"@type":"ImageObject","inLanguage":"pt-PT","@id":"https:\/\/blogdoere.com.br\/#\/schema\/logo\/image\/","url":"https:\/\/blogdoere.com.br\/wp-content\/uploads\/2021\/11\/Logo-Ere-1.png","contentUrl":"https:\/\/blogdoere.com.br\/wp-content\/uploads\/2021\/11\/Logo-Ere-1.png","width":1261,"height":1330,"caption":"Blog do Er\u00ea"},"image":{"@id":"https:\/\/blogdoere.com.br\/#\/schema\/logo\/image\/"}},{"@type":"Person","@id":"https:\/\/blogdoere.com.br\/#\/schema\/person\/4b56ed2336cb28ae3415ce8ffe56742e","name":"Ere","image":{"@type":"ImageObject","inLanguage":"pt-PT","@id":"https:\/\/blogdoere.com.br\/#\/schema\/person\/image\/","url":"https:\/\/secure.gravatar.com\/avatar\/?s=96&d=mm&r=g","contentUrl":"https:\/\/secure.gravatar.com\/avatar\/?s=96&d=mm&r=g","caption":"Ere"}}]}},"featured_image_urls":{"full":"","thumbnail":"","medium":"","medium_large":"","large":"","1536x1536":"","2048x2048":""},"author_info":{"display_name":"Ere","author_link":"https:\/\/blogdoere.com.br\/?author=2"},"category_info":"<a href=\"https:\/\/blogdoere.com.br\/?cat=1\" rel=\"category\">Destaques<\/a>","tag_info":"Destaques","comment_count":"0","_links":{"self":[{"href":"https:\/\/blogdoere.com.br\/index.php?rest_route=\/wp\/v2\/posts\/26374","targetHints":{"allow":["GET"]}}],"collection":[{"href":"https:\/\/blogdoere.com.br\/index.php?rest_route=\/wp\/v2\/posts"}],"about":[{"href":"https:\/\/blogdoere.com.br\/index.php?rest_route=\/wp\/v2\/types\/post"}],"author":[{"embeddable":true,"href":"https:\/\/blogdoere.com.br\/index.php?rest_route=\/wp\/v2\/users\/2"}],"replies":[{"embeddable":true,"href":"https:\/\/blogdoere.com.br\/index.php?rest_route=%2Fwp%2Fv2%2Fcomments&post=26374"}],"version-history":[{"count":0,"href":"https:\/\/blogdoere.com.br\/index.php?rest_route=\/wp\/v2\/posts\/26374\/revisions"}],"wp:attachment":[{"href":"https:\/\/blogdoere.com.br\/index.php?rest_route=%2Fwp%2Fv2%2Fmedia&parent=26374"}],"wp:term":[{"taxonomy":"category","embeddable":true,"href":"https:\/\/blogdoere.com.br\/index.php?rest_route=%2Fwp%2Fv2%2Fcategories&post=26374"},{"taxonomy":"post_tag","embeddable":true,"href":"https:\/\/blogdoere.com.br\/index.php?rest_route=%2Fwp%2Fv2%2Ftags&post=26374"}],"curies":[{"name":"wp","href":"https:\/\/api.w.org\/{rel}","templated":true}]}}