{"id":26379,"date":"2015-01-06T00:15:00","date_gmt":"2015-01-06T00:15:00","guid":{"rendered":"http:\/\/blogdoere.com.br\/?p=26379"},"modified":"2015-01-06T00:15:00","modified_gmt":"2015-01-06T00:15:00","slug":"governo-publica-decreto-que-substitui-direcs-por-nucleos-regionais-de-educacao","status":"publish","type":"post","link":"https:\/\/blogdoere.com.br\/?p=26379","title":{"rendered":"GOVERNO PUBLICA DECRETO QUE SUBSTITUI DIRECS POR N\u00daCLEOS REGIONAIS DE EDUCA\u00c7\u00c3O"},"content":{"rendered":"<div style=\"text-align: center;\"><img decoding=\"async\" alt=\"Governo publica decreto que substitui Direcs por N\u00facleos Regionais de Educa\u00e7\u00e3o\" src=\"http:\/\/www.bahianoticias.com.br\/fotos\/municipios_noticias\/412\/xIMAGEM_NOTICIA_5.jpg.pagespeed.ic.czFymPFeX4.jpg\" \/><\/div>\n<div style=\"text-align: justify;\"><span style=\"color: #444444; line-height: 18px;\"><span style=\"font-family: Arial, Helvetica, sans-serif;\"><br \/><\/span><\/span><\/div>\n<div style=\"text-align: justify;\"><span style=\"color: #444444; line-height: 18px;\"><span style=\"font-family: Arial, Helvetica, sans-serif;\">As Diretorias Regionais de Educa\u00e7\u00e3o (Direc) foram extintas pelo governo do Estado e substitu\u00eddas pelos N\u00facleos Regionais de Educa\u00e7\u00e3o, conforme publicado na edi\u00e7\u00e3o do \u00faltimo dia 31 de dezembro do Di\u00e1rio Oficial do Estado (DOE). Ser\u00e3o ao todo 27 n\u00facleos, definidos com base nos Territ\u00f3rios de Identidade baianos: Irec\u00ea, Bom Jesus da Lapa, Seabra, Serrinha, Itabuna, Valen\u00e7a, Teixeira de Freitas, Itapetinga, Amargosa, Juazeiro, Barreiras, Maca\u00fabas, Caetit\u00e9, Itaberaba, Ipir\u00e1, Jacobina, Ribeira do Pombal, Alagoinhas, Feira de Santana, Vit\u00f3ria da Conquista, Santo Ant\u00f4nio de Jesus, Jequi\u00e9, Santa Maria da Vit\u00f3ria, Paulo Afonso, Senhor do Bonfim, Salvador e Eun\u00e1polis. Al\u00e9m da responsabilidade pela parte administrativa, os n\u00facleos tamb\u00e9m far\u00e3o o acompanhamento pedag\u00f3gico das escolas pertencentes a seus limites territoriais.&nbsp;<\/span><\/span><\/div>\n","protected":false},"excerpt":{"rendered":"<p>As Diretorias Regionais de Educa\u00e7\u00e3o (Direc) foram extintas pelo governo do Estado e substitu\u00eddas pelos N\u00facleos Regionais de Educa\u00e7\u00e3o, conforme publicado na edi\u00e7\u00e3o do \u00faltimo dia 31 de dezembro do&#8230;<\/p>\n","protected":false},"author":2,"featured_media":0,"comment_status":"open","ping_status":"open","sticky":false,"template":"","format":"standard","meta":{"_editorskit_title_hidden":false,"_editorskit_reading_time":0,"_editorskit_is_block_options_detached":false,"_editorskit_block_options_position":"{}","om_disable_all_campaigns":false,"_mi_skip_tracking":false,"_kad_post_transparent":"","_kad_post_title":"","_kad_post_layout":"","_kad_post_sidebar_id":"","_kad_post_content_style":"","_kad_post_vertical_padding":"","_kad_post_feature":"","_kad_post_feature_position":"","_kad_post_header":false,"_kad_post_footer":false,"footnotes":""},"categories":[1],"tags":[],"class_list":["post-26379","post","type-post","status-publish","format-standard","hentry","category-destaques"],"yoast_head":"<!-- This site is optimized with the Yoast SEO plugin v20.5 - https:\/\/yoast.com\/wordpress\/plugins\/seo\/ -->\n<title>GOVERNO PUBLICA DECRETO QUE SUBSTITUI DIRECS POR N\u00daCLEOS REGIONAIS DE EDUCA\u00c7\u00c3O - blog do er\u00ea<\/title>\n<meta name=\"robots\" content=\"index, follow, max-snippet:-1, max-image-preview:large, max-video-preview:-1\" \/>\n<link rel=\"canonical\" href=\"https:\/\/blogdoere.com.br\/?p=26379\" \/>\n<meta property=\"og:locale\" content=\"pt_PT\" \/>\n<meta property=\"og:type\" content=\"article\" \/>\n<meta property=\"og:title\" content=\"GOVERNO PUBLICA DECRETO QUE SUBSTITUI DIRECS POR N\u00daCLEOS REGIONAIS DE EDUCA\u00c7\u00c3O - blog do er\u00ea\" \/>\n<meta property=\"og:description\" content=\"As Diretorias Regionais de Educa\u00e7\u00e3o (Direc) foram extintas pelo governo do Estado e substitu\u00eddas pelos N\u00facleos Regionais de Educa\u00e7\u00e3o, conforme publicado na edi\u00e7\u00e3o do \u00faltimo dia 31 de dezembro do...\" \/>\n<meta property=\"og:url\" content=\"https:\/\/blogdoere.com.br\/?p=26379\" \/>\n<meta property=\"og:site_name\" content=\"blog do er\u00ea\" \/>\n<meta property=\"article:published_time\" content=\"2015-01-06T00:15:00+00:00\" \/>\n<meta property=\"og:image\" content=\"http:\/\/www.bahianoticias.com.br\/fotos\/municipios_noticias\/412\/xIMAGEM_NOTICIA_5.jpg.pagespeed.ic.czFymPFeX4.jpg\" \/>\n<meta name=\"author\" content=\"Ere\" \/>\n<meta name=\"twitter:card\" content=\"summary_large_image\" \/>\n<meta name=\"twitter:label1\" content=\"Escrito por\" \/>\n\t<meta name=\"twitter:data1\" content=\"Ere\" \/>\n\t<meta name=\"twitter:label2\" content=\"Tempo estimado de leitura\" \/>\n\t<meta name=\"twitter:data2\" content=\"1 minuto\" \/>\n<script type=\"application\/ld+json\" class=\"yoast-schema-graph\">{\"@context\":\"https:\/\/schema.org\",\"@graph\":[{\"@type\":\"Article\",\"@id\":\"https:\/\/blogdoere.com.br\/?p=26379#article\",\"isPartOf\":{\"@id\":\"https:\/\/blogdoere.com.br\/?p=26379\"},\"author\":{\"name\":\"Ere\",\"@id\":\"https:\/\/blogdoere.com.br\/#\/schema\/person\/4b56ed2336cb28ae3415ce8ffe56742e\"},\"headline\":\"GOVERNO PUBLICA DECRETO QUE SUBSTITUI DIRECS POR N\u00daCLEOS REGIONAIS DE EDUCA\u00c7\u00c3O\",\"datePublished\":\"2015-01-06T00:15:00+00:00\",\"dateModified\":\"2015-01-06T00:15:00+00:00\",\"mainEntityOfPage\":{\"@id\":\"https:\/\/blogdoere.com.br\/?p=26379\"},\"wordCount\":148,\"commentCount\":0,\"publisher\":{\"@id\":\"https:\/\/blogdoere.com.br\/#organization\"},\"articleSection\":[\"Destaques\"],\"inLanguage\":\"pt-PT\",\"potentialAction\":[{\"@type\":\"CommentAction\",\"name\":\"Comment\",\"target\":[\"https:\/\/blogdoere.com.br\/?p=26379#respond\"]}]},{\"@type\":\"WebPage\",\"@id\":\"https:\/\/blogdoere.com.br\/?p=26379\",\"url\":\"https:\/\/blogdoere.com.br\/?p=26379\",\"name\":\"GOVERNO PUBLICA DECRETO QUE SUBSTITUI DIRECS POR N\u00daCLEOS REGIONAIS DE EDUCA\u00c7\u00c3O - blog do er\u00ea\",\"isPartOf\":{\"@id\":\"https:\/\/blogdoere.com.br\/#website\"},\"datePublished\":\"2015-01-06T00:15:00+00:00\",\"dateModified\":\"2015-01-06T00:15:00+00:00\",\"breadcrumb\":{\"@id\":\"https:\/\/blogdoere.com.br\/?p=26379#breadcrumb\"},\"inLanguage\":\"pt-PT\",\"potentialAction\":[{\"@type\":\"ReadAction\",\"target\":[\"https:\/\/blogdoere.com.br\/?p=26379\"]}]},{\"@type\":\"BreadcrumbList\",\"@id\":\"https:\/\/blogdoere.com.br\/?p=26379#breadcrumb\",\"itemListElement\":[{\"@type\":\"ListItem\",\"position\":1,\"name\":\"In\u00edcio\",\"item\":\"https:\/\/blogdoere.com.br\/\"},{\"@type\":\"ListItem\",\"position\":2,\"name\":\"GOVERNO PUBLICA DECRETO QUE SUBSTITUI DIRECS POR N\u00daCLEOS REGIONAIS DE EDUCA\u00c7\u00c3O\"}]},{\"@type\":\"WebSite\",\"@id\":\"https:\/\/blogdoere.com.br\/#website\",\"url\":\"https:\/\/blogdoere.com.br\/\",\"name\":\"blog do er\u00ea\",\"description\":\"\",\"publisher\":{\"@id\":\"https:\/\/blogdoere.com.br\/#organization\"},\"potentialAction\":[{\"@type\":\"SearchAction\",\"target\":{\"@type\":\"EntryPoint\",\"urlTemplate\":\"https:\/\/blogdoere.com.br\/?s={search_term_string}\"},\"query-input\":\"required name=search_term_string\"}],\"inLanguage\":\"pt-PT\"},{\"@type\":\"Organization\",\"@id\":\"https:\/\/blogdoere.com.br\/#organization\",\"name\":\"Blog do Er\u00ea\",\"url\":\"https:\/\/blogdoere.com.br\/\",\"logo\":{\"@type\":\"ImageObject\",\"inLanguage\":\"pt-PT\",\"@id\":\"https:\/\/blogdoere.com.br\/#\/schema\/logo\/image\/\",\"url\":\"https:\/\/blogdoere.com.br\/wp-content\/uploads\/2021\/11\/Logo-Ere-1.png\",\"contentUrl\":\"https:\/\/blogdoere.com.br\/wp-content\/uploads\/2021\/11\/Logo-Ere-1.png\",\"width\":1261,\"height\":1330,\"caption\":\"Blog do Er\u00ea\"},\"image\":{\"@id\":\"https:\/\/blogdoere.com.br\/#\/schema\/logo\/image\/\"}},{\"@type\":\"Person\",\"@id\":\"https:\/\/blogdoere.com.br\/#\/schema\/person\/4b56ed2336cb28ae3415ce8ffe56742e\",\"name\":\"Ere\",\"image\":{\"@type\":\"ImageObject\",\"inLanguage\":\"pt-PT\",\"@id\":\"https:\/\/blogdoere.com.br\/#\/schema\/person\/image\/\",\"url\":\"https:\/\/secure.gravatar.com\/avatar\/?s=96&d=mm&r=g\",\"contentUrl\":\"https:\/\/secure.gravatar.com\/avatar\/?s=96&d=mm&r=g\",\"caption\":\"Ere\"}}]}<\/script>\n<!-- \/ Yoast SEO plugin. -->","yoast_head_json":{"title":"GOVERNO PUBLICA DECRETO QUE SUBSTITUI DIRECS POR N\u00daCLEOS REGIONAIS DE EDUCA\u00c7\u00c3O - blog do er\u00ea","robots":{"index":"index","follow":"follow","max-snippet":"max-snippet:-1","max-image-preview":"max-image-preview:large","max-video-preview":"max-video-preview:-1"},"canonical":"https:\/\/blogdoere.com.br\/?p=26379","og_locale":"pt_PT","og_type":"article","og_title":"GOVERNO PUBLICA DECRETO QUE SUBSTITUI DIRECS POR N\u00daCLEOS REGIONAIS DE EDUCA\u00c7\u00c3O - blog do er\u00ea","og_description":"As Diretorias Regionais de Educa\u00e7\u00e3o (Direc) foram extintas pelo governo do Estado e substitu\u00eddas pelos N\u00facleos Regionais de Educa\u00e7\u00e3o, conforme publicado na edi\u00e7\u00e3o do \u00faltimo dia 31 de dezembro do...","og_url":"https:\/\/blogdoere.com.br\/?p=26379","og_site_name":"blog do er\u00ea","article_published_time":"2015-01-06T00:15:00+00:00","og_image":[{"url":"http:\/\/www.bahianoticias.com.br\/fotos\/municipios_noticias\/412\/xIMAGEM_NOTICIA_5.jpg.pagespeed.ic.czFymPFeX4.jpg"}],"author":"Ere","twitter_card":"summary_large_image","twitter_misc":{"Escrito por":"Ere","Tempo estimado de leitura":"1 minuto"},"schema":{"@context":"https:\/\/schema.org","@graph":[{"@type":"Article","@id":"https:\/\/blogdoere.com.br\/?p=26379#article","isPartOf":{"@id":"https:\/\/blogdoere.com.br\/?p=26379"},"author":{"name":"Ere","@id":"https:\/\/blogdoere.com.br\/#\/schema\/person\/4b56ed2336cb28ae3415ce8ffe56742e"},"headline":"GOVERNO PUBLICA DECRETO QUE SUBSTITUI DIRECS POR N\u00daCLEOS REGIONAIS DE EDUCA\u00c7\u00c3O","datePublished":"2015-01-06T00:15:00+00:00","dateModified":"2015-01-06T00:15:00+00:00","mainEntityOfPage":{"@id":"https:\/\/blogdoere.com.br\/?p=26379"},"wordCount":148,"commentCount":0,"publisher":{"@id":"https:\/\/blogdoere.com.br\/#organization"},"articleSection":["Destaques"],"inLanguage":"pt-PT","potentialAction":[{"@type":"CommentAction","name":"Comment","target":["https:\/\/blogdoere.com.br\/?p=26379#respond"]}]},{"@type":"WebPage","@id":"https:\/\/blogdoere.com.br\/?p=26379","url":"https:\/\/blogdoere.com.br\/?p=26379","name":"GOVERNO PUBLICA DECRETO QUE SUBSTITUI DIRECS POR N\u00daCLEOS REGIONAIS DE EDUCA\u00c7\u00c3O - blog do er\u00ea","isPartOf":{"@id":"https:\/\/blogdoere.com.br\/#website"},"datePublished":"2015-01-06T00:15:00+00:00","dateModified":"2015-01-06T00:15:00+00:00","breadcrumb":{"@id":"https:\/\/blogdoere.com.br\/?p=26379#breadcrumb"},"inLanguage":"pt-PT","potentialAction":[{"@type":"ReadAction","target":["https:\/\/blogdoere.com.br\/?p=26379"]}]},{"@type":"BreadcrumbList","@id":"https:\/\/blogdoere.com.br\/?p=26379#breadcrumb","itemListElement":[{"@type":"ListItem","position":1,"name":"In\u00edcio","item":"https:\/\/blogdoere.com.br\/"},{"@type":"ListItem","position":2,"name":"GOVERNO PUBLICA DECRETO QUE SUBSTITUI DIRECS POR N\u00daCLEOS REGIONAIS DE EDUCA\u00c7\u00c3O"}]},{"@type":"WebSite","@id":"https:\/\/blogdoere.com.br\/#website","url":"https:\/\/blogdoere.com.br\/","name":"blog do er\u00ea","description":"","publisher":{"@id":"https:\/\/blogdoere.com.br\/#organization"},"potentialAction":[{"@type":"SearchAction","target":{"@type":"EntryPoint","urlTemplate":"https:\/\/blogdoere.com.br\/?s={search_term_string}"},"query-input":"required name=search_term_string"}],"inLanguage":"pt-PT"},{"@type":"Organization","@id":"https:\/\/blogdoere.com.br\/#organization","name":"Blog do Er\u00ea","url":"https:\/\/blogdoere.com.br\/","logo":{"@type":"ImageObject","inLanguage":"pt-PT","@id":"https:\/\/blogdoere.com.br\/#\/schema\/logo\/image\/","url":"https:\/\/blogdoere.com.br\/wp-content\/uploads\/2021\/11\/Logo-Ere-1.png","contentUrl":"https:\/\/blogdoere.com.br\/wp-content\/uploads\/2021\/11\/Logo-Ere-1.png","width":1261,"height":1330,"caption":"Blog do Er\u00ea"},"image":{"@id":"https:\/\/blogdoere.com.br\/#\/schema\/logo\/image\/"}},{"@type":"Person","@id":"https:\/\/blogdoere.com.br\/#\/schema\/person\/4b56ed2336cb28ae3415ce8ffe56742e","name":"Ere","image":{"@type":"ImageObject","inLanguage":"pt-PT","@id":"https:\/\/blogdoere.com.br\/#\/schema\/person\/image\/","url":"https:\/\/secure.gravatar.com\/avatar\/?s=96&d=mm&r=g","contentUrl":"https:\/\/secure.gravatar.com\/avatar\/?s=96&d=mm&r=g","caption":"Ere"}}]}},"featured_image_urls":{"full":"","thumbnail":"","medium":"","medium_large":"","large":"","1536x1536":"","2048x2048":""},"author_info":{"display_name":"Ere","author_link":"https:\/\/blogdoere.com.br\/?author=2"},"category_info":"<a href=\"https:\/\/blogdoere.com.br\/?cat=1\" rel=\"category\">Destaques<\/a>","tag_info":"Destaques","comment_count":"0","_links":{"self":[{"href":"https:\/\/blogdoere.com.br\/index.php?rest_route=\/wp\/v2\/posts\/26379","targetHints":{"allow":["GET"]}}],"collection":[{"href":"https:\/\/blogdoere.com.br\/index.php?rest_route=\/wp\/v2\/posts"}],"about":[{"href":"https:\/\/blogdoere.com.br\/index.php?rest_route=\/wp\/v2\/types\/post"}],"author":[{"embeddable":true,"href":"https:\/\/blogdoere.com.br\/index.php?rest_route=\/wp\/v2\/users\/2"}],"replies":[{"embeddable":true,"href":"https:\/\/blogdoere.com.br\/index.php?rest_route=%2Fwp%2Fv2%2Fcomments&post=26379"}],"version-history":[{"count":0,"href":"https:\/\/blogdoere.com.br\/index.php?rest_route=\/wp\/v2\/posts\/26379\/revisions"}],"wp:attachment":[{"href":"https:\/\/blogdoere.com.br\/index.php?rest_route=%2Fwp%2Fv2%2Fmedia&parent=26379"}],"wp:term":[{"taxonomy":"category","embeddable":true,"href":"https:\/\/blogdoere.com.br\/index.php?rest_route=%2Fwp%2Fv2%2Fcategories&post=26379"},{"taxonomy":"post_tag","embeddable":true,"href":"https:\/\/blogdoere.com.br\/index.php?rest_route=%2Fwp%2Fv2%2Ftags&post=26379"}],"curies":[{"name":"wp","href":"https:\/\/api.w.org\/{rel}","templated":true}]}}