{"id":26380,"date":"2015-01-03T17:28:00","date_gmt":"2015-01-03T17:28:00","guid":{"rendered":"http:\/\/blogdoere.com.br\/?p=26380"},"modified":"2015-01-03T17:28:00","modified_gmt":"2015-01-03T17:28:00","slug":"brasil-carga-tributaria-elevada-servicos-publicos-ineficientes","status":"publish","type":"post","link":"https:\/\/blogdoere.com.br\/?p=26380","title":{"rendered":"BRASIL CARGA TRIBUT\u00c1RIA ELEVADA, SERVI\u00c7OS P\u00daBLICOS INEFICIENTES."},"content":{"rendered":"<div style=\"text-align: justify;\"><\/div>\n<div style=\"clear: both; text-align: center;\"><a href=\"http:\/\/4.bp.blogspot.com\/-zqoED7QCg5I\/VKgmWTpcudI\/AAAAAAAAFq8\/XeJQRVl3fCQ\/s1600\/FOTO%2B1.jpg\" style=\"clear: left; float: left; margin-bottom: 1em; margin-right: 1em;\"><img decoding=\"async\" border=\"0\" src=\"http:\/\/4.bp.blogspot.com\/-zqoED7QCg5I\/VKgmWTpcudI\/AAAAAAAAFq8\/XeJQRVl3fCQ\/s1600\/FOTO%2B1.jpg\" height=\"320\" width=\"216\" \/><\/a><\/div>\n<div style=\"text-align: justify;\"><span style=\"font-family: Arial, Helvetica, sans-serif;\"><span style=\"background-color: white; color: #141823; line-height: 19.31999969482422px;\">O Brasil \u00e9 13\u00b0 pa\u00eds do mundo com maior fardo tribut\u00e1rio 35,95% do PIB. Em primeiro lugar est\u00e1 a Dinamarca com 48%. Isso significa dizer, segundo o editorial do jornal A Tarde, edi\u00e7\u00e3o 28 \/12\/2014, dos R$ 4,844 trilh\u00f5es do nosso PIB, R$1,171 trilh\u00e3o foi de arrecada\u00e7\u00e3o tribut\u00e1ria. Conforme dados da Receita Federal, ano de 2013, a Uni\u00e3o foi respons\u00e1vel por 68,92 desta arrecada\u00e7\u00e3o;os estados 25,29%, e os munic\u00edpios 5,79%. A grande diferen\u00e7a entre Brasil e Dinamarca, e tantos out<\/span><span style=\"background-color: white; color: #141823; display: inline; line-height: 19.31999969482422px;\">ros pa\u00edses com maior tributa\u00e7\u00e3o, est\u00e1 na aplica\u00e7\u00e3o dos recursos em servi\u00e7os p\u00fablicos prestados que \u00e9 indubitavelmente eficiente em compara\u00e7\u00e3o para os padr\u00f5es brasileiros. E em termos de qualidade de vida avan\u00e7ada, torna-se a \u00fanica contrapartida aceit\u00e1vel para uma carga tribut\u00e1ria t\u00e3o elevada. Espera- se, este ano que se inicia, maior representa\u00e7\u00e3o dos Vereadores e Deputados entorno do debate da reforma tribut\u00e1ria. Todavia nunca \u00e9 demais lembrar: s\u00e3o nestas casas onde devem de fato come\u00e7ar os debates da reforma para evitar o &#8220;fardo tribut\u00e1rio&#8221; que vem cada vez mais sufocando o cidad\u00e3o brasileiro,tirando novos investimentos, gera\u00e7\u00e3o de emprego e renda, deixando o contribuinte sem contrapartida e com &#8220;inefici\u00eancia&#8221; nos servi\u00e7o p\u00fablico. Por&gt;Er\u00ea &#8211; Estudante de Gest\u00e3o P\u00fablica , Presidente do PSB de Itaju\u00edpe , blogueiro e radialista por forma\u00e7\u00e3o (DRT\/BA 6315).<\/span><\/span><\/div>\n","protected":false},"excerpt":{"rendered":"<p>O Brasil \u00e9 13\u00b0 pa\u00eds do mundo com maior fardo tribut\u00e1rio 35,95% do PIB. Em primeiro lugar est\u00e1 a Dinamarca com 48%. Isso significa dizer, segundo o editorial do jornal&#8230;<\/p>\n","protected":false},"author":2,"featured_media":0,"comment_status":"open","ping_status":"open","sticky":false,"template":"","format":"standard","meta":{"_editorskit_title_hidden":false,"_editorskit_reading_time":0,"_editorskit_is_block_options_detached":false,"_editorskit_block_options_position":"{}","om_disable_all_campaigns":false,"_mi_skip_tracking":false,"_kad_post_transparent":"","_kad_post_title":"","_kad_post_layout":"","_kad_post_sidebar_id":"","_kad_post_content_style":"","_kad_post_vertical_padding":"","_kad_post_feature":"","_kad_post_feature_position":"","_kad_post_header":false,"_kad_post_footer":false,"footnotes":""},"categories":[1],"tags":[],"class_list":["post-26380","post","type-post","status-publish","format-standard","hentry","category-destaques"],"yoast_head":"<!-- This site is optimized with the Yoast SEO plugin v20.5 - https:\/\/yoast.com\/wordpress\/plugins\/seo\/ -->\n<title>BRASIL CARGA TRIBUT\u00c1RIA ELEVADA, SERVI\u00c7OS P\u00daBLICOS INEFICIENTES. - blog do er\u00ea<\/title>\n<meta name=\"robots\" content=\"index, follow, max-snippet:-1, max-image-preview:large, max-video-preview:-1\" \/>\n<link rel=\"canonical\" href=\"https:\/\/blogdoere.com.br\/?p=26380\" \/>\n<meta property=\"og:locale\" content=\"pt_PT\" \/>\n<meta property=\"og:type\" content=\"article\" \/>\n<meta property=\"og:title\" content=\"BRASIL CARGA TRIBUT\u00c1RIA ELEVADA, SERVI\u00c7OS P\u00daBLICOS INEFICIENTES. - blog do er\u00ea\" \/>\n<meta property=\"og:description\" content=\"O Brasil \u00e9 13\u00b0 pa\u00eds do mundo com maior fardo tribut\u00e1rio 35,95% do PIB. Em primeiro lugar est\u00e1 a Dinamarca com 48%. Isso significa dizer, segundo o editorial do jornal...\" \/>\n<meta property=\"og:url\" content=\"https:\/\/blogdoere.com.br\/?p=26380\" \/>\n<meta property=\"og:site_name\" content=\"blog do er\u00ea\" \/>\n<meta property=\"article:published_time\" content=\"2015-01-03T17:28:00+00:00\" \/>\n<meta property=\"og:image\" content=\"http:\/\/4.bp.blogspot.com\/-zqoED7QCg5I\/VKgmWTpcudI\/AAAAAAAAFq8\/XeJQRVl3fCQ\/s1600\/FOTO%2B1.jpg\" \/>\n<meta name=\"author\" content=\"Ere\" \/>\n<meta name=\"twitter:card\" content=\"summary_large_image\" \/>\n<meta name=\"twitter:label1\" content=\"Escrito por\" \/>\n\t<meta name=\"twitter:data1\" content=\"Ere\" \/>\n\t<meta name=\"twitter:label2\" content=\"Tempo estimado de leitura\" \/>\n\t<meta name=\"twitter:data2\" content=\"1 minuto\" \/>\n<script type=\"application\/ld+json\" class=\"yoast-schema-graph\">{\"@context\":\"https:\/\/schema.org\",\"@graph\":[{\"@type\":\"Article\",\"@id\":\"https:\/\/blogdoere.com.br\/?p=26380#article\",\"isPartOf\":{\"@id\":\"https:\/\/blogdoere.com.br\/?p=26380\"},\"author\":{\"name\":\"Ere\",\"@id\":\"https:\/\/blogdoere.com.br\/#\/schema\/person\/4b56ed2336cb28ae3415ce8ffe56742e\"},\"headline\":\"BRASIL CARGA TRIBUT\u00c1RIA ELEVADA, SERVI\u00c7OS P\u00daBLICOS INEFICIENTES.\",\"datePublished\":\"2015-01-03T17:28:00+00:00\",\"dateModified\":\"2015-01-03T17:28:00+00:00\",\"mainEntityOfPage\":{\"@id\":\"https:\/\/blogdoere.com.br\/?p=26380\"},\"wordCount\":247,\"commentCount\":0,\"publisher\":{\"@id\":\"https:\/\/blogdoere.com.br\/#organization\"},\"articleSection\":[\"Destaques\"],\"inLanguage\":\"pt-PT\",\"potentialAction\":[{\"@type\":\"CommentAction\",\"name\":\"Comment\",\"target\":[\"https:\/\/blogdoere.com.br\/?p=26380#respond\"]}]},{\"@type\":\"WebPage\",\"@id\":\"https:\/\/blogdoere.com.br\/?p=26380\",\"url\":\"https:\/\/blogdoere.com.br\/?p=26380\",\"name\":\"BRASIL CARGA TRIBUT\u00c1RIA ELEVADA, SERVI\u00c7OS P\u00daBLICOS INEFICIENTES. - blog do er\u00ea\",\"isPartOf\":{\"@id\":\"https:\/\/blogdoere.com.br\/#website\"},\"datePublished\":\"2015-01-03T17:28:00+00:00\",\"dateModified\":\"2015-01-03T17:28:00+00:00\",\"breadcrumb\":{\"@id\":\"https:\/\/blogdoere.com.br\/?p=26380#breadcrumb\"},\"inLanguage\":\"pt-PT\",\"potentialAction\":[{\"@type\":\"ReadAction\",\"target\":[\"https:\/\/blogdoere.com.br\/?p=26380\"]}]},{\"@type\":\"BreadcrumbList\",\"@id\":\"https:\/\/blogdoere.com.br\/?p=26380#breadcrumb\",\"itemListElement\":[{\"@type\":\"ListItem\",\"position\":1,\"name\":\"In\u00edcio\",\"item\":\"https:\/\/blogdoere.com.br\/\"},{\"@type\":\"ListItem\",\"position\":2,\"name\":\"BRASIL CARGA TRIBUT\u00c1RIA ELEVADA, SERVI\u00c7OS P\u00daBLICOS INEFICIENTES.\"}]},{\"@type\":\"WebSite\",\"@id\":\"https:\/\/blogdoere.com.br\/#website\",\"url\":\"https:\/\/blogdoere.com.br\/\",\"name\":\"blog do er\u00ea\",\"description\":\"\",\"publisher\":{\"@id\":\"https:\/\/blogdoere.com.br\/#organization\"},\"potentialAction\":[{\"@type\":\"SearchAction\",\"target\":{\"@type\":\"EntryPoint\",\"urlTemplate\":\"https:\/\/blogdoere.com.br\/?s={search_term_string}\"},\"query-input\":\"required name=search_term_string\"}],\"inLanguage\":\"pt-PT\"},{\"@type\":\"Organization\",\"@id\":\"https:\/\/blogdoere.com.br\/#organization\",\"name\":\"Blog do Er\u00ea\",\"url\":\"https:\/\/blogdoere.com.br\/\",\"logo\":{\"@type\":\"ImageObject\",\"inLanguage\":\"pt-PT\",\"@id\":\"https:\/\/blogdoere.com.br\/#\/schema\/logo\/image\/\",\"url\":\"https:\/\/blogdoere.com.br\/wp-content\/uploads\/2021\/11\/Logo-Ere-1.png\",\"contentUrl\":\"https:\/\/blogdoere.com.br\/wp-content\/uploads\/2021\/11\/Logo-Ere-1.png\",\"width\":1261,\"height\":1330,\"caption\":\"Blog do Er\u00ea\"},\"image\":{\"@id\":\"https:\/\/blogdoere.com.br\/#\/schema\/logo\/image\/\"}},{\"@type\":\"Person\",\"@id\":\"https:\/\/blogdoere.com.br\/#\/schema\/person\/4b56ed2336cb28ae3415ce8ffe56742e\",\"name\":\"Ere\",\"image\":{\"@type\":\"ImageObject\",\"inLanguage\":\"pt-PT\",\"@id\":\"https:\/\/blogdoere.com.br\/#\/schema\/person\/image\/\",\"url\":\"https:\/\/secure.gravatar.com\/avatar\/?s=96&d=mm&r=g\",\"contentUrl\":\"https:\/\/secure.gravatar.com\/avatar\/?s=96&d=mm&r=g\",\"caption\":\"Ere\"}}]}<\/script>\n<!-- \/ Yoast SEO plugin. -->","yoast_head_json":{"title":"BRASIL CARGA TRIBUT\u00c1RIA ELEVADA, SERVI\u00c7OS P\u00daBLICOS INEFICIENTES. - blog do er\u00ea","robots":{"index":"index","follow":"follow","max-snippet":"max-snippet:-1","max-image-preview":"max-image-preview:large","max-video-preview":"max-video-preview:-1"},"canonical":"https:\/\/blogdoere.com.br\/?p=26380","og_locale":"pt_PT","og_type":"article","og_title":"BRASIL CARGA TRIBUT\u00c1RIA ELEVADA, SERVI\u00c7OS P\u00daBLICOS INEFICIENTES. - blog do er\u00ea","og_description":"O Brasil \u00e9 13\u00b0 pa\u00eds do mundo com maior fardo tribut\u00e1rio 35,95% do PIB. Em primeiro lugar est\u00e1 a Dinamarca com 48%. Isso significa dizer, segundo o editorial do jornal...","og_url":"https:\/\/blogdoere.com.br\/?p=26380","og_site_name":"blog do er\u00ea","article_published_time":"2015-01-03T17:28:00+00:00","og_image":[{"url":"http:\/\/4.bp.blogspot.com\/-zqoED7QCg5I\/VKgmWTpcudI\/AAAAAAAAFq8\/XeJQRVl3fCQ\/s1600\/FOTO%2B1.jpg"}],"author":"Ere","twitter_card":"summary_large_image","twitter_misc":{"Escrito por":"Ere","Tempo estimado de leitura":"1 minuto"},"schema":{"@context":"https:\/\/schema.org","@graph":[{"@type":"Article","@id":"https:\/\/blogdoere.com.br\/?p=26380#article","isPartOf":{"@id":"https:\/\/blogdoere.com.br\/?p=26380"},"author":{"name":"Ere","@id":"https:\/\/blogdoere.com.br\/#\/schema\/person\/4b56ed2336cb28ae3415ce8ffe56742e"},"headline":"BRASIL CARGA TRIBUT\u00c1RIA ELEVADA, SERVI\u00c7OS P\u00daBLICOS INEFICIENTES.","datePublished":"2015-01-03T17:28:00+00:00","dateModified":"2015-01-03T17:28:00+00:00","mainEntityOfPage":{"@id":"https:\/\/blogdoere.com.br\/?p=26380"},"wordCount":247,"commentCount":0,"publisher":{"@id":"https:\/\/blogdoere.com.br\/#organization"},"articleSection":["Destaques"],"inLanguage":"pt-PT","potentialAction":[{"@type":"CommentAction","name":"Comment","target":["https:\/\/blogdoere.com.br\/?p=26380#respond"]}]},{"@type":"WebPage","@id":"https:\/\/blogdoere.com.br\/?p=26380","url":"https:\/\/blogdoere.com.br\/?p=26380","name":"BRASIL CARGA TRIBUT\u00c1RIA ELEVADA, SERVI\u00c7OS P\u00daBLICOS INEFICIENTES. - blog do er\u00ea","isPartOf":{"@id":"https:\/\/blogdoere.com.br\/#website"},"datePublished":"2015-01-03T17:28:00+00:00","dateModified":"2015-01-03T17:28:00+00:00","breadcrumb":{"@id":"https:\/\/blogdoere.com.br\/?p=26380#breadcrumb"},"inLanguage":"pt-PT","potentialAction":[{"@type":"ReadAction","target":["https:\/\/blogdoere.com.br\/?p=26380"]}]},{"@type":"BreadcrumbList","@id":"https:\/\/blogdoere.com.br\/?p=26380#breadcrumb","itemListElement":[{"@type":"ListItem","position":1,"name":"In\u00edcio","item":"https:\/\/blogdoere.com.br\/"},{"@type":"ListItem","position":2,"name":"BRASIL CARGA TRIBUT\u00c1RIA ELEVADA, SERVI\u00c7OS P\u00daBLICOS INEFICIENTES."}]},{"@type":"WebSite","@id":"https:\/\/blogdoere.com.br\/#website","url":"https:\/\/blogdoere.com.br\/","name":"blog do er\u00ea","description":"","publisher":{"@id":"https:\/\/blogdoere.com.br\/#organization"},"potentialAction":[{"@type":"SearchAction","target":{"@type":"EntryPoint","urlTemplate":"https:\/\/blogdoere.com.br\/?s={search_term_string}"},"query-input":"required name=search_term_string"}],"inLanguage":"pt-PT"},{"@type":"Organization","@id":"https:\/\/blogdoere.com.br\/#organization","name":"Blog do Er\u00ea","url":"https:\/\/blogdoere.com.br\/","logo":{"@type":"ImageObject","inLanguage":"pt-PT","@id":"https:\/\/blogdoere.com.br\/#\/schema\/logo\/image\/","url":"https:\/\/blogdoere.com.br\/wp-content\/uploads\/2021\/11\/Logo-Ere-1.png","contentUrl":"https:\/\/blogdoere.com.br\/wp-content\/uploads\/2021\/11\/Logo-Ere-1.png","width":1261,"height":1330,"caption":"Blog do Er\u00ea"},"image":{"@id":"https:\/\/blogdoere.com.br\/#\/schema\/logo\/image\/"}},{"@type":"Person","@id":"https:\/\/blogdoere.com.br\/#\/schema\/person\/4b56ed2336cb28ae3415ce8ffe56742e","name":"Ere","image":{"@type":"ImageObject","inLanguage":"pt-PT","@id":"https:\/\/blogdoere.com.br\/#\/schema\/person\/image\/","url":"https:\/\/secure.gravatar.com\/avatar\/?s=96&d=mm&r=g","contentUrl":"https:\/\/secure.gravatar.com\/avatar\/?s=96&d=mm&r=g","caption":"Ere"}}]}},"featured_image_urls":{"full":"","thumbnail":"","medium":"","medium_large":"","large":"","1536x1536":"","2048x2048":""},"author_info":{"display_name":"Ere","author_link":"https:\/\/blogdoere.com.br\/?author=2"},"category_info":"<a href=\"https:\/\/blogdoere.com.br\/?cat=1\" rel=\"category\">Destaques<\/a>","tag_info":"Destaques","comment_count":"0","_links":{"self":[{"href":"https:\/\/blogdoere.com.br\/index.php?rest_route=\/wp\/v2\/posts\/26380","targetHints":{"allow":["GET"]}}],"collection":[{"href":"https:\/\/blogdoere.com.br\/index.php?rest_route=\/wp\/v2\/posts"}],"about":[{"href":"https:\/\/blogdoere.com.br\/index.php?rest_route=\/wp\/v2\/types\/post"}],"author":[{"embeddable":true,"href":"https:\/\/blogdoere.com.br\/index.php?rest_route=\/wp\/v2\/users\/2"}],"replies":[{"embeddable":true,"href":"https:\/\/blogdoere.com.br\/index.php?rest_route=%2Fwp%2Fv2%2Fcomments&post=26380"}],"version-history":[{"count":0,"href":"https:\/\/blogdoere.com.br\/index.php?rest_route=\/wp\/v2\/posts\/26380\/revisions"}],"wp:attachment":[{"href":"https:\/\/blogdoere.com.br\/index.php?rest_route=%2Fwp%2Fv2%2Fmedia&parent=26380"}],"wp:term":[{"taxonomy":"category","embeddable":true,"href":"https:\/\/blogdoere.com.br\/index.php?rest_route=%2Fwp%2Fv2%2Fcategories&post=26380"},{"taxonomy":"post_tag","embeddable":true,"href":"https:\/\/blogdoere.com.br\/index.php?rest_route=%2Fwp%2Fv2%2Ftags&post=26380"}],"curies":[{"name":"wp","href":"https:\/\/api.w.org\/{rel}","templated":true}]}}