{"id":26385,"date":"2014-12-20T21:15:00","date_gmt":"2014-12-20T21:15:00","guid":{"rendered":"http:\/\/blogdoere.com.br\/?p=26385"},"modified":"2014-12-20T21:15:00","modified_gmt":"2014-12-20T21:15:00","slug":"itajuipe-lancamento-de-livro-e-mostra-de-pintura-movimentam-o-fim-de-semana","status":"publish","type":"post","link":"https:\/\/blogdoere.com.br\/?p=26385","title":{"rendered":"ITAJU\u00cdPE: LAN\u00c7AMENTO DE LIVRO E MOSTRA DE PINTURA MOVIMENTAM O FIM DE SEMANA."},"content":{"rendered":"<div style=\"text-align: center;\"><img decoding=\"async\" height=\"212\" src=\"https:\/\/scontent-a-gru.xx.fbcdn.net\/hphotos-xpa1\/v\/t1.0-9\/10405635_10203763805798773_4857592227350665123_n.jpg?oh=72b647d8e57833c5cb8c9464ee50c892&amp;oe=554562F0\" width=\"320\" \/><\/div>\n<p><br style=\"background-color: white; color: #141823; font-family: Helvetica, Arial, 'lucida grande', tahoma, verdana, arial, sans-serif; font-size: 13px; line-height: 18px;\" \/><\/p>\n<div style=\"text-align: justify;\"><span style=\"background-color: white; color: #141823; font-family: Helvetica, Arial, 'lucida grande', tahoma, verdana, arial, sans-serif; line-height: 18px;\">Mais&nbsp;<\/span><span style=\"background-color: white; color: #141823; font-family: Helvetica, Arial, 'lucida grande', tahoma, verdana, arial, sans-serif; line-height: 18px;\">d<\/span><span style=\"background-color: white; color: #141823; font-family: Helvetica, Arial, 'lucida grande', tahoma, verdana, arial, sans-serif; line-height: 18px;\">e cem pessoas compareceram, ontem(19\/12) \u00e0 noite, no Sal\u00e3o Paroquial da Igreja Matriz de Itaju\u00edpe, para o lan\u00e7amento do livro &#8220;O Sil\u00eancio e as Palavras e outros poemas&#8221;, do poeta e jornalista Marcos Luedy paralelo \u00e0 Mostra de Pintura da artista pl\u00e1stica Meire Nogueira com o tema \u201cMulher \u2013 Poema Divino\u201d. Lideran\u00e7as pol\u00edt<\/span><span style=\"background-color: white; color: #141823; display: inline; font-family: Helvetica, Arial, 'lucida grande', tahoma, verdana, arial, sans-serif; line-height: 18px;\">icas, religiosas, professores, estudantes e amantes da literatura e pintura estiveram presentes ao evento que contou com a apresenta\u00e7\u00e3o de atores locais declamando trechos do livro do poeta.<\/span><\/div>\n<div style=\"text-align: justify;\"><span style=\"background-color: white; color: #141823; display: inline; font-family: Helvetica, Arial, 'lucida grande', tahoma, verdana, arial, sans-serif; line-height: 18px;\"><br \/><\/span><\/div>\n<div style=\"text-align: justify;\"><span style=\"background-color: white; color: #141823; display: inline; font-family: Helvetica, Arial, 'lucida grande', tahoma, verdana, arial, sans-serif; line-height: 18px;\">Na abertura do evento, realizada pela Diretora do Memorial Adonias Filho, Silmara Oliveira foi destacada a import\u00e2ncia do evento para o munic\u00edpio e regi\u00e3o, \u201cem fun\u00e7\u00e3o da qualidade art\u00edstica tanto da literatura de Marcos Luedy quanto a pintura de Meire Nogueira\u201d. A Secret\u00e1ria de Cultura, Maria Ang\u00e9lica Pinto disse que Itaju\u00edpe possui um celeiro de potencialidades em diversos n\u00edveis culturais, destacando-se em determinadas \u00e1reas.&nbsp;<\/span><\/div>\n<div style=\"text-align: justify;\"><span style=\"background-color: white; color: #141823; display: inline; font-family: Helvetica, Arial, 'lucida grande', tahoma, verdana, arial, sans-serif; line-height: 18px;\"><br \/><\/span><\/div>\n<p><span style=\"background-color: white; color: #141823; display: inline; font-family: Helvetica, Arial, 'lucida grande', tahoma, verdana, arial, sans-serif; line-height: 18px;\"><\/p>\n<div style=\"text-align: justify;\">Marcos Luedy foi o vencedor do Concurso Regional de Contos promovido pela Ceplac\/Uesc em 1976 e articulador do movimento po\u00e9tico BaldeA\u00e7\u00e3o, em Salvador, em 1979. Foi o organizador de tr\u00eas livros socioambientais publicados pelo ent\u00e3o, Centro de Recursos Ambientais \u2013 CRA do Governo do Estado da Bahia, entre os anos de 2003 a 2006. Fez Mestrado em Desenvolvimento Regional e Meio Ambiente pela UESC e, atualmente, elabora projetos socioambientais e culturais para a iniciativa privada e p\u00fablica.&nbsp;<\/div>\n<div style=\"text-align: justify;\"><\/div>\n<div style=\"text-align: justify;\">O professor doutor da UESC, Gustavo Felic\u00edssimo, poeta e editor, ao falar sobre a poesia de Marcos Luedy diz que \u201ctemos aqui uma poesia culta, que celebra a vida e o estar do homem no mundo, uma poesia muitas vezes reflexiva, outras vezes c\u00e1ustica na medida em que desvela o ser humano ensimesmado, egoc\u00eantrico, perdido dentro do seu tempo e na busca ins\u00f3lita pela reifica\u00e7\u00e3o, pelo humanismo olvidado\u201d. Segundo ele, \u00e9 disso que n\u00e3o pode ser tirado do poeta: \u201co del\u00edrio da poesia e o seu talento para o trabalho com a linguagem\u201d.<\/div>\n<p><\/span><\/p>\n","protected":false},"excerpt":{"rendered":"<p>Mais&nbsp;de cem pessoas compareceram, ontem(19\/12) \u00e0 noite, no Sal\u00e3o Paroquial da Igreja Matriz de Itaju\u00edpe, para o lan\u00e7amento do livro &#8220;O Sil\u00eancio e as Palavras e outros poemas&#8221;, do poeta&#8230;<\/p>\n","protected":false},"author":2,"featured_media":0,"comment_status":"open","ping_status":"open","sticky":false,"template":"","format":"standard","meta":{"_editorskit_title_hidden":false,"_editorskit_reading_time":0,"_editorskit_is_block_options_detached":false,"_editorskit_block_options_position":"{}","om_disable_all_campaigns":false,"_mi_skip_tracking":false,"_kad_post_transparent":"","_kad_post_title":"","_kad_post_layout":"","_kad_post_sidebar_id":"","_kad_post_content_style":"","_kad_post_vertical_padding":"","_kad_post_feature":"","_kad_post_feature_position":"","_kad_post_header":false,"_kad_post_footer":false,"footnotes":""},"categories":[1],"tags":[],"class_list":["post-26385","post","type-post","status-publish","format-standard","hentry","category-destaques"],"yoast_head":"<!-- This site is optimized with the Yoast SEO plugin v20.5 - https:\/\/yoast.com\/wordpress\/plugins\/seo\/ -->\n<title>ITAJU\u00cdPE: LAN\u00c7AMENTO DE LIVRO E MOSTRA DE PINTURA MOVIMENTAM O FIM DE SEMANA. - blog do er\u00ea<\/title>\n<meta name=\"robots\" content=\"index, follow, max-snippet:-1, max-image-preview:large, max-video-preview:-1\" \/>\n<link rel=\"canonical\" href=\"https:\/\/blogdoere.com.br\/?p=26385\" \/>\n<meta property=\"og:locale\" content=\"pt_PT\" \/>\n<meta property=\"og:type\" content=\"article\" \/>\n<meta property=\"og:title\" content=\"ITAJU\u00cdPE: LAN\u00c7AMENTO DE LIVRO E MOSTRA DE PINTURA MOVIMENTAM O FIM DE SEMANA. - blog do er\u00ea\" \/>\n<meta property=\"og:description\" content=\"Mais&nbsp;de cem pessoas compareceram, ontem(19\/12) \u00e0 noite, no Sal\u00e3o Paroquial da Igreja Matriz de Itaju\u00edpe, para o lan\u00e7amento do livro &#8220;O Sil\u00eancio e as Palavras e outros poemas&#8221;, do poeta...\" \/>\n<meta property=\"og:url\" content=\"https:\/\/blogdoere.com.br\/?p=26385\" \/>\n<meta property=\"og:site_name\" content=\"blog do er\u00ea\" \/>\n<meta property=\"article:published_time\" content=\"2014-12-20T21:15:00+00:00\" \/>\n<meta property=\"og:image\" content=\"https:\/\/scontent-a-gru.xx.fbcdn.net\/hphotos-xpa1\/v\/t1.0-9\/10405635_10203763805798773_4857592227350665123_n.jpg?oh=72b647d8e57833c5cb8c9464ee50c892&amp;oe=554562F0\" \/>\n<meta name=\"author\" content=\"Ere\" \/>\n<meta name=\"twitter:card\" content=\"summary_large_image\" \/>\n<meta name=\"twitter:label1\" content=\"Escrito por\" \/>\n\t<meta name=\"twitter:data1\" content=\"Ere\" \/>\n\t<meta name=\"twitter:label2\" content=\"Tempo estimado de leitura\" \/>\n\t<meta name=\"twitter:data2\" content=\"2 minutos\" \/>\n<script type=\"application\/ld+json\" class=\"yoast-schema-graph\">{\"@context\":\"https:\/\/schema.org\",\"@graph\":[{\"@type\":\"Article\",\"@id\":\"https:\/\/blogdoere.com.br\/?p=26385#article\",\"isPartOf\":{\"@id\":\"https:\/\/blogdoere.com.br\/?p=26385\"},\"author\":{\"name\":\"Ere\",\"@id\":\"https:\/\/blogdoere.com.br\/#\/schema\/person\/4b56ed2336cb28ae3415ce8ffe56742e\"},\"headline\":\"ITAJU\u00cdPE: LAN\u00c7AMENTO DE LIVRO E MOSTRA DE PINTURA MOVIMENTAM O FIM DE SEMANA.\",\"datePublished\":\"2014-12-20T21:15:00+00:00\",\"dateModified\":\"2014-12-20T21:15:00+00:00\",\"mainEntityOfPage\":{\"@id\":\"https:\/\/blogdoere.com.br\/?p=26385\"},\"wordCount\":356,\"commentCount\":0,\"publisher\":{\"@id\":\"https:\/\/blogdoere.com.br\/#organization\"},\"articleSection\":[\"Destaques\"],\"inLanguage\":\"pt-PT\",\"potentialAction\":[{\"@type\":\"CommentAction\",\"name\":\"Comment\",\"target\":[\"https:\/\/blogdoere.com.br\/?p=26385#respond\"]}]},{\"@type\":\"WebPage\",\"@id\":\"https:\/\/blogdoere.com.br\/?p=26385\",\"url\":\"https:\/\/blogdoere.com.br\/?p=26385\",\"name\":\"ITAJU\u00cdPE: LAN\u00c7AMENTO DE LIVRO E MOSTRA DE PINTURA MOVIMENTAM O FIM DE SEMANA. - blog do er\u00ea\",\"isPartOf\":{\"@id\":\"https:\/\/blogdoere.com.br\/#website\"},\"datePublished\":\"2014-12-20T21:15:00+00:00\",\"dateModified\":\"2014-12-20T21:15:00+00:00\",\"breadcrumb\":{\"@id\":\"https:\/\/blogdoere.com.br\/?p=26385#breadcrumb\"},\"inLanguage\":\"pt-PT\",\"potentialAction\":[{\"@type\":\"ReadAction\",\"target\":[\"https:\/\/blogdoere.com.br\/?p=26385\"]}]},{\"@type\":\"BreadcrumbList\",\"@id\":\"https:\/\/blogdoere.com.br\/?p=26385#breadcrumb\",\"itemListElement\":[{\"@type\":\"ListItem\",\"position\":1,\"name\":\"In\u00edcio\",\"item\":\"https:\/\/blogdoere.com.br\/\"},{\"@type\":\"ListItem\",\"position\":2,\"name\":\"ITAJU\u00cdPE: LAN\u00c7AMENTO DE LIVRO E MOSTRA DE PINTURA MOVIMENTAM O FIM DE SEMANA.\"}]},{\"@type\":\"WebSite\",\"@id\":\"https:\/\/blogdoere.com.br\/#website\",\"url\":\"https:\/\/blogdoere.com.br\/\",\"name\":\"blog do er\u00ea\",\"description\":\"\",\"publisher\":{\"@id\":\"https:\/\/blogdoere.com.br\/#organization\"},\"potentialAction\":[{\"@type\":\"SearchAction\",\"target\":{\"@type\":\"EntryPoint\",\"urlTemplate\":\"https:\/\/blogdoere.com.br\/?s={search_term_string}\"},\"query-input\":\"required name=search_term_string\"}],\"inLanguage\":\"pt-PT\"},{\"@type\":\"Organization\",\"@id\":\"https:\/\/blogdoere.com.br\/#organization\",\"name\":\"Blog do Er\u00ea\",\"url\":\"https:\/\/blogdoere.com.br\/\",\"logo\":{\"@type\":\"ImageObject\",\"inLanguage\":\"pt-PT\",\"@id\":\"https:\/\/blogdoere.com.br\/#\/schema\/logo\/image\/\",\"url\":\"https:\/\/blogdoere.com.br\/wp-content\/uploads\/2021\/11\/Logo-Ere-1.png\",\"contentUrl\":\"https:\/\/blogdoere.com.br\/wp-content\/uploads\/2021\/11\/Logo-Ere-1.png\",\"width\":1261,\"height\":1330,\"caption\":\"Blog do Er\u00ea\"},\"image\":{\"@id\":\"https:\/\/blogdoere.com.br\/#\/schema\/logo\/image\/\"}},{\"@type\":\"Person\",\"@id\":\"https:\/\/blogdoere.com.br\/#\/schema\/person\/4b56ed2336cb28ae3415ce8ffe56742e\",\"name\":\"Ere\",\"image\":{\"@type\":\"ImageObject\",\"inLanguage\":\"pt-PT\",\"@id\":\"https:\/\/blogdoere.com.br\/#\/schema\/person\/image\/\",\"url\":\"https:\/\/secure.gravatar.com\/avatar\/?s=96&d=mm&r=g\",\"contentUrl\":\"https:\/\/secure.gravatar.com\/avatar\/?s=96&d=mm&r=g\",\"caption\":\"Ere\"}}]}<\/script>\n<!-- \/ Yoast SEO plugin. -->","yoast_head_json":{"title":"ITAJU\u00cdPE: LAN\u00c7AMENTO DE LIVRO E MOSTRA DE PINTURA MOVIMENTAM O FIM DE SEMANA. - blog do er\u00ea","robots":{"index":"index","follow":"follow","max-snippet":"max-snippet:-1","max-image-preview":"max-image-preview:large","max-video-preview":"max-video-preview:-1"},"canonical":"https:\/\/blogdoere.com.br\/?p=26385","og_locale":"pt_PT","og_type":"article","og_title":"ITAJU\u00cdPE: LAN\u00c7AMENTO DE LIVRO E MOSTRA DE PINTURA MOVIMENTAM O FIM DE SEMANA. - blog do er\u00ea","og_description":"Mais&nbsp;de cem pessoas compareceram, ontem(19\/12) \u00e0 noite, no Sal\u00e3o Paroquial da Igreja Matriz de Itaju\u00edpe, para o lan\u00e7amento do livro &#8220;O Sil\u00eancio e as Palavras e outros poemas&#8221;, do poeta...","og_url":"https:\/\/blogdoere.com.br\/?p=26385","og_site_name":"blog do er\u00ea","article_published_time":"2014-12-20T21:15:00+00:00","og_image":[{"url":"https:\/\/scontent-a-gru.xx.fbcdn.net\/hphotos-xpa1\/v\/t1.0-9\/10405635_10203763805798773_4857592227350665123_n.jpg?oh=72b647d8e57833c5cb8c9464ee50c892&amp;oe=554562F0"}],"author":"Ere","twitter_card":"summary_large_image","twitter_misc":{"Escrito por":"Ere","Tempo estimado de leitura":"2 minutos"},"schema":{"@context":"https:\/\/schema.org","@graph":[{"@type":"Article","@id":"https:\/\/blogdoere.com.br\/?p=26385#article","isPartOf":{"@id":"https:\/\/blogdoere.com.br\/?p=26385"},"author":{"name":"Ere","@id":"https:\/\/blogdoere.com.br\/#\/schema\/person\/4b56ed2336cb28ae3415ce8ffe56742e"},"headline":"ITAJU\u00cdPE: LAN\u00c7AMENTO DE LIVRO E MOSTRA DE PINTURA MOVIMENTAM O FIM DE SEMANA.","datePublished":"2014-12-20T21:15:00+00:00","dateModified":"2014-12-20T21:15:00+00:00","mainEntityOfPage":{"@id":"https:\/\/blogdoere.com.br\/?p=26385"},"wordCount":356,"commentCount":0,"publisher":{"@id":"https:\/\/blogdoere.com.br\/#organization"},"articleSection":["Destaques"],"inLanguage":"pt-PT","potentialAction":[{"@type":"CommentAction","name":"Comment","target":["https:\/\/blogdoere.com.br\/?p=26385#respond"]}]},{"@type":"WebPage","@id":"https:\/\/blogdoere.com.br\/?p=26385","url":"https:\/\/blogdoere.com.br\/?p=26385","name":"ITAJU\u00cdPE: LAN\u00c7AMENTO DE LIVRO E MOSTRA DE PINTURA MOVIMENTAM O FIM DE SEMANA. - blog do er\u00ea","isPartOf":{"@id":"https:\/\/blogdoere.com.br\/#website"},"datePublished":"2014-12-20T21:15:00+00:00","dateModified":"2014-12-20T21:15:00+00:00","breadcrumb":{"@id":"https:\/\/blogdoere.com.br\/?p=26385#breadcrumb"},"inLanguage":"pt-PT","potentialAction":[{"@type":"ReadAction","target":["https:\/\/blogdoere.com.br\/?p=26385"]}]},{"@type":"BreadcrumbList","@id":"https:\/\/blogdoere.com.br\/?p=26385#breadcrumb","itemListElement":[{"@type":"ListItem","position":1,"name":"In\u00edcio","item":"https:\/\/blogdoere.com.br\/"},{"@type":"ListItem","position":2,"name":"ITAJU\u00cdPE: LAN\u00c7AMENTO DE LIVRO E MOSTRA DE PINTURA MOVIMENTAM O FIM DE SEMANA."}]},{"@type":"WebSite","@id":"https:\/\/blogdoere.com.br\/#website","url":"https:\/\/blogdoere.com.br\/","name":"blog do er\u00ea","description":"","publisher":{"@id":"https:\/\/blogdoere.com.br\/#organization"},"potentialAction":[{"@type":"SearchAction","target":{"@type":"EntryPoint","urlTemplate":"https:\/\/blogdoere.com.br\/?s={search_term_string}"},"query-input":"required name=search_term_string"}],"inLanguage":"pt-PT"},{"@type":"Organization","@id":"https:\/\/blogdoere.com.br\/#organization","name":"Blog do Er\u00ea","url":"https:\/\/blogdoere.com.br\/","logo":{"@type":"ImageObject","inLanguage":"pt-PT","@id":"https:\/\/blogdoere.com.br\/#\/schema\/logo\/image\/","url":"https:\/\/blogdoere.com.br\/wp-content\/uploads\/2021\/11\/Logo-Ere-1.png","contentUrl":"https:\/\/blogdoere.com.br\/wp-content\/uploads\/2021\/11\/Logo-Ere-1.png","width":1261,"height":1330,"caption":"Blog do Er\u00ea"},"image":{"@id":"https:\/\/blogdoere.com.br\/#\/schema\/logo\/image\/"}},{"@type":"Person","@id":"https:\/\/blogdoere.com.br\/#\/schema\/person\/4b56ed2336cb28ae3415ce8ffe56742e","name":"Ere","image":{"@type":"ImageObject","inLanguage":"pt-PT","@id":"https:\/\/blogdoere.com.br\/#\/schema\/person\/image\/","url":"https:\/\/secure.gravatar.com\/avatar\/?s=96&d=mm&r=g","contentUrl":"https:\/\/secure.gravatar.com\/avatar\/?s=96&d=mm&r=g","caption":"Ere"}}]}},"featured_image_urls":{"full":"","thumbnail":"","medium":"","medium_large":"","large":"","1536x1536":"","2048x2048":""},"author_info":{"display_name":"Ere","author_link":"https:\/\/blogdoere.com.br\/?author=2"},"category_info":"<a href=\"https:\/\/blogdoere.com.br\/?cat=1\" rel=\"category\">Destaques<\/a>","tag_info":"Destaques","comment_count":"0","_links":{"self":[{"href":"https:\/\/blogdoere.com.br\/index.php?rest_route=\/wp\/v2\/posts\/26385","targetHints":{"allow":["GET"]}}],"collection":[{"href":"https:\/\/blogdoere.com.br\/index.php?rest_route=\/wp\/v2\/posts"}],"about":[{"href":"https:\/\/blogdoere.com.br\/index.php?rest_route=\/wp\/v2\/types\/post"}],"author":[{"embeddable":true,"href":"https:\/\/blogdoere.com.br\/index.php?rest_route=\/wp\/v2\/users\/2"}],"replies":[{"embeddable":true,"href":"https:\/\/blogdoere.com.br\/index.php?rest_route=%2Fwp%2Fv2%2Fcomments&post=26385"}],"version-history":[{"count":0,"href":"https:\/\/blogdoere.com.br\/index.php?rest_route=\/wp\/v2\/posts\/26385\/revisions"}],"wp:attachment":[{"href":"https:\/\/blogdoere.com.br\/index.php?rest_route=%2Fwp%2Fv2%2Fmedia&parent=26385"}],"wp:term":[{"taxonomy":"category","embeddable":true,"href":"https:\/\/blogdoere.com.br\/index.php?rest_route=%2Fwp%2Fv2%2Fcategories&post=26385"},{"taxonomy":"post_tag","embeddable":true,"href":"https:\/\/blogdoere.com.br\/index.php?rest_route=%2Fwp%2Fv2%2Ftags&post=26385"}],"curies":[{"name":"wp","href":"https:\/\/api.w.org\/{rel}","templated":true}]}}