{"id":26389,"date":"2014-12-16T23:07:00","date_gmt":"2014-12-16T23:07:00","guid":{"rendered":"http:\/\/blogdoere.com.br\/?p=26389"},"modified":"2014-12-16T23:07:00","modified_gmt":"2014-12-16T23:07:00","slug":"bahia-anunciados-nomes-de-14-secretarios-de-estado-para-a-proxima-gestao","status":"publish","type":"post","link":"https:\/\/blogdoere.com.br\/?p=26389","title":{"rendered":"BAHIA: ANUNCIADOS NOMES DE 14 SECRET\u00c1RIOS DE ESTADO PARA A PR\u00d3XIMA GEST\u00c3O"},"content":{"rendered":"<h4 style=\"background-color: white; border: 0px; color: #555555; font-family: Arial, Helvetica, sans-serif; font-size: 16px; font-weight: normal; line-height: 1; margin: 0px 0px 16px; padding: 0px; text-align: justify; vertical-align: baseline;\"><\/h4>\n<h4 style=\"background-color: white; border: 0px; color: #555555; font-family: Arial, Helvetica, sans-serif; font-size: 16px; font-weight: normal; line-height: 1; margin: 0px 0px 16px; padding: 0px; text-align: center; vertical-align: baseline;\"><img decoding=\"async\" alt=\"Rui-Costa\" height=\"258\" src=\"http:\/\/www.politicosdosuldabahia.com.br\/v1\/wp-content\/uploads\/2014\/10\/Rui-Costa.jpg\" width=\"400\" \/><\/h4>\n<h4 style=\"background-color: white; border: 0px; color: #555555; font-family: Arial, Helvetica, sans-serif; font-size: 16px; font-weight: normal; line-height: 1; margin: 0px 0px 16px; padding: 0px; text-align: justify; vertical-align: baseline;\"><\/h4>\n<h4 style=\"background-color: white; border: 0px; color: #555555; font-family: Arial, Helvetica, sans-serif; font-size: 16px; font-weight: normal; line-height: 1; margin: 0px 0px 16px; padding: 0px; text-align: justify; vertical-align: baseline;\">O governador diplomado Rui Costa anunciou, na manh\u00e3 desta ter\u00e7a-feira (16), os nomes que v\u00e3o assumir 14 das 24 secretarias estaduais. O evento que revelou os novos secret\u00e1rios, realizado no Sal\u00e3o de Atos da Governadoria do Estado, no Centro Administrativo, aconteceu depois da cerim\u00f4nia de diploma\u00e7\u00e3o dos eleitos no pleito de 2014, que legitimou o novo governador, vice, senador, al\u00e9m dos deputados estaduais e federais para tomarem posse de seus cargos em 2015.<\/h4>\n<h4 style=\"background-color: white; border: 0px; color: #555555; font-family: Arial, Helvetica, sans-serif; font-size: 16px; font-weight: normal; line-height: 1; margin: 0px 0px 16px; padding: 0px; text-align: justify; vertical-align: baseline;\">Pouco antes de anunciar os nomes, o governador diplomado afirmou que ter\u00e1 a responsabilidade de articular e cobrar um trabalho de qualidade para um governo de forte parceria com os munic\u00edpios. \u201cTodos os nomes fazem parte de uma equipe formada por pessoas com caracter\u00edsticas e perfis diferentes, mas com uma coisa que eu n\u00e3o abro m\u00e3o, n\u00e3o haver\u00e1 trabalhos isolados, todas as secretarias trabalhar\u00e3o para o conjunto das for\u00e7as pol\u00edticas que apoiam esse governo\u201d.<\/h4>\n<h4 style=\"background-color: white; border: 0px; color: #555555; font-family: Arial, Helvetica, sans-serif; font-size: 16px; font-weight: normal; line-height: 1; margin: 0px 0px 16px; padding: 0px; text-align: justify; vertical-align: baseline;\">A partir de janeiro, o vice governador Jo\u00e3o Le\u00e3o assume a Secretaria de Planejamento (Seplan). Continuam no governo: Maur\u00edcio Barbosa, na Seguran\u00e7a P\u00fablica (SSP); Marcus Cavalcanti, na Infraestrutura (Seinfra); Eug\u00eanio Spengler no Meio Ambiente (Sema); Osvaldo Barreto, na Educa\u00e7\u00e3o (Sec); Nestor Duarte, na Administra\u00e7\u00e3o Penitenci\u00e1ria e Ressocializa\u00e7\u00e3o (Seap), e Manoel Vit\u00f3rio, na Fazenda.<\/h4>\n<h4 style=\"background-color: white; border: 0px; color: #555555; font-family: Arial, Helvetica, sans-serif; font-size: 16px; font-weight: normal; line-height: 1; margin: 0px 0px 16px; padding: 0px; text-align: justify; vertical-align: baseline;\">Entram para a equipe de secret\u00e1rios: F\u00e1bio Vilas-Boas, na Secretaria da Sa\u00fade (Sesab); Andr\u00e9 Curvello vai para Secretaria de Comunica\u00e7\u00e3o Social (Secom); a nova Secretaria de Direitos Humanos e Desenvolvimento Social (SDHDS) fica com Geraldo Reis; \u00c1lvaro Gomes vai para a Secretaria do Trabalho, Emprego, Renda e Esporte \u2013 (Setre); e a rec\u00e9m criada Secretaria de Infraestrutura H\u00eddrica e Saneamento (SIHS) ser\u00e1 comandada por C\u00e1ssio Peixoto. J\u00e1 a Secretaria de Rela\u00e7\u00f5es Institucionais (Serin) fica com Josias Gomes.<\/h4>\n<h4 style=\"background-color: white; border: 0px; color: #555555; font-family: Arial, Helvetica, sans-serif; font-size: 16px; font-weight: normal; line-height: 1; margin: 0px 0px 16px; padding: 0px; text-align: justify; vertical-align: baseline;\">Houve ainda o an\u00fancio de Paulo Moreno como procurador-geral do Estado. Segundo Rui Costa, na quinta-feira (18), ainda ser\u00e3o definidos os nomes que v\u00e3o assumir a Casa Civil, Secretaria da Administra\u00e7\u00e3o (Saeb), Secretaria da Agricultura, Pecu\u00e1ria, Irriga\u00e7\u00e3o, Pesca e Aquicultura (Seagri), Secretaria de Desenvolvimento Econ\u00f4mico (SDE), Secretaria de Desenvolvimento Rural (SDR), Secretaria de Desenvolvimento Urbano (Sedur), Secretaria de Ci\u00eancia, Tecnologia e Inova\u00e7\u00e3o (Secti), Secretaria de Turismo (Setur), Secretaria de Promo\u00e7\u00e3o da Igualdade Racial (Sepromi), Secretaria de Pol\u00edticas para as Mulheres (SPM) e Secretaria da Cultura (Secult).Informa\u00e7\u00f5es Politico&nbsp;<span style=\"line-height: 1;\">d<\/span><span style=\"line-height: 1;\">o Sul&nbsp;<\/span><span style=\"line-height: 1;\">d<\/span><span style=\"line-height: 1;\">a Ba<\/span><span style=\"line-height: 1;\">h<\/span><span style=\"line-height: 1;\">ia.<\/span><\/h4>\n","protected":false},"excerpt":{"rendered":"<p>O governador diplomado Rui Costa anunciou, na manh\u00e3 desta ter\u00e7a-feira (16), os nomes que v\u00e3o assumir 14 das 24 secretarias estaduais. O evento que revelou os novos secret\u00e1rios, realizado no&#8230;<\/p>\n","protected":false},"author":2,"featured_media":0,"comment_status":"open","ping_status":"open","sticky":false,"template":"","format":"standard","meta":{"_editorskit_title_hidden":false,"_editorskit_reading_time":0,"_editorskit_is_block_options_detached":false,"_editorskit_block_options_position":"{}","om_disable_all_campaigns":false,"_mi_skip_tracking":false,"_kad_post_transparent":"","_kad_post_title":"","_kad_post_layout":"","_kad_post_sidebar_id":"","_kad_post_content_style":"","_kad_post_vertical_padding":"","_kad_post_feature":"","_kad_post_feature_position":"","_kad_post_header":false,"_kad_post_footer":false,"footnotes":""},"categories":[1],"tags":[],"class_list":["post-26389","post","type-post","status-publish","format-standard","hentry","category-destaques"],"yoast_head":"<!-- This site is optimized with the Yoast SEO plugin v20.5 - https:\/\/yoast.com\/wordpress\/plugins\/seo\/ -->\n<title>BAHIA: ANUNCIADOS NOMES DE 14 SECRET\u00c1RIOS DE ESTADO PARA A PR\u00d3XIMA GEST\u00c3O - blog do er\u00ea<\/title>\n<meta name=\"robots\" content=\"index, follow, max-snippet:-1, max-image-preview:large, max-video-preview:-1\" \/>\n<link rel=\"canonical\" href=\"https:\/\/blogdoere.com.br\/?p=26389\" \/>\n<meta property=\"og:locale\" content=\"pt_PT\" \/>\n<meta property=\"og:type\" content=\"article\" \/>\n<meta property=\"og:title\" content=\"BAHIA: ANUNCIADOS NOMES DE 14 SECRET\u00c1RIOS DE ESTADO PARA A PR\u00d3XIMA GEST\u00c3O - blog do er\u00ea\" \/>\n<meta property=\"og:description\" content=\"O governador diplomado Rui Costa anunciou, na manh\u00e3 desta ter\u00e7a-feira (16), os nomes que v\u00e3o assumir 14 das 24 secretarias estaduais. O evento que revelou os novos secret\u00e1rios, realizado no...\" \/>\n<meta property=\"og:url\" content=\"https:\/\/blogdoere.com.br\/?p=26389\" \/>\n<meta property=\"og:site_name\" content=\"blog do er\u00ea\" \/>\n<meta property=\"article:published_time\" content=\"2014-12-16T23:07:00+00:00\" \/>\n<meta property=\"og:image\" content=\"http:\/\/www.politicosdosuldabahia.com.br\/v1\/wp-content\/uploads\/2014\/10\/Rui-Costa.jpg\" \/>\n<meta name=\"author\" content=\"Ere\" \/>\n<meta name=\"twitter:card\" content=\"summary_large_image\" \/>\n<meta name=\"twitter:label1\" content=\"Escrito por\" \/>\n\t<meta name=\"twitter:data1\" content=\"Ere\" \/>\n\t<meta name=\"twitter:label2\" content=\"Tempo estimado de leitura\" \/>\n\t<meta name=\"twitter:data2\" content=\"2 minutos\" \/>\n<script type=\"application\/ld+json\" class=\"yoast-schema-graph\">{\"@context\":\"https:\/\/schema.org\",\"@graph\":[{\"@type\":\"Article\",\"@id\":\"https:\/\/blogdoere.com.br\/?p=26389#article\",\"isPartOf\":{\"@id\":\"https:\/\/blogdoere.com.br\/?p=26389\"},\"author\":{\"name\":\"Ere\",\"@id\":\"https:\/\/blogdoere.com.br\/#\/schema\/person\/4b56ed2336cb28ae3415ce8ffe56742e\"},\"headline\":\"BAHIA: ANUNCIADOS NOMES DE 14 SECRET\u00c1RIOS DE ESTADO PARA A PR\u00d3XIMA GEST\u00c3O\",\"datePublished\":\"2014-12-16T23:07:00+00:00\",\"dateModified\":\"2014-12-16T23:07:00+00:00\",\"mainEntityOfPage\":{\"@id\":\"https:\/\/blogdoere.com.br\/?p=26389\"},\"wordCount\":428,\"commentCount\":0,\"publisher\":{\"@id\":\"https:\/\/blogdoere.com.br\/#organization\"},\"articleSection\":[\"Destaques\"],\"inLanguage\":\"pt-PT\",\"potentialAction\":[{\"@type\":\"CommentAction\",\"name\":\"Comment\",\"target\":[\"https:\/\/blogdoere.com.br\/?p=26389#respond\"]}]},{\"@type\":\"WebPage\",\"@id\":\"https:\/\/blogdoere.com.br\/?p=26389\",\"url\":\"https:\/\/blogdoere.com.br\/?p=26389\",\"name\":\"BAHIA: ANUNCIADOS NOMES DE 14 SECRET\u00c1RIOS DE ESTADO PARA A PR\u00d3XIMA GEST\u00c3O - blog do er\u00ea\",\"isPartOf\":{\"@id\":\"https:\/\/blogdoere.com.br\/#website\"},\"datePublished\":\"2014-12-16T23:07:00+00:00\",\"dateModified\":\"2014-12-16T23:07:00+00:00\",\"breadcrumb\":{\"@id\":\"https:\/\/blogdoere.com.br\/?p=26389#breadcrumb\"},\"inLanguage\":\"pt-PT\",\"potentialAction\":[{\"@type\":\"ReadAction\",\"target\":[\"https:\/\/blogdoere.com.br\/?p=26389\"]}]},{\"@type\":\"BreadcrumbList\",\"@id\":\"https:\/\/blogdoere.com.br\/?p=26389#breadcrumb\",\"itemListElement\":[{\"@type\":\"ListItem\",\"position\":1,\"name\":\"In\u00edcio\",\"item\":\"https:\/\/blogdoere.com.br\/\"},{\"@type\":\"ListItem\",\"position\":2,\"name\":\"BAHIA: ANUNCIADOS NOMES DE 14 SECRET\u00c1RIOS DE ESTADO PARA A PR\u00d3XIMA GEST\u00c3O\"}]},{\"@type\":\"WebSite\",\"@id\":\"https:\/\/blogdoere.com.br\/#website\",\"url\":\"https:\/\/blogdoere.com.br\/\",\"name\":\"blog do er\u00ea\",\"description\":\"\",\"publisher\":{\"@id\":\"https:\/\/blogdoere.com.br\/#organization\"},\"potentialAction\":[{\"@type\":\"SearchAction\",\"target\":{\"@type\":\"EntryPoint\",\"urlTemplate\":\"https:\/\/blogdoere.com.br\/?s={search_term_string}\"},\"query-input\":\"required name=search_term_string\"}],\"inLanguage\":\"pt-PT\"},{\"@type\":\"Organization\",\"@id\":\"https:\/\/blogdoere.com.br\/#organization\",\"name\":\"Blog do Er\u00ea\",\"url\":\"https:\/\/blogdoere.com.br\/\",\"logo\":{\"@type\":\"ImageObject\",\"inLanguage\":\"pt-PT\",\"@id\":\"https:\/\/blogdoere.com.br\/#\/schema\/logo\/image\/\",\"url\":\"https:\/\/blogdoere.com.br\/wp-content\/uploads\/2021\/11\/Logo-Ere-1.png\",\"contentUrl\":\"https:\/\/blogdoere.com.br\/wp-content\/uploads\/2021\/11\/Logo-Ere-1.png\",\"width\":1261,\"height\":1330,\"caption\":\"Blog do Er\u00ea\"},\"image\":{\"@id\":\"https:\/\/blogdoere.com.br\/#\/schema\/logo\/image\/\"}},{\"@type\":\"Person\",\"@id\":\"https:\/\/blogdoere.com.br\/#\/schema\/person\/4b56ed2336cb28ae3415ce8ffe56742e\",\"name\":\"Ere\",\"image\":{\"@type\":\"ImageObject\",\"inLanguage\":\"pt-PT\",\"@id\":\"https:\/\/blogdoere.com.br\/#\/schema\/person\/image\/\",\"url\":\"https:\/\/secure.gravatar.com\/avatar\/?s=96&d=mm&r=g\",\"contentUrl\":\"https:\/\/secure.gravatar.com\/avatar\/?s=96&d=mm&r=g\",\"caption\":\"Ere\"}}]}<\/script>\n<!-- \/ Yoast SEO plugin. -->","yoast_head_json":{"title":"BAHIA: ANUNCIADOS NOMES DE 14 SECRET\u00c1RIOS DE ESTADO PARA A PR\u00d3XIMA GEST\u00c3O - blog do er\u00ea","robots":{"index":"index","follow":"follow","max-snippet":"max-snippet:-1","max-image-preview":"max-image-preview:large","max-video-preview":"max-video-preview:-1"},"canonical":"https:\/\/blogdoere.com.br\/?p=26389","og_locale":"pt_PT","og_type":"article","og_title":"BAHIA: ANUNCIADOS NOMES DE 14 SECRET\u00c1RIOS DE ESTADO PARA A PR\u00d3XIMA GEST\u00c3O - blog do er\u00ea","og_description":"O governador diplomado Rui Costa anunciou, na manh\u00e3 desta ter\u00e7a-feira (16), os nomes que v\u00e3o assumir 14 das 24 secretarias estaduais. O evento que revelou os novos secret\u00e1rios, realizado no...","og_url":"https:\/\/blogdoere.com.br\/?p=26389","og_site_name":"blog do er\u00ea","article_published_time":"2014-12-16T23:07:00+00:00","og_image":[{"url":"http:\/\/www.politicosdosuldabahia.com.br\/v1\/wp-content\/uploads\/2014\/10\/Rui-Costa.jpg"}],"author":"Ere","twitter_card":"summary_large_image","twitter_misc":{"Escrito por":"Ere","Tempo estimado de leitura":"2 minutos"},"schema":{"@context":"https:\/\/schema.org","@graph":[{"@type":"Article","@id":"https:\/\/blogdoere.com.br\/?p=26389#article","isPartOf":{"@id":"https:\/\/blogdoere.com.br\/?p=26389"},"author":{"name":"Ere","@id":"https:\/\/blogdoere.com.br\/#\/schema\/person\/4b56ed2336cb28ae3415ce8ffe56742e"},"headline":"BAHIA: ANUNCIADOS NOMES DE 14 SECRET\u00c1RIOS DE ESTADO PARA A PR\u00d3XIMA GEST\u00c3O","datePublished":"2014-12-16T23:07:00+00:00","dateModified":"2014-12-16T23:07:00+00:00","mainEntityOfPage":{"@id":"https:\/\/blogdoere.com.br\/?p=26389"},"wordCount":428,"commentCount":0,"publisher":{"@id":"https:\/\/blogdoere.com.br\/#organization"},"articleSection":["Destaques"],"inLanguage":"pt-PT","potentialAction":[{"@type":"CommentAction","name":"Comment","target":["https:\/\/blogdoere.com.br\/?p=26389#respond"]}]},{"@type":"WebPage","@id":"https:\/\/blogdoere.com.br\/?p=26389","url":"https:\/\/blogdoere.com.br\/?p=26389","name":"BAHIA: ANUNCIADOS NOMES DE 14 SECRET\u00c1RIOS DE ESTADO PARA A PR\u00d3XIMA GEST\u00c3O - blog do er\u00ea","isPartOf":{"@id":"https:\/\/blogdoere.com.br\/#website"},"datePublished":"2014-12-16T23:07:00+00:00","dateModified":"2014-12-16T23:07:00+00:00","breadcrumb":{"@id":"https:\/\/blogdoere.com.br\/?p=26389#breadcrumb"},"inLanguage":"pt-PT","potentialAction":[{"@type":"ReadAction","target":["https:\/\/blogdoere.com.br\/?p=26389"]}]},{"@type":"BreadcrumbList","@id":"https:\/\/blogdoere.com.br\/?p=26389#breadcrumb","itemListElement":[{"@type":"ListItem","position":1,"name":"In\u00edcio","item":"https:\/\/blogdoere.com.br\/"},{"@type":"ListItem","position":2,"name":"BAHIA: ANUNCIADOS NOMES DE 14 SECRET\u00c1RIOS DE ESTADO PARA A PR\u00d3XIMA GEST\u00c3O"}]},{"@type":"WebSite","@id":"https:\/\/blogdoere.com.br\/#website","url":"https:\/\/blogdoere.com.br\/","name":"blog do er\u00ea","description":"","publisher":{"@id":"https:\/\/blogdoere.com.br\/#organization"},"potentialAction":[{"@type":"SearchAction","target":{"@type":"EntryPoint","urlTemplate":"https:\/\/blogdoere.com.br\/?s={search_term_string}"},"query-input":"required name=search_term_string"}],"inLanguage":"pt-PT"},{"@type":"Organization","@id":"https:\/\/blogdoere.com.br\/#organization","name":"Blog do Er\u00ea","url":"https:\/\/blogdoere.com.br\/","logo":{"@type":"ImageObject","inLanguage":"pt-PT","@id":"https:\/\/blogdoere.com.br\/#\/schema\/logo\/image\/","url":"https:\/\/blogdoere.com.br\/wp-content\/uploads\/2021\/11\/Logo-Ere-1.png","contentUrl":"https:\/\/blogdoere.com.br\/wp-content\/uploads\/2021\/11\/Logo-Ere-1.png","width":1261,"height":1330,"caption":"Blog do Er\u00ea"},"image":{"@id":"https:\/\/blogdoere.com.br\/#\/schema\/logo\/image\/"}},{"@type":"Person","@id":"https:\/\/blogdoere.com.br\/#\/schema\/person\/4b56ed2336cb28ae3415ce8ffe56742e","name":"Ere","image":{"@type":"ImageObject","inLanguage":"pt-PT","@id":"https:\/\/blogdoere.com.br\/#\/schema\/person\/image\/","url":"https:\/\/secure.gravatar.com\/avatar\/?s=96&d=mm&r=g","contentUrl":"https:\/\/secure.gravatar.com\/avatar\/?s=96&d=mm&r=g","caption":"Ere"}}]}},"featured_image_urls":{"full":"","thumbnail":"","medium":"","medium_large":"","large":"","1536x1536":"","2048x2048":""},"author_info":{"display_name":"Ere","author_link":"https:\/\/blogdoere.com.br\/?author=2"},"category_info":"<a href=\"https:\/\/blogdoere.com.br\/?cat=1\" rel=\"category\">Destaques<\/a>","tag_info":"Destaques","comment_count":"0","_links":{"self":[{"href":"https:\/\/blogdoere.com.br\/index.php?rest_route=\/wp\/v2\/posts\/26389","targetHints":{"allow":["GET"]}}],"collection":[{"href":"https:\/\/blogdoere.com.br\/index.php?rest_route=\/wp\/v2\/posts"}],"about":[{"href":"https:\/\/blogdoere.com.br\/index.php?rest_route=\/wp\/v2\/types\/post"}],"author":[{"embeddable":true,"href":"https:\/\/blogdoere.com.br\/index.php?rest_route=\/wp\/v2\/users\/2"}],"replies":[{"embeddable":true,"href":"https:\/\/blogdoere.com.br\/index.php?rest_route=%2Fwp%2Fv2%2Fcomments&post=26389"}],"version-history":[{"count":0,"href":"https:\/\/blogdoere.com.br\/index.php?rest_route=\/wp\/v2\/posts\/26389\/revisions"}],"wp:attachment":[{"href":"https:\/\/blogdoere.com.br\/index.php?rest_route=%2Fwp%2Fv2%2Fmedia&parent=26389"}],"wp:term":[{"taxonomy":"category","embeddable":true,"href":"https:\/\/blogdoere.com.br\/index.php?rest_route=%2Fwp%2Fv2%2Fcategories&post=26389"},{"taxonomy":"post_tag","embeddable":true,"href":"https:\/\/blogdoere.com.br\/index.php?rest_route=%2Fwp%2Fv2%2Ftags&post=26389"}],"curies":[{"name":"wp","href":"https:\/\/api.w.org\/{rel}","templated":true}]}}