{"id":26394,"date":"2014-11-29T00:00:00","date_gmt":"2014-11-29T00:00:00","guid":{"rendered":"http:\/\/blogdoere.com.br\/?p=26394"},"modified":"2014-11-29T00:00:00","modified_gmt":"2014-11-29T00:00:00","slug":"sete-alunos-da-escola-veja-vida-sao-premiados-na-olimpiada-de-matematica-do-sul-da-bahia","status":"publish","type":"post","link":"https:\/\/blogdoere.com.br\/?p=26394","title":{"rendered":"SETE ALUNOS DA ESCOLA VEJA VIDA S\u00c3O PREMIADOS NA OLIMP\u00cdADA DE MATEM\u00c1TICA DO SUL DA BAHIA."},"content":{"rendered":"<div style=\"clear: both; text-align: center;\"><a href=\"http:\/\/1.bp.blogspot.com\/-ce1BxxkU-1Y\/VHj14rAdx0I\/AAAAAAAAFqc\/WD1bNDtssqg\/s1600\/DSC_0128.JPG\" style=\"font-family: Arial, Helvetica, sans-serif; line-height: 18.399999618530273px; margin-left: 1em; margin-right: 1em; text-align: center;\"><img decoding=\"async\" border=\"0\" src=\"http:\/\/1.bp.blogspot.com\/-ce1BxxkU-1Y\/VHj14rAdx0I\/AAAAAAAAFqc\/WD1bNDtssqg\/s1600\/DSC_0128.JPG\" height=\"213\" width=\"320\" \/><\/a><\/div>\n<div style=\"clear: both; text-align: center;\"><\/div>\n<div style=\"text-align: justify;\"><span style=\"font-family: Arial, Helvetica, sans-serif;\"><span style=\"line-height: 115%; text-align: justify;\">Em <span style=\"background-color: white;\">evento<\/span><\/span><span style=\"line-height: 115%; text-align: justify;\">&nbsp;realiza<\/span><span style=\"background-attachment: initial; background-clip: initial; background-color: white; background-image: initial; background-origin: initial; background-position: initial; background-repeat: initial; background-size: initial; line-height: 115%; text-align: justify;\">do s\u00e1bado (22\/11), pela manh\u00e3 no Audit\u00f3rio Governador Paulo Souto, na UESC (Universidade Estadual de Santa Cruz), sete<\/span><span style=\"line-height: 115%; text-align: justify;\"> alunos da escola priva<\/span><span style=\"background-color: white; line-height: 18.399999618530273px;\">da<\/span><span style=\"line-height: 115%; text-align: justify;\">&nbsp;\u201cVeja a Vida\u201d foram&nbsp;premiados em cerim\u00f4nia da XVI Olimp\u00edada de Matem\u00e1tica do Sul da Bahia.<\/span><\/span><\/div>\n<div style=\"text-align: justify;\"><span style=\"line-height: 115%;\"><\/span><\/div>\n<div><span style=\"line-height: 115%;\"><span style=\"font-family: Arial, Helvetica, sans-serif;\"><br \/><\/span><\/span><\/div>\n<p><\/p>\n<div style=\"text-align: justify;\"><span style=\"font-family: Arial, Helvetica, sans-serif;\"><span style=\"line-height: 115%;\">O certame &nbsp;realizado e coordenado pela UESC, envolveu vinte munic\u00edpios, 69 escolas, priva<\/span><span style=\"background-color: white; line-height: 18.399999618530273px;\">das<\/span><span style=\"line-height: 115%;\">&nbsp; e da rede p\u00fablica de ensino com 10.863 alunos participantes. Deste total, apenas 119 receberam certificados, 36 medalhas de prata, 42 medalhas de bronze, 49 foram premiados com medalhas de ouro, e 26 com placas de honra ao m\u00e9rito.<\/span><\/span><\/div>\n<div style=\"text-align: justify;\"><span style=\"line-height: 115%;\"><span style=\"font-family: Arial, Helvetica, sans-serif;\"><br \/><\/span><\/span><\/div>\n<div style=\"text-align: justify;\"><\/div>\n<div style=\"text-align: justify;\"><span style=\"font-family: Arial, Helvetica, sans-serif;\"><span style=\"line-height: 115%;\">Os premiados foram: Sarah Costa Guimar\u00e3es, 9\u00ba ano (certificado), Catarine Soares Cruz, 6\u00ba ano (medalha de prata), Dhiovanna Prado Martins Santos Carvalho, 6\u00ba ano (bronze), Lucielly Souza de Oliveira, 6\u00ba ano (ouro), Pedro Jos\u00e9 Rocha da Silva, 8\u00ba ano (ouro), Ana Julia Queiroz de Souza, 9\u00ba ano (prata), La\u00eds Vinhas Soares Costa, 9\u00ba ano (prata) e Jaime Santos Correia Filho, 9\u00ba ano (ouro e placa).&nbsp;<\/span><span style=\"line-height: 18.399999618530273px;\">A professora&nbsp;<\/span><span style=\"line-height: 18.399999618530273px;\">Elaine Gouvea que leciona a&nbsp;disciplina&nbsp;<\/span><span style=\"background-color: white; line-height: 18.399999618530273px;\">d<\/span><span style=\"line-height: 18.399999618530273px;\">e&nbsp;matem\u00e1tica&nbsp;avaliou&nbsp;&nbsp;<\/span><span style=\"line-height: 18.399999618530273px;\">como &#8220;positivo&#8221; o&nbsp;<\/span><span style=\"line-height: 18.399999618530273px;\">d<\/span><span style=\"line-height: 18.399999618530273px;\">esempen<\/span><span style=\"line-height: 18.399999618530273px;\">h<\/span><span style=\"line-height: 18.399999618530273px;\">o&nbsp;<\/span><span style=\"line-height: 18.399999618530273px;\">d<\/span><span style=\"line-height: 18.399999618530273px;\">os alunos.<\/span><\/span><\/div>\n<div style=\"text-align: justify;\"><span style=\"line-height: 18.399999618530273px;\"><span style=\"font-family: Arial, Helvetica, sans-serif;\"><br \/><\/span><\/span><\/div>\n<div style=\"text-align: justify;\"><span style=\"font-family: Arial, Helvetica, sans-serif;\"><span style=\"line-height: 18.399999618530273px;\">&nbsp;A&nbsp;<\/span><span style=\"line-height: 18.399999618530273px;\">diretora<\/span><span style=\"line-height: 115%;\">&nbsp;<\/span><span style=\"line-height: 18.399999618530273px;\">pedag\u00f3gica<\/span><span style=\"line-height: 115%;\">&nbsp;da Escola \u201cVeja a Vida\u201d, Arlete Fontes destacou no perfil da escola no \u201cfacebook\u201d o desempenho dos alunos premiados como \u201cproveitoso\u201d e \u201cexcelente\u201d para futura forma\u00e7\u00e3o profissional com caminhos de sucessos.<\/span><span style=\"line-height: 115%;\">&nbsp;<\/span><\/span><\/div>\n<div style=\"text-align: justify;\"><span style=\"font-family: Arial, Helvetica, sans-serif;\"><br \/><\/span><\/div>\n<div style=\"text-align: justify;\"><span style=\"font-family: Arial, Helvetica, sans-serif;\">A Olimp\u00edada de Matem\u00e1tica do Sul da Bahia \u00e9 um Projeto de Extens\u00e3o do Departamento de Ci\u00eancias Exatas e Tecnol\u00f3gicas (DCET) da Universidade Estadual de Santa Cruz (UESC), sendo uma competi\u00e7\u00e3o aberta aos estudantes do 6\u00ba ao 9\u00ba ano, em parceria com as escolas do Ensino Fundamental da regi\u00e3o de influ\u00eancia da UESC.<\/span><\/div>\n<div style=\"text-align: justify;\"><span style=\"font-family: Arial, Helvetica, sans-serif;\"><br \/><\/span><\/div>\n<div align=\"justify\" style=\"text-align: justify;\"><span style=\"font-family: Arial, Helvetica, sans-serif;\">Participaram escolas dos munic\u00edpios de Arataca, Aurelino Leal, Buerarema, Camacan, Canavieiras, Governador Lomanto J\u00fanior, Ibicara\u00ed, Ilh\u00e9us, Itabuna, Itaju\u00edpe, Itap\u00e9, Itapitanga, Santa Cruz da Vit\u00f3ria, Santa Luzia, S\u00e3o Jos\u00e9 da Vit\u00f3ria, Ubaitaba, Una e Uru\u00e7uca.<\/span><\/div>\n<div align=\"justify\" style=\"font-family: Verdana, Arial, Helvetica, sans-serif; text-align: justify;\"><a href=\"http:\/\/www.uesc.br\/projetos\/olimpiadamatematica\/index.php?item=conteudo_apresentacao.php\" style=\"font-family: Arial, Helvetica, sans-serif; line-height: 115%;\">Leia mais. <\/a><span style=\"font-family: Arial, Helvetica, sans-serif; line-height: 115%;\">&nbsp;<\/span><\/div>\n<div style=\"text-align: justify;\"><span style=\"font-family: Arial, Helvetica, sans-serif; line-height: 115%;\"><br \/><\/span><\/div>\n<div style=\"clear: both; text-align: center;\"><a href=\"http:\/\/1.bp.blogspot.com\/-fOonu6w4C8w\/VHkGgC909nI\/AAAAAAAAFqs\/4j_75TmZUgs\/s1600\/DSC_0042.JPG\" style=\"margin-left: 1em; margin-right: 1em;\"><img decoding=\"async\" border=\"0\" src=\"http:\/\/1.bp.blogspot.com\/-fOonu6w4C8w\/VHkGgC909nI\/AAAAAAAAFqs\/4j_75TmZUgs\/s1600\/DSC_0042.JPG\" height=\"213\" width=\"320\" \/><\/a><\/div>\n<div style=\"text-align: justify;\"><span style=\"line-height: 115%;\"><span style=\"font-family: Arial, Helvetica, sans-serif;\"><br \/><\/span><\/span><\/div>\n<div style=\"text-align: justify;\"><\/div>\n","protected":false},"excerpt":{"rendered":"<p>Em evento&nbsp;realizado s\u00e1bado (22\/11), pela manh\u00e3 no Audit\u00f3rio Governador Paulo Souto, na UESC (Universidade Estadual de Santa Cruz), sete alunos da escola privada&nbsp;\u201cVeja a Vida\u201d foram&nbsp;premiados em cerim\u00f4nia da XVI&#8230;<\/p>\n","protected":false},"author":2,"featured_media":0,"comment_status":"open","ping_status":"open","sticky":false,"template":"","format":"standard","meta":{"_editorskit_title_hidden":false,"_editorskit_reading_time":0,"_editorskit_is_block_options_detached":false,"_editorskit_block_options_position":"{}","om_disable_all_campaigns":false,"_mi_skip_tracking":false,"_kad_post_transparent":"","_kad_post_title":"","_kad_post_layout":"","_kad_post_sidebar_id":"","_kad_post_content_style":"","_kad_post_vertical_padding":"","_kad_post_feature":"","_kad_post_feature_position":"","_kad_post_header":false,"_kad_post_footer":false,"footnotes":""},"categories":[1],"tags":[],"class_list":["post-26394","post","type-post","status-publish","format-standard","hentry","category-destaques"],"yoast_head":"<!-- This site is optimized with the Yoast SEO plugin v20.5 - https:\/\/yoast.com\/wordpress\/plugins\/seo\/ -->\n<title>SETE ALUNOS DA ESCOLA VEJA VIDA S\u00c3O PREMIADOS NA OLIMP\u00cdADA DE MATEM\u00c1TICA DO SUL DA BAHIA. - blog do er\u00ea<\/title>\n<meta name=\"robots\" content=\"index, follow, max-snippet:-1, max-image-preview:large, max-video-preview:-1\" \/>\n<link rel=\"canonical\" href=\"https:\/\/blogdoere.com.br\/?p=26394\" \/>\n<meta property=\"og:locale\" content=\"pt_PT\" \/>\n<meta property=\"og:type\" content=\"article\" \/>\n<meta property=\"og:title\" content=\"SETE ALUNOS DA ESCOLA VEJA VIDA S\u00c3O PREMIADOS NA OLIMP\u00cdADA DE MATEM\u00c1TICA DO SUL DA BAHIA. - blog do er\u00ea\" \/>\n<meta property=\"og:description\" content=\"Em evento&nbsp;realizado s\u00e1bado (22\/11), pela manh\u00e3 no Audit\u00f3rio Governador Paulo Souto, na UESC (Universidade Estadual de Santa Cruz), sete alunos da escola privada&nbsp;\u201cVeja a Vida\u201d foram&nbsp;premiados em cerim\u00f4nia da XVI...\" \/>\n<meta property=\"og:url\" content=\"https:\/\/blogdoere.com.br\/?p=26394\" \/>\n<meta property=\"og:site_name\" content=\"blog do er\u00ea\" \/>\n<meta property=\"article:published_time\" content=\"2014-11-29T00:00:00+00:00\" \/>\n<meta property=\"og:image\" content=\"http:\/\/1.bp.blogspot.com\/-ce1BxxkU-1Y\/VHj14rAdx0I\/AAAAAAAAFqc\/WD1bNDtssqg\/s1600\/DSC_0128.JPG\" \/>\n<meta name=\"author\" content=\"Ere\" \/>\n<meta name=\"twitter:card\" content=\"summary_large_image\" \/>\n<meta name=\"twitter:label1\" content=\"Escrito por\" \/>\n\t<meta name=\"twitter:data1\" content=\"Ere\" \/>\n\t<meta name=\"twitter:label2\" content=\"Tempo estimado de leitura\" \/>\n\t<meta name=\"twitter:data2\" content=\"2 minutos\" \/>\n<script type=\"application\/ld+json\" class=\"yoast-schema-graph\">{\"@context\":\"https:\/\/schema.org\",\"@graph\":[{\"@type\":\"Article\",\"@id\":\"https:\/\/blogdoere.com.br\/?p=26394#article\",\"isPartOf\":{\"@id\":\"https:\/\/blogdoere.com.br\/?p=26394\"},\"author\":{\"name\":\"Ere\",\"@id\":\"https:\/\/blogdoere.com.br\/#\/schema\/person\/4b56ed2336cb28ae3415ce8ffe56742e\"},\"headline\":\"SETE ALUNOS DA ESCOLA VEJA VIDA S\u00c3O PREMIADOS NA OLIMP\u00cdADA DE MATEM\u00c1TICA DO SUL DA BAHIA.\",\"datePublished\":\"2014-11-29T00:00:00+00:00\",\"dateModified\":\"2014-11-29T00:00:00+00:00\",\"mainEntityOfPage\":{\"@id\":\"https:\/\/blogdoere.com.br\/?p=26394\"},\"wordCount\":355,\"commentCount\":0,\"publisher\":{\"@id\":\"https:\/\/blogdoere.com.br\/#organization\"},\"articleSection\":[\"Destaques\"],\"inLanguage\":\"pt-PT\",\"potentialAction\":[{\"@type\":\"CommentAction\",\"name\":\"Comment\",\"target\":[\"https:\/\/blogdoere.com.br\/?p=26394#respond\"]}]},{\"@type\":\"WebPage\",\"@id\":\"https:\/\/blogdoere.com.br\/?p=26394\",\"url\":\"https:\/\/blogdoere.com.br\/?p=26394\",\"name\":\"SETE ALUNOS DA ESCOLA VEJA VIDA S\u00c3O PREMIADOS NA OLIMP\u00cdADA DE MATEM\u00c1TICA DO SUL DA BAHIA. - blog do er\u00ea\",\"isPartOf\":{\"@id\":\"https:\/\/blogdoere.com.br\/#website\"},\"datePublished\":\"2014-11-29T00:00:00+00:00\",\"dateModified\":\"2014-11-29T00:00:00+00:00\",\"breadcrumb\":{\"@id\":\"https:\/\/blogdoere.com.br\/?p=26394#breadcrumb\"},\"inLanguage\":\"pt-PT\",\"potentialAction\":[{\"@type\":\"ReadAction\",\"target\":[\"https:\/\/blogdoere.com.br\/?p=26394\"]}]},{\"@type\":\"BreadcrumbList\",\"@id\":\"https:\/\/blogdoere.com.br\/?p=26394#breadcrumb\",\"itemListElement\":[{\"@type\":\"ListItem\",\"position\":1,\"name\":\"In\u00edcio\",\"item\":\"https:\/\/blogdoere.com.br\/\"},{\"@type\":\"ListItem\",\"position\":2,\"name\":\"SETE ALUNOS DA ESCOLA VEJA VIDA S\u00c3O PREMIADOS NA OLIMP\u00cdADA DE MATEM\u00c1TICA DO SUL DA BAHIA.\"}]},{\"@type\":\"WebSite\",\"@id\":\"https:\/\/blogdoere.com.br\/#website\",\"url\":\"https:\/\/blogdoere.com.br\/\",\"name\":\"blog do er\u00ea\",\"description\":\"\",\"publisher\":{\"@id\":\"https:\/\/blogdoere.com.br\/#organization\"},\"potentialAction\":[{\"@type\":\"SearchAction\",\"target\":{\"@type\":\"EntryPoint\",\"urlTemplate\":\"https:\/\/blogdoere.com.br\/?s={search_term_string}\"},\"query-input\":\"required name=search_term_string\"}],\"inLanguage\":\"pt-PT\"},{\"@type\":\"Organization\",\"@id\":\"https:\/\/blogdoere.com.br\/#organization\",\"name\":\"Blog do Er\u00ea\",\"url\":\"https:\/\/blogdoere.com.br\/\",\"logo\":{\"@type\":\"ImageObject\",\"inLanguage\":\"pt-PT\",\"@id\":\"https:\/\/blogdoere.com.br\/#\/schema\/logo\/image\/\",\"url\":\"https:\/\/blogdoere.com.br\/wp-content\/uploads\/2021\/11\/Logo-Ere-1.png\",\"contentUrl\":\"https:\/\/blogdoere.com.br\/wp-content\/uploads\/2021\/11\/Logo-Ere-1.png\",\"width\":1261,\"height\":1330,\"caption\":\"Blog do Er\u00ea\"},\"image\":{\"@id\":\"https:\/\/blogdoere.com.br\/#\/schema\/logo\/image\/\"}},{\"@type\":\"Person\",\"@id\":\"https:\/\/blogdoere.com.br\/#\/schema\/person\/4b56ed2336cb28ae3415ce8ffe56742e\",\"name\":\"Ere\",\"image\":{\"@type\":\"ImageObject\",\"inLanguage\":\"pt-PT\",\"@id\":\"https:\/\/blogdoere.com.br\/#\/schema\/person\/image\/\",\"url\":\"https:\/\/secure.gravatar.com\/avatar\/?s=96&d=mm&r=g\",\"contentUrl\":\"https:\/\/secure.gravatar.com\/avatar\/?s=96&d=mm&r=g\",\"caption\":\"Ere\"}}]}<\/script>\n<!-- \/ Yoast SEO plugin. -->","yoast_head_json":{"title":"SETE ALUNOS DA ESCOLA VEJA VIDA S\u00c3O PREMIADOS NA OLIMP\u00cdADA DE MATEM\u00c1TICA DO SUL DA BAHIA. - blog do er\u00ea","robots":{"index":"index","follow":"follow","max-snippet":"max-snippet:-1","max-image-preview":"max-image-preview:large","max-video-preview":"max-video-preview:-1"},"canonical":"https:\/\/blogdoere.com.br\/?p=26394","og_locale":"pt_PT","og_type":"article","og_title":"SETE ALUNOS DA ESCOLA VEJA VIDA S\u00c3O PREMIADOS NA OLIMP\u00cdADA DE MATEM\u00c1TICA DO SUL DA BAHIA. - blog do er\u00ea","og_description":"Em evento&nbsp;realizado s\u00e1bado (22\/11), pela manh\u00e3 no Audit\u00f3rio Governador Paulo Souto, na UESC (Universidade Estadual de Santa Cruz), sete alunos da escola privada&nbsp;\u201cVeja a Vida\u201d foram&nbsp;premiados em cerim\u00f4nia da XVI...","og_url":"https:\/\/blogdoere.com.br\/?p=26394","og_site_name":"blog do er\u00ea","article_published_time":"2014-11-29T00:00:00+00:00","og_image":[{"url":"http:\/\/1.bp.blogspot.com\/-ce1BxxkU-1Y\/VHj14rAdx0I\/AAAAAAAAFqc\/WD1bNDtssqg\/s1600\/DSC_0128.JPG"}],"author":"Ere","twitter_card":"summary_large_image","twitter_misc":{"Escrito por":"Ere","Tempo estimado de leitura":"2 minutos"},"schema":{"@context":"https:\/\/schema.org","@graph":[{"@type":"Article","@id":"https:\/\/blogdoere.com.br\/?p=26394#article","isPartOf":{"@id":"https:\/\/blogdoere.com.br\/?p=26394"},"author":{"name":"Ere","@id":"https:\/\/blogdoere.com.br\/#\/schema\/person\/4b56ed2336cb28ae3415ce8ffe56742e"},"headline":"SETE ALUNOS DA ESCOLA VEJA VIDA S\u00c3O PREMIADOS NA OLIMP\u00cdADA DE MATEM\u00c1TICA DO SUL DA BAHIA.","datePublished":"2014-11-29T00:00:00+00:00","dateModified":"2014-11-29T00:00:00+00:00","mainEntityOfPage":{"@id":"https:\/\/blogdoere.com.br\/?p=26394"},"wordCount":355,"commentCount":0,"publisher":{"@id":"https:\/\/blogdoere.com.br\/#organization"},"articleSection":["Destaques"],"inLanguage":"pt-PT","potentialAction":[{"@type":"CommentAction","name":"Comment","target":["https:\/\/blogdoere.com.br\/?p=26394#respond"]}]},{"@type":"WebPage","@id":"https:\/\/blogdoere.com.br\/?p=26394","url":"https:\/\/blogdoere.com.br\/?p=26394","name":"SETE ALUNOS DA ESCOLA VEJA VIDA S\u00c3O PREMIADOS NA OLIMP\u00cdADA DE MATEM\u00c1TICA DO SUL DA BAHIA. - blog do er\u00ea","isPartOf":{"@id":"https:\/\/blogdoere.com.br\/#website"},"datePublished":"2014-11-29T00:00:00+00:00","dateModified":"2014-11-29T00:00:00+00:00","breadcrumb":{"@id":"https:\/\/blogdoere.com.br\/?p=26394#breadcrumb"},"inLanguage":"pt-PT","potentialAction":[{"@type":"ReadAction","target":["https:\/\/blogdoere.com.br\/?p=26394"]}]},{"@type":"BreadcrumbList","@id":"https:\/\/blogdoere.com.br\/?p=26394#breadcrumb","itemListElement":[{"@type":"ListItem","position":1,"name":"In\u00edcio","item":"https:\/\/blogdoere.com.br\/"},{"@type":"ListItem","position":2,"name":"SETE ALUNOS DA ESCOLA VEJA VIDA S\u00c3O PREMIADOS NA OLIMP\u00cdADA DE MATEM\u00c1TICA DO SUL DA BAHIA."}]},{"@type":"WebSite","@id":"https:\/\/blogdoere.com.br\/#website","url":"https:\/\/blogdoere.com.br\/","name":"blog do er\u00ea","description":"","publisher":{"@id":"https:\/\/blogdoere.com.br\/#organization"},"potentialAction":[{"@type":"SearchAction","target":{"@type":"EntryPoint","urlTemplate":"https:\/\/blogdoere.com.br\/?s={search_term_string}"},"query-input":"required name=search_term_string"}],"inLanguage":"pt-PT"},{"@type":"Organization","@id":"https:\/\/blogdoere.com.br\/#organization","name":"Blog do Er\u00ea","url":"https:\/\/blogdoere.com.br\/","logo":{"@type":"ImageObject","inLanguage":"pt-PT","@id":"https:\/\/blogdoere.com.br\/#\/schema\/logo\/image\/","url":"https:\/\/blogdoere.com.br\/wp-content\/uploads\/2021\/11\/Logo-Ere-1.png","contentUrl":"https:\/\/blogdoere.com.br\/wp-content\/uploads\/2021\/11\/Logo-Ere-1.png","width":1261,"height":1330,"caption":"Blog do Er\u00ea"},"image":{"@id":"https:\/\/blogdoere.com.br\/#\/schema\/logo\/image\/"}},{"@type":"Person","@id":"https:\/\/blogdoere.com.br\/#\/schema\/person\/4b56ed2336cb28ae3415ce8ffe56742e","name":"Ere","image":{"@type":"ImageObject","inLanguage":"pt-PT","@id":"https:\/\/blogdoere.com.br\/#\/schema\/person\/image\/","url":"https:\/\/secure.gravatar.com\/avatar\/?s=96&d=mm&r=g","contentUrl":"https:\/\/secure.gravatar.com\/avatar\/?s=96&d=mm&r=g","caption":"Ere"}}]}},"featured_image_urls":{"full":"","thumbnail":"","medium":"","medium_large":"","large":"","1536x1536":"","2048x2048":""},"author_info":{"display_name":"Ere","author_link":"https:\/\/blogdoere.com.br\/?author=2"},"category_info":"<a href=\"https:\/\/blogdoere.com.br\/?cat=1\" rel=\"category\">Destaques<\/a>","tag_info":"Destaques","comment_count":"0","_links":{"self":[{"href":"https:\/\/blogdoere.com.br\/index.php?rest_route=\/wp\/v2\/posts\/26394","targetHints":{"allow":["GET"]}}],"collection":[{"href":"https:\/\/blogdoere.com.br\/index.php?rest_route=\/wp\/v2\/posts"}],"about":[{"href":"https:\/\/blogdoere.com.br\/index.php?rest_route=\/wp\/v2\/types\/post"}],"author":[{"embeddable":true,"href":"https:\/\/blogdoere.com.br\/index.php?rest_route=\/wp\/v2\/users\/2"}],"replies":[{"embeddable":true,"href":"https:\/\/blogdoere.com.br\/index.php?rest_route=%2Fwp%2Fv2%2Fcomments&post=26394"}],"version-history":[{"count":0,"href":"https:\/\/blogdoere.com.br\/index.php?rest_route=\/wp\/v2\/posts\/26394\/revisions"}],"wp:attachment":[{"href":"https:\/\/blogdoere.com.br\/index.php?rest_route=%2Fwp%2Fv2%2Fmedia&parent=26394"}],"wp:term":[{"taxonomy":"category","embeddable":true,"href":"https:\/\/blogdoere.com.br\/index.php?rest_route=%2Fwp%2Fv2%2Fcategories&post=26394"},{"taxonomy":"post_tag","embeddable":true,"href":"https:\/\/blogdoere.com.br\/index.php?rest_route=%2Fwp%2Fv2%2Ftags&post=26394"}],"curies":[{"name":"wp","href":"https:\/\/api.w.org\/{rel}","templated":true}]}}