{"id":26396,"date":"2014-11-24T00:35:00","date_gmt":"2014-11-24T00:35:00","guid":{"rendered":"http:\/\/blogdoere.com.br\/?p=26396"},"modified":"2014-11-24T00:35:00","modified_gmt":"2014-11-24T00:35:00","slug":"capoeira-recebera-reconhecimento-de-patrimonio-cultural","status":"publish","type":"post","link":"https:\/\/blogdoere.com.br\/?p=26396","title":{"rendered":"CAPOEIRA RECEBERA RECONHECIMENTO DE PATRIM\u00d4NIO CULTURAL."},"content":{"rendered":"<div style=\"text-align: justify;\"><span style=\"color: #444444; font-family: Tahoma, Geneva, sans-serif; font-size: 12.222222328186035px; line-height: 18px;\"><br \/><\/span><\/div>\n<div style=\"text-align: center;\"><img decoding=\"async\" alt=\"Capoeira de roda receber\u00e1 reconhecimento de Patrim\u00f4nio Cultural da Humanidade\" src=\"http:\/\/www.bahianoticias.com.br\/fotos\/principal_noticias\/163609\/xIMAGEM_NOTICIA_5.jpg.pagespeed.ic.3m4wqEdiZa.jpg\" \/><\/div>\n<div style=\"text-align: justify;\"><span style=\"color: #444444; font-family: Tahoma, Geneva, sans-serif; font-size: 12.222222328186035px; line-height: 18px;\"><br \/><\/span><\/div>\n<div style=\"text-align: justify;\"><span style=\"color: #444444; font-family: Tahoma, Geneva, sans-serif; font-size: 12.222222328186035px; line-height: 18px;\"><br \/><\/span><\/div>\n<div style=\"text-align: justify;\"><span style=\"color: #444444; font-family: Tahoma, Geneva, sans-serif; line-height: 18px;\">Na semana que vem, a capoeira de roda deve ser reconhecida como Patrim\u00f4nio Cultural da Humanidade pela Organiza\u00e7\u00e3o das Na\u00e7\u00f5es Unidas para a Educa\u00e7\u00e3o, a Ci\u00eancia e a Cultura (Unesco), em Paris, na Fran\u00e7a. A capoeira j\u00e1 reconhecida como patrim\u00f4nio cultural pelo Instituto do Patrim\u00f4nio Hist\u00f3rico e Art\u00edstico Nacional (Iphan) desde 2008. A pr\u00e1tica envolve canto, instrumentos t\u00edpicos como o berimbau e o atabaque, em uma roda, onde os golpes se confundem com dan\u00e7a. No dossi\u00ea de candidatura, de 25 p\u00e1ginas, o Instituto do Patrim\u00f4nio Hist\u00f3rico e Art\u00edstico Nacional (Iphan) do Brasil listou uma s\u00e9rie de a\u00e7\u00f5es para difundir a modalidade. O Iphan tamb\u00e9m prop\u00f5e medidas de salvaguarda or\u00e7adas em mais de R$ 2 milh\u00f5es, como a produ\u00e7\u00e3o de cat\u00e1logos e encontros. Segundo o instituto brasileiro, o documento destaca que o registro vai favorecer a consci\u00eancia sobre o legado da cultura africana no Brasil e o papel da capoeira no combate ao racismo e \u00e0 discrimina\u00e7\u00e3o. No dossi\u00ea, \u00e9 lembrado que a pr\u00e1tica da capoeira chegou a ser considerada crime e foi proibida durante um per\u00edodo longo da hist\u00f3ria (at\u00e9 a d\u00e9cada de 1970). Atualmente, a capoeira \u00e9 praticada em v\u00e1rios pa\u00edses. \u201cA capoeira \u00e9 uma manifesta\u00e7\u00e3o cultural de muitas dimens\u00f5es. \u00c9 ao mesmo tempo luta, dan\u00e7a e jongo, t\u00e3o ligada \u00e0 nossa hist\u00f3ria, \u00e0 nossa sociedade, que \u00e9 um pouco do que \u00e9 o povo brasileiro\u201d, declarou a diretora do Departamento do Patrim\u00f4nio Imaterial do \u00f3rg\u00e3o, C\u00e9lia Corsino \u00e0 Ag\u00eancia Brasil.<\/span><\/div>\n","protected":false},"excerpt":{"rendered":"<p>Na semana que vem, a capoeira de roda deve ser reconhecida como Patrim\u00f4nio Cultural da Humanidade pela Organiza\u00e7\u00e3o das Na\u00e7\u00f5es Unidas para a Educa\u00e7\u00e3o, a Ci\u00eancia e a Cultura (Unesco),&#8230;<\/p>\n","protected":false},"author":2,"featured_media":0,"comment_status":"open","ping_status":"open","sticky":false,"template":"","format":"standard","meta":{"_editorskit_title_hidden":false,"_editorskit_reading_time":0,"_editorskit_is_block_options_detached":false,"_editorskit_block_options_position":"{}","om_disable_all_campaigns":false,"_mi_skip_tracking":false,"_kad_post_transparent":"","_kad_post_title":"","_kad_post_layout":"","_kad_post_sidebar_id":"","_kad_post_content_style":"","_kad_post_vertical_padding":"","_kad_post_feature":"","_kad_post_feature_position":"","_kad_post_header":false,"_kad_post_footer":false,"footnotes":""},"categories":[1],"tags":[],"class_list":["post-26396","post","type-post","status-publish","format-standard","hentry","category-destaques"],"yoast_head":"<!-- This site is optimized with the Yoast SEO plugin v20.5 - https:\/\/yoast.com\/wordpress\/plugins\/seo\/ -->\n<title>CAPOEIRA RECEBERA RECONHECIMENTO DE PATRIM\u00d4NIO CULTURAL. - blog do er\u00ea<\/title>\n<meta name=\"robots\" content=\"index, follow, max-snippet:-1, max-image-preview:large, max-video-preview:-1\" \/>\n<link rel=\"canonical\" href=\"https:\/\/blogdoere.com.br\/?p=26396\" \/>\n<meta property=\"og:locale\" content=\"pt_PT\" \/>\n<meta property=\"og:type\" content=\"article\" \/>\n<meta property=\"og:title\" content=\"CAPOEIRA RECEBERA RECONHECIMENTO DE PATRIM\u00d4NIO CULTURAL. - blog do er\u00ea\" \/>\n<meta property=\"og:description\" content=\"Na semana que vem, a capoeira de roda deve ser reconhecida como Patrim\u00f4nio Cultural da Humanidade pela Organiza\u00e7\u00e3o das Na\u00e7\u00f5es Unidas para a Educa\u00e7\u00e3o, a Ci\u00eancia e a Cultura (Unesco),...\" \/>\n<meta property=\"og:url\" content=\"https:\/\/blogdoere.com.br\/?p=26396\" \/>\n<meta property=\"og:site_name\" content=\"blog do er\u00ea\" \/>\n<meta property=\"article:published_time\" content=\"2014-11-24T00:35:00+00:00\" \/>\n<meta property=\"og:image\" content=\"http:\/\/www.bahianoticias.com.br\/fotos\/principal_noticias\/163609\/xIMAGEM_NOTICIA_5.jpg.pagespeed.ic.3m4wqEdiZa.jpg\" \/>\n<meta name=\"author\" content=\"Ere\" \/>\n<meta name=\"twitter:card\" content=\"summary_large_image\" \/>\n<meta name=\"twitter:label1\" content=\"Escrito por\" \/>\n\t<meta name=\"twitter:data1\" content=\"Ere\" \/>\n\t<meta name=\"twitter:label2\" content=\"Tempo estimado de leitura\" \/>\n\t<meta name=\"twitter:data2\" content=\"1 minuto\" \/>\n<script type=\"application\/ld+json\" class=\"yoast-schema-graph\">{\"@context\":\"https:\/\/schema.org\",\"@graph\":[{\"@type\":\"Article\",\"@id\":\"https:\/\/blogdoere.com.br\/?p=26396#article\",\"isPartOf\":{\"@id\":\"https:\/\/blogdoere.com.br\/?p=26396\"},\"author\":{\"name\":\"Ere\",\"@id\":\"https:\/\/blogdoere.com.br\/#\/schema\/person\/4b56ed2336cb28ae3415ce8ffe56742e\"},\"headline\":\"CAPOEIRA RECEBERA RECONHECIMENTO DE PATRIM\u00d4NIO CULTURAL.\",\"datePublished\":\"2014-11-24T00:35:00+00:00\",\"dateModified\":\"2014-11-24T00:35:00+00:00\",\"mainEntityOfPage\":{\"@id\":\"https:\/\/blogdoere.com.br\/?p=26396\"},\"wordCount\":277,\"commentCount\":0,\"publisher\":{\"@id\":\"https:\/\/blogdoere.com.br\/#organization\"},\"articleSection\":[\"Destaques\"],\"inLanguage\":\"pt-PT\",\"potentialAction\":[{\"@type\":\"CommentAction\",\"name\":\"Comment\",\"target\":[\"https:\/\/blogdoere.com.br\/?p=26396#respond\"]}]},{\"@type\":\"WebPage\",\"@id\":\"https:\/\/blogdoere.com.br\/?p=26396\",\"url\":\"https:\/\/blogdoere.com.br\/?p=26396\",\"name\":\"CAPOEIRA RECEBERA RECONHECIMENTO DE PATRIM\u00d4NIO CULTURAL. - blog do er\u00ea\",\"isPartOf\":{\"@id\":\"https:\/\/blogdoere.com.br\/#website\"},\"datePublished\":\"2014-11-24T00:35:00+00:00\",\"dateModified\":\"2014-11-24T00:35:00+00:00\",\"breadcrumb\":{\"@id\":\"https:\/\/blogdoere.com.br\/?p=26396#breadcrumb\"},\"inLanguage\":\"pt-PT\",\"potentialAction\":[{\"@type\":\"ReadAction\",\"target\":[\"https:\/\/blogdoere.com.br\/?p=26396\"]}]},{\"@type\":\"BreadcrumbList\",\"@id\":\"https:\/\/blogdoere.com.br\/?p=26396#breadcrumb\",\"itemListElement\":[{\"@type\":\"ListItem\",\"position\":1,\"name\":\"In\u00edcio\",\"item\":\"https:\/\/blogdoere.com.br\/\"},{\"@type\":\"ListItem\",\"position\":2,\"name\":\"CAPOEIRA RECEBERA RECONHECIMENTO DE PATRIM\u00d4NIO CULTURAL.\"}]},{\"@type\":\"WebSite\",\"@id\":\"https:\/\/blogdoere.com.br\/#website\",\"url\":\"https:\/\/blogdoere.com.br\/\",\"name\":\"blog do er\u00ea\",\"description\":\"\",\"publisher\":{\"@id\":\"https:\/\/blogdoere.com.br\/#organization\"},\"potentialAction\":[{\"@type\":\"SearchAction\",\"target\":{\"@type\":\"EntryPoint\",\"urlTemplate\":\"https:\/\/blogdoere.com.br\/?s={search_term_string}\"},\"query-input\":\"required name=search_term_string\"}],\"inLanguage\":\"pt-PT\"},{\"@type\":\"Organization\",\"@id\":\"https:\/\/blogdoere.com.br\/#organization\",\"name\":\"Blog do Er\u00ea\",\"url\":\"https:\/\/blogdoere.com.br\/\",\"logo\":{\"@type\":\"ImageObject\",\"inLanguage\":\"pt-PT\",\"@id\":\"https:\/\/blogdoere.com.br\/#\/schema\/logo\/image\/\",\"url\":\"https:\/\/blogdoere.com.br\/wp-content\/uploads\/2021\/11\/Logo-Ere-1.png\",\"contentUrl\":\"https:\/\/blogdoere.com.br\/wp-content\/uploads\/2021\/11\/Logo-Ere-1.png\",\"width\":1261,\"height\":1330,\"caption\":\"Blog do Er\u00ea\"},\"image\":{\"@id\":\"https:\/\/blogdoere.com.br\/#\/schema\/logo\/image\/\"}},{\"@type\":\"Person\",\"@id\":\"https:\/\/blogdoere.com.br\/#\/schema\/person\/4b56ed2336cb28ae3415ce8ffe56742e\",\"name\":\"Ere\",\"image\":{\"@type\":\"ImageObject\",\"inLanguage\":\"pt-PT\",\"@id\":\"https:\/\/blogdoere.com.br\/#\/schema\/person\/image\/\",\"url\":\"https:\/\/secure.gravatar.com\/avatar\/?s=96&d=mm&r=g\",\"contentUrl\":\"https:\/\/secure.gravatar.com\/avatar\/?s=96&d=mm&r=g\",\"caption\":\"Ere\"}}]}<\/script>\n<!-- \/ Yoast SEO plugin. -->","yoast_head_json":{"title":"CAPOEIRA RECEBERA RECONHECIMENTO DE PATRIM\u00d4NIO CULTURAL. - blog do er\u00ea","robots":{"index":"index","follow":"follow","max-snippet":"max-snippet:-1","max-image-preview":"max-image-preview:large","max-video-preview":"max-video-preview:-1"},"canonical":"https:\/\/blogdoere.com.br\/?p=26396","og_locale":"pt_PT","og_type":"article","og_title":"CAPOEIRA RECEBERA RECONHECIMENTO DE PATRIM\u00d4NIO CULTURAL. - blog do er\u00ea","og_description":"Na semana que vem, a capoeira de roda deve ser reconhecida como Patrim\u00f4nio Cultural da Humanidade pela Organiza\u00e7\u00e3o das Na\u00e7\u00f5es Unidas para a Educa\u00e7\u00e3o, a Ci\u00eancia e a Cultura (Unesco),...","og_url":"https:\/\/blogdoere.com.br\/?p=26396","og_site_name":"blog do er\u00ea","article_published_time":"2014-11-24T00:35:00+00:00","og_image":[{"url":"http:\/\/www.bahianoticias.com.br\/fotos\/principal_noticias\/163609\/xIMAGEM_NOTICIA_5.jpg.pagespeed.ic.3m4wqEdiZa.jpg"}],"author":"Ere","twitter_card":"summary_large_image","twitter_misc":{"Escrito por":"Ere","Tempo estimado de leitura":"1 minuto"},"schema":{"@context":"https:\/\/schema.org","@graph":[{"@type":"Article","@id":"https:\/\/blogdoere.com.br\/?p=26396#article","isPartOf":{"@id":"https:\/\/blogdoere.com.br\/?p=26396"},"author":{"name":"Ere","@id":"https:\/\/blogdoere.com.br\/#\/schema\/person\/4b56ed2336cb28ae3415ce8ffe56742e"},"headline":"CAPOEIRA RECEBERA RECONHECIMENTO DE PATRIM\u00d4NIO CULTURAL.","datePublished":"2014-11-24T00:35:00+00:00","dateModified":"2014-11-24T00:35:00+00:00","mainEntityOfPage":{"@id":"https:\/\/blogdoere.com.br\/?p=26396"},"wordCount":277,"commentCount":0,"publisher":{"@id":"https:\/\/blogdoere.com.br\/#organization"},"articleSection":["Destaques"],"inLanguage":"pt-PT","potentialAction":[{"@type":"CommentAction","name":"Comment","target":["https:\/\/blogdoere.com.br\/?p=26396#respond"]}]},{"@type":"WebPage","@id":"https:\/\/blogdoere.com.br\/?p=26396","url":"https:\/\/blogdoere.com.br\/?p=26396","name":"CAPOEIRA RECEBERA RECONHECIMENTO DE PATRIM\u00d4NIO CULTURAL. - blog do er\u00ea","isPartOf":{"@id":"https:\/\/blogdoere.com.br\/#website"},"datePublished":"2014-11-24T00:35:00+00:00","dateModified":"2014-11-24T00:35:00+00:00","breadcrumb":{"@id":"https:\/\/blogdoere.com.br\/?p=26396#breadcrumb"},"inLanguage":"pt-PT","potentialAction":[{"@type":"ReadAction","target":["https:\/\/blogdoere.com.br\/?p=26396"]}]},{"@type":"BreadcrumbList","@id":"https:\/\/blogdoere.com.br\/?p=26396#breadcrumb","itemListElement":[{"@type":"ListItem","position":1,"name":"In\u00edcio","item":"https:\/\/blogdoere.com.br\/"},{"@type":"ListItem","position":2,"name":"CAPOEIRA RECEBERA RECONHECIMENTO DE PATRIM\u00d4NIO CULTURAL."}]},{"@type":"WebSite","@id":"https:\/\/blogdoere.com.br\/#website","url":"https:\/\/blogdoere.com.br\/","name":"blog do er\u00ea","description":"","publisher":{"@id":"https:\/\/blogdoere.com.br\/#organization"},"potentialAction":[{"@type":"SearchAction","target":{"@type":"EntryPoint","urlTemplate":"https:\/\/blogdoere.com.br\/?s={search_term_string}"},"query-input":"required name=search_term_string"}],"inLanguage":"pt-PT"},{"@type":"Organization","@id":"https:\/\/blogdoere.com.br\/#organization","name":"Blog do Er\u00ea","url":"https:\/\/blogdoere.com.br\/","logo":{"@type":"ImageObject","inLanguage":"pt-PT","@id":"https:\/\/blogdoere.com.br\/#\/schema\/logo\/image\/","url":"https:\/\/blogdoere.com.br\/wp-content\/uploads\/2021\/11\/Logo-Ere-1.png","contentUrl":"https:\/\/blogdoere.com.br\/wp-content\/uploads\/2021\/11\/Logo-Ere-1.png","width":1261,"height":1330,"caption":"Blog do Er\u00ea"},"image":{"@id":"https:\/\/blogdoere.com.br\/#\/schema\/logo\/image\/"}},{"@type":"Person","@id":"https:\/\/blogdoere.com.br\/#\/schema\/person\/4b56ed2336cb28ae3415ce8ffe56742e","name":"Ere","image":{"@type":"ImageObject","inLanguage":"pt-PT","@id":"https:\/\/blogdoere.com.br\/#\/schema\/person\/image\/","url":"https:\/\/secure.gravatar.com\/avatar\/?s=96&d=mm&r=g","contentUrl":"https:\/\/secure.gravatar.com\/avatar\/?s=96&d=mm&r=g","caption":"Ere"}}]}},"featured_image_urls":{"full":"","thumbnail":"","medium":"","medium_large":"","large":"","1536x1536":"","2048x2048":""},"author_info":{"display_name":"Ere","author_link":"https:\/\/blogdoere.com.br\/?author=2"},"category_info":"<a href=\"https:\/\/blogdoere.com.br\/?cat=1\" rel=\"category\">Destaques<\/a>","tag_info":"Destaques","comment_count":"0","_links":{"self":[{"href":"https:\/\/blogdoere.com.br\/index.php?rest_route=\/wp\/v2\/posts\/26396","targetHints":{"allow":["GET"]}}],"collection":[{"href":"https:\/\/blogdoere.com.br\/index.php?rest_route=\/wp\/v2\/posts"}],"about":[{"href":"https:\/\/blogdoere.com.br\/index.php?rest_route=\/wp\/v2\/types\/post"}],"author":[{"embeddable":true,"href":"https:\/\/blogdoere.com.br\/index.php?rest_route=\/wp\/v2\/users\/2"}],"replies":[{"embeddable":true,"href":"https:\/\/blogdoere.com.br\/index.php?rest_route=%2Fwp%2Fv2%2Fcomments&post=26396"}],"version-history":[{"count":0,"href":"https:\/\/blogdoere.com.br\/index.php?rest_route=\/wp\/v2\/posts\/26396\/revisions"}],"wp:attachment":[{"href":"https:\/\/blogdoere.com.br\/index.php?rest_route=%2Fwp%2Fv2%2Fmedia&parent=26396"}],"wp:term":[{"taxonomy":"category","embeddable":true,"href":"https:\/\/blogdoere.com.br\/index.php?rest_route=%2Fwp%2Fv2%2Fcategories&post=26396"},{"taxonomy":"post_tag","embeddable":true,"href":"https:\/\/blogdoere.com.br\/index.php?rest_route=%2Fwp%2Fv2%2Ftags&post=26396"}],"curies":[{"name":"wp","href":"https:\/\/api.w.org\/{rel}","templated":true}]}}