{"id":26415,"date":"2014-10-13T13:47:00","date_gmt":"2014-10-13T13:47:00","guid":{"rendered":"http:\/\/blogdoere.com.br\/?p=26415"},"modified":"2014-10-13T13:47:00","modified_gmt":"2014-10-13T13:47:00","slug":"marina-descarta-cargo-em-eventual-governo-tucano","status":"publish","type":"post","link":"https:\/\/blogdoere.com.br\/?p=26415","title":{"rendered":"MARINA DESCARTA CARGO EM EVENTUAL GOVERNO TUCANO."},"content":{"rendered":"<div style=\"text-align: center;\"><img decoding=\"async\" alt=\"Marina descarta cargo em eventual governo tucano\" src=\"http:\/\/www.bahianoticias.com.br\/fotos\/estadao_noticias\/56300\/xIMAGEM_NOTICIA_5.jpg.pagespeed.ic.tIx8dTKfaK.jpg\" \/><\/div>\n<div style=\"text-align: justify;\"><span style=\"color: #444444; font-family: Tahoma, Geneva, sans-serif; line-height: 18px;\"><br \/><\/span><\/div>\n<div style=\"text-align: justify;\"><span style=\"color: #444444; font-family: Tahoma, Geneva, sans-serif; line-height: 18px;\">A candidata derrotada \u00e0 Presid\u00eancia Marina Silva (PSB) disse que sua decis\u00e3o de apoiar o tucano A\u00e9cio Neves no segundo turno da elei\u00e7\u00e3o teve como base o documento divulgado ontem pelo PSDB e \u00e9 apenas uma posi\u00e7\u00e3o &#8220;program\u00e1tica&#8221;, com um &#8220;voto de confian\u00e7a na proposta que simboliza mudan\u00e7a para o Brasil&#8221;. Segundo Marina, o documento apresentado por A\u00e9cio contempla o que ela considera necess\u00e1rio para mudar o Brasil, mas ela descartou a possibilidade de assumir um cargo no governo do tucano, caso ele ven\u00e7a a elei\u00e7\u00e3o.&nbsp;&#8220;Quero, de in\u00edcio, deixar claro que entendo esse documento como um compromisso aos brasileiros, com a Na\u00e7\u00e3o. Rejeito qualquer interpreta\u00e7\u00e3o de que seja dirigida a mim, em busca de apoio&#8221;, afirmou. &#8220;Seria um equ\u00edvoco absoluto de me tomar por detentora dos poderes que s\u00e3o do povo&#8221;, complementou.&nbsp;Neste s\u00e1bado (11), o tucano se comprometeu a cumprir quase todas as exig\u00eancias feitas por Marina em troca de seu apoio. Segundo a ex-candidata, os dois tiveram apenas uma conversa por telefone antes do an\u00fancio feito neste domingo. &#8220;Conversei com A\u00e9cio por telefone durante seu almo\u00e7o em Pernambuco e apenas anunciei que o apoiaria e daria minha posi\u00e7\u00e3o publicamente neste domingo&#8221;, explicou Marina, que estava acompanhada do vice na sua chapa, Beto Albuquerque (PSB-RS).&nbsp;Na carta de compromisso, A\u00e9cio n\u00e3o fez refer\u00eancia a uma mudan\u00e7a da proposta de maioridade penal. A ex-senadora salientou que isso n\u00e3o foi decisivo para firmar sua posi\u00e7\u00e3o de apoio. &#8220;N\u00f3s n\u00e3o apresentamos nossa proposta como imposi\u00e7\u00e3o. Apresentamos aquilo que era o mais interessante. Ele abriu um espa\u00e7o para o debate sobre esse debate e isso atendeu as minhas expectativas e dos partidos&#8221;, explicou.&nbsp;Por fim, Marina foi questionada sobre uma poss\u00edvel incoer\u00eancia de seu apoio a A\u00e9cio ir de encontro ao que a ex-candidata defendeu durante a campanha como &#8220;a nova pol\u00edtica&#8221;. &#8220;Mantivemos nossa coer\u00eancia e estou feliz e tranquila com isso. O que n\u00f3s estamos fazendo \u00e9 construir a nova pol\u00edtica e a mudan\u00e7a proposta por A\u00e9cio vai ao encontro a isso, de forma coerente&#8221;.<\/span><\/div>\n","protected":false},"excerpt":{"rendered":"<p>A candidata derrotada \u00e0 Presid\u00eancia Marina Silva (PSB) disse que sua decis\u00e3o de apoiar o tucano A\u00e9cio Neves no segundo turno da elei\u00e7\u00e3o teve como base o documento divulgado ontem&#8230;<\/p>\n","protected":false},"author":2,"featured_media":0,"comment_status":"open","ping_status":"open","sticky":false,"template":"","format":"standard","meta":{"_editorskit_title_hidden":false,"_editorskit_reading_time":0,"_editorskit_is_block_options_detached":false,"_editorskit_block_options_position":"{}","om_disable_all_campaigns":false,"_mi_skip_tracking":false,"_kad_post_transparent":"","_kad_post_title":"","_kad_post_layout":"","_kad_post_sidebar_id":"","_kad_post_content_style":"","_kad_post_vertical_padding":"","_kad_post_feature":"","_kad_post_feature_position":"","_kad_post_header":false,"_kad_post_footer":false,"footnotes":""},"categories":[1],"tags":[],"class_list":["post-26415","post","type-post","status-publish","format-standard","hentry","category-destaques"],"yoast_head":"<!-- This site is optimized with the Yoast SEO plugin v20.5 - https:\/\/yoast.com\/wordpress\/plugins\/seo\/ -->\n<title>MARINA DESCARTA CARGO EM EVENTUAL GOVERNO TUCANO. - blog do er\u00ea<\/title>\n<meta name=\"robots\" content=\"index, follow, max-snippet:-1, max-image-preview:large, max-video-preview:-1\" \/>\n<link rel=\"canonical\" href=\"https:\/\/blogdoere.com.br\/?p=26415\" \/>\n<meta property=\"og:locale\" content=\"pt_PT\" \/>\n<meta property=\"og:type\" content=\"article\" \/>\n<meta property=\"og:title\" content=\"MARINA DESCARTA CARGO EM EVENTUAL GOVERNO TUCANO. - blog do er\u00ea\" \/>\n<meta property=\"og:description\" content=\"A candidata derrotada \u00e0 Presid\u00eancia Marina Silva (PSB) disse que sua decis\u00e3o de apoiar o tucano A\u00e9cio Neves no segundo turno da elei\u00e7\u00e3o teve como base o documento divulgado ontem...\" \/>\n<meta property=\"og:url\" content=\"https:\/\/blogdoere.com.br\/?p=26415\" \/>\n<meta property=\"og:site_name\" content=\"blog do er\u00ea\" \/>\n<meta property=\"article:published_time\" content=\"2014-10-13T13:47:00+00:00\" \/>\n<meta property=\"og:image\" content=\"http:\/\/www.bahianoticias.com.br\/fotos\/estadao_noticias\/56300\/xIMAGEM_NOTICIA_5.jpg.pagespeed.ic.tIx8dTKfaK.jpg\" \/>\n<meta name=\"author\" content=\"Ere\" \/>\n<meta name=\"twitter:card\" content=\"summary_large_image\" \/>\n<meta name=\"twitter:label1\" content=\"Escrito por\" \/>\n\t<meta name=\"twitter:data1\" content=\"Ere\" \/>\n\t<meta name=\"twitter:label2\" content=\"Tempo estimado de leitura\" \/>\n\t<meta name=\"twitter:data2\" content=\"2 minutos\" \/>\n<script type=\"application\/ld+json\" class=\"yoast-schema-graph\">{\"@context\":\"https:\/\/schema.org\",\"@graph\":[{\"@type\":\"Article\",\"@id\":\"https:\/\/blogdoere.com.br\/?p=26415#article\",\"isPartOf\":{\"@id\":\"https:\/\/blogdoere.com.br\/?p=26415\"},\"author\":{\"name\":\"Ere\",\"@id\":\"https:\/\/blogdoere.com.br\/#\/schema\/person\/4b56ed2336cb28ae3415ce8ffe56742e\"},\"headline\":\"MARINA DESCARTA CARGO EM EVENTUAL GOVERNO TUCANO.\",\"datePublished\":\"2014-10-13T13:47:00+00:00\",\"dateModified\":\"2014-10-13T13:47:00+00:00\",\"mainEntityOfPage\":{\"@id\":\"https:\/\/blogdoere.com.br\/?p=26415\"},\"wordCount\":383,\"commentCount\":0,\"publisher\":{\"@id\":\"https:\/\/blogdoere.com.br\/#organization\"},\"articleSection\":[\"Destaques\"],\"inLanguage\":\"pt-PT\",\"potentialAction\":[{\"@type\":\"CommentAction\",\"name\":\"Comment\",\"target\":[\"https:\/\/blogdoere.com.br\/?p=26415#respond\"]}]},{\"@type\":\"WebPage\",\"@id\":\"https:\/\/blogdoere.com.br\/?p=26415\",\"url\":\"https:\/\/blogdoere.com.br\/?p=26415\",\"name\":\"MARINA DESCARTA CARGO EM EVENTUAL GOVERNO TUCANO. - blog do er\u00ea\",\"isPartOf\":{\"@id\":\"https:\/\/blogdoere.com.br\/#website\"},\"datePublished\":\"2014-10-13T13:47:00+00:00\",\"dateModified\":\"2014-10-13T13:47:00+00:00\",\"breadcrumb\":{\"@id\":\"https:\/\/blogdoere.com.br\/?p=26415#breadcrumb\"},\"inLanguage\":\"pt-PT\",\"potentialAction\":[{\"@type\":\"ReadAction\",\"target\":[\"https:\/\/blogdoere.com.br\/?p=26415\"]}]},{\"@type\":\"BreadcrumbList\",\"@id\":\"https:\/\/blogdoere.com.br\/?p=26415#breadcrumb\",\"itemListElement\":[{\"@type\":\"ListItem\",\"position\":1,\"name\":\"In\u00edcio\",\"item\":\"https:\/\/blogdoere.com.br\/\"},{\"@type\":\"ListItem\",\"position\":2,\"name\":\"MARINA DESCARTA CARGO EM EVENTUAL GOVERNO TUCANO.\"}]},{\"@type\":\"WebSite\",\"@id\":\"https:\/\/blogdoere.com.br\/#website\",\"url\":\"https:\/\/blogdoere.com.br\/\",\"name\":\"blog do er\u00ea\",\"description\":\"\",\"publisher\":{\"@id\":\"https:\/\/blogdoere.com.br\/#organization\"},\"potentialAction\":[{\"@type\":\"SearchAction\",\"target\":{\"@type\":\"EntryPoint\",\"urlTemplate\":\"https:\/\/blogdoere.com.br\/?s={search_term_string}\"},\"query-input\":\"required name=search_term_string\"}],\"inLanguage\":\"pt-PT\"},{\"@type\":\"Organization\",\"@id\":\"https:\/\/blogdoere.com.br\/#organization\",\"name\":\"Blog do Er\u00ea\",\"url\":\"https:\/\/blogdoere.com.br\/\",\"logo\":{\"@type\":\"ImageObject\",\"inLanguage\":\"pt-PT\",\"@id\":\"https:\/\/blogdoere.com.br\/#\/schema\/logo\/image\/\",\"url\":\"https:\/\/blogdoere.com.br\/wp-content\/uploads\/2021\/11\/Logo-Ere-1.png\",\"contentUrl\":\"https:\/\/blogdoere.com.br\/wp-content\/uploads\/2021\/11\/Logo-Ere-1.png\",\"width\":1261,\"height\":1330,\"caption\":\"Blog do Er\u00ea\"},\"image\":{\"@id\":\"https:\/\/blogdoere.com.br\/#\/schema\/logo\/image\/\"}},{\"@type\":\"Person\",\"@id\":\"https:\/\/blogdoere.com.br\/#\/schema\/person\/4b56ed2336cb28ae3415ce8ffe56742e\",\"name\":\"Ere\",\"image\":{\"@type\":\"ImageObject\",\"inLanguage\":\"pt-PT\",\"@id\":\"https:\/\/blogdoere.com.br\/#\/schema\/person\/image\/\",\"url\":\"https:\/\/secure.gravatar.com\/avatar\/?s=96&d=mm&r=g\",\"contentUrl\":\"https:\/\/secure.gravatar.com\/avatar\/?s=96&d=mm&r=g\",\"caption\":\"Ere\"}}]}<\/script>\n<!-- \/ Yoast SEO plugin. -->","yoast_head_json":{"title":"MARINA DESCARTA CARGO EM EVENTUAL GOVERNO TUCANO. - blog do er\u00ea","robots":{"index":"index","follow":"follow","max-snippet":"max-snippet:-1","max-image-preview":"max-image-preview:large","max-video-preview":"max-video-preview:-1"},"canonical":"https:\/\/blogdoere.com.br\/?p=26415","og_locale":"pt_PT","og_type":"article","og_title":"MARINA DESCARTA CARGO EM EVENTUAL GOVERNO TUCANO. - blog do er\u00ea","og_description":"A candidata derrotada \u00e0 Presid\u00eancia Marina Silva (PSB) disse que sua decis\u00e3o de apoiar o tucano A\u00e9cio Neves no segundo turno da elei\u00e7\u00e3o teve como base o documento divulgado ontem...","og_url":"https:\/\/blogdoere.com.br\/?p=26415","og_site_name":"blog do er\u00ea","article_published_time":"2014-10-13T13:47:00+00:00","og_image":[{"url":"http:\/\/www.bahianoticias.com.br\/fotos\/estadao_noticias\/56300\/xIMAGEM_NOTICIA_5.jpg.pagespeed.ic.tIx8dTKfaK.jpg"}],"author":"Ere","twitter_card":"summary_large_image","twitter_misc":{"Escrito por":"Ere","Tempo estimado de leitura":"2 minutos"},"schema":{"@context":"https:\/\/schema.org","@graph":[{"@type":"Article","@id":"https:\/\/blogdoere.com.br\/?p=26415#article","isPartOf":{"@id":"https:\/\/blogdoere.com.br\/?p=26415"},"author":{"name":"Ere","@id":"https:\/\/blogdoere.com.br\/#\/schema\/person\/4b56ed2336cb28ae3415ce8ffe56742e"},"headline":"MARINA DESCARTA CARGO EM EVENTUAL GOVERNO TUCANO.","datePublished":"2014-10-13T13:47:00+00:00","dateModified":"2014-10-13T13:47:00+00:00","mainEntityOfPage":{"@id":"https:\/\/blogdoere.com.br\/?p=26415"},"wordCount":383,"commentCount":0,"publisher":{"@id":"https:\/\/blogdoere.com.br\/#organization"},"articleSection":["Destaques"],"inLanguage":"pt-PT","potentialAction":[{"@type":"CommentAction","name":"Comment","target":["https:\/\/blogdoere.com.br\/?p=26415#respond"]}]},{"@type":"WebPage","@id":"https:\/\/blogdoere.com.br\/?p=26415","url":"https:\/\/blogdoere.com.br\/?p=26415","name":"MARINA DESCARTA CARGO EM EVENTUAL GOVERNO TUCANO. - blog do er\u00ea","isPartOf":{"@id":"https:\/\/blogdoere.com.br\/#website"},"datePublished":"2014-10-13T13:47:00+00:00","dateModified":"2014-10-13T13:47:00+00:00","breadcrumb":{"@id":"https:\/\/blogdoere.com.br\/?p=26415#breadcrumb"},"inLanguage":"pt-PT","potentialAction":[{"@type":"ReadAction","target":["https:\/\/blogdoere.com.br\/?p=26415"]}]},{"@type":"BreadcrumbList","@id":"https:\/\/blogdoere.com.br\/?p=26415#breadcrumb","itemListElement":[{"@type":"ListItem","position":1,"name":"In\u00edcio","item":"https:\/\/blogdoere.com.br\/"},{"@type":"ListItem","position":2,"name":"MARINA DESCARTA CARGO EM EVENTUAL GOVERNO TUCANO."}]},{"@type":"WebSite","@id":"https:\/\/blogdoere.com.br\/#website","url":"https:\/\/blogdoere.com.br\/","name":"blog do er\u00ea","description":"","publisher":{"@id":"https:\/\/blogdoere.com.br\/#organization"},"potentialAction":[{"@type":"SearchAction","target":{"@type":"EntryPoint","urlTemplate":"https:\/\/blogdoere.com.br\/?s={search_term_string}"},"query-input":"required name=search_term_string"}],"inLanguage":"pt-PT"},{"@type":"Organization","@id":"https:\/\/blogdoere.com.br\/#organization","name":"Blog do Er\u00ea","url":"https:\/\/blogdoere.com.br\/","logo":{"@type":"ImageObject","inLanguage":"pt-PT","@id":"https:\/\/blogdoere.com.br\/#\/schema\/logo\/image\/","url":"https:\/\/blogdoere.com.br\/wp-content\/uploads\/2021\/11\/Logo-Ere-1.png","contentUrl":"https:\/\/blogdoere.com.br\/wp-content\/uploads\/2021\/11\/Logo-Ere-1.png","width":1261,"height":1330,"caption":"Blog do Er\u00ea"},"image":{"@id":"https:\/\/blogdoere.com.br\/#\/schema\/logo\/image\/"}},{"@type":"Person","@id":"https:\/\/blogdoere.com.br\/#\/schema\/person\/4b56ed2336cb28ae3415ce8ffe56742e","name":"Ere","image":{"@type":"ImageObject","inLanguage":"pt-PT","@id":"https:\/\/blogdoere.com.br\/#\/schema\/person\/image\/","url":"https:\/\/secure.gravatar.com\/avatar\/?s=96&d=mm&r=g","contentUrl":"https:\/\/secure.gravatar.com\/avatar\/?s=96&d=mm&r=g","caption":"Ere"}}]}},"featured_image_urls":{"full":"","thumbnail":"","medium":"","medium_large":"","large":"","1536x1536":"","2048x2048":""},"author_info":{"display_name":"Ere","author_link":"https:\/\/blogdoere.com.br\/?author=2"},"category_info":"<a href=\"https:\/\/blogdoere.com.br\/?cat=1\" rel=\"category\">Destaques<\/a>","tag_info":"Destaques","comment_count":"0","_links":{"self":[{"href":"https:\/\/blogdoere.com.br\/index.php?rest_route=\/wp\/v2\/posts\/26415","targetHints":{"allow":["GET"]}}],"collection":[{"href":"https:\/\/blogdoere.com.br\/index.php?rest_route=\/wp\/v2\/posts"}],"about":[{"href":"https:\/\/blogdoere.com.br\/index.php?rest_route=\/wp\/v2\/types\/post"}],"author":[{"embeddable":true,"href":"https:\/\/blogdoere.com.br\/index.php?rest_route=\/wp\/v2\/users\/2"}],"replies":[{"embeddable":true,"href":"https:\/\/blogdoere.com.br\/index.php?rest_route=%2Fwp%2Fv2%2Fcomments&post=26415"}],"version-history":[{"count":0,"href":"https:\/\/blogdoere.com.br\/index.php?rest_route=\/wp\/v2\/posts\/26415\/revisions"}],"wp:attachment":[{"href":"https:\/\/blogdoere.com.br\/index.php?rest_route=%2Fwp%2Fv2%2Fmedia&parent=26415"}],"wp:term":[{"taxonomy":"category","embeddable":true,"href":"https:\/\/blogdoere.com.br\/index.php?rest_route=%2Fwp%2Fv2%2Fcategories&post=26415"},{"taxonomy":"post_tag","embeddable":true,"href":"https:\/\/blogdoere.com.br\/index.php?rest_route=%2Fwp%2Fv2%2Ftags&post=26415"}],"curies":[{"name":"wp","href":"https:\/\/api.w.org\/{rel}","templated":true}]}}