{"id":26632,"date":"2013-10-27T03:55:00","date_gmt":"2013-10-27T03:55:00","guid":{"rendered":"http:\/\/blogdoere.com.br\/?p=26632"},"modified":"2013-10-27T03:55:00","modified_gmt":"2013-10-27T03:55:00","slug":"enem-tera-provas-de-linguagem-codigos-e-matematica-no-2o-dia","status":"publish","type":"post","link":"https:\/\/blogdoere.com.br\/?p=26632","title":{"rendered":"ENEM TER\u00c1 PROVAS DE LINGUAGEM, C\u00d3DIGOS E MATEM\u00c1TICA NO 2\u00ba DIA"},"content":{"rendered":"<p><\/p>\n<div style=\"clear: left; float: left; margin-bottom: 1em; margin-right: 1em; text-align: justify;\"><img decoding=\"async\" alt=\"Enem ter\u00e1 provas de linguagem, c\u00f3digos e matem\u00e1tica no 2\u00ba dia\" src=\"http:\/\/www.bahianoticias.com.br\/fotos\/principal_noticias\/145643\/xIMAGEM_NOTICIA_5.jpg.pagespeed.ic.U_1aSQ-KWD.jpg\" \/><\/div>\n<p><\/p>\n<div style=\"text-align: justify;\"><span style=\"color: #444444; line-height: 18px;\"><span style=\"font-family: Arial, Helvetica, sans-serif;\">O segundo dia do Exame Nacional do Ensino M\u00e9dio (Enem), que acontece neste domingo (27), ter\u00e1 provas de linguagens, c\u00f3digos e suas tecnologias e matem\u00e1tica e suas tecnologias. Assim como neste s\u00e1bado (26), os port\u00f5es fecham \u00e0s 13h no hor\u00e1rio de Bras\u00edlia. Na Bahia, que n\u00e3o aderiu ao hor\u00e1rio de ver\u00e3o, os estudantes s\u00f3 podem entrar at\u00e9 12h, sendo que a prova ter\u00e1 dura\u00e7\u00e3o de 5h30. Para fazer o Enem, \u00e9 obrigat\u00f3ria a apresenta\u00e7\u00e3o de documento com foto: C\u00e9dula de identidade (RG) expedida por Secretarias de Seguran\u00e7a P\u00fablica, pelas For\u00e7as Armadas, pela Pol\u00edcia Militar, pela Pol\u00edcia Federal; a identidade expedida pelo Minist\u00e9rio das Rela\u00e7\u00f5es Exteriores para estrangeiros; a identifica\u00e7\u00e3o fornecida por ordens ou conselhos de classes que por Lei tenham validade como documento de identidade; a Carteira de Trabalho e Previd\u00eancia Social; o Certificado de Reservista; o Passaporte e a Carteira Nacional de Habilita\u00e7\u00e3o com fotografia, na forma da Lei n\u00ba 9.503, de 23 de setembro de 1997. N\u00e3o ser\u00e3o aceitas Certid\u00e3o de Nascimento, Certid\u00e3o de Casamento, T\u00edtulo Eleitoral, Carteira Nacional de Habilita\u00e7\u00e3o em modelo anterior \u00e0 Lei n\u00ba 9.503\/97, Carteira de Estudante, crach\u00e1s e identidade funcional de natureza privada, nem documentos ileg\u00edveis, n\u00e3o identific\u00e1veis e\/ou danificados, ou, ainda, c\u00f3pia de documentos, mesmo que autenticadas. Os gabaritos das provas objetivas ser\u00e3o divulgados at\u00e9 o dia 30 de outub<\/span><\/span><span style=\"color: #444444; font-family: Tahoma, Geneva, sans-serif; line-height: 18px;\">ro.<\/span><span style=\"color: #444444; font-family: Tahoma, Geneva, sans-serif; line-height: 18px;\">&nbsp;Not\u00edcias do Bahia Not\u00edcias.<\/span><\/div>\n","protected":false},"excerpt":{"rendered":"<p>O segundo dia do Exame Nacional do Ensino M\u00e9dio (Enem), que acontece neste domingo (27), ter\u00e1 provas de linguagens, c\u00f3digos e suas tecnologias e matem\u00e1tica e suas tecnologias. Assim como&#8230;<\/p>\n","protected":false},"author":2,"featured_media":0,"comment_status":"open","ping_status":"open","sticky":false,"template":"","format":"standard","meta":{"_editorskit_title_hidden":false,"_editorskit_reading_time":0,"_editorskit_is_block_options_detached":false,"_editorskit_block_options_position":"{}","om_disable_all_campaigns":false,"_mi_skip_tracking":false,"_kad_post_transparent":"","_kad_post_title":"","_kad_post_layout":"","_kad_post_sidebar_id":"","_kad_post_content_style":"","_kad_post_vertical_padding":"","_kad_post_feature":"","_kad_post_feature_position":"","_kad_post_header":false,"_kad_post_footer":false,"footnotes":""},"categories":[1],"tags":[],"class_list":["post-26632","post","type-post","status-publish","format-standard","hentry","category-destaques"],"yoast_head":"<!-- This site is optimized with the Yoast SEO plugin v20.5 - https:\/\/yoast.com\/wordpress\/plugins\/seo\/ -->\n<title>ENEM TER\u00c1 PROVAS DE LINGUAGEM, C\u00d3DIGOS E MATEM\u00c1TICA NO 2\u00ba DIA - blog do er\u00ea<\/title>\n<meta name=\"robots\" content=\"index, follow, max-snippet:-1, max-image-preview:large, max-video-preview:-1\" \/>\n<link rel=\"canonical\" href=\"https:\/\/blogdoere.com.br\/?p=26632\" \/>\n<meta property=\"og:locale\" content=\"pt_PT\" \/>\n<meta property=\"og:type\" content=\"article\" \/>\n<meta property=\"og:title\" content=\"ENEM TER\u00c1 PROVAS DE LINGUAGEM, C\u00d3DIGOS E MATEM\u00c1TICA NO 2\u00ba DIA - blog do er\u00ea\" \/>\n<meta property=\"og:description\" content=\"O segundo dia do Exame Nacional do Ensino M\u00e9dio (Enem), que acontece neste domingo (27), ter\u00e1 provas de linguagens, c\u00f3digos e suas tecnologias e matem\u00e1tica e suas tecnologias. Assim como...\" \/>\n<meta property=\"og:url\" content=\"https:\/\/blogdoere.com.br\/?p=26632\" \/>\n<meta property=\"og:site_name\" content=\"blog do er\u00ea\" \/>\n<meta property=\"article:published_time\" content=\"2013-10-27T03:55:00+00:00\" \/>\n<meta property=\"og:image\" content=\"http:\/\/www.bahianoticias.com.br\/fotos\/principal_noticias\/145643\/xIMAGEM_NOTICIA_5.jpg.pagespeed.ic.U_1aSQ-KWD.jpg\" \/>\n<meta name=\"author\" content=\"Ere\" \/>\n<meta name=\"twitter:card\" content=\"summary_large_image\" \/>\n<meta name=\"twitter:label1\" content=\"Escrito por\" \/>\n\t<meta name=\"twitter:data1\" content=\"Ere\" \/>\n\t<meta name=\"twitter:label2\" content=\"Tempo estimado de leitura\" \/>\n\t<meta name=\"twitter:data2\" content=\"1 minuto\" \/>\n<script type=\"application\/ld+json\" class=\"yoast-schema-graph\">{\"@context\":\"https:\/\/schema.org\",\"@graph\":[{\"@type\":\"Article\",\"@id\":\"https:\/\/blogdoere.com.br\/?p=26632#article\",\"isPartOf\":{\"@id\":\"https:\/\/blogdoere.com.br\/?p=26632\"},\"author\":{\"name\":\"Ere\",\"@id\":\"https:\/\/blogdoere.com.br\/#\/schema\/person\/4b56ed2336cb28ae3415ce8ffe56742e\"},\"headline\":\"ENEM TER\u00c1 PROVAS DE LINGUAGEM, C\u00d3DIGOS E MATEM\u00c1TICA NO 2\u00ba DIA\",\"datePublished\":\"2013-10-27T03:55:00+00:00\",\"dateModified\":\"2013-10-27T03:55:00+00:00\",\"mainEntityOfPage\":{\"@id\":\"https:\/\/blogdoere.com.br\/?p=26632\"},\"wordCount\":266,\"commentCount\":0,\"publisher\":{\"@id\":\"https:\/\/blogdoere.com.br\/#organization\"},\"articleSection\":[\"Destaques\"],\"inLanguage\":\"pt-PT\",\"potentialAction\":[{\"@type\":\"CommentAction\",\"name\":\"Comment\",\"target\":[\"https:\/\/blogdoere.com.br\/?p=26632#respond\"]}]},{\"@type\":\"WebPage\",\"@id\":\"https:\/\/blogdoere.com.br\/?p=26632\",\"url\":\"https:\/\/blogdoere.com.br\/?p=26632\",\"name\":\"ENEM TER\u00c1 PROVAS DE LINGUAGEM, C\u00d3DIGOS E MATEM\u00c1TICA NO 2\u00ba DIA - blog do er\u00ea\",\"isPartOf\":{\"@id\":\"https:\/\/blogdoere.com.br\/#website\"},\"datePublished\":\"2013-10-27T03:55:00+00:00\",\"dateModified\":\"2013-10-27T03:55:00+00:00\",\"breadcrumb\":{\"@id\":\"https:\/\/blogdoere.com.br\/?p=26632#breadcrumb\"},\"inLanguage\":\"pt-PT\",\"potentialAction\":[{\"@type\":\"ReadAction\",\"target\":[\"https:\/\/blogdoere.com.br\/?p=26632\"]}]},{\"@type\":\"BreadcrumbList\",\"@id\":\"https:\/\/blogdoere.com.br\/?p=26632#breadcrumb\",\"itemListElement\":[{\"@type\":\"ListItem\",\"position\":1,\"name\":\"In\u00edcio\",\"item\":\"https:\/\/blogdoere.com.br\/\"},{\"@type\":\"ListItem\",\"position\":2,\"name\":\"ENEM TER\u00c1 PROVAS DE LINGUAGEM, C\u00d3DIGOS E MATEM\u00c1TICA NO 2\u00ba DIA\"}]},{\"@type\":\"WebSite\",\"@id\":\"https:\/\/blogdoere.com.br\/#website\",\"url\":\"https:\/\/blogdoere.com.br\/\",\"name\":\"blog do er\u00ea\",\"description\":\"\",\"publisher\":{\"@id\":\"https:\/\/blogdoere.com.br\/#organization\"},\"potentialAction\":[{\"@type\":\"SearchAction\",\"target\":{\"@type\":\"EntryPoint\",\"urlTemplate\":\"https:\/\/blogdoere.com.br\/?s={search_term_string}\"},\"query-input\":\"required name=search_term_string\"}],\"inLanguage\":\"pt-PT\"},{\"@type\":\"Organization\",\"@id\":\"https:\/\/blogdoere.com.br\/#organization\",\"name\":\"Blog do Er\u00ea\",\"url\":\"https:\/\/blogdoere.com.br\/\",\"logo\":{\"@type\":\"ImageObject\",\"inLanguage\":\"pt-PT\",\"@id\":\"https:\/\/blogdoere.com.br\/#\/schema\/logo\/image\/\",\"url\":\"https:\/\/blogdoere.com.br\/wp-content\/uploads\/2021\/11\/Logo-Ere-1.png\",\"contentUrl\":\"https:\/\/blogdoere.com.br\/wp-content\/uploads\/2021\/11\/Logo-Ere-1.png\",\"width\":1261,\"height\":1330,\"caption\":\"Blog do Er\u00ea\"},\"image\":{\"@id\":\"https:\/\/blogdoere.com.br\/#\/schema\/logo\/image\/\"}},{\"@type\":\"Person\",\"@id\":\"https:\/\/blogdoere.com.br\/#\/schema\/person\/4b56ed2336cb28ae3415ce8ffe56742e\",\"name\":\"Ere\",\"image\":{\"@type\":\"ImageObject\",\"inLanguage\":\"pt-PT\",\"@id\":\"https:\/\/blogdoere.com.br\/#\/schema\/person\/image\/\",\"url\":\"https:\/\/secure.gravatar.com\/avatar\/?s=96&d=mm&r=g\",\"contentUrl\":\"https:\/\/secure.gravatar.com\/avatar\/?s=96&d=mm&r=g\",\"caption\":\"Ere\"}}]}<\/script>\n<!-- \/ Yoast SEO plugin. -->","yoast_head_json":{"title":"ENEM TER\u00c1 PROVAS DE LINGUAGEM, C\u00d3DIGOS E MATEM\u00c1TICA NO 2\u00ba DIA - blog do er\u00ea","robots":{"index":"index","follow":"follow","max-snippet":"max-snippet:-1","max-image-preview":"max-image-preview:large","max-video-preview":"max-video-preview:-1"},"canonical":"https:\/\/blogdoere.com.br\/?p=26632","og_locale":"pt_PT","og_type":"article","og_title":"ENEM TER\u00c1 PROVAS DE LINGUAGEM, C\u00d3DIGOS E MATEM\u00c1TICA NO 2\u00ba DIA - blog do er\u00ea","og_description":"O segundo dia do Exame Nacional do Ensino M\u00e9dio (Enem), que acontece neste domingo (27), ter\u00e1 provas de linguagens, c\u00f3digos e suas tecnologias e matem\u00e1tica e suas tecnologias. Assim como...","og_url":"https:\/\/blogdoere.com.br\/?p=26632","og_site_name":"blog do er\u00ea","article_published_time":"2013-10-27T03:55:00+00:00","og_image":[{"url":"http:\/\/www.bahianoticias.com.br\/fotos\/principal_noticias\/145643\/xIMAGEM_NOTICIA_5.jpg.pagespeed.ic.U_1aSQ-KWD.jpg"}],"author":"Ere","twitter_card":"summary_large_image","twitter_misc":{"Escrito por":"Ere","Tempo estimado de leitura":"1 minuto"},"schema":{"@context":"https:\/\/schema.org","@graph":[{"@type":"Article","@id":"https:\/\/blogdoere.com.br\/?p=26632#article","isPartOf":{"@id":"https:\/\/blogdoere.com.br\/?p=26632"},"author":{"name":"Ere","@id":"https:\/\/blogdoere.com.br\/#\/schema\/person\/4b56ed2336cb28ae3415ce8ffe56742e"},"headline":"ENEM TER\u00c1 PROVAS DE LINGUAGEM, C\u00d3DIGOS E MATEM\u00c1TICA NO 2\u00ba DIA","datePublished":"2013-10-27T03:55:00+00:00","dateModified":"2013-10-27T03:55:00+00:00","mainEntityOfPage":{"@id":"https:\/\/blogdoere.com.br\/?p=26632"},"wordCount":266,"commentCount":0,"publisher":{"@id":"https:\/\/blogdoere.com.br\/#organization"},"articleSection":["Destaques"],"inLanguage":"pt-PT","potentialAction":[{"@type":"CommentAction","name":"Comment","target":["https:\/\/blogdoere.com.br\/?p=26632#respond"]}]},{"@type":"WebPage","@id":"https:\/\/blogdoere.com.br\/?p=26632","url":"https:\/\/blogdoere.com.br\/?p=26632","name":"ENEM TER\u00c1 PROVAS DE LINGUAGEM, C\u00d3DIGOS E MATEM\u00c1TICA NO 2\u00ba DIA - blog do er\u00ea","isPartOf":{"@id":"https:\/\/blogdoere.com.br\/#website"},"datePublished":"2013-10-27T03:55:00+00:00","dateModified":"2013-10-27T03:55:00+00:00","breadcrumb":{"@id":"https:\/\/blogdoere.com.br\/?p=26632#breadcrumb"},"inLanguage":"pt-PT","potentialAction":[{"@type":"ReadAction","target":["https:\/\/blogdoere.com.br\/?p=26632"]}]},{"@type":"BreadcrumbList","@id":"https:\/\/blogdoere.com.br\/?p=26632#breadcrumb","itemListElement":[{"@type":"ListItem","position":1,"name":"In\u00edcio","item":"https:\/\/blogdoere.com.br\/"},{"@type":"ListItem","position":2,"name":"ENEM TER\u00c1 PROVAS DE LINGUAGEM, C\u00d3DIGOS E MATEM\u00c1TICA NO 2\u00ba DIA"}]},{"@type":"WebSite","@id":"https:\/\/blogdoere.com.br\/#website","url":"https:\/\/blogdoere.com.br\/","name":"blog do er\u00ea","description":"","publisher":{"@id":"https:\/\/blogdoere.com.br\/#organization"},"potentialAction":[{"@type":"SearchAction","target":{"@type":"EntryPoint","urlTemplate":"https:\/\/blogdoere.com.br\/?s={search_term_string}"},"query-input":"required name=search_term_string"}],"inLanguage":"pt-PT"},{"@type":"Organization","@id":"https:\/\/blogdoere.com.br\/#organization","name":"Blog do Er\u00ea","url":"https:\/\/blogdoere.com.br\/","logo":{"@type":"ImageObject","inLanguage":"pt-PT","@id":"https:\/\/blogdoere.com.br\/#\/schema\/logo\/image\/","url":"https:\/\/blogdoere.com.br\/wp-content\/uploads\/2021\/11\/Logo-Ere-1.png","contentUrl":"https:\/\/blogdoere.com.br\/wp-content\/uploads\/2021\/11\/Logo-Ere-1.png","width":1261,"height":1330,"caption":"Blog do Er\u00ea"},"image":{"@id":"https:\/\/blogdoere.com.br\/#\/schema\/logo\/image\/"}},{"@type":"Person","@id":"https:\/\/blogdoere.com.br\/#\/schema\/person\/4b56ed2336cb28ae3415ce8ffe56742e","name":"Ere","image":{"@type":"ImageObject","inLanguage":"pt-PT","@id":"https:\/\/blogdoere.com.br\/#\/schema\/person\/image\/","url":"https:\/\/secure.gravatar.com\/avatar\/?s=96&d=mm&r=g","contentUrl":"https:\/\/secure.gravatar.com\/avatar\/?s=96&d=mm&r=g","caption":"Ere"}}]}},"featured_image_urls":{"full":"","thumbnail":"","medium":"","medium_large":"","large":"","1536x1536":"","2048x2048":""},"author_info":{"display_name":"Ere","author_link":"https:\/\/blogdoere.com.br\/?author=2"},"category_info":"<a href=\"https:\/\/blogdoere.com.br\/?cat=1\" rel=\"category\">Destaques<\/a>","tag_info":"Destaques","comment_count":"0","_links":{"self":[{"href":"https:\/\/blogdoere.com.br\/index.php?rest_route=\/wp\/v2\/posts\/26632","targetHints":{"allow":["GET"]}}],"collection":[{"href":"https:\/\/blogdoere.com.br\/index.php?rest_route=\/wp\/v2\/posts"}],"about":[{"href":"https:\/\/blogdoere.com.br\/index.php?rest_route=\/wp\/v2\/types\/post"}],"author":[{"embeddable":true,"href":"https:\/\/blogdoere.com.br\/index.php?rest_route=\/wp\/v2\/users\/2"}],"replies":[{"embeddable":true,"href":"https:\/\/blogdoere.com.br\/index.php?rest_route=%2Fwp%2Fv2%2Fcomments&post=26632"}],"version-history":[{"count":0,"href":"https:\/\/blogdoere.com.br\/index.php?rest_route=\/wp\/v2\/posts\/26632\/revisions"}],"wp:attachment":[{"href":"https:\/\/blogdoere.com.br\/index.php?rest_route=%2Fwp%2Fv2%2Fmedia&parent=26632"}],"wp:term":[{"taxonomy":"category","embeddable":true,"href":"https:\/\/blogdoere.com.br\/index.php?rest_route=%2Fwp%2Fv2%2Fcategories&post=26632"},{"taxonomy":"post_tag","embeddable":true,"href":"https:\/\/blogdoere.com.br\/index.php?rest_route=%2Fwp%2Fv2%2Ftags&post=26632"}],"curies":[{"name":"wp","href":"https:\/\/api.w.org\/{rel}","templated":true}]}}