{"id":26641,"date":"2013-10-19T02:32:00","date_gmt":"2013-10-19T02:32:00","guid":{"rendered":"http:\/\/blogdoere.com.br\/?p=26641"},"modified":"2013-10-19T02:32:00","modified_gmt":"2013-10-19T02:32:00","slug":"aurelino-leal-festa-das-criancas-encanta-a-comunidade","status":"publish","type":"post","link":"https:\/\/blogdoere.com.br\/?p=26641","title":{"rendered":"AURELINO LEAL: FESTA DAS CRIAN\u00c7AS ENCANTA A COMUNIDADE."},"content":{"rendered":"<div style=\"clear: both; text-align: center;\"><a href=\"http:\/\/2.bp.blogspot.com\/-foIfnWzurPs\/UmHthkjyE1I\/AAAAAAAAFjg\/X8MqyCXd8K8\/s1600\/CARAVANA+DA+ALEGRIA+4.jpg\" style=\"margin-left: 1em; margin-right: 1em;\"><img decoding=\"async\" border=\"0\" height=\"240\" src=\"http:\/\/2.bp.blogspot.com\/-foIfnWzurPs\/UmHthkjyE1I\/AAAAAAAAFjg\/X8MqyCXd8K8\/s320\/CARAVANA+DA+ALEGRIA+4.jpg\" width=\"320\" \/><\/a><\/div>\n<div style=\"text-align: justify;\"><span style=\"line-height: 115%;\"><span style=\"font-family: Arial, Helvetica, sans-serif;\"><br \/><\/span><\/span><\/div>\n<div style=\"text-align: justify;\"><span style=\"line-height: 115%;\"><span style=\"font-family: Arial, Helvetica, sans-serif;\"><br \/><\/span><\/span><\/div>\n<div style=\"text-align: justify;\"><span style=\"line-height: 115%;\"><span style=\"font-family: Arial, Helvetica, sans-serif;\">Aconteceu, s\u00e1bado (12) em Aurelino Leal, um grande evento com o lan\u00e7amento do mais novo e arrojado projeto infantil, \u201cCaravana da Alegria\u201d, um projeto inovador que marca o in\u00edcio de uma grande parceria &nbsp;entre o produtor de eventos Luiz Pedro Jr. e&nbsp; a credibilidade &nbsp;da comunicadora &nbsp;Jacqueline Mendes com Sim Publicidades.<\/span><\/span><br \/><span style=\"line-height: 115%;\"><span style=\"font-family: Arial, Helvetica, sans-serif;\"><br \/><\/span><\/span><span style=\"line-height: 115%;\"><span style=\"font-family: Arial, Helvetica, sans-serif;\"><br \/><\/span><\/span><\/div>\n<div style=\"text-align: justify;\"><span style=\"font-family: Arial, Helvetica, sans-serif;\"><span style=\"line-height: 18px;\"><br \/><\/span><\/span><span style=\"line-height: 115%;\"><span style=\"font-family: Arial, Helvetica, sans-serif;\"><\/span><\/span><\/div>\n<div style=\"clear: both; text-align: center;\"><span style=\"font-family: Arial, Helvetica, sans-serif;\"><a href=\"http:\/\/1.bp.blogspot.com\/-7MVNJiRrMCQ\/UmHuVHEJtDI\/AAAAAAAAFjw\/FZ9GFoEiUc4\/s1600\/CARAVANA+DA+ALEGRIA.jpg\" style=\"margin-left: 1em; margin-right: 1em;\"><img decoding=\"async\" border=\"0\" height=\"240\" src=\"http:\/\/1.bp.blogspot.com\/-7MVNJiRrMCQ\/UmHuVHEJtDI\/AAAAAAAAFjw\/FZ9GFoEiUc4\/s320\/CARAVANA+DA+ALEGRIA.jpg\" width=\"320\" \/><\/a><\/span><\/div>\n<p><span style=\"font-family: Arial, Helvetica, sans-serif;\"><o:p><\/o:p><\/span><\/p>\n<div style=\"text-align: justify;\"><span style=\"line-height: 115%;\"><span style=\"font-family: Arial, Helvetica, sans-serif;\"><br \/><\/span><\/span><\/div>\n<div style=\"text-align: justify;\"><span style=\"line-height: 115%;\"><span style=\"font-family: Arial, Helvetica, sans-serif;\">&nbsp;O evento em Aurelino Leal em comemora\u00e7\u00e3o ao dia das crian\u00e7as foi&nbsp; uma&nbsp; iniciativa da prefeita Liu Andrade(PP), juntamente com a Secretaria de Educa\u00e7\u00e3o. Segundo os organizadores, o evento superou todas as expectativas. Foi montada na pra\u00e7a um verdadeiro parque com pula pulas piscina de bolinhas, camas el\u00e1sticas e tobog\u00e3 infl\u00e1vel. &nbsp;\u201cO diferencial foi \u00e0 estrutura da caravana da alegria com uma linda decora\u00e7\u00e3o tem\u00e1tica tendas de pintura de rostos, escultura de bal\u00f5es, distribui\u00e7\u00e3o de doces, monitores todos caracterizados\u201d Disse LPJ. Luiz Pedro Jr. Destacou ainda os bonec\u00f5es com personagens da Disney, no palco sob o comando da &nbsp;apresentadora e s\u00f3cia, Jaqueline Mendes&nbsp; que &nbsp;caracterizada de \u201cChapeuzinho Vermelho\u201d animou as brincadeiras distribuindo brinquedos e n\u00e3o deixando ningu\u00e9m parado. <o:p><\/o:p><\/span><\/span><br \/><span style=\"line-height: 115%;\"><span style=\"font-family: Arial, Helvetica, sans-serif;\"><br \/><\/span><\/span><span style=\"line-height: 115%;\"><span style=\"font-family: Arial, Helvetica, sans-serif;\"><br \/><\/span><\/span><\/div>\n<div style=\"clear: both; text-align: center;\"><a href=\"http:\/\/4.bp.blogspot.com\/-wOdK2Wk-gB0\/UmHuIkhNB5I\/AAAAAAAAFjo\/GV6tfZkxcdc\/s1600\/CARAVNA+DA+ALEGRIA+3.jpg\" style=\"margin-left: 1em; margin-right: 1em;\"><img decoding=\"async\" border=\"0\" height=\"240\" src=\"http:\/\/4.bp.blogspot.com\/-wOdK2Wk-gB0\/UmHuIkhNB5I\/AAAAAAAAFjo\/GV6tfZkxcdc\/s320\/CARAVNA+DA+ALEGRIA+3.jpg\" width=\"320\" \/><\/a><\/div>\n<div style=\"clear: both; text-align: center;\"><\/div>\n<div style=\"text-align: justify;\"><span style=\"line-height: 115%;\"><span style=\"font-family: Arial, Helvetica, sans-serif;\"><br \/><\/span><\/span><\/div>\n<div style=\"text-align: justify;\"><span style=\"line-height: 115%;\"><span style=\"font-family: Arial, Helvetica, sans-serif;\">A festa das crian\u00e7as teve ainda shows da \u201cGalinha Pintadinha\u201d, a irrever\u00eancia do \u201cPalha\u00e7o Ling\u00fci\u00e7a\u201d, e a apresenta\u00e7\u00e3o encantadora do \u201cPatati e Patat\u00e1\u201d. Para encerrar com chave de ouro segundo Jaqueline Mendes, a banda infantil \u201cOs Esponjas\u201d, apresentou um repert\u00f3rio que a crian\u00e7ada adorou. &nbsp;\u201cSem d\u00favida a caravana da alegria promete ser um grande sucesso, com turn\u00ea pelo sul e extremo sul da Bahia, sendo uma grande diferencial em eventos particulares ou p\u00fablicos\u201d &#8211; Disseram os produtores do evento para este blog. &nbsp;<\/span><span style=\"font-size: medium;\"><o:p><\/o:p><\/span><\/span><\/div>\n<p><\/p>\n<div style=\"text-align: justify;\"><\/div>\n","protected":false},"excerpt":{"rendered":"<p>Aconteceu, s\u00e1bado (12) em Aurelino Leal, um grande evento com o lan\u00e7amento do mais novo e arrojado projeto infantil, \u201cCaravana da Alegria\u201d, um projeto inovador que marca o in\u00edcio de&#8230;<\/p>\n","protected":false},"author":2,"featured_media":0,"comment_status":"open","ping_status":"open","sticky":false,"template":"","format":"standard","meta":{"_editorskit_title_hidden":false,"_editorskit_reading_time":0,"_editorskit_is_block_options_detached":false,"_editorskit_block_options_position":"{}","om_disable_all_campaigns":false,"_mi_skip_tracking":false,"_kad_post_transparent":"","_kad_post_title":"","_kad_post_layout":"","_kad_post_sidebar_id":"","_kad_post_content_style":"","_kad_post_vertical_padding":"","_kad_post_feature":"","_kad_post_feature_position":"","_kad_post_header":false,"_kad_post_footer":false,"footnotes":""},"categories":[1],"tags":[],"class_list":["post-26641","post","type-post","status-publish","format-standard","hentry","category-destaques"],"yoast_head":"<!-- This site is optimized with the Yoast SEO plugin v20.5 - https:\/\/yoast.com\/wordpress\/plugins\/seo\/ -->\n<title>AURELINO LEAL: FESTA DAS CRIAN\u00c7AS ENCANTA A COMUNIDADE. - blog do er\u00ea<\/title>\n<meta name=\"robots\" content=\"index, follow, max-snippet:-1, max-image-preview:large, max-video-preview:-1\" \/>\n<link rel=\"canonical\" href=\"https:\/\/blogdoere.com.br\/?p=26641\" \/>\n<meta property=\"og:locale\" content=\"pt_PT\" \/>\n<meta property=\"og:type\" content=\"article\" \/>\n<meta property=\"og:title\" content=\"AURELINO LEAL: FESTA DAS CRIAN\u00c7AS ENCANTA A COMUNIDADE. - blog do er\u00ea\" \/>\n<meta property=\"og:description\" content=\"Aconteceu, s\u00e1bado (12) em Aurelino Leal, um grande evento com o lan\u00e7amento do mais novo e arrojado projeto infantil, \u201cCaravana da Alegria\u201d, um projeto inovador que marca o in\u00edcio de...\" \/>\n<meta property=\"og:url\" content=\"https:\/\/blogdoere.com.br\/?p=26641\" \/>\n<meta property=\"og:site_name\" content=\"blog do er\u00ea\" \/>\n<meta property=\"article:published_time\" content=\"2013-10-19T02:32:00+00:00\" \/>\n<meta property=\"og:image\" content=\"http:\/\/2.bp.blogspot.com\/-foIfnWzurPs\/UmHthkjyE1I\/AAAAAAAAFjg\/X8MqyCXd8K8\/s320\/CARAVANA+DA+ALEGRIA+4.jpg\" \/>\n<meta name=\"author\" content=\"Ere\" \/>\n<meta name=\"twitter:card\" content=\"summary_large_image\" \/>\n<meta name=\"twitter:label1\" content=\"Escrito por\" \/>\n\t<meta name=\"twitter:data1\" content=\"Ere\" \/>\n\t<meta name=\"twitter:label2\" content=\"Tempo estimado de leitura\" \/>\n\t<meta name=\"twitter:data2\" content=\"1 minuto\" \/>\n<script type=\"application\/ld+json\" class=\"yoast-schema-graph\">{\"@context\":\"https:\/\/schema.org\",\"@graph\":[{\"@type\":\"Article\",\"@id\":\"https:\/\/blogdoere.com.br\/?p=26641#article\",\"isPartOf\":{\"@id\":\"https:\/\/blogdoere.com.br\/?p=26641\"},\"author\":{\"name\":\"Ere\",\"@id\":\"https:\/\/blogdoere.com.br\/#\/schema\/person\/4b56ed2336cb28ae3415ce8ffe56742e\"},\"headline\":\"AURELINO LEAL: FESTA DAS CRIAN\u00c7AS ENCANTA A COMUNIDADE.\",\"datePublished\":\"2013-10-19T02:32:00+00:00\",\"dateModified\":\"2013-10-19T02:32:00+00:00\",\"mainEntityOfPage\":{\"@id\":\"https:\/\/blogdoere.com.br\/?p=26641\"},\"wordCount\":299,\"commentCount\":0,\"publisher\":{\"@id\":\"https:\/\/blogdoere.com.br\/#organization\"},\"articleSection\":[\"Destaques\"],\"inLanguage\":\"pt-PT\",\"potentialAction\":[{\"@type\":\"CommentAction\",\"name\":\"Comment\",\"target\":[\"https:\/\/blogdoere.com.br\/?p=26641#respond\"]}]},{\"@type\":\"WebPage\",\"@id\":\"https:\/\/blogdoere.com.br\/?p=26641\",\"url\":\"https:\/\/blogdoere.com.br\/?p=26641\",\"name\":\"AURELINO LEAL: FESTA DAS CRIAN\u00c7AS ENCANTA A COMUNIDADE. - blog do er\u00ea\",\"isPartOf\":{\"@id\":\"https:\/\/blogdoere.com.br\/#website\"},\"datePublished\":\"2013-10-19T02:32:00+00:00\",\"dateModified\":\"2013-10-19T02:32:00+00:00\",\"breadcrumb\":{\"@id\":\"https:\/\/blogdoere.com.br\/?p=26641#breadcrumb\"},\"inLanguage\":\"pt-PT\",\"potentialAction\":[{\"@type\":\"ReadAction\",\"target\":[\"https:\/\/blogdoere.com.br\/?p=26641\"]}]},{\"@type\":\"BreadcrumbList\",\"@id\":\"https:\/\/blogdoere.com.br\/?p=26641#breadcrumb\",\"itemListElement\":[{\"@type\":\"ListItem\",\"position\":1,\"name\":\"In\u00edcio\",\"item\":\"https:\/\/blogdoere.com.br\/\"},{\"@type\":\"ListItem\",\"position\":2,\"name\":\"AURELINO LEAL: FESTA DAS CRIAN\u00c7AS ENCANTA A COMUNIDADE.\"}]},{\"@type\":\"WebSite\",\"@id\":\"https:\/\/blogdoere.com.br\/#website\",\"url\":\"https:\/\/blogdoere.com.br\/\",\"name\":\"blog do er\u00ea\",\"description\":\"\",\"publisher\":{\"@id\":\"https:\/\/blogdoere.com.br\/#organization\"},\"potentialAction\":[{\"@type\":\"SearchAction\",\"target\":{\"@type\":\"EntryPoint\",\"urlTemplate\":\"https:\/\/blogdoere.com.br\/?s={search_term_string}\"},\"query-input\":\"required name=search_term_string\"}],\"inLanguage\":\"pt-PT\"},{\"@type\":\"Organization\",\"@id\":\"https:\/\/blogdoere.com.br\/#organization\",\"name\":\"Blog do Er\u00ea\",\"url\":\"https:\/\/blogdoere.com.br\/\",\"logo\":{\"@type\":\"ImageObject\",\"inLanguage\":\"pt-PT\",\"@id\":\"https:\/\/blogdoere.com.br\/#\/schema\/logo\/image\/\",\"url\":\"https:\/\/blogdoere.com.br\/wp-content\/uploads\/2021\/11\/Logo-Ere-1.png\",\"contentUrl\":\"https:\/\/blogdoere.com.br\/wp-content\/uploads\/2021\/11\/Logo-Ere-1.png\",\"width\":1261,\"height\":1330,\"caption\":\"Blog do Er\u00ea\"},\"image\":{\"@id\":\"https:\/\/blogdoere.com.br\/#\/schema\/logo\/image\/\"}},{\"@type\":\"Person\",\"@id\":\"https:\/\/blogdoere.com.br\/#\/schema\/person\/4b56ed2336cb28ae3415ce8ffe56742e\",\"name\":\"Ere\",\"image\":{\"@type\":\"ImageObject\",\"inLanguage\":\"pt-PT\",\"@id\":\"https:\/\/blogdoere.com.br\/#\/schema\/person\/image\/\",\"url\":\"https:\/\/secure.gravatar.com\/avatar\/?s=96&d=mm&r=g\",\"contentUrl\":\"https:\/\/secure.gravatar.com\/avatar\/?s=96&d=mm&r=g\",\"caption\":\"Ere\"}}]}<\/script>\n<!-- \/ Yoast SEO plugin. -->","yoast_head_json":{"title":"AURELINO LEAL: FESTA DAS CRIAN\u00c7AS ENCANTA A COMUNIDADE. - blog do er\u00ea","robots":{"index":"index","follow":"follow","max-snippet":"max-snippet:-1","max-image-preview":"max-image-preview:large","max-video-preview":"max-video-preview:-1"},"canonical":"https:\/\/blogdoere.com.br\/?p=26641","og_locale":"pt_PT","og_type":"article","og_title":"AURELINO LEAL: FESTA DAS CRIAN\u00c7AS ENCANTA A COMUNIDADE. - blog do er\u00ea","og_description":"Aconteceu, s\u00e1bado (12) em Aurelino Leal, um grande evento com o lan\u00e7amento do mais novo e arrojado projeto infantil, \u201cCaravana da Alegria\u201d, um projeto inovador que marca o in\u00edcio de...","og_url":"https:\/\/blogdoere.com.br\/?p=26641","og_site_name":"blog do er\u00ea","article_published_time":"2013-10-19T02:32:00+00:00","og_image":[{"url":"http:\/\/2.bp.blogspot.com\/-foIfnWzurPs\/UmHthkjyE1I\/AAAAAAAAFjg\/X8MqyCXd8K8\/s320\/CARAVANA+DA+ALEGRIA+4.jpg"}],"author":"Ere","twitter_card":"summary_large_image","twitter_misc":{"Escrito por":"Ere","Tempo estimado de leitura":"1 minuto"},"schema":{"@context":"https:\/\/schema.org","@graph":[{"@type":"Article","@id":"https:\/\/blogdoere.com.br\/?p=26641#article","isPartOf":{"@id":"https:\/\/blogdoere.com.br\/?p=26641"},"author":{"name":"Ere","@id":"https:\/\/blogdoere.com.br\/#\/schema\/person\/4b56ed2336cb28ae3415ce8ffe56742e"},"headline":"AURELINO LEAL: FESTA DAS CRIAN\u00c7AS ENCANTA A COMUNIDADE.","datePublished":"2013-10-19T02:32:00+00:00","dateModified":"2013-10-19T02:32:00+00:00","mainEntityOfPage":{"@id":"https:\/\/blogdoere.com.br\/?p=26641"},"wordCount":299,"commentCount":0,"publisher":{"@id":"https:\/\/blogdoere.com.br\/#organization"},"articleSection":["Destaques"],"inLanguage":"pt-PT","potentialAction":[{"@type":"CommentAction","name":"Comment","target":["https:\/\/blogdoere.com.br\/?p=26641#respond"]}]},{"@type":"WebPage","@id":"https:\/\/blogdoere.com.br\/?p=26641","url":"https:\/\/blogdoere.com.br\/?p=26641","name":"AURELINO LEAL: FESTA DAS CRIAN\u00c7AS ENCANTA A COMUNIDADE. - blog do er\u00ea","isPartOf":{"@id":"https:\/\/blogdoere.com.br\/#website"},"datePublished":"2013-10-19T02:32:00+00:00","dateModified":"2013-10-19T02:32:00+00:00","breadcrumb":{"@id":"https:\/\/blogdoere.com.br\/?p=26641#breadcrumb"},"inLanguage":"pt-PT","potentialAction":[{"@type":"ReadAction","target":["https:\/\/blogdoere.com.br\/?p=26641"]}]},{"@type":"BreadcrumbList","@id":"https:\/\/blogdoere.com.br\/?p=26641#breadcrumb","itemListElement":[{"@type":"ListItem","position":1,"name":"In\u00edcio","item":"https:\/\/blogdoere.com.br\/"},{"@type":"ListItem","position":2,"name":"AURELINO LEAL: FESTA DAS CRIAN\u00c7AS ENCANTA A COMUNIDADE."}]},{"@type":"WebSite","@id":"https:\/\/blogdoere.com.br\/#website","url":"https:\/\/blogdoere.com.br\/","name":"blog do er\u00ea","description":"","publisher":{"@id":"https:\/\/blogdoere.com.br\/#organization"},"potentialAction":[{"@type":"SearchAction","target":{"@type":"EntryPoint","urlTemplate":"https:\/\/blogdoere.com.br\/?s={search_term_string}"},"query-input":"required name=search_term_string"}],"inLanguage":"pt-PT"},{"@type":"Organization","@id":"https:\/\/blogdoere.com.br\/#organization","name":"Blog do Er\u00ea","url":"https:\/\/blogdoere.com.br\/","logo":{"@type":"ImageObject","inLanguage":"pt-PT","@id":"https:\/\/blogdoere.com.br\/#\/schema\/logo\/image\/","url":"https:\/\/blogdoere.com.br\/wp-content\/uploads\/2021\/11\/Logo-Ere-1.png","contentUrl":"https:\/\/blogdoere.com.br\/wp-content\/uploads\/2021\/11\/Logo-Ere-1.png","width":1261,"height":1330,"caption":"Blog do Er\u00ea"},"image":{"@id":"https:\/\/blogdoere.com.br\/#\/schema\/logo\/image\/"}},{"@type":"Person","@id":"https:\/\/blogdoere.com.br\/#\/schema\/person\/4b56ed2336cb28ae3415ce8ffe56742e","name":"Ere","image":{"@type":"ImageObject","inLanguage":"pt-PT","@id":"https:\/\/blogdoere.com.br\/#\/schema\/person\/image\/","url":"https:\/\/secure.gravatar.com\/avatar\/?s=96&d=mm&r=g","contentUrl":"https:\/\/secure.gravatar.com\/avatar\/?s=96&d=mm&r=g","caption":"Ere"}}]}},"featured_image_urls":{"full":"","thumbnail":"","medium":"","medium_large":"","large":"","1536x1536":"","2048x2048":""},"author_info":{"display_name":"Ere","author_link":"https:\/\/blogdoere.com.br\/?author=2"},"category_info":"<a href=\"https:\/\/blogdoere.com.br\/?cat=1\" rel=\"category\">Destaques<\/a>","tag_info":"Destaques","comment_count":"0","_links":{"self":[{"href":"https:\/\/blogdoere.com.br\/index.php?rest_route=\/wp\/v2\/posts\/26641","targetHints":{"allow":["GET"]}}],"collection":[{"href":"https:\/\/blogdoere.com.br\/index.php?rest_route=\/wp\/v2\/posts"}],"about":[{"href":"https:\/\/blogdoere.com.br\/index.php?rest_route=\/wp\/v2\/types\/post"}],"author":[{"embeddable":true,"href":"https:\/\/blogdoere.com.br\/index.php?rest_route=\/wp\/v2\/users\/2"}],"replies":[{"embeddable":true,"href":"https:\/\/blogdoere.com.br\/index.php?rest_route=%2Fwp%2Fv2%2Fcomments&post=26641"}],"version-history":[{"count":0,"href":"https:\/\/blogdoere.com.br\/index.php?rest_route=\/wp\/v2\/posts\/26641\/revisions"}],"wp:attachment":[{"href":"https:\/\/blogdoere.com.br\/index.php?rest_route=%2Fwp%2Fv2%2Fmedia&parent=26641"}],"wp:term":[{"taxonomy":"category","embeddable":true,"href":"https:\/\/blogdoere.com.br\/index.php?rest_route=%2Fwp%2Fv2%2Fcategories&post=26641"},{"taxonomy":"post_tag","embeddable":true,"href":"https:\/\/blogdoere.com.br\/index.php?rest_route=%2Fwp%2Fv2%2Ftags&post=26641"}],"curies":[{"name":"wp","href":"https:\/\/api.w.org\/{rel}","templated":true}]}}