{"id":26642,"date":"2013-10-19T01:50:00","date_gmt":"2013-10-19T01:50:00","guid":{"rendered":"http:\/\/blogdoere.com.br\/?p=26642"},"modified":"2013-10-19T01:50:00","modified_gmt":"2013-10-19T01:50:00","slug":"itajuipe-palestra-do-colegio-universitario-da-ufsba","status":"publish","type":"post","link":"https:\/\/blogdoere.com.br\/?p=26642","title":{"rendered":"ITAJU\u00cdPE: PALESTRA DO COL\u00c9GIO UNIVERSIT\u00c1RIO DA UFSBA."},"content":{"rendered":"<div style=\"text-align: justify;\"><span style=\"line-height: 115%;\"><span style=\"font-family: Arial, Helvetica, sans-serif;\"><br \/><\/span><\/span><\/div>\n<div style=\"text-align: center;\"><img decoding=\"async\" src=\"http:\/\/1.bp.blogspot.com\/-usby3XWvgzo\/UmACoMb3IXI\/AAAAAAAAGSY\/EhlpwJmvgko\/s400\/AULA+P%C3%9ABLICA+DA+UFSBA+-+16-10-13+096.jpg\" \/><\/div>\n<div style=\"text-align: justify;\"><span style=\"line-height: 115%;\"><span style=\"font-family: Arial, Helvetica, sans-serif;\"><br \/><\/span><\/span><\/div>\n<div style=\"text-align: justify;\"><span style=\"line-height: 115%;\"><span style=\"font-family: Arial, Helvetica, sans-serif;\">Aconteceu na ultima quarta-feira (16), no sal\u00e3o paroquial da Igreja Matriz, uma palestra \u201cAula Publica da Ufsba\u201d. O Reitor Naomar Monteiro e a vice- reitora Joana Ang\u00e9lica Guimar\u00e3es apresentaram ao publico presente o&nbsp; projeto educacional da Ufsba.<o:p><\/o:p><\/span><\/span><\/div>\n<div style=\"text-align: justify;\"><span style=\"line-height: 115%;\"><span style=\"font-family: Arial, Helvetica, sans-serif;\"><br \/><\/span><\/span><\/div>\n<div style=\"text-align: justify;\"><span style=\"line-height: 115%;\"><span style=\"font-family: Arial, Helvetica, sans-serif;\">Naomar tamb\u00e9m falou sobre a implanta\u00e7\u00e3o do Col\u00e9gio Universit\u00e1rio em Itaju\u00edpe. Segundo ele, a quest\u00e3o da praticidade de se instalar definitivamente o Col\u00e9gio Universit\u00e1rio em Itaju\u00edpe depende de um consorcio entre as cidades de Itaju\u00edpe e Uru\u00e7uca, para o preenchimento um dos requisitos m\u00ednimo de 300 vagas e a previs\u00e3o do in\u00edcio das aulas ser\u00e1 em outubro de 2014. <o:p><\/o:p><\/span><\/span><\/div>\n<div style=\"text-align: justify;\"><span style=\"line-height: 115%;\"><span style=\"font-family: Arial, Helvetica, sans-serif;\"><br \/><\/span><\/span><\/div>\n<div style=\"text-align: justify;\"><span style=\"line-height: 115%;\"><span style=\"font-family: Arial, Helvetica, sans-serif;\">\u201cA Universidade n\u00e3o chega com o prop\u00f3sito de resolver problemas, mas de formar homens e mulheres que atrav\u00e9s dos seus conhecimentos adquiridos, promovam as mudan\u00e7as necess\u00e1rias na regi\u00e3o em que moram ou que trabalhem, atrav\u00e9s das diversas \u00e1reas do seu aprendizado. A universidade funcionara como um vetor, abrindo portas \u00e0s diversas oportunidades de crescimento da regi\u00e3o\u201d. &#8211; Esclareceu Naomar Almeida. <o:p><\/o:p><\/span><\/span><\/div>\n<div style=\"text-align: justify;\"><span style=\"line-height: 115%;\"><span style=\"font-family: Arial, Helvetica, sans-serif;\"><br \/><\/span><\/span><\/div>\n<div style=\"text-align: justify;\"><span style=\"font-family: Arial, Helvetica, sans-serif;\"><span style=\"line-height: 115%;\">Segundo Joana Ang\u00e9lica<\/span> <span style=\"line-height: 115%;\">a ideia e inovar o conceito, melhorar a qualidade do ensino m\u00e9dio, para a inser\u00e7\u00e3o no Col\u00e9gio Universit\u00e1rio. O conceito do Col\u00e9gio \u00e9 ter a marca da Universidade dentro da escola.<\/span> &nbsp;<span style=\"line-height: 115%;\">Segundo a Prefeita Gilka Badar\u00f3 (PSB), o Col\u00e9gio Universit\u00e1rio, um ap\u00eandice da UFSBA, mudar\u00e1 os destinos dos futuros universit\u00e1rios itajuipenses.<a href=\"http:\/\/formador-de-opiniao.blogspot.com.br\/2013\/10\/a-prefeita-gilka-badaro-recebe-em-noite.html\">Leia mais<\/a><o:p><\/o:p><\/span><\/span><\/div>\n<div style=\"text-align: justify;\"><span style=\"line-height: 115%;\"><span style=\"font-family: Arial, Helvetica, sans-serif;\"><br \/><\/span><\/span><\/div>\n<div style=\"text-align: justify;\"><span style=\"font-family: Arial, Helvetica, sans-serif;\"><span style=\"line-height: 115%;\">&nbsp;No seu discurso, a Prefeita tamb\u00e9m lembrou sua luta em defesa dos estudantes universit\u00e1rios quando foi gestora pela primeira vez, juntamente com o ex-prefeito Ubaldo Dantas (Itabuna), Jabes Ribeiro (Ilh\u00e9us). &nbsp;\u201cFomos \u00e0 comitiva a Bras\u00edlia, para uma audi\u00eancia com o Ministro da Educa\u00e7\u00e3o, para que o mesmo interviesse a nosso favor, ao &nbsp;pleito de uma Universidade Federal em nossa regi\u00e3o, a luta pela FESPI Federa\u00e7\u00e3o das Escolas Superiores de Itabuna e Ilh\u00e9us, hoje estadualizada como UESC\u201d. Disse Badar\u00f3.<\/span> <\/span><span style=\"line-height: 115%;\"><span style=\"font-family: Arial, Helvetica, sans-serif;\">Tamb\u00e9m estiveram presentes: Deputado Geraldo Sim\u00f5es (PT), Secret\u00e1rios Municipais, Vereadores, Promotora de Justi\u00e7a, L\u00edvia F\u00e1rias.<a href=\"http:\/\/www.portalmix.com.br\/fotos\/palestra-do-colegio-universitario-da-ufsba-em-itajuipe\/\">Veja fotos no Portal Mix.<\/a> <\/span><span style=\"font-size: medium;\"><o:p><\/o:p><\/span><\/span><\/div>\n<p><\/p>\n<div style=\"text-align: justify;\"><\/div>\n","protected":false},"excerpt":{"rendered":"<p>Aconteceu na ultima quarta-feira (16), no sal\u00e3o paroquial da Igreja Matriz, uma palestra \u201cAula Publica da Ufsba\u201d. O Reitor Naomar Monteiro e a vice- reitora Joana Ang\u00e9lica Guimar\u00e3es apresentaram ao&#8230;<\/p>\n","protected":false},"author":2,"featured_media":0,"comment_status":"open","ping_status":"open","sticky":false,"template":"","format":"standard","meta":{"_editorskit_title_hidden":false,"_editorskit_reading_time":0,"_editorskit_is_block_options_detached":false,"_editorskit_block_options_position":"{}","om_disable_all_campaigns":false,"_mi_skip_tracking":false,"_kad_post_transparent":"","_kad_post_title":"","_kad_post_layout":"","_kad_post_sidebar_id":"","_kad_post_content_style":"","_kad_post_vertical_padding":"","_kad_post_feature":"","_kad_post_feature_position":"","_kad_post_header":false,"_kad_post_footer":false,"footnotes":""},"categories":[1],"tags":[],"class_list":["post-26642","post","type-post","status-publish","format-standard","hentry","category-destaques"],"yoast_head":"<!-- This site is optimized with the Yoast SEO plugin v20.5 - https:\/\/yoast.com\/wordpress\/plugins\/seo\/ -->\n<title>ITAJU\u00cdPE: PALESTRA DO COL\u00c9GIO UNIVERSIT\u00c1RIO DA UFSBA. - blog do er\u00ea<\/title>\n<meta name=\"robots\" content=\"index, follow, max-snippet:-1, max-image-preview:large, max-video-preview:-1\" \/>\n<link rel=\"canonical\" href=\"https:\/\/blogdoere.com.br\/?p=26642\" \/>\n<meta property=\"og:locale\" content=\"pt_PT\" \/>\n<meta property=\"og:type\" content=\"article\" \/>\n<meta property=\"og:title\" content=\"ITAJU\u00cdPE: PALESTRA DO COL\u00c9GIO UNIVERSIT\u00c1RIO DA UFSBA. - blog do er\u00ea\" \/>\n<meta property=\"og:description\" content=\"Aconteceu na ultima quarta-feira (16), no sal\u00e3o paroquial da Igreja Matriz, uma palestra \u201cAula Publica da Ufsba\u201d. O Reitor Naomar Monteiro e a vice- reitora Joana Ang\u00e9lica Guimar\u00e3es apresentaram ao...\" \/>\n<meta property=\"og:url\" content=\"https:\/\/blogdoere.com.br\/?p=26642\" \/>\n<meta property=\"og:site_name\" content=\"blog do er\u00ea\" \/>\n<meta property=\"article:published_time\" content=\"2013-10-19T01:50:00+00:00\" \/>\n<meta property=\"og:image\" content=\"http:\/\/1.bp.blogspot.com\/-usby3XWvgzo\/UmACoMb3IXI\/AAAAAAAAGSY\/EhlpwJmvgko\/s400\/AULA+P%C3%9ABLICA+DA+UFSBA+-+16-10-13+096.jpg\" \/>\n<meta name=\"author\" content=\"Ere\" \/>\n<meta name=\"twitter:card\" content=\"summary_large_image\" \/>\n<meta name=\"twitter:label1\" content=\"Escrito por\" \/>\n\t<meta name=\"twitter:data1\" content=\"Ere\" \/>\n\t<meta name=\"twitter:label2\" content=\"Tempo estimado de leitura\" \/>\n\t<meta name=\"twitter:data2\" content=\"2 minutos\" \/>\n<script type=\"application\/ld+json\" class=\"yoast-schema-graph\">{\"@context\":\"https:\/\/schema.org\",\"@graph\":[{\"@type\":\"Article\",\"@id\":\"https:\/\/blogdoere.com.br\/?p=26642#article\",\"isPartOf\":{\"@id\":\"https:\/\/blogdoere.com.br\/?p=26642\"},\"author\":{\"name\":\"Ere\",\"@id\":\"https:\/\/blogdoere.com.br\/#\/schema\/person\/4b56ed2336cb28ae3415ce8ffe56742e\"},\"headline\":\"ITAJU\u00cdPE: PALESTRA DO COL\u00c9GIO UNIVERSIT\u00c1RIO DA UFSBA.\",\"datePublished\":\"2013-10-19T01:50:00+00:00\",\"dateModified\":\"2013-10-19T01:50:00+00:00\",\"mainEntityOfPage\":{\"@id\":\"https:\/\/blogdoere.com.br\/?p=26642\"},\"wordCount\":370,\"commentCount\":0,\"publisher\":{\"@id\":\"https:\/\/blogdoere.com.br\/#organization\"},\"articleSection\":[\"Destaques\"],\"inLanguage\":\"pt-PT\",\"potentialAction\":[{\"@type\":\"CommentAction\",\"name\":\"Comment\",\"target\":[\"https:\/\/blogdoere.com.br\/?p=26642#respond\"]}]},{\"@type\":\"WebPage\",\"@id\":\"https:\/\/blogdoere.com.br\/?p=26642\",\"url\":\"https:\/\/blogdoere.com.br\/?p=26642\",\"name\":\"ITAJU\u00cdPE: PALESTRA DO COL\u00c9GIO UNIVERSIT\u00c1RIO DA UFSBA. - blog do er\u00ea\",\"isPartOf\":{\"@id\":\"https:\/\/blogdoere.com.br\/#website\"},\"datePublished\":\"2013-10-19T01:50:00+00:00\",\"dateModified\":\"2013-10-19T01:50:00+00:00\",\"breadcrumb\":{\"@id\":\"https:\/\/blogdoere.com.br\/?p=26642#breadcrumb\"},\"inLanguage\":\"pt-PT\",\"potentialAction\":[{\"@type\":\"ReadAction\",\"target\":[\"https:\/\/blogdoere.com.br\/?p=26642\"]}]},{\"@type\":\"BreadcrumbList\",\"@id\":\"https:\/\/blogdoere.com.br\/?p=26642#breadcrumb\",\"itemListElement\":[{\"@type\":\"ListItem\",\"position\":1,\"name\":\"In\u00edcio\",\"item\":\"https:\/\/blogdoere.com.br\/\"},{\"@type\":\"ListItem\",\"position\":2,\"name\":\"ITAJU\u00cdPE: PALESTRA DO COL\u00c9GIO UNIVERSIT\u00c1RIO DA UFSBA.\"}]},{\"@type\":\"WebSite\",\"@id\":\"https:\/\/blogdoere.com.br\/#website\",\"url\":\"https:\/\/blogdoere.com.br\/\",\"name\":\"blog do er\u00ea\",\"description\":\"\",\"publisher\":{\"@id\":\"https:\/\/blogdoere.com.br\/#organization\"},\"potentialAction\":[{\"@type\":\"SearchAction\",\"target\":{\"@type\":\"EntryPoint\",\"urlTemplate\":\"https:\/\/blogdoere.com.br\/?s={search_term_string}\"},\"query-input\":\"required name=search_term_string\"}],\"inLanguage\":\"pt-PT\"},{\"@type\":\"Organization\",\"@id\":\"https:\/\/blogdoere.com.br\/#organization\",\"name\":\"Blog do Er\u00ea\",\"url\":\"https:\/\/blogdoere.com.br\/\",\"logo\":{\"@type\":\"ImageObject\",\"inLanguage\":\"pt-PT\",\"@id\":\"https:\/\/blogdoere.com.br\/#\/schema\/logo\/image\/\",\"url\":\"https:\/\/blogdoere.com.br\/wp-content\/uploads\/2021\/11\/Logo-Ere-1.png\",\"contentUrl\":\"https:\/\/blogdoere.com.br\/wp-content\/uploads\/2021\/11\/Logo-Ere-1.png\",\"width\":1261,\"height\":1330,\"caption\":\"Blog do Er\u00ea\"},\"image\":{\"@id\":\"https:\/\/blogdoere.com.br\/#\/schema\/logo\/image\/\"}},{\"@type\":\"Person\",\"@id\":\"https:\/\/blogdoere.com.br\/#\/schema\/person\/4b56ed2336cb28ae3415ce8ffe56742e\",\"name\":\"Ere\",\"image\":{\"@type\":\"ImageObject\",\"inLanguage\":\"pt-PT\",\"@id\":\"https:\/\/blogdoere.com.br\/#\/schema\/person\/image\/\",\"url\":\"https:\/\/secure.gravatar.com\/avatar\/?s=96&d=mm&r=g\",\"contentUrl\":\"https:\/\/secure.gravatar.com\/avatar\/?s=96&d=mm&r=g\",\"caption\":\"Ere\"}}]}<\/script>\n<!-- \/ Yoast SEO plugin. -->","yoast_head_json":{"title":"ITAJU\u00cdPE: PALESTRA DO COL\u00c9GIO UNIVERSIT\u00c1RIO DA UFSBA. - blog do er\u00ea","robots":{"index":"index","follow":"follow","max-snippet":"max-snippet:-1","max-image-preview":"max-image-preview:large","max-video-preview":"max-video-preview:-1"},"canonical":"https:\/\/blogdoere.com.br\/?p=26642","og_locale":"pt_PT","og_type":"article","og_title":"ITAJU\u00cdPE: PALESTRA DO COL\u00c9GIO UNIVERSIT\u00c1RIO DA UFSBA. - blog do er\u00ea","og_description":"Aconteceu na ultima quarta-feira (16), no sal\u00e3o paroquial da Igreja Matriz, uma palestra \u201cAula Publica da Ufsba\u201d. O Reitor Naomar Monteiro e a vice- reitora Joana Ang\u00e9lica Guimar\u00e3es apresentaram ao...","og_url":"https:\/\/blogdoere.com.br\/?p=26642","og_site_name":"blog do er\u00ea","article_published_time":"2013-10-19T01:50:00+00:00","og_image":[{"url":"http:\/\/1.bp.blogspot.com\/-usby3XWvgzo\/UmACoMb3IXI\/AAAAAAAAGSY\/EhlpwJmvgko\/s400\/AULA+P%C3%9ABLICA+DA+UFSBA+-+16-10-13+096.jpg"}],"author":"Ere","twitter_card":"summary_large_image","twitter_misc":{"Escrito por":"Ere","Tempo estimado de leitura":"2 minutos"},"schema":{"@context":"https:\/\/schema.org","@graph":[{"@type":"Article","@id":"https:\/\/blogdoere.com.br\/?p=26642#article","isPartOf":{"@id":"https:\/\/blogdoere.com.br\/?p=26642"},"author":{"name":"Ere","@id":"https:\/\/blogdoere.com.br\/#\/schema\/person\/4b56ed2336cb28ae3415ce8ffe56742e"},"headline":"ITAJU\u00cdPE: PALESTRA DO COL\u00c9GIO UNIVERSIT\u00c1RIO DA UFSBA.","datePublished":"2013-10-19T01:50:00+00:00","dateModified":"2013-10-19T01:50:00+00:00","mainEntityOfPage":{"@id":"https:\/\/blogdoere.com.br\/?p=26642"},"wordCount":370,"commentCount":0,"publisher":{"@id":"https:\/\/blogdoere.com.br\/#organization"},"articleSection":["Destaques"],"inLanguage":"pt-PT","potentialAction":[{"@type":"CommentAction","name":"Comment","target":["https:\/\/blogdoere.com.br\/?p=26642#respond"]}]},{"@type":"WebPage","@id":"https:\/\/blogdoere.com.br\/?p=26642","url":"https:\/\/blogdoere.com.br\/?p=26642","name":"ITAJU\u00cdPE: PALESTRA DO COL\u00c9GIO UNIVERSIT\u00c1RIO DA UFSBA. - blog do er\u00ea","isPartOf":{"@id":"https:\/\/blogdoere.com.br\/#website"},"datePublished":"2013-10-19T01:50:00+00:00","dateModified":"2013-10-19T01:50:00+00:00","breadcrumb":{"@id":"https:\/\/blogdoere.com.br\/?p=26642#breadcrumb"},"inLanguage":"pt-PT","potentialAction":[{"@type":"ReadAction","target":["https:\/\/blogdoere.com.br\/?p=26642"]}]},{"@type":"BreadcrumbList","@id":"https:\/\/blogdoere.com.br\/?p=26642#breadcrumb","itemListElement":[{"@type":"ListItem","position":1,"name":"In\u00edcio","item":"https:\/\/blogdoere.com.br\/"},{"@type":"ListItem","position":2,"name":"ITAJU\u00cdPE: PALESTRA DO COL\u00c9GIO UNIVERSIT\u00c1RIO DA UFSBA."}]},{"@type":"WebSite","@id":"https:\/\/blogdoere.com.br\/#website","url":"https:\/\/blogdoere.com.br\/","name":"blog do er\u00ea","description":"","publisher":{"@id":"https:\/\/blogdoere.com.br\/#organization"},"potentialAction":[{"@type":"SearchAction","target":{"@type":"EntryPoint","urlTemplate":"https:\/\/blogdoere.com.br\/?s={search_term_string}"},"query-input":"required name=search_term_string"}],"inLanguage":"pt-PT"},{"@type":"Organization","@id":"https:\/\/blogdoere.com.br\/#organization","name":"Blog do Er\u00ea","url":"https:\/\/blogdoere.com.br\/","logo":{"@type":"ImageObject","inLanguage":"pt-PT","@id":"https:\/\/blogdoere.com.br\/#\/schema\/logo\/image\/","url":"https:\/\/blogdoere.com.br\/wp-content\/uploads\/2021\/11\/Logo-Ere-1.png","contentUrl":"https:\/\/blogdoere.com.br\/wp-content\/uploads\/2021\/11\/Logo-Ere-1.png","width":1261,"height":1330,"caption":"Blog do Er\u00ea"},"image":{"@id":"https:\/\/blogdoere.com.br\/#\/schema\/logo\/image\/"}},{"@type":"Person","@id":"https:\/\/blogdoere.com.br\/#\/schema\/person\/4b56ed2336cb28ae3415ce8ffe56742e","name":"Ere","image":{"@type":"ImageObject","inLanguage":"pt-PT","@id":"https:\/\/blogdoere.com.br\/#\/schema\/person\/image\/","url":"https:\/\/secure.gravatar.com\/avatar\/?s=96&d=mm&r=g","contentUrl":"https:\/\/secure.gravatar.com\/avatar\/?s=96&d=mm&r=g","caption":"Ere"}}]}},"featured_image_urls":{"full":"","thumbnail":"","medium":"","medium_large":"","large":"","1536x1536":"","2048x2048":""},"author_info":{"display_name":"Ere","author_link":"https:\/\/blogdoere.com.br\/?author=2"},"category_info":"<a href=\"https:\/\/blogdoere.com.br\/?cat=1\" rel=\"category\">Destaques<\/a>","tag_info":"Destaques","comment_count":"0","_links":{"self":[{"href":"https:\/\/blogdoere.com.br\/index.php?rest_route=\/wp\/v2\/posts\/26642","targetHints":{"allow":["GET"]}}],"collection":[{"href":"https:\/\/blogdoere.com.br\/index.php?rest_route=\/wp\/v2\/posts"}],"about":[{"href":"https:\/\/blogdoere.com.br\/index.php?rest_route=\/wp\/v2\/types\/post"}],"author":[{"embeddable":true,"href":"https:\/\/blogdoere.com.br\/index.php?rest_route=\/wp\/v2\/users\/2"}],"replies":[{"embeddable":true,"href":"https:\/\/blogdoere.com.br\/index.php?rest_route=%2Fwp%2Fv2%2Fcomments&post=26642"}],"version-history":[{"count":0,"href":"https:\/\/blogdoere.com.br\/index.php?rest_route=\/wp\/v2\/posts\/26642\/revisions"}],"wp:attachment":[{"href":"https:\/\/blogdoere.com.br\/index.php?rest_route=%2Fwp%2Fv2%2Fmedia&parent=26642"}],"wp:term":[{"taxonomy":"category","embeddable":true,"href":"https:\/\/blogdoere.com.br\/index.php?rest_route=%2Fwp%2Fv2%2Fcategories&post=26642"},{"taxonomy":"post_tag","embeddable":true,"href":"https:\/\/blogdoere.com.br\/index.php?rest_route=%2Fwp%2Fv2%2Ftags&post=26642"}],"curies":[{"name":"wp","href":"https:\/\/api.w.org\/{rel}","templated":true}]}}