{"id":26646,"date":"2013-10-14T23:08:00","date_gmt":"2013-10-14T23:08:00","guid":{"rendered":"http:\/\/blogdoere.com.br\/?p=26646"},"modified":"2013-10-14T23:08:00","modified_gmt":"2013-10-14T23:08:00","slug":"itajuipe-fac-century-amplia-insatalacoes-apos-parcerias-com-umbro-e-nick","status":"publish","type":"post","link":"https:\/\/blogdoere.com.br\/?p=26646","title":{"rendered":"ITAJU\u00cdPE: FAC CENTURY AMPLIA INSATALA\u00c7\u00d5ES AP\u00d3S PARCERIAS COM UMBRO E NICK."},"content":{"rendered":"<p><\/p>\n<div style=\"clear: left; float: left; margin-bottom: 1em; margin-right: 1em; text-align: justify;\"><img decoding=\"async\" src=\"http:\/\/3.bp.blogspot.com\/-Wxf04h_ZmJM\/Ulvwu_Y_5VI\/AAAAAAABkHw\/7K9JFCau62o\/s400\/14-10-13+-+Cl%C3%A1udio+-+U+N+A+046.jpg\" \/><\/div>\n<p><span style=\"font-family: Arial, Helvetica, sans-serif; font-size: small; text-align: justify;\"><span style=\"line-height: 115%;\">A empresa genuinamente itajuipense Fac Century, criada h\u00e1 oito anos, inaugurou nesta manh\u00e3 de segunda-feira (14), sua mais nova instala\u00e7\u00e3o.&nbsp;<\/span><\/span><span style=\"font-family: Arial, Helvetica, sans-serif; line-height: 115%; text-align: justify;\">Segundo a propriet\u00e1ria da empresa, Maria C\u00e9lia a amplia\u00e7\u00e3o faz parte das parcerias firmadas com a Umbro e Nick para confeccionar os produtos esportivos das mesmas, que tem suas unidades fabris em Vit\u00f3ria da Conquista,sudoeste baiano. <\/span><span style=\"font-family: Arial, Helvetica, sans-serif; line-height: 115%; text-align: justify;\">&nbsp;<\/span><span style=\"font-family: Arial, Helvetica, sans-serif; line-height: 115%; text-align: justify;\"><span style=\"font-size: small;\">\u201cHoje estamos empregando vinte e oito pessoas, temos perspectiva, at\u00e9 o fim do ano em dobrar as contrata\u00e7\u00f5es\u201d \u2013 Disse o gerente da Fac Century, Jader Rocha. O Secret\u00e1rio Municipal de Desenvolvimento Econ\u00f4mico, F\u00e1bio Carvalho destacou a parceria firmada entre a rec\u00e9m-ampliada empresa e o Instituto Mau\u00e1, mantido pela Prefeitura de Itaju\u00edpe para a qualifica\u00e7\u00e3o profissional.&nbsp;<\/span><a href=\"http:\/\/www.ubaitabanoticiasagora.com\/2013\/10\/a-fac-century-e-inaugurada-em-itajuipe.html?spref=fb\">Leia mais.<\/a><\/span><\/p>\n","protected":false},"excerpt":{"rendered":"<p>A empresa genuinamente itajuipense Fac Century, criada h\u00e1 oito anos, inaugurou nesta manh\u00e3 de segunda-feira (14), sua mais nova instala\u00e7\u00e3o.&nbsp;Segundo a propriet\u00e1ria da empresa, Maria C\u00e9lia a amplia\u00e7\u00e3o faz parte&#8230;<\/p>\n","protected":false},"author":2,"featured_media":0,"comment_status":"open","ping_status":"open","sticky":false,"template":"","format":"standard","meta":{"_editorskit_title_hidden":false,"_editorskit_reading_time":0,"_editorskit_is_block_options_detached":false,"_editorskit_block_options_position":"{}","om_disable_all_campaigns":false,"_mi_skip_tracking":false,"_kad_post_transparent":"","_kad_post_title":"","_kad_post_layout":"","_kad_post_sidebar_id":"","_kad_post_content_style":"","_kad_post_vertical_padding":"","_kad_post_feature":"","_kad_post_feature_position":"","_kad_post_header":false,"_kad_post_footer":false,"footnotes":""},"categories":[1],"tags":[],"class_list":["post-26646","post","type-post","status-publish","format-standard","hentry","category-destaques"],"yoast_head":"<!-- This site is optimized with the Yoast SEO plugin v20.5 - https:\/\/yoast.com\/wordpress\/plugins\/seo\/ -->\n<title>ITAJU\u00cdPE: FAC CENTURY AMPLIA INSATALA\u00c7\u00d5ES AP\u00d3S PARCERIAS COM UMBRO E NICK. - blog do er\u00ea<\/title>\n<meta name=\"robots\" content=\"index, follow, max-snippet:-1, max-image-preview:large, max-video-preview:-1\" \/>\n<link rel=\"canonical\" href=\"https:\/\/blogdoere.com.br\/?p=26646\" \/>\n<meta property=\"og:locale\" content=\"pt_PT\" \/>\n<meta property=\"og:type\" content=\"article\" \/>\n<meta property=\"og:title\" content=\"ITAJU\u00cdPE: FAC CENTURY AMPLIA INSATALA\u00c7\u00d5ES AP\u00d3S PARCERIAS COM UMBRO E NICK. - blog do er\u00ea\" \/>\n<meta property=\"og:description\" content=\"A empresa genuinamente itajuipense Fac Century, criada h\u00e1 oito anos, inaugurou nesta manh\u00e3 de segunda-feira (14), sua mais nova instala\u00e7\u00e3o.&nbsp;Segundo a propriet\u00e1ria da empresa, Maria C\u00e9lia a amplia\u00e7\u00e3o faz parte...\" \/>\n<meta property=\"og:url\" content=\"https:\/\/blogdoere.com.br\/?p=26646\" \/>\n<meta property=\"og:site_name\" content=\"blog do er\u00ea\" \/>\n<meta property=\"article:published_time\" content=\"2013-10-14T23:08:00+00:00\" \/>\n<meta property=\"og:image\" content=\"http:\/\/3.bp.blogspot.com\/-Wxf04h_ZmJM\/Ulvwu_Y_5VI\/AAAAAAABkHw\/7K9JFCau62o\/s400\/14-10-13+-+Cl%C3%A1udio+-+U+N+A+046.jpg\" \/>\n<meta name=\"author\" content=\"Ere\" \/>\n<meta name=\"twitter:card\" content=\"summary_large_image\" \/>\n<meta name=\"twitter:label1\" content=\"Escrito por\" \/>\n\t<meta name=\"twitter:data1\" content=\"Ere\" \/>\n\t<meta name=\"twitter:label2\" content=\"Tempo estimado de leitura\" \/>\n\t<meta name=\"twitter:data2\" content=\"1 minuto\" \/>\n<script type=\"application\/ld+json\" class=\"yoast-schema-graph\">{\"@context\":\"https:\/\/schema.org\",\"@graph\":[{\"@type\":\"Article\",\"@id\":\"https:\/\/blogdoere.com.br\/?p=26646#article\",\"isPartOf\":{\"@id\":\"https:\/\/blogdoere.com.br\/?p=26646\"},\"author\":{\"name\":\"Ere\",\"@id\":\"https:\/\/blogdoere.com.br\/#\/schema\/person\/4b56ed2336cb28ae3415ce8ffe56742e\"},\"headline\":\"ITAJU\u00cdPE: FAC CENTURY AMPLIA INSATALA\u00c7\u00d5ES AP\u00d3S PARCERIAS COM UMBRO E NICK.\",\"datePublished\":\"2013-10-14T23:08:00+00:00\",\"dateModified\":\"2013-10-14T23:08:00+00:00\",\"mainEntityOfPage\":{\"@id\":\"https:\/\/blogdoere.com.br\/?p=26646\"},\"wordCount\":142,\"commentCount\":0,\"publisher\":{\"@id\":\"https:\/\/blogdoere.com.br\/#organization\"},\"articleSection\":[\"Destaques\"],\"inLanguage\":\"pt-PT\",\"potentialAction\":[{\"@type\":\"CommentAction\",\"name\":\"Comment\",\"target\":[\"https:\/\/blogdoere.com.br\/?p=26646#respond\"]}]},{\"@type\":\"WebPage\",\"@id\":\"https:\/\/blogdoere.com.br\/?p=26646\",\"url\":\"https:\/\/blogdoere.com.br\/?p=26646\",\"name\":\"ITAJU\u00cdPE: FAC CENTURY AMPLIA INSATALA\u00c7\u00d5ES AP\u00d3S PARCERIAS COM UMBRO E NICK. - blog do er\u00ea\",\"isPartOf\":{\"@id\":\"https:\/\/blogdoere.com.br\/#website\"},\"datePublished\":\"2013-10-14T23:08:00+00:00\",\"dateModified\":\"2013-10-14T23:08:00+00:00\",\"breadcrumb\":{\"@id\":\"https:\/\/blogdoere.com.br\/?p=26646#breadcrumb\"},\"inLanguage\":\"pt-PT\",\"potentialAction\":[{\"@type\":\"ReadAction\",\"target\":[\"https:\/\/blogdoere.com.br\/?p=26646\"]}]},{\"@type\":\"BreadcrumbList\",\"@id\":\"https:\/\/blogdoere.com.br\/?p=26646#breadcrumb\",\"itemListElement\":[{\"@type\":\"ListItem\",\"position\":1,\"name\":\"In\u00edcio\",\"item\":\"https:\/\/blogdoere.com.br\/\"},{\"@type\":\"ListItem\",\"position\":2,\"name\":\"ITAJU\u00cdPE: FAC CENTURY AMPLIA INSATALA\u00c7\u00d5ES AP\u00d3S PARCERIAS COM UMBRO E NICK.\"}]},{\"@type\":\"WebSite\",\"@id\":\"https:\/\/blogdoere.com.br\/#website\",\"url\":\"https:\/\/blogdoere.com.br\/\",\"name\":\"blog do er\u00ea\",\"description\":\"\",\"publisher\":{\"@id\":\"https:\/\/blogdoere.com.br\/#organization\"},\"potentialAction\":[{\"@type\":\"SearchAction\",\"target\":{\"@type\":\"EntryPoint\",\"urlTemplate\":\"https:\/\/blogdoere.com.br\/?s={search_term_string}\"},\"query-input\":\"required name=search_term_string\"}],\"inLanguage\":\"pt-PT\"},{\"@type\":\"Organization\",\"@id\":\"https:\/\/blogdoere.com.br\/#organization\",\"name\":\"Blog do Er\u00ea\",\"url\":\"https:\/\/blogdoere.com.br\/\",\"logo\":{\"@type\":\"ImageObject\",\"inLanguage\":\"pt-PT\",\"@id\":\"https:\/\/blogdoere.com.br\/#\/schema\/logo\/image\/\",\"url\":\"https:\/\/blogdoere.com.br\/wp-content\/uploads\/2021\/11\/Logo-Ere-1.png\",\"contentUrl\":\"https:\/\/blogdoere.com.br\/wp-content\/uploads\/2021\/11\/Logo-Ere-1.png\",\"width\":1261,\"height\":1330,\"caption\":\"Blog do Er\u00ea\"},\"image\":{\"@id\":\"https:\/\/blogdoere.com.br\/#\/schema\/logo\/image\/\"}},{\"@type\":\"Person\",\"@id\":\"https:\/\/blogdoere.com.br\/#\/schema\/person\/4b56ed2336cb28ae3415ce8ffe56742e\",\"name\":\"Ere\",\"image\":{\"@type\":\"ImageObject\",\"inLanguage\":\"pt-PT\",\"@id\":\"https:\/\/blogdoere.com.br\/#\/schema\/person\/image\/\",\"url\":\"https:\/\/secure.gravatar.com\/avatar\/?s=96&d=mm&r=g\",\"contentUrl\":\"https:\/\/secure.gravatar.com\/avatar\/?s=96&d=mm&r=g\",\"caption\":\"Ere\"}}]}<\/script>\n<!-- \/ Yoast SEO plugin. -->","yoast_head_json":{"title":"ITAJU\u00cdPE: FAC CENTURY AMPLIA INSATALA\u00c7\u00d5ES AP\u00d3S PARCERIAS COM UMBRO E NICK. - blog do er\u00ea","robots":{"index":"index","follow":"follow","max-snippet":"max-snippet:-1","max-image-preview":"max-image-preview:large","max-video-preview":"max-video-preview:-1"},"canonical":"https:\/\/blogdoere.com.br\/?p=26646","og_locale":"pt_PT","og_type":"article","og_title":"ITAJU\u00cdPE: FAC CENTURY AMPLIA INSATALA\u00c7\u00d5ES AP\u00d3S PARCERIAS COM UMBRO E NICK. - blog do er\u00ea","og_description":"A empresa genuinamente itajuipense Fac Century, criada h\u00e1 oito anos, inaugurou nesta manh\u00e3 de segunda-feira (14), sua mais nova instala\u00e7\u00e3o.&nbsp;Segundo a propriet\u00e1ria da empresa, Maria C\u00e9lia a amplia\u00e7\u00e3o faz parte...","og_url":"https:\/\/blogdoere.com.br\/?p=26646","og_site_name":"blog do er\u00ea","article_published_time":"2013-10-14T23:08:00+00:00","og_image":[{"url":"http:\/\/3.bp.blogspot.com\/-Wxf04h_ZmJM\/Ulvwu_Y_5VI\/AAAAAAABkHw\/7K9JFCau62o\/s400\/14-10-13+-+Cl%C3%A1udio+-+U+N+A+046.jpg"}],"author":"Ere","twitter_card":"summary_large_image","twitter_misc":{"Escrito por":"Ere","Tempo estimado de leitura":"1 minuto"},"schema":{"@context":"https:\/\/schema.org","@graph":[{"@type":"Article","@id":"https:\/\/blogdoere.com.br\/?p=26646#article","isPartOf":{"@id":"https:\/\/blogdoere.com.br\/?p=26646"},"author":{"name":"Ere","@id":"https:\/\/blogdoere.com.br\/#\/schema\/person\/4b56ed2336cb28ae3415ce8ffe56742e"},"headline":"ITAJU\u00cdPE: FAC CENTURY AMPLIA INSATALA\u00c7\u00d5ES AP\u00d3S PARCERIAS COM UMBRO E NICK.","datePublished":"2013-10-14T23:08:00+00:00","dateModified":"2013-10-14T23:08:00+00:00","mainEntityOfPage":{"@id":"https:\/\/blogdoere.com.br\/?p=26646"},"wordCount":142,"commentCount":0,"publisher":{"@id":"https:\/\/blogdoere.com.br\/#organization"},"articleSection":["Destaques"],"inLanguage":"pt-PT","potentialAction":[{"@type":"CommentAction","name":"Comment","target":["https:\/\/blogdoere.com.br\/?p=26646#respond"]}]},{"@type":"WebPage","@id":"https:\/\/blogdoere.com.br\/?p=26646","url":"https:\/\/blogdoere.com.br\/?p=26646","name":"ITAJU\u00cdPE: FAC CENTURY AMPLIA INSATALA\u00c7\u00d5ES AP\u00d3S PARCERIAS COM UMBRO E NICK. - blog do er\u00ea","isPartOf":{"@id":"https:\/\/blogdoere.com.br\/#website"},"datePublished":"2013-10-14T23:08:00+00:00","dateModified":"2013-10-14T23:08:00+00:00","breadcrumb":{"@id":"https:\/\/blogdoere.com.br\/?p=26646#breadcrumb"},"inLanguage":"pt-PT","potentialAction":[{"@type":"ReadAction","target":["https:\/\/blogdoere.com.br\/?p=26646"]}]},{"@type":"BreadcrumbList","@id":"https:\/\/blogdoere.com.br\/?p=26646#breadcrumb","itemListElement":[{"@type":"ListItem","position":1,"name":"In\u00edcio","item":"https:\/\/blogdoere.com.br\/"},{"@type":"ListItem","position":2,"name":"ITAJU\u00cdPE: FAC CENTURY AMPLIA INSATALA\u00c7\u00d5ES AP\u00d3S PARCERIAS COM UMBRO E NICK."}]},{"@type":"WebSite","@id":"https:\/\/blogdoere.com.br\/#website","url":"https:\/\/blogdoere.com.br\/","name":"blog do er\u00ea","description":"","publisher":{"@id":"https:\/\/blogdoere.com.br\/#organization"},"potentialAction":[{"@type":"SearchAction","target":{"@type":"EntryPoint","urlTemplate":"https:\/\/blogdoere.com.br\/?s={search_term_string}"},"query-input":"required name=search_term_string"}],"inLanguage":"pt-PT"},{"@type":"Organization","@id":"https:\/\/blogdoere.com.br\/#organization","name":"Blog do Er\u00ea","url":"https:\/\/blogdoere.com.br\/","logo":{"@type":"ImageObject","inLanguage":"pt-PT","@id":"https:\/\/blogdoere.com.br\/#\/schema\/logo\/image\/","url":"https:\/\/blogdoere.com.br\/wp-content\/uploads\/2021\/11\/Logo-Ere-1.png","contentUrl":"https:\/\/blogdoere.com.br\/wp-content\/uploads\/2021\/11\/Logo-Ere-1.png","width":1261,"height":1330,"caption":"Blog do Er\u00ea"},"image":{"@id":"https:\/\/blogdoere.com.br\/#\/schema\/logo\/image\/"}},{"@type":"Person","@id":"https:\/\/blogdoere.com.br\/#\/schema\/person\/4b56ed2336cb28ae3415ce8ffe56742e","name":"Ere","image":{"@type":"ImageObject","inLanguage":"pt-PT","@id":"https:\/\/blogdoere.com.br\/#\/schema\/person\/image\/","url":"https:\/\/secure.gravatar.com\/avatar\/?s=96&d=mm&r=g","contentUrl":"https:\/\/secure.gravatar.com\/avatar\/?s=96&d=mm&r=g","caption":"Ere"}}]}},"featured_image_urls":{"full":"","thumbnail":"","medium":"","medium_large":"","large":"","1536x1536":"","2048x2048":""},"author_info":{"display_name":"Ere","author_link":"https:\/\/blogdoere.com.br\/?author=2"},"category_info":"<a href=\"https:\/\/blogdoere.com.br\/?cat=1\" rel=\"category\">Destaques<\/a>","tag_info":"Destaques","comment_count":"0","_links":{"self":[{"href":"https:\/\/blogdoere.com.br\/index.php?rest_route=\/wp\/v2\/posts\/26646","targetHints":{"allow":["GET"]}}],"collection":[{"href":"https:\/\/blogdoere.com.br\/index.php?rest_route=\/wp\/v2\/posts"}],"about":[{"href":"https:\/\/blogdoere.com.br\/index.php?rest_route=\/wp\/v2\/types\/post"}],"author":[{"embeddable":true,"href":"https:\/\/blogdoere.com.br\/index.php?rest_route=\/wp\/v2\/users\/2"}],"replies":[{"embeddable":true,"href":"https:\/\/blogdoere.com.br\/index.php?rest_route=%2Fwp%2Fv2%2Fcomments&post=26646"}],"version-history":[{"count":0,"href":"https:\/\/blogdoere.com.br\/index.php?rest_route=\/wp\/v2\/posts\/26646\/revisions"}],"wp:attachment":[{"href":"https:\/\/blogdoere.com.br\/index.php?rest_route=%2Fwp%2Fv2%2Fmedia&parent=26646"}],"wp:term":[{"taxonomy":"category","embeddable":true,"href":"https:\/\/blogdoere.com.br\/index.php?rest_route=%2Fwp%2Fv2%2Fcategories&post=26646"},{"taxonomy":"post_tag","embeddable":true,"href":"https:\/\/blogdoere.com.br\/index.php?rest_route=%2Fwp%2Fv2%2Ftags&post=26646"}],"curies":[{"name":"wp","href":"https:\/\/api.w.org\/{rel}","templated":true}]}}