{"id":26650,"date":"2013-10-10T02:13:00","date_gmt":"2013-10-10T02:13:00","guid":{"rendered":"http:\/\/blogdoere.com.br\/?p=26650"},"modified":"2013-10-10T02:13:00","modified_gmt":"2013-10-10T02:13:00","slug":"prefeituras-baianas-vao-fechar-as-portas-em-protestos-contra-falta-de-verbas-diz-upb","status":"publish","type":"post","link":"https:\/\/blogdoere.com.br\/?p=26650","title":{"rendered":"PREFEITURAS BAIANAS V\u00c3O FECHAR AS PORTAS EM PROTESTOS CONTRA FALTA DE VERBAS, DIZ UPB."},"content":{"rendered":"<div style=\"text-align: center;\"><strong style=\"color: #444444; font-family: Tahoma, Geneva, sans-serif; font-size: 12px; line-height: 18px; margin: 0px; padding: 0px;\"><img decoding=\"async\" alt=\"Prefeituras baianas v\u00e3o fechar as portas em protesto contra falta de verbas, diz UPB\" height=\"235\" src=\"http:\/\/www.bahianoticias.com.br\/fotos\/principal_noticias\/144824\/xIMAGEM_NOTICIA_5.jpg.pagespeed.ic.ZkutpgV31x.jpg\" width=\"320\" \/><\/strong><\/div>\n<div style=\"text-align: justify;\"><strong style=\"color: #444444; font-family: Tahoma, Geneva, sans-serif; font-size: 12px; line-height: 18px; margin: 0px; padding: 0px;\"><br \/><\/strong><\/div>\n<div style=\"text-align: justify;\"><strong style=\"color: #444444; font-family: Tahoma, Geneva, sans-serif; font-size: 12px; line-height: 18px; margin: 0px; padding: 0px;\"><br \/><\/strong><\/div>\n<div style=\"text-align: justify;\"><strong style=\"color: #444444; font-family: Tahoma, Geneva, sans-serif; font-size: 12px; line-height: 18px; margin: 0px; padding: 0px;\">O dia 25 de outubro pode ser marcado por uma paralisa\u00e7\u00e3o de 90% das prefeituras de cidades baianas, em protesto contra a presidente Dilma Rousseff (PT). A articula\u00e7\u00e3o \u00e9 comandada pela Uni\u00e3o dos Munic\u00edpios da Bahia (UPB), que realizou uma reuni\u00e3o nesta quarta-feira (9), com 19 dos 20 cons\u00f3rcios que re\u00fanem administra\u00e7\u00f5es municipais de todo o estado. Os gestores cobram a \u201caprova\u00e7\u00e3o urgente da PEC 39\/2013, pela amplia\u00e7\u00e3o de 2% nos repasses ao Fundo de Participa\u00e7\u00e3o dos Munic\u00edpios (FPM)\u201d. Em nota, a UPB aponta que \u201cestimativas da Receita Federal e do Tribunal de Contas da Uni\u00e3o, entre 2009 e 2012, [calcula que] os munic\u00edpios baianos acumularam preju\u00edzos de R$ 496 milh\u00f5es, com a pol\u00edtica de desonera\u00e7\u00e3o do Imposto sobre Produto Industrializado (IPI)\u201d. A amea\u00e7a \u00e9 de paralisar as prefeituras, com a manuten\u00e7\u00e3o apenas de servi\u00e7os essenciais. Na ter\u00e7a-feira (15), os prefeitos v\u00e3o entregar uma carta \u00e0 presidente Dilma Rousseff, durante a visita da petista \u00e0 capital baiana. Em visita ao Congresso na semana passada, a presidente da UPB e prefeita de Cardeal da Silva, Maria Quit\u00e9ria (PSB), conversou com o presidente do Senado, Renan Calheiros (PMDB-AL), que prometeu realizar uma sess\u00e3o ainda este m\u00eas para discutir o pacto federativo e redistribui\u00e7\u00e3o dos recursos federais para os munic\u00edpios. Os administradores apontam que h\u00e1 um \u201csubfinanciamento\u201d de 400 programas do governo federal. A preocupa\u00e7\u00e3o \u00e9 com as finan\u00e7as, que est\u00e3o no vermelho, o que deixa os gestores com risco de terem as presta\u00e7\u00f5es deste ano rejeitadas pela Tribunal de Contas dos Munic\u00edpios. A UPB tamb\u00e9m organiza uma nova marcha dos prefeito baianos para Bras\u00edlia. Not\u00edcia do Bahia Not\u00edcia.<\/strong><\/div>\n","protected":false},"excerpt":{"rendered":"<p>O dia 25 de outubro pode ser marcado por uma paralisa\u00e7\u00e3o de 90% das prefeituras de cidades baianas, em protesto contra a presidente Dilma Rousseff (PT). A articula\u00e7\u00e3o \u00e9 comandada&#8230;<\/p>\n","protected":false},"author":2,"featured_media":0,"comment_status":"open","ping_status":"open","sticky":false,"template":"","format":"standard","meta":{"_editorskit_title_hidden":false,"_editorskit_reading_time":0,"_editorskit_is_block_options_detached":false,"_editorskit_block_options_position":"{}","om_disable_all_campaigns":false,"_mi_skip_tracking":false,"_kad_post_transparent":"","_kad_post_title":"","_kad_post_layout":"","_kad_post_sidebar_id":"","_kad_post_content_style":"","_kad_post_vertical_padding":"","_kad_post_feature":"","_kad_post_feature_position":"","_kad_post_header":false,"_kad_post_footer":false,"footnotes":""},"categories":[1],"tags":[],"class_list":["post-26650","post","type-post","status-publish","format-standard","hentry","category-destaques"],"yoast_head":"<!-- This site is optimized with the Yoast SEO plugin v20.5 - https:\/\/yoast.com\/wordpress\/plugins\/seo\/ -->\n<title>PREFEITURAS BAIANAS V\u00c3O FECHAR AS PORTAS EM PROTESTOS CONTRA FALTA DE VERBAS, DIZ UPB. - blog do er\u00ea<\/title>\n<meta name=\"robots\" content=\"index, follow, max-snippet:-1, max-image-preview:large, max-video-preview:-1\" \/>\n<link rel=\"canonical\" href=\"https:\/\/blogdoere.com.br\/?p=26650\" \/>\n<meta property=\"og:locale\" content=\"pt_PT\" \/>\n<meta property=\"og:type\" content=\"article\" \/>\n<meta property=\"og:title\" content=\"PREFEITURAS BAIANAS V\u00c3O FECHAR AS PORTAS EM PROTESTOS CONTRA FALTA DE VERBAS, DIZ UPB. - blog do er\u00ea\" \/>\n<meta property=\"og:description\" content=\"O dia 25 de outubro pode ser marcado por uma paralisa\u00e7\u00e3o de 90% das prefeituras de cidades baianas, em protesto contra a presidente Dilma Rousseff (PT). A articula\u00e7\u00e3o \u00e9 comandada...\" \/>\n<meta property=\"og:url\" content=\"https:\/\/blogdoere.com.br\/?p=26650\" \/>\n<meta property=\"og:site_name\" content=\"blog do er\u00ea\" \/>\n<meta property=\"article:published_time\" content=\"2013-10-10T02:13:00+00:00\" \/>\n<meta property=\"og:image\" content=\"http:\/\/www.bahianoticias.com.br\/fotos\/principal_noticias\/144824\/xIMAGEM_NOTICIA_5.jpg.pagespeed.ic.ZkutpgV31x.jpg\" \/>\n<meta name=\"author\" content=\"Ere\" \/>\n<meta name=\"twitter:card\" content=\"summary_large_image\" \/>\n<meta name=\"twitter:label1\" content=\"Escrito por\" \/>\n\t<meta name=\"twitter:data1\" content=\"Ere\" \/>\n\t<meta name=\"twitter:label2\" content=\"Tempo estimado de leitura\" \/>\n\t<meta name=\"twitter:data2\" content=\"1 minuto\" \/>\n<script type=\"application\/ld+json\" class=\"yoast-schema-graph\">{\"@context\":\"https:\/\/schema.org\",\"@graph\":[{\"@type\":\"Article\",\"@id\":\"https:\/\/blogdoere.com.br\/?p=26650#article\",\"isPartOf\":{\"@id\":\"https:\/\/blogdoere.com.br\/?p=26650\"},\"author\":{\"name\":\"Ere\",\"@id\":\"https:\/\/blogdoere.com.br\/#\/schema\/person\/4b56ed2336cb28ae3415ce8ffe56742e\"},\"headline\":\"PREFEITURAS BAIANAS V\u00c3O FECHAR AS PORTAS EM PROTESTOS CONTRA FALTA DE VERBAS, DIZ UPB.\",\"datePublished\":\"2013-10-10T02:13:00+00:00\",\"dateModified\":\"2013-10-10T02:13:00+00:00\",\"mainEntityOfPage\":{\"@id\":\"https:\/\/blogdoere.com.br\/?p=26650\"},\"wordCount\":301,\"commentCount\":0,\"publisher\":{\"@id\":\"https:\/\/blogdoere.com.br\/#organization\"},\"articleSection\":[\"Destaques\"],\"inLanguage\":\"pt-PT\",\"potentialAction\":[{\"@type\":\"CommentAction\",\"name\":\"Comment\",\"target\":[\"https:\/\/blogdoere.com.br\/?p=26650#respond\"]}]},{\"@type\":\"WebPage\",\"@id\":\"https:\/\/blogdoere.com.br\/?p=26650\",\"url\":\"https:\/\/blogdoere.com.br\/?p=26650\",\"name\":\"PREFEITURAS BAIANAS V\u00c3O FECHAR AS PORTAS EM PROTESTOS CONTRA FALTA DE VERBAS, DIZ UPB. - blog do er\u00ea\",\"isPartOf\":{\"@id\":\"https:\/\/blogdoere.com.br\/#website\"},\"datePublished\":\"2013-10-10T02:13:00+00:00\",\"dateModified\":\"2013-10-10T02:13:00+00:00\",\"breadcrumb\":{\"@id\":\"https:\/\/blogdoere.com.br\/?p=26650#breadcrumb\"},\"inLanguage\":\"pt-PT\",\"potentialAction\":[{\"@type\":\"ReadAction\",\"target\":[\"https:\/\/blogdoere.com.br\/?p=26650\"]}]},{\"@type\":\"BreadcrumbList\",\"@id\":\"https:\/\/blogdoere.com.br\/?p=26650#breadcrumb\",\"itemListElement\":[{\"@type\":\"ListItem\",\"position\":1,\"name\":\"In\u00edcio\",\"item\":\"https:\/\/blogdoere.com.br\/\"},{\"@type\":\"ListItem\",\"position\":2,\"name\":\"PREFEITURAS BAIANAS V\u00c3O FECHAR AS PORTAS EM PROTESTOS CONTRA FALTA DE VERBAS, DIZ UPB.\"}]},{\"@type\":\"WebSite\",\"@id\":\"https:\/\/blogdoere.com.br\/#website\",\"url\":\"https:\/\/blogdoere.com.br\/\",\"name\":\"blog do er\u00ea\",\"description\":\"\",\"publisher\":{\"@id\":\"https:\/\/blogdoere.com.br\/#organization\"},\"potentialAction\":[{\"@type\":\"SearchAction\",\"target\":{\"@type\":\"EntryPoint\",\"urlTemplate\":\"https:\/\/blogdoere.com.br\/?s={search_term_string}\"},\"query-input\":\"required name=search_term_string\"}],\"inLanguage\":\"pt-PT\"},{\"@type\":\"Organization\",\"@id\":\"https:\/\/blogdoere.com.br\/#organization\",\"name\":\"Blog do Er\u00ea\",\"url\":\"https:\/\/blogdoere.com.br\/\",\"logo\":{\"@type\":\"ImageObject\",\"inLanguage\":\"pt-PT\",\"@id\":\"https:\/\/blogdoere.com.br\/#\/schema\/logo\/image\/\",\"url\":\"https:\/\/blogdoere.com.br\/wp-content\/uploads\/2021\/11\/Logo-Ere-1.png\",\"contentUrl\":\"https:\/\/blogdoere.com.br\/wp-content\/uploads\/2021\/11\/Logo-Ere-1.png\",\"width\":1261,\"height\":1330,\"caption\":\"Blog do Er\u00ea\"},\"image\":{\"@id\":\"https:\/\/blogdoere.com.br\/#\/schema\/logo\/image\/\"}},{\"@type\":\"Person\",\"@id\":\"https:\/\/blogdoere.com.br\/#\/schema\/person\/4b56ed2336cb28ae3415ce8ffe56742e\",\"name\":\"Ere\",\"image\":{\"@type\":\"ImageObject\",\"inLanguage\":\"pt-PT\",\"@id\":\"https:\/\/blogdoere.com.br\/#\/schema\/person\/image\/\",\"url\":\"https:\/\/secure.gravatar.com\/avatar\/?s=96&d=mm&r=g\",\"contentUrl\":\"https:\/\/secure.gravatar.com\/avatar\/?s=96&d=mm&r=g\",\"caption\":\"Ere\"}}]}<\/script>\n<!-- \/ Yoast SEO plugin. -->","yoast_head_json":{"title":"PREFEITURAS BAIANAS V\u00c3O FECHAR AS PORTAS EM PROTESTOS CONTRA FALTA DE VERBAS, DIZ UPB. - blog do er\u00ea","robots":{"index":"index","follow":"follow","max-snippet":"max-snippet:-1","max-image-preview":"max-image-preview:large","max-video-preview":"max-video-preview:-1"},"canonical":"https:\/\/blogdoere.com.br\/?p=26650","og_locale":"pt_PT","og_type":"article","og_title":"PREFEITURAS BAIANAS V\u00c3O FECHAR AS PORTAS EM PROTESTOS CONTRA FALTA DE VERBAS, DIZ UPB. - blog do er\u00ea","og_description":"O dia 25 de outubro pode ser marcado por uma paralisa\u00e7\u00e3o de 90% das prefeituras de cidades baianas, em protesto contra a presidente Dilma Rousseff (PT). A articula\u00e7\u00e3o \u00e9 comandada...","og_url":"https:\/\/blogdoere.com.br\/?p=26650","og_site_name":"blog do er\u00ea","article_published_time":"2013-10-10T02:13:00+00:00","og_image":[{"url":"http:\/\/www.bahianoticias.com.br\/fotos\/principal_noticias\/144824\/xIMAGEM_NOTICIA_5.jpg.pagespeed.ic.ZkutpgV31x.jpg"}],"author":"Ere","twitter_card":"summary_large_image","twitter_misc":{"Escrito por":"Ere","Tempo estimado de leitura":"1 minuto"},"schema":{"@context":"https:\/\/schema.org","@graph":[{"@type":"Article","@id":"https:\/\/blogdoere.com.br\/?p=26650#article","isPartOf":{"@id":"https:\/\/blogdoere.com.br\/?p=26650"},"author":{"name":"Ere","@id":"https:\/\/blogdoere.com.br\/#\/schema\/person\/4b56ed2336cb28ae3415ce8ffe56742e"},"headline":"PREFEITURAS BAIANAS V\u00c3O FECHAR AS PORTAS EM PROTESTOS CONTRA FALTA DE VERBAS, DIZ UPB.","datePublished":"2013-10-10T02:13:00+00:00","dateModified":"2013-10-10T02:13:00+00:00","mainEntityOfPage":{"@id":"https:\/\/blogdoere.com.br\/?p=26650"},"wordCount":301,"commentCount":0,"publisher":{"@id":"https:\/\/blogdoere.com.br\/#organization"},"articleSection":["Destaques"],"inLanguage":"pt-PT","potentialAction":[{"@type":"CommentAction","name":"Comment","target":["https:\/\/blogdoere.com.br\/?p=26650#respond"]}]},{"@type":"WebPage","@id":"https:\/\/blogdoere.com.br\/?p=26650","url":"https:\/\/blogdoere.com.br\/?p=26650","name":"PREFEITURAS BAIANAS V\u00c3O FECHAR AS PORTAS EM PROTESTOS CONTRA FALTA DE VERBAS, DIZ UPB. - blog do er\u00ea","isPartOf":{"@id":"https:\/\/blogdoere.com.br\/#website"},"datePublished":"2013-10-10T02:13:00+00:00","dateModified":"2013-10-10T02:13:00+00:00","breadcrumb":{"@id":"https:\/\/blogdoere.com.br\/?p=26650#breadcrumb"},"inLanguage":"pt-PT","potentialAction":[{"@type":"ReadAction","target":["https:\/\/blogdoere.com.br\/?p=26650"]}]},{"@type":"BreadcrumbList","@id":"https:\/\/blogdoere.com.br\/?p=26650#breadcrumb","itemListElement":[{"@type":"ListItem","position":1,"name":"In\u00edcio","item":"https:\/\/blogdoere.com.br\/"},{"@type":"ListItem","position":2,"name":"PREFEITURAS BAIANAS V\u00c3O FECHAR AS PORTAS EM PROTESTOS CONTRA FALTA DE VERBAS, DIZ UPB."}]},{"@type":"WebSite","@id":"https:\/\/blogdoere.com.br\/#website","url":"https:\/\/blogdoere.com.br\/","name":"blog do er\u00ea","description":"","publisher":{"@id":"https:\/\/blogdoere.com.br\/#organization"},"potentialAction":[{"@type":"SearchAction","target":{"@type":"EntryPoint","urlTemplate":"https:\/\/blogdoere.com.br\/?s={search_term_string}"},"query-input":"required name=search_term_string"}],"inLanguage":"pt-PT"},{"@type":"Organization","@id":"https:\/\/blogdoere.com.br\/#organization","name":"Blog do Er\u00ea","url":"https:\/\/blogdoere.com.br\/","logo":{"@type":"ImageObject","inLanguage":"pt-PT","@id":"https:\/\/blogdoere.com.br\/#\/schema\/logo\/image\/","url":"https:\/\/blogdoere.com.br\/wp-content\/uploads\/2021\/11\/Logo-Ere-1.png","contentUrl":"https:\/\/blogdoere.com.br\/wp-content\/uploads\/2021\/11\/Logo-Ere-1.png","width":1261,"height":1330,"caption":"Blog do Er\u00ea"},"image":{"@id":"https:\/\/blogdoere.com.br\/#\/schema\/logo\/image\/"}},{"@type":"Person","@id":"https:\/\/blogdoere.com.br\/#\/schema\/person\/4b56ed2336cb28ae3415ce8ffe56742e","name":"Ere","image":{"@type":"ImageObject","inLanguage":"pt-PT","@id":"https:\/\/blogdoere.com.br\/#\/schema\/person\/image\/","url":"https:\/\/secure.gravatar.com\/avatar\/?s=96&d=mm&r=g","contentUrl":"https:\/\/secure.gravatar.com\/avatar\/?s=96&d=mm&r=g","caption":"Ere"}}]}},"featured_image_urls":{"full":"","thumbnail":"","medium":"","medium_large":"","large":"","1536x1536":"","2048x2048":""},"author_info":{"display_name":"Ere","author_link":"https:\/\/blogdoere.com.br\/?author=2"},"category_info":"<a href=\"https:\/\/blogdoere.com.br\/?cat=1\" rel=\"category\">Destaques<\/a>","tag_info":"Destaques","comment_count":"0","_links":{"self":[{"href":"https:\/\/blogdoere.com.br\/index.php?rest_route=\/wp\/v2\/posts\/26650","targetHints":{"allow":["GET"]}}],"collection":[{"href":"https:\/\/blogdoere.com.br\/index.php?rest_route=\/wp\/v2\/posts"}],"about":[{"href":"https:\/\/blogdoere.com.br\/index.php?rest_route=\/wp\/v2\/types\/post"}],"author":[{"embeddable":true,"href":"https:\/\/blogdoere.com.br\/index.php?rest_route=\/wp\/v2\/users\/2"}],"replies":[{"embeddable":true,"href":"https:\/\/blogdoere.com.br\/index.php?rest_route=%2Fwp%2Fv2%2Fcomments&post=26650"}],"version-history":[{"count":0,"href":"https:\/\/blogdoere.com.br\/index.php?rest_route=\/wp\/v2\/posts\/26650\/revisions"}],"wp:attachment":[{"href":"https:\/\/blogdoere.com.br\/index.php?rest_route=%2Fwp%2Fv2%2Fmedia&parent=26650"}],"wp:term":[{"taxonomy":"category","embeddable":true,"href":"https:\/\/blogdoere.com.br\/index.php?rest_route=%2Fwp%2Fv2%2Fcategories&post=26650"},{"taxonomy":"post_tag","embeddable":true,"href":"https:\/\/blogdoere.com.br\/index.php?rest_route=%2Fwp%2Fv2%2Ftags&post=26650"}],"curies":[{"name":"wp","href":"https:\/\/api.w.org\/{rel}","templated":true}]}}