{"id":26651,"date":"2013-10-08T15:55:00","date_gmt":"2013-10-08T15:55:00","guid":{"rendered":"http:\/\/blogdoere.com.br\/?p=26651"},"modified":"2013-10-08T15:55:00","modified_gmt":"2013-10-08T15:55:00","slug":"ubata-itajuipense-morre-em-acidente-entre-caminhao-e-veiculo-de-passeio-na-br-330","status":"publish","type":"post","link":"https:\/\/blogdoere.com.br\/?p=26651","title":{"rendered":"UBAT\u00c3: ITAJUIPENSE  MORRE EM ACIDENTE ENTRE CAMINH\u00c3O E VE\u00cdCULO DE PASSEIO  NA BR-330"},"content":{"rendered":"<p><\/p>\n<div style=\"text-align: center;\"><img decoding=\"async\" alt=\"Colis\u00e3o aconteceu na chamada curva dos Bodeiros (Foto: Valdir Santos\/Ubat\u00e3 Not\u00edcias)\" src=\"http:\/\/www.ubatanoticias.com.br\/wp-content\/uploads\/2013\/10\/DSC_5732.jpg\" \/><\/div>\n<div style=\"text-align: justify;\"><span style=\"font-family: Arial, Helvetica, sans-serif;\">&nbsp;<span style=\"background-color: white; text-align: justify;\">Um acidente ocorrido por volta das 11h na BR-330, \u00e0 cerca de 6 km de Ubat\u00e3, na curva dos Bodeiros, nas proximidades da Usina de Funil, acabou em trag\u00e9dia. Um Ford Fiesta, placa OKL 7697, licen\u00e7a de Itaju\u00edpe, colidiu frontalmente num caminh\u00e3o, placa JQQ 6377, licen\u00e7a de Ibirapitanga, pertencente \u00e0 Empresa Golden Palcos. O ve\u00edculo de passeio era conduzido pelo representante comercial Jos\u00e9 Lu\u00eds Melo Botelho (54). Segundo informa\u00e7\u00f5es do condutor do caminh\u00e3o, ele trafegava em dire\u00e7\u00e3o a BR-110 quando ao contornar a curva foi surpreendido pelo Ford Fiesta, que invadiu a contram\u00e3o e colidiu frontalmente no caminh\u00e3o. Com o choque, Jos\u00e9 Lu\u00eds morreu na hora e o caminh\u00e3o acabou caindo numa ribanceira de cerca de 10m de altura. Guarni\u00e7\u00f5es da 61\u00aa CIPM\/Ubaitaba controlam o tr\u00e2nsito no local at\u00e9 a chegada da Pol\u00edcia Rodovi\u00e1ria Federal. Uma equipe do Corpo de Bombeiro tamb\u00e9m foi acionada para retirar a v\u00edtima das ferragens. Chovia fraco na hora no acidente.&nbsp;<a href=\"http:\/\/www.ubatanoticias.com.br\/2013\/10\/08\/ubata-acidente-entre-caminhao-e-veiculo-de-passeio-deixa-um-morto-na-br-330\/\">Leia mais no Ubat\u00e3 Noticias.<\/a><\/span><\/span><\/div>\n","protected":false},"excerpt":{"rendered":"<p>&nbsp;Um acidente ocorrido por volta das 11h na BR-330, \u00e0 cerca de 6 km de Ubat\u00e3, na curva dos Bodeiros, nas proximidades da Usina de Funil, acabou em trag\u00e9dia. Um&#8230;<\/p>\n","protected":false},"author":2,"featured_media":0,"comment_status":"open","ping_status":"open","sticky":false,"template":"","format":"standard","meta":{"_editorskit_title_hidden":false,"_editorskit_reading_time":0,"_editorskit_is_block_options_detached":false,"_editorskit_block_options_position":"{}","om_disable_all_campaigns":false,"_mi_skip_tracking":false,"_kad_post_transparent":"","_kad_post_title":"","_kad_post_layout":"","_kad_post_sidebar_id":"","_kad_post_content_style":"","_kad_post_vertical_padding":"","_kad_post_feature":"","_kad_post_feature_position":"","_kad_post_header":false,"_kad_post_footer":false,"footnotes":""},"categories":[1],"tags":[],"class_list":["post-26651","post","type-post","status-publish","format-standard","hentry","category-destaques"],"yoast_head":"<!-- This site is optimized with the Yoast SEO plugin v20.5 - https:\/\/yoast.com\/wordpress\/plugins\/seo\/ -->\n<title>UBAT\u00c3: ITAJUIPENSE MORRE EM ACIDENTE ENTRE CAMINH\u00c3O E VE\u00cdCULO DE PASSEIO NA BR-330 - blog do er\u00ea<\/title>\n<meta name=\"robots\" content=\"index, follow, max-snippet:-1, max-image-preview:large, max-video-preview:-1\" \/>\n<link rel=\"canonical\" href=\"https:\/\/blogdoere.com.br\/?p=26651\" \/>\n<meta property=\"og:locale\" content=\"pt_PT\" \/>\n<meta property=\"og:type\" content=\"article\" \/>\n<meta property=\"og:title\" content=\"UBAT\u00c3: ITAJUIPENSE MORRE EM ACIDENTE ENTRE CAMINH\u00c3O E VE\u00cdCULO DE PASSEIO NA BR-330 - blog do er\u00ea\" \/>\n<meta property=\"og:description\" content=\"&nbsp;Um acidente ocorrido por volta das 11h na BR-330, \u00e0 cerca de 6 km de Ubat\u00e3, na curva dos Bodeiros, nas proximidades da Usina de Funil, acabou em trag\u00e9dia. Um...\" \/>\n<meta property=\"og:url\" content=\"https:\/\/blogdoere.com.br\/?p=26651\" \/>\n<meta property=\"og:site_name\" content=\"blog do er\u00ea\" \/>\n<meta property=\"article:published_time\" content=\"2013-10-08T15:55:00+00:00\" \/>\n<meta property=\"og:image\" content=\"http:\/\/www.ubatanoticias.com.br\/wp-content\/uploads\/2013\/10\/DSC_5732.jpg\" \/>\n<meta name=\"author\" content=\"Ere\" \/>\n<meta name=\"twitter:card\" content=\"summary_large_image\" \/>\n<meta name=\"twitter:label1\" content=\"Escrito por\" \/>\n\t<meta name=\"twitter:data1\" content=\"Ere\" \/>\n\t<meta name=\"twitter:label2\" content=\"Tempo estimado de leitura\" \/>\n\t<meta name=\"twitter:data2\" content=\"1 minuto\" \/>\n<script type=\"application\/ld+json\" class=\"yoast-schema-graph\">{\"@context\":\"https:\/\/schema.org\",\"@graph\":[{\"@type\":\"Article\",\"@id\":\"https:\/\/blogdoere.com.br\/?p=26651#article\",\"isPartOf\":{\"@id\":\"https:\/\/blogdoere.com.br\/?p=26651\"},\"author\":{\"name\":\"Ere\",\"@id\":\"https:\/\/blogdoere.com.br\/#\/schema\/person\/4b56ed2336cb28ae3415ce8ffe56742e\"},\"headline\":\"UBAT\u00c3: ITAJUIPENSE MORRE EM ACIDENTE ENTRE CAMINH\u00c3O E VE\u00cdCULO DE PASSEIO NA BR-330\",\"datePublished\":\"2013-10-08T15:55:00+00:00\",\"dateModified\":\"2013-10-08T15:55:00+00:00\",\"mainEntityOfPage\":{\"@id\":\"https:\/\/blogdoere.com.br\/?p=26651\"},\"wordCount\":192,\"commentCount\":0,\"publisher\":{\"@id\":\"https:\/\/blogdoere.com.br\/#organization\"},\"articleSection\":[\"Destaques\"],\"inLanguage\":\"pt-PT\",\"potentialAction\":[{\"@type\":\"CommentAction\",\"name\":\"Comment\",\"target\":[\"https:\/\/blogdoere.com.br\/?p=26651#respond\"]}]},{\"@type\":\"WebPage\",\"@id\":\"https:\/\/blogdoere.com.br\/?p=26651\",\"url\":\"https:\/\/blogdoere.com.br\/?p=26651\",\"name\":\"UBAT\u00c3: ITAJUIPENSE MORRE EM ACIDENTE ENTRE CAMINH\u00c3O E VE\u00cdCULO DE PASSEIO NA BR-330 - blog do er\u00ea\",\"isPartOf\":{\"@id\":\"https:\/\/blogdoere.com.br\/#website\"},\"datePublished\":\"2013-10-08T15:55:00+00:00\",\"dateModified\":\"2013-10-08T15:55:00+00:00\",\"breadcrumb\":{\"@id\":\"https:\/\/blogdoere.com.br\/?p=26651#breadcrumb\"},\"inLanguage\":\"pt-PT\",\"potentialAction\":[{\"@type\":\"ReadAction\",\"target\":[\"https:\/\/blogdoere.com.br\/?p=26651\"]}]},{\"@type\":\"BreadcrumbList\",\"@id\":\"https:\/\/blogdoere.com.br\/?p=26651#breadcrumb\",\"itemListElement\":[{\"@type\":\"ListItem\",\"position\":1,\"name\":\"In\u00edcio\",\"item\":\"https:\/\/blogdoere.com.br\/\"},{\"@type\":\"ListItem\",\"position\":2,\"name\":\"UBAT\u00c3: ITAJUIPENSE MORRE EM ACIDENTE ENTRE CAMINH\u00c3O E VE\u00cdCULO DE PASSEIO NA BR-330\"}]},{\"@type\":\"WebSite\",\"@id\":\"https:\/\/blogdoere.com.br\/#website\",\"url\":\"https:\/\/blogdoere.com.br\/\",\"name\":\"blog do er\u00ea\",\"description\":\"\",\"publisher\":{\"@id\":\"https:\/\/blogdoere.com.br\/#organization\"},\"potentialAction\":[{\"@type\":\"SearchAction\",\"target\":{\"@type\":\"EntryPoint\",\"urlTemplate\":\"https:\/\/blogdoere.com.br\/?s={search_term_string}\"},\"query-input\":\"required name=search_term_string\"}],\"inLanguage\":\"pt-PT\"},{\"@type\":\"Organization\",\"@id\":\"https:\/\/blogdoere.com.br\/#organization\",\"name\":\"Blog do Er\u00ea\",\"url\":\"https:\/\/blogdoere.com.br\/\",\"logo\":{\"@type\":\"ImageObject\",\"inLanguage\":\"pt-PT\",\"@id\":\"https:\/\/blogdoere.com.br\/#\/schema\/logo\/image\/\",\"url\":\"https:\/\/blogdoere.com.br\/wp-content\/uploads\/2021\/11\/Logo-Ere-1.png\",\"contentUrl\":\"https:\/\/blogdoere.com.br\/wp-content\/uploads\/2021\/11\/Logo-Ere-1.png\",\"width\":1261,\"height\":1330,\"caption\":\"Blog do Er\u00ea\"},\"image\":{\"@id\":\"https:\/\/blogdoere.com.br\/#\/schema\/logo\/image\/\"}},{\"@type\":\"Person\",\"@id\":\"https:\/\/blogdoere.com.br\/#\/schema\/person\/4b56ed2336cb28ae3415ce8ffe56742e\",\"name\":\"Ere\",\"image\":{\"@type\":\"ImageObject\",\"inLanguage\":\"pt-PT\",\"@id\":\"https:\/\/blogdoere.com.br\/#\/schema\/person\/image\/\",\"url\":\"https:\/\/secure.gravatar.com\/avatar\/?s=96&d=mm&r=g\",\"contentUrl\":\"https:\/\/secure.gravatar.com\/avatar\/?s=96&d=mm&r=g\",\"caption\":\"Ere\"}}]}<\/script>\n<!-- \/ Yoast SEO plugin. -->","yoast_head_json":{"title":"UBAT\u00c3: ITAJUIPENSE MORRE EM ACIDENTE ENTRE CAMINH\u00c3O E VE\u00cdCULO DE PASSEIO NA BR-330 - blog do er\u00ea","robots":{"index":"index","follow":"follow","max-snippet":"max-snippet:-1","max-image-preview":"max-image-preview:large","max-video-preview":"max-video-preview:-1"},"canonical":"https:\/\/blogdoere.com.br\/?p=26651","og_locale":"pt_PT","og_type":"article","og_title":"UBAT\u00c3: ITAJUIPENSE MORRE EM ACIDENTE ENTRE CAMINH\u00c3O E VE\u00cdCULO DE PASSEIO NA BR-330 - blog do er\u00ea","og_description":"&nbsp;Um acidente ocorrido por volta das 11h na BR-330, \u00e0 cerca de 6 km de Ubat\u00e3, na curva dos Bodeiros, nas proximidades da Usina de Funil, acabou em trag\u00e9dia. Um...","og_url":"https:\/\/blogdoere.com.br\/?p=26651","og_site_name":"blog do er\u00ea","article_published_time":"2013-10-08T15:55:00+00:00","og_image":[{"url":"http:\/\/www.ubatanoticias.com.br\/wp-content\/uploads\/2013\/10\/DSC_5732.jpg"}],"author":"Ere","twitter_card":"summary_large_image","twitter_misc":{"Escrito por":"Ere","Tempo estimado de leitura":"1 minuto"},"schema":{"@context":"https:\/\/schema.org","@graph":[{"@type":"Article","@id":"https:\/\/blogdoere.com.br\/?p=26651#article","isPartOf":{"@id":"https:\/\/blogdoere.com.br\/?p=26651"},"author":{"name":"Ere","@id":"https:\/\/blogdoere.com.br\/#\/schema\/person\/4b56ed2336cb28ae3415ce8ffe56742e"},"headline":"UBAT\u00c3: ITAJUIPENSE MORRE EM ACIDENTE ENTRE CAMINH\u00c3O E VE\u00cdCULO DE PASSEIO NA BR-330","datePublished":"2013-10-08T15:55:00+00:00","dateModified":"2013-10-08T15:55:00+00:00","mainEntityOfPage":{"@id":"https:\/\/blogdoere.com.br\/?p=26651"},"wordCount":192,"commentCount":0,"publisher":{"@id":"https:\/\/blogdoere.com.br\/#organization"},"articleSection":["Destaques"],"inLanguage":"pt-PT","potentialAction":[{"@type":"CommentAction","name":"Comment","target":["https:\/\/blogdoere.com.br\/?p=26651#respond"]}]},{"@type":"WebPage","@id":"https:\/\/blogdoere.com.br\/?p=26651","url":"https:\/\/blogdoere.com.br\/?p=26651","name":"UBAT\u00c3: ITAJUIPENSE MORRE EM ACIDENTE ENTRE CAMINH\u00c3O E VE\u00cdCULO DE PASSEIO NA BR-330 - blog do er\u00ea","isPartOf":{"@id":"https:\/\/blogdoere.com.br\/#website"},"datePublished":"2013-10-08T15:55:00+00:00","dateModified":"2013-10-08T15:55:00+00:00","breadcrumb":{"@id":"https:\/\/blogdoere.com.br\/?p=26651#breadcrumb"},"inLanguage":"pt-PT","potentialAction":[{"@type":"ReadAction","target":["https:\/\/blogdoere.com.br\/?p=26651"]}]},{"@type":"BreadcrumbList","@id":"https:\/\/blogdoere.com.br\/?p=26651#breadcrumb","itemListElement":[{"@type":"ListItem","position":1,"name":"In\u00edcio","item":"https:\/\/blogdoere.com.br\/"},{"@type":"ListItem","position":2,"name":"UBAT\u00c3: ITAJUIPENSE MORRE EM ACIDENTE ENTRE CAMINH\u00c3O E VE\u00cdCULO DE PASSEIO NA BR-330"}]},{"@type":"WebSite","@id":"https:\/\/blogdoere.com.br\/#website","url":"https:\/\/blogdoere.com.br\/","name":"blog do er\u00ea","description":"","publisher":{"@id":"https:\/\/blogdoere.com.br\/#organization"},"potentialAction":[{"@type":"SearchAction","target":{"@type":"EntryPoint","urlTemplate":"https:\/\/blogdoere.com.br\/?s={search_term_string}"},"query-input":"required name=search_term_string"}],"inLanguage":"pt-PT"},{"@type":"Organization","@id":"https:\/\/blogdoere.com.br\/#organization","name":"Blog do Er\u00ea","url":"https:\/\/blogdoere.com.br\/","logo":{"@type":"ImageObject","inLanguage":"pt-PT","@id":"https:\/\/blogdoere.com.br\/#\/schema\/logo\/image\/","url":"https:\/\/blogdoere.com.br\/wp-content\/uploads\/2021\/11\/Logo-Ere-1.png","contentUrl":"https:\/\/blogdoere.com.br\/wp-content\/uploads\/2021\/11\/Logo-Ere-1.png","width":1261,"height":1330,"caption":"Blog do Er\u00ea"},"image":{"@id":"https:\/\/blogdoere.com.br\/#\/schema\/logo\/image\/"}},{"@type":"Person","@id":"https:\/\/blogdoere.com.br\/#\/schema\/person\/4b56ed2336cb28ae3415ce8ffe56742e","name":"Ere","image":{"@type":"ImageObject","inLanguage":"pt-PT","@id":"https:\/\/blogdoere.com.br\/#\/schema\/person\/image\/","url":"https:\/\/secure.gravatar.com\/avatar\/?s=96&d=mm&r=g","contentUrl":"https:\/\/secure.gravatar.com\/avatar\/?s=96&d=mm&r=g","caption":"Ere"}}]}},"featured_image_urls":{"full":"","thumbnail":"","medium":"","medium_large":"","large":"","1536x1536":"","2048x2048":""},"author_info":{"display_name":"Ere","author_link":"https:\/\/blogdoere.com.br\/?author=2"},"category_info":"<a href=\"https:\/\/blogdoere.com.br\/?cat=1\" rel=\"category\">Destaques<\/a>","tag_info":"Destaques","comment_count":"0","_links":{"self":[{"href":"https:\/\/blogdoere.com.br\/index.php?rest_route=\/wp\/v2\/posts\/26651","targetHints":{"allow":["GET"]}}],"collection":[{"href":"https:\/\/blogdoere.com.br\/index.php?rest_route=\/wp\/v2\/posts"}],"about":[{"href":"https:\/\/blogdoere.com.br\/index.php?rest_route=\/wp\/v2\/types\/post"}],"author":[{"embeddable":true,"href":"https:\/\/blogdoere.com.br\/index.php?rest_route=\/wp\/v2\/users\/2"}],"replies":[{"embeddable":true,"href":"https:\/\/blogdoere.com.br\/index.php?rest_route=%2Fwp%2Fv2%2Fcomments&post=26651"}],"version-history":[{"count":0,"href":"https:\/\/blogdoere.com.br\/index.php?rest_route=\/wp\/v2\/posts\/26651\/revisions"}],"wp:attachment":[{"href":"https:\/\/blogdoere.com.br\/index.php?rest_route=%2Fwp%2Fv2%2Fmedia&parent=26651"}],"wp:term":[{"taxonomy":"category","embeddable":true,"href":"https:\/\/blogdoere.com.br\/index.php?rest_route=%2Fwp%2Fv2%2Fcategories&post=26651"},{"taxonomy":"post_tag","embeddable":true,"href":"https:\/\/blogdoere.com.br\/index.php?rest_route=%2Fwp%2Fv2%2Ftags&post=26651"}],"curies":[{"name":"wp","href":"https:\/\/api.w.org\/{rel}","templated":true}]}}